{"id":2230,"date":"2016-12-22T16:07:17","date_gmt":"2016-12-22T16:07:17","guid":{"rendered":"http:\/\/vientosur.top\/museo\/\/?p=2230"},"modified":"2016-12-22T16:07:17","modified_gmt":"2016-12-22T16:07:17","slug":"consejo-nacional-de-la-cultura-y-las-artes-presenta-informe-dialogo-de-las-culturas-en-museo-violeta-parra","status":"publish","type":"post","link":"http:\/\/vientosur.top\/museo\/consejo-nacional-de-la-cultura-y-las-artes-presenta-informe-dialogo-de-las-culturas-en-museo-violeta-parra\/","title":{"rendered":"Consejo Nacional de la Cultura y las Artes presenta informe \u201cDi\u00e1logo de las culturas\u201d en Museo Violeta Parra"},"content":{"rendered":"<p>El CNCA dio a conocer\u00a0 el informe que sistematiza el proceso de consulta a los pueblos ind\u00edgenas para la creaci\u00f3n del Ministerio de las Culturas, las Artes y el Patrimonio. El evento cont\u00f3 con la participaci\u00f3n del ministro de cultura Ernesto Ottone y de representantes de los pueblos originarios del pa\u00eds.<\/p>\n<p>El proceso de creaci\u00f3n de este nuevo ministerio comenz\u00f3 en 2014 por iniciativa de la Presidenta Michelle Bachelet. El objetivo de la consulta es crear cohesi\u00f3n en la planificaci\u00f3n cultural a nivel nacional tomando en cuenta la diversidad cultural que existe en Chile. Esta Consulta Previa a los Pueblos Ind\u00edgenas se ajusta a los est\u00e1ndares establecidos por el Convenio 169 de la Organizaci\u00f3n Internacional del Trabajo, tratado internacional ratificado por el Estado de Chile desde el 2009.<\/p>\n<p>El proceso de la consulta se extendi\u00f3 por cerca de diez meses, tiempo en que se realizaron 510 reuniones de discusi\u00f3n y trabajo conjunto entre los representantes ind\u00edgenas y del Consejo. El trabajo se despleg\u00f3 en las 15 regiones del pa\u00eds, adem\u00e1s del territorio de Rapa Nui, sumando un total de 2.051 organizaciones y 11.188 asistencias consignada en actas.<\/p>\n<p>Uno de los desaf\u00edos principales que destaca el documento tiene relaci\u00f3n con la capacidad del Estado y los pueblos ind\u00edgenas para sostener la participaci\u00f3n en la gesti\u00f3n y el funcionamiento de una pol\u00edtica p\u00fablica: \u201cSe requerir\u00e1 de gran voluntad pol\u00edtica, creatividad y capacitaci\u00f3n de los servidores p\u00fablicos para enfrentar la brecha de implementaci\u00f3n de los derechos y las barreras administrativas, pol\u00edticas y culturales fuertemente arraigadas en las diversas pr\u00e1cticas del Estado. Sin embargo, el desarrollo de esta sistematizaci\u00f3n da cuenta de que es posible combatir los viejos y nuevos colonialismos, a trav\u00e9s del ejercicio de los derechos colectivos de participaci\u00f3n y Consulta Previa\u201d.<\/p>\n<p>Fotograf\u00eda: Consejo Nacional de la Cultura y las Artes<\/p>\n<p><iframe title=\"Di\u00e1logo de las Culturas - Sistematizaci\u00f3n del Proceso de Consulta Previa a los Pueblos Ind\u00edgenas\" src=\"https:\/\/e.issuu.com\/embed.html?u=consejodelacultura&#038;d=dialogo-culturas&#038;pageNumber=4\" style=\"border:none; width: 500px; height: 383px;\" allow=\"clipboard-write,allow-top-navigation,allow-top-navigation-by-user-activation,allow-downloads,allow-scripts,allow-same-origin,allow-popups,allow-modals,allow-popups-to-escape-sandbox,allow-forms\"  allowfullscreen=\"true\"><\/iframe><\/p>\n","protected":false},"excerpt":{"rendered":"<p>El CNCA dio a conocer\u00a0 el informe que sistematiza el proceso de consulta a los pueblos ind\u00edgenas para la creaci\u00f3n del Ministerio de las Culturas, las Artes y el Patrimonio. El evento cont\u00f3 con la participaci\u00f3n del ministro de cultura Ernesto Ottone y de representantes de los pueblos originarios del pa\u00eds. El proceso de creaci\u00f3n [&hellip;]<\/p>\n","protected":false},"author":5,"featured_media":2242,"comment_status":"open","ping_status":"open","sticky":false,"template":"","format":"standard","meta":{"site-sidebar-layout":"default","site-content-layout":"","ast-site-content-layout":"default","site-content-style":"default","site-sidebar-style":"default","ast-global-header-display":"","ast-banner-title-visibility":"","ast-main-header-display":"","ast-hfb-above-header-display":"","ast-hfb-below-header-display":"","ast-hfb-mobile-header-display":"","site-post-title":"","ast-breadcrumbs-content":"","ast-featured-img":"","footer-sml-layout":"","theme-transparent-header-meta":"","adv-header-id-meta":"","stick-header-meta":"","header-above-stick-meta":"","header-main-stick-meta":"","header-below-stick-meta":"","astra-migrate-meta-layouts":"default","ast-page-background-enabled":"default","ast-page-background-meta":{"desktop":{"background-color":"var(--ast-global-color-4)","background-image":"","background-repeat":"repeat","background-position":"center center","background-size":"auto","background-attachment":"scroll","background-type":"","background-media":"","overlay-type":"","overlay-color":"","overlay-opacity":"","overlay-gradient":""},"tablet":{"background-color":"","background-image":"","background-repeat":"repeat","background-position":"center center","background-size":"auto","background-attachment":"scroll","background-type":"","background-media":"","overlay-type":"","overlay-color":"","overlay-opacity":"","overlay-gradient":""},"mobile":{"background-color":"","background-image":"","background-repeat":"repeat","background-position":"center center","background-size":"auto","background-attachment":"scroll","background-type":"","background-media":"","overlay-type":"","overlay-color":"","overlay-opacity":"","overlay-gradient":""}},"ast-content-background-meta":{"desktop":{"background-color":"var(--ast-global-color-5)","background-image":"","background-repeat":"repeat","background-position":"center center","background-size":"auto","background-attachment":"scroll","background-type":"","background-media":"","overlay-type":"","overlay-color":"","overlay-opacity":"","overlay-gradient":""},"tablet":{"background-color":"var(--ast-global-color-5)","background-image":"","background-repeat":"repeat","background-position":"center center","background-size":"auto","background-attachment":"scroll","background-type":"","background-media":"","overlay-type":"","overlay-color":"","overlay-opacity":"","overlay-gradient":""},"mobile":{"background-color":"var(--ast-global-color-5)","background-image":"","background-repeat":"repeat","background-position":"center center","background-size":"auto","background-attachment":"scroll","background-type":"","background-media":"","overlay-type":"","overlay-color":"","overlay-opacity":"","overlay-gradient":""}},"footnotes":""},"categories":[59,8],"tags":[],"class_list":["post-2230","post","type-post","status-publish","format-standard","has-post-thumbnail","hentry","category-destacado-noticia","category-noticias"],"yoast_head":"<!-- This site is optimized with the Yoast SEO plugin v25.4 - https:\/\/yoast.com\/wordpress\/plugins\/seo\/ -->\n<title>Consejo Nacional de la Cultura y las Artes presenta informe \u201cDi\u00e1logo de las culturas\u201d en Museo Violeta Parra - Museo Violeta Parra<\/title>\n<meta name=\"robots\" content=\"index, follow, max-snippet:-1, max-image-preview:large, max-video-preview:-1\" \/>\n<link rel=\"canonical\" href=\"http:\/\/vientosur.top\/museo\/consejo-nacional-de-la-cultura-y-las-artes-presenta-informe-dialogo-de-las-culturas-en-museo-violeta-parra\/\" \/>\n<meta property=\"og:locale\" content=\"es_ES\" \/>\n<meta property=\"og:type\" content=\"article\" \/>\n<meta property=\"og:title\" content=\"Consejo Nacional de la Cultura y las Artes presenta informe \u201cDi\u00e1logo de las culturas\u201d en Museo Violeta Parra - Museo Violeta Parra\" \/>\n<meta property=\"og:description\" content=\"El CNCA dio a conocer\u00a0 el informe que sistematiza el proceso de consulta a los pueblos ind\u00edgenas para la creaci\u00f3n del Ministerio de las Culturas, las Artes y el Patrimonio. El evento cont\u00f3 con la participaci\u00f3n del ministro de cultura Ernesto Ottone y de representantes de los pueblos originarios del pa\u00eds. El proceso de creaci\u00f3n [&hellip;]\" \/>\n<meta property=\"og:url\" content=\"http:\/\/vientosur.top\/museo\/consejo-nacional-de-la-cultura-y-las-artes-presenta-informe-dialogo-de-las-culturas-en-museo-violeta-parra\/\" \/>\n<meta property=\"og:site_name\" content=\"Museo Violeta Parra\" \/>\n<meta property=\"article:published_time\" content=\"2016-12-22T16:07:17+00:00\" \/>\n<meta property=\"og:image\" content=\"http:\/\/vientosur.top\/museo\/wp-content\/uploads\/2016\/12\/31688265741_56a48919b6_k.jpg\" \/>\n\t<meta property=\"og:image:width\" content=\"2048\" \/>\n\t<meta property=\"og:image:height\" content=\"1365\" \/>\n\t<meta property=\"og:image:type\" content=\"image\/jpeg\" \/>\n<meta name=\"author\" content=\"admin\" \/>\n<meta name=\"twitter:card\" content=\"summary_large_image\" \/>\n<meta name=\"twitter:label1\" content=\"Escrito por\" \/>\n\t<meta name=\"twitter:data1\" content=\"admin\" \/>\n\t<meta name=\"twitter:label2\" content=\"Tiempo de lectura\" \/>\n\t<meta name=\"twitter:data2\" content=\"2 minutos\" \/>\n<script type=\"application\/ld+json\" class=\"yoast-schema-graph\">{\"@context\":\"https:\/\/schema.org\",\"@graph\":[{\"@type\":\"WebPage\",\"@id\":\"http:\/\/vientosur.top\/museo\/consejo-nacional-de-la-cultura-y-las-artes-presenta-informe-dialogo-de-las-culturas-en-museo-violeta-parra\/\",\"url\":\"http:\/\/vientosur.top\/museo\/consejo-nacional-de-la-cultura-y-las-artes-presenta-informe-dialogo-de-las-culturas-en-museo-violeta-parra\/\",\"name\":\"Consejo Nacional de la Cultura y las Artes presenta informe \u201cDi\u00e1logo de las culturas\u201d en Museo Violeta Parra - Museo Violeta Parra\",\"isPartOf\":{\"@id\":\"http:\/\/vientosur.top\/museo\/#website\"},\"primaryImageOfPage\":{\"@id\":\"http:\/\/vientosur.top\/museo\/consejo-nacional-de-la-cultura-y-las-artes-presenta-informe-dialogo-de-las-culturas-en-museo-violeta-parra\/#primaryimage\"},\"image\":{\"@id\":\"http:\/\/vientosur.top\/museo\/consejo-nacional-de-la-cultura-y-las-artes-presenta-informe-dialogo-de-las-culturas-en-museo-violeta-parra\/#primaryimage\"},\"thumbnailUrl\":\"http:\/\/vientosur.top\/museo\/wp-content\/uploads\/2016\/12\/31688265741_56a48919b6_k.jpg\",\"datePublished\":\"2016-12-22T16:07:17+00:00\",\"author\":{\"@id\":\"http:\/\/vientosur.top\/museo\/#\/schema\/person\/20c79d3c38800971feec8c2693c3dd9c\"},\"breadcrumb\":{\"@id\":\"http:\/\/vientosur.top\/museo\/consejo-nacional-de-la-cultura-y-las-artes-presenta-informe-dialogo-de-las-culturas-en-museo-violeta-parra\/#breadcrumb\"},\"inLanguage\":\"es\",\"potentialAction\":[{\"@type\":\"ReadAction\",\"target\":[\"http:\/\/vientosur.top\/museo\/consejo-nacional-de-la-cultura-y-las-artes-presenta-informe-dialogo-de-las-culturas-en-museo-violeta-parra\/\"]}]},{\"@type\":\"ImageObject\",\"inLanguage\":\"es\",\"@id\":\"http:\/\/vientosur.top\/museo\/consejo-nacional-de-la-cultura-y-las-artes-presenta-informe-dialogo-de-las-culturas-en-museo-violeta-parra\/#primaryimage\",\"url\":\"http:\/\/vientosur.top\/museo\/wp-content\/uploads\/2016\/12\/31688265741_56a48919b6_k.jpg\",\"contentUrl\":\"http:\/\/vientosur.top\/museo\/wp-content\/uploads\/2016\/12\/31688265741_56a48919b6_k.jpg\",\"width\":2048,\"height\":1365},{\"@type\":\"BreadcrumbList\",\"@id\":\"http:\/\/vientosur.top\/museo\/consejo-nacional-de-la-cultura-y-las-artes-presenta-informe-dialogo-de-las-culturas-en-museo-violeta-parra\/#breadcrumb\",\"itemListElement\":[{\"@type\":\"ListItem\",\"position\":1,\"name\":\"Portada\",\"item\":\"http:\/\/vientosur.top\/museo\/\"},{\"@type\":\"ListItem\",\"position\":2,\"name\":\"Consejo Nacional de la Cultura y las Artes presenta informe \u201cDi\u00e1logo de las culturas\u201d en Museo Violeta Parra\"}]},{\"@type\":\"WebSite\",\"@id\":\"http:\/\/vientosur.top\/museo\/#website\",\"url\":\"http:\/\/vientosur.top\/museo\/\",\"name\":\"Museo Violeta Parra\",\"description\":\"Espacio que alberga tanto la memoria y legado creativo de la artista\",\"potentialAction\":[{\"@type\":\"SearchAction\",\"target\":{\"@type\":\"EntryPoint\",\"urlTemplate\":\"http:\/\/vientosur.top\/museo\/?s={search_term_string}\"},\"query-input\":{\"@type\":\"PropertyValueSpecification\",\"valueRequired\":true,\"valueName\":\"search_term_string\"}}],\"inLanguage\":\"es\"},{\"@type\":\"Person\",\"@id\":\"http:\/\/vientosur.top\/museo\/#\/schema\/person\/20c79d3c38800971feec8c2693c3dd9c\",\"name\":\"admin\",\"image\":{\"@type\":\"ImageObject\",\"inLanguage\":\"es\",\"@id\":\"http:\/\/vientosur.top\/museo\/#\/schema\/person\/image\/\",\"url\":\"https:\/\/secure.gravatar.com\/avatar\/713677ece3ffa642287213a80e5b773bce9ab81c269dd6d95102a990951c922f?s=96&d=mm&r=g\",\"contentUrl\":\"https:\/\/secure.gravatar.com\/avatar\/713677ece3ffa642287213a80e5b773bce9ab81c269dd6d95102a990951c922f?s=96&d=mm&r=g\",\"caption\":\"admin\"},\"sameAs\":[\"http:\/\/vientosur.top\/museo\"],\"url\":\"http:\/\/vientosur.top\/museo\/author\/comunicacionesmvp\/\"}]}<\/script>\n<!-- \/ Yoast SEO plugin. -->","yoast_head_json":{"title":"Consejo Nacional de la Cultura y las Artes presenta informe \u201cDi\u00e1logo de las culturas\u201d en Museo Violeta Parra - Museo Violeta Parra","robots":{"index":"index","follow":"follow","max-snippet":"max-snippet:-1","max-image-preview":"max-image-preview:large","max-video-preview":"max-video-preview:-1"},"canonical":"http:\/\/vientosur.top\/museo\/consejo-nacional-de-la-cultura-y-las-artes-presenta-informe-dialogo-de-las-culturas-en-museo-violeta-parra\/","og_locale":"es_ES","og_type":"article","og_title":"Consejo Nacional de la Cultura y las Artes presenta informe \u201cDi\u00e1logo de las culturas\u201d en Museo Violeta Parra - Museo Violeta Parra","og_description":"El CNCA dio a conocer\u00a0 el informe que sistematiza el proceso de consulta a los pueblos ind\u00edgenas para la creaci\u00f3n del Ministerio de las Culturas, las Artes y el Patrimonio. El evento cont\u00f3 con la participaci\u00f3n del ministro de cultura Ernesto Ottone y de representantes de los pueblos originarios del pa\u00eds. El proceso de creaci\u00f3n [&hellip;]","og_url":"http:\/\/vientosur.top\/museo\/consejo-nacional-de-la-cultura-y-las-artes-presenta-informe-dialogo-de-las-culturas-en-museo-violeta-parra\/","og_site_name":"Museo Violeta Parra","article_published_time":"2016-12-22T16:07:17+00:00","og_image":[{"width":2048,"height":1365,"url":"http:\/\/vientosur.top\/museo\/wp-content\/uploads\/2016\/12\/31688265741_56a48919b6_k.jpg","type":"image\/jpeg"}],"author":"admin","twitter_card":"summary_large_image","twitter_misc":{"Escrito por":"admin","Tiempo de lectura":"2 minutos"},"schema":{"@context":"https:\/\/schema.org","@graph":[{"@type":"WebPage","@id":"http:\/\/vientosur.top\/museo\/consejo-nacional-de-la-cultura-y-las-artes-presenta-informe-dialogo-de-las-culturas-en-museo-violeta-parra\/","url":"http:\/\/vientosur.top\/museo\/consejo-nacional-de-la-cultura-y-las-artes-presenta-informe-dialogo-de-las-culturas-en-museo-violeta-parra\/","name":"Consejo Nacional de la Cultura y las Artes presenta informe \u201cDi\u00e1logo de las culturas\u201d en Museo Violeta Parra - Museo Violeta Parra","isPartOf":{"@id":"http:\/\/vientosur.top\/museo\/#website"},"primaryImageOfPage":{"@id":"http:\/\/vientosur.top\/museo\/consejo-nacional-de-la-cultura-y-las-artes-presenta-informe-dialogo-de-las-culturas-en-museo-violeta-parra\/#primaryimage"},"image":{"@id":"http:\/\/vientosur.top\/museo\/consejo-nacional-de-la-cultura-y-las-artes-presenta-informe-dialogo-de-las-culturas-en-museo-violeta-parra\/#primaryimage"},"thumbnailUrl":"http:\/\/vientosur.top\/museo\/wp-content\/uploads\/2016\/12\/31688265741_56a48919b6_k.jpg","datePublished":"2016-12-22T16:07:17+00:00","author":{"@id":"http:\/\/vientosur.top\/museo\/#\/schema\/person\/20c79d3c38800971feec8c2693c3dd9c"},"breadcrumb":{"@id":"http:\/\/vientosur.top\/museo\/consejo-nacional-de-la-cultura-y-las-artes-presenta-informe-dialogo-de-las-culturas-en-museo-violeta-parra\/#breadcrumb"},"inLanguage":"es","potentialAction":[{"@type":"ReadAction","target":["http:\/\/vientosur.top\/museo\/consejo-nacional-de-la-cultura-y-las-artes-presenta-informe-dialogo-de-las-culturas-en-museo-violeta-parra\/"]}]},{"@type":"ImageObject","inLanguage":"es","@id":"http:\/\/vientosur.top\/museo\/consejo-nacional-de-la-cultura-y-las-artes-presenta-informe-dialogo-de-las-culturas-en-museo-violeta-parra\/#primaryimage","url":"http:\/\/vientosur.top\/museo\/wp-content\/uploads\/2016\/12\/31688265741_56a48919b6_k.jpg","contentUrl":"http:\/\/vientosur.top\/museo\/wp-content\/uploads\/2016\/12\/31688265741_56a48919b6_k.jpg","width":2048,"height":1365},{"@type":"BreadcrumbList","@id":"http:\/\/vientosur.top\/museo\/consejo-nacional-de-la-cultura-y-las-artes-presenta-informe-dialogo-de-las-culturas-en-museo-violeta-parra\/#breadcrumb","itemListElement":[{"@type":"ListItem","position":1,"name":"Portada","item":"http:\/\/vientosur.top\/museo\/"},{"@type":"ListItem","position":2,"name":"Consejo Nacional de la Cultura y las Artes presenta informe \u201cDi\u00e1logo de las culturas\u201d en Museo Violeta Parra"}]},{"@type":"WebSite","@id":"http:\/\/vientosur.top\/museo\/#website","url":"http:\/\/vientosur.top\/museo\/","name":"Museo Violeta Parra","description":"Espacio que alberga tanto la memoria y legado creativo de la artista","potentialAction":[{"@type":"SearchAction","target":{"@type":"EntryPoint","urlTemplate":"http:\/\/vientosur.top\/museo\/?s={search_term_string}"},"query-input":{"@type":"PropertyValueSpecification","valueRequired":true,"valueName":"search_term_string"}}],"inLanguage":"es"},{"@type":"Person","@id":"http:\/\/vientosur.top\/museo\/#\/schema\/person\/20c79d3c38800971feec8c2693c3dd9c","name":"admin","image":{"@type":"ImageObject","inLanguage":"es","@id":"http:\/\/vientosur.top\/museo\/#\/schema\/person\/image\/","url":"https:\/\/secure.gravatar.com\/avatar\/713677ece3ffa642287213a80e5b773bce9ab81c269dd6d95102a990951c922f?s=96&d=mm&r=g","contentUrl":"https:\/\/secure.gravatar.com\/avatar\/713677ece3ffa642287213a80e5b773bce9ab81c269dd6d95102a990951c922f?s=96&d=mm&r=g","caption":"admin"},"sameAs":["http:\/\/vientosur.top\/museo"],"url":"http:\/\/vientosur.top\/museo\/author\/comunicacionesmvp\/"}]}},"_links":{"self":[{"href":"http:\/\/vientosur.top\/museo\/wp-json\/wp\/v2\/posts\/2230","targetHints":{"allow":["GET"]}}],"collection":[{"href":"http:\/\/vientosur.top\/museo\/wp-json\/wp\/v2\/posts"}],"about":[{"href":"http:\/\/vientosur.top\/museo\/wp-json\/wp\/v2\/types\/post"}],"author":[{"embeddable":true,"href":"http:\/\/vientosur.top\/museo\/wp-json\/wp\/v2\/users\/5"}],"replies":[{"embeddable":true,"href":"http:\/\/vientosur.top\/museo\/wp-json\/wp\/v2\/comments?post=2230"}],"version-history":[{"count":0,"href":"http:\/\/vientosur.top\/museo\/wp-json\/wp\/v2\/posts\/2230\/revisions"}],"wp:featuredmedia":[{"embeddable":true,"href":"http:\/\/vientosur.top\/museo\/wp-json\/wp\/v2\/media\/2242"}],"wp:attachment":[{"href":"http:\/\/vientosur.top\/museo\/wp-json\/wp\/v2\/media?parent=2230"}],"wp:term":[{"taxonomy":"category","embeddable":true,"href":"http:\/\/vientosur.top\/museo\/wp-json\/wp\/v2\/categories?post=2230"},{"taxonomy":"post_tag","embeddable":true,"href":"http:\/\/vientosur.top\/museo\/wp-json\/wp\/v2\/tags?post=2230"}],"curies":[{"name":"wp","href":"https:\/\/api.w.org\/{rel}","templated":true}]}}