{"id":2283,"date":"2016-12-27T19:30:08","date_gmt":"2016-12-27T19:30:08","guid":{"rendered":"http:\/\/vientosur.top\/museo\/\/?p=2283"},"modified":"2016-12-27T19:30:08","modified_gmt":"2016-12-27T19:30:08","slug":"consejo-de-la-cultura-e-ine-presentan-informe-anual-de-estadisticas-culturales-2015-en-museo-violeta-parra","status":"publish","type":"post","link":"http:\/\/vientosur.top\/museo\/consejo-de-la-cultura-e-ine-presentan-informe-anual-de-estadisticas-culturales-2015-en-museo-violeta-parra\/","title":{"rendered":"Consejo de la Cultura e INE presentan \u00abInforme anual de Estad\u00edsticas Culturales 2015\u00bb en Museo Violeta Parra"},"content":{"rendered":"<p>Entregar informaci\u00f3n estad\u00edstica confiable sobre las distintas dimensiones de la participaci\u00f3n cultural en Chile es el objetivo de la d\u00e9cimo tercera versi\u00f3n de <a href=\"http:\/\/www.cultura.gob.cl\/publicaciones\/estadisticas-culturales-informe-anual-2015\/\">\u00ab<\/a><a href=\"http:\/\/www.cultura.gob.cl\/publicaciones\/estadisticas-culturales-informe-anual-2015\/\">Estad\u00edsticas culturales 2015. Informe anual<\/a><a href=\"http:\/\/www.cultura.gob.cl\/publicaciones\/estadisticas-culturales-informe-anual-2015\/\">\u00ab<\/a>, desarrollado por el Consejo Nacional de la Cultura y las artes (CNCA) y el Instituto Nacional de Estad\u00edsticas (INE).&nbsp;El informe fue presentado esta ma\u00f1ana en el Museo Violeta Parra por el ministro de Cultura, Ernesto Ottone, y la directora del INE, Ximena Clark. En la oportunidad, el ministro Ottone destac\u00f3 el perfeccionamiento de este instrumento de medici\u00f3n. \u201cEste informe ha presentado un crecimiento sostenido en el tiempo, consiguiendo, por un lado, ampliar su cobertura a\u00f1o a a\u00f1o y, por otro, potenciar nuevas fuentes de informaci\u00f3n, lo que hace posible aumentar y robustecer la diversidad de miradas e integrar un mayor n\u00famero de sectores y agentes culturales de todas las regiones del pa\u00eds\u201d, dijo.&nbsp;Continuando con la tarea del antes denominado \u201cAnuario\u201d o \u201cCultura y tiempo libre\u201d, el actual\u00a0 informe <a href=\"http:\/\/www.cultura.gob.cl\/publicaciones\/estadisticas-culturales-informe-anual-2015\/\">\u00abEstad\u00edsticas culturales 2015\u00bb<\/a>\u00a0busca ampliar la noci\u00f3n de\u00a0vida cultural y su relaci\u00f3n con el tiempo libre. Ello, poniendo a disposici\u00f3n un extenso compendio de estad\u00edsticas que permiten mirar de cerca el desenvolvimiento del sector.&nbsp;A diferencia de versiones previas, esta nueva herramienta contempla la incorporaci\u00f3n de dos nuevos informantes: Fundaci\u00f3n Artesan\u00edas de Chile, que centra su quehacer en el resguardo de la identidad y la creaci\u00f3n de oportunidades de desarrollo sociocultural y econ\u00f3mico para las artesanas y artesanos tradicionales, y Fundaci\u00f3n La Fuente, que se caracteriza por el dise\u00f1o e implementaci\u00f3n de proyectos en torno al libro y la lectura, con un \u00e9nfasis en la creaci\u00f3n de bibliotecas y centros culturales.&nbsp;Otra novedad de esta nueva entrega es la inclusi\u00f3n de las opiniones de agentes culturales y usuarios de esta publicaci\u00f3n, a partir de las Mesas t\u00e9cnicas sobre estad\u00edsticas culturales sostenidas en 2015. Se agregan, de esta forma, los debates y diversas miradas sobre los datos y las proyecciones, as\u00ed como las propuestas de nuevas fuentes de informaci\u00f3n necesarias. Se suma tambi\u00e9n la gastronom\u00eda y el patrimonio alimentario como \u00e1mbito cultural.&nbsp;<a href=\"http:\/\/vientosur.top\/museo\/\/wp-content\/uploads\/2016\/12\/ine.jpg\"><img fetchpriority=\"high\" decoding=\"async\" class=\"alignleft wp-image-2292\" src=\"http:\/\/vientosur.top\/museo\/\/wp-content\/uploads\/2016\/12\/ine-1024x549.jpg\" alt=\"ine\" width=\"850\" height=\"456\" \/><\/a>&nbsp;<strong>Crece el p\u00fablico del D\u00eda del Patrimonio\u00a0<\/strong>&nbsp;El ministro Ottone destac\u00f3 algunas cifras relevantes recogidas en el informe. \u201cHay algunos elementos que nos permiten contar con se\u00f1ales respecto del comportamiento y participaci\u00f3n de la ciudadan\u00eda frente a las actividades y \u00e1mbitos de inter\u00e9s cultural. Es el caso de la asistencia a salas de cine, junto con el incremento en la programaci\u00f3n cultural de la televisi\u00f3n abierta, mayor inscripci\u00f3n de libros, y una participaci\u00f3n destacable en actividades relacionadas con el patrimonio cultural\u201d, agreg\u00f3 Ottone.&nbsp;El a\u00f1o 2015 el cine chileno, por concepto de recaudaci\u00f3n, present\u00f3 un alza de un 74,8{9ad45858cf65d5dbd28c293160045998eabc8b7a5d99a9051855ea2e64ecdf24} en comparaci\u00f3n al 2014. Si durante el a\u00f1o 2014 se recaud\u00f3 un total de 1.422 millones de pesos, el a\u00f1o 2015 ese monto lleg\u00f3 a 2.487 millones de pesos.&nbsp;El D\u00eda del Patrimonio Cultural de 2015 tuvo 520.371 visitas, 59,1{9ad45858cf65d5dbd28c293160045998eabc8b7a5d99a9051855ea2e64ecdf24} de ellas en la Regi\u00f3n Metropolitana. El total de visitas presenta un aumento de 17,4{9ad45858cf65d5dbd28c293160045998eabc8b7a5d99a9051855ea2e64ecdf24} en el \u00faltimo a\u00f1o: en la RM aument\u00f3 un 22,9{9ad45858cf65d5dbd28c293160045998eabc8b7a5d99a9051855ea2e64ecdf24} y en el resto del pa\u00eds un 37,2{9ad45858cf65d5dbd28c293160045998eabc8b7a5d99a9051855ea2e64ecdf24}.&nbsp;Tambi\u00e9n destaca la situaci\u00f3n del libro, que durante 2015 alcanz\u00f3 un total de 6.268 t\u00edtulos, con una concentraci\u00f3n en los t\u00edtulos asociados a literatura, lo que mantiene la tendencia creciente en esta materia: para 2014 se hab\u00eda llegado a 2.163 t\u00edtulos inscritos, mientras que en 2015 se inscribieron 2.452; lo que significa un 39,1{9ad45858cf65d5dbd28c293160045998eabc8b7a5d99a9051855ea2e64ecdf24} de inscripci\u00f3n para este a\u00f1o y un aumento de un 13,4{9ad45858cf65d5dbd28c293160045998eabc8b7a5d99a9051855ea2e64ecdf24} respecto al a\u00f1o anterior.&nbsp;Tambi\u00e9n resulta interesante la influencia de los medios digitales en c\u00f3mo se eval\u00faa positivamente la distribuci\u00f3n de las obras. En el caso de los libros, se aprecia que entre el 2014 y 2015 la inscripci\u00f3n de t\u00edtulos para ser distribuidos en formato digital aument\u00f3 en un 11,5{9ad45858cf65d5dbd28c293160045998eabc8b7a5d99a9051855ea2e64ecdf24}, pasando de haber inscrito 502 t\u00edtulos en 2014 a 560 en el a\u00f1o 2015.&nbsp;<strong><a href=\"https:\/\/www.facebook.com\/pg\/MuseoVioletaParra\/photos\/?tab=album&amp;album_id=1859450750965004\">Ver galer\u00eda de im\u00e1genes<\/a><\/strong>https:\/\/issuu.com\/consejodelacultura\/docs\/estadisticas-culturales-2015&nbsp;&nbsp;<\/p>\n","protected":false},"excerpt":{"rendered":"<p>Entregar informaci\u00f3n estad\u00edstica confiable sobre las distintas dimensiones de la participaci\u00f3n cultural en Chile es el objetivo de la d\u00e9cimo tercera versi\u00f3n de \u00abEstad\u00edsticas culturales 2015. Informe anual\u00ab, desarrollado por el Consejo Nacional de la Cultura y las artes (CNCA) y el Instituto Nacional de Estad\u00edsticas (INE).&nbsp;El informe fue presentado esta ma\u00f1ana en el Museo [&hellip;]<\/p>\n","protected":false},"author":5,"featured_media":2287,"comment_status":"open","ping_status":"open","sticky":false,"template":"","format":"standard","meta":{"site-sidebar-layout":"default","site-content-layout":"","ast-site-content-layout":"default","site-content-style":"default","site-sidebar-style":"default","ast-global-header-display":"","ast-banner-title-visibility":"","ast-main-header-display":"","ast-hfb-above-header-display":"","ast-hfb-below-header-display":"","ast-hfb-mobile-header-display":"","site-post-title":"","ast-breadcrumbs-content":"","ast-featured-img":"","footer-sml-layout":"","theme-transparent-header-meta":"","adv-header-id-meta":"","stick-header-meta":"","header-above-stick-meta":"","header-main-stick-meta":"","header-below-stick-meta":"","astra-migrate-meta-layouts":"default","ast-page-background-enabled":"default","ast-page-background-meta":{"desktop":{"background-color":"var(--ast-global-color-4)","background-image":"","background-repeat":"repeat","background-position":"center center","background-size":"auto","background-attachment":"scroll","background-type":"","background-media":"","overlay-type":"","overlay-color":"","overlay-opacity":"","overlay-gradient":""},"tablet":{"background-color":"","background-image":"","background-repeat":"repeat","background-position":"center center","background-size":"auto","background-attachment":"scroll","background-type":"","background-media":"","overlay-type":"","overlay-color":"","overlay-opacity":"","overlay-gradient":""},"mobile":{"background-color":"","background-image":"","background-repeat":"repeat","background-position":"center center","background-size":"auto","background-attachment":"scroll","background-type":"","background-media":"","overlay-type":"","overlay-color":"","overlay-opacity":"","overlay-gradient":""}},"ast-content-background-meta":{"desktop":{"background-color":"var(--ast-global-color-5)","background-image":"","background-repeat":"repeat","background-position":"center center","background-size":"auto","background-attachment":"scroll","background-type":"","background-media":"","overlay-type":"","overlay-color":"","overlay-opacity":"","overlay-gradient":""},"tablet":{"background-color":"var(--ast-global-color-5)","background-image":"","background-repeat":"repeat","background-position":"center center","background-size":"auto","background-attachment":"scroll","background-type":"","background-media":"","overlay-type":"","overlay-color":"","overlay-opacity":"","overlay-gradient":""},"mobile":{"background-color":"var(--ast-global-color-5)","background-image":"","background-repeat":"repeat","background-position":"center center","background-size":"auto","background-attachment":"scroll","background-type":"","background-media":"","overlay-type":"","overlay-color":"","overlay-opacity":"","overlay-gradient":""}},"footnotes":""},"categories":[59,8,61],"tags":[],"class_list":["post-2283","post","type-post","status-publish","format-standard","has-post-thumbnail","hentry","category-destacado-noticia","category-noticias","category-novedades"],"yoast_head":"<!-- This site is optimized with the Yoast SEO plugin v25.4 - https:\/\/yoast.com\/wordpress\/plugins\/seo\/ -->\n<title>Consejo de la Cultura e INE presentan &quot;Informe anual de Estad\u00edsticas Culturales 2015&quot; en Museo Violeta Parra - Museo Violeta Parra<\/title>\n<meta name=\"robots\" content=\"index, follow, max-snippet:-1, max-image-preview:large, max-video-preview:-1\" \/>\n<link rel=\"canonical\" href=\"http:\/\/vientosur.top\/museo\/consejo-de-la-cultura-e-ine-presentan-informe-anual-de-estadisticas-culturales-2015-en-museo-violeta-parra\/\" \/>\n<meta property=\"og:locale\" content=\"es_ES\" \/>\n<meta property=\"og:type\" content=\"article\" \/>\n<meta property=\"og:title\" content=\"Consejo de la Cultura e INE presentan &quot;Informe anual de Estad\u00edsticas Culturales 2015&quot; en Museo Violeta Parra - Museo Violeta Parra\" \/>\n<meta property=\"og:description\" content=\"Entregar informaci\u00f3n estad\u00edstica confiable sobre las distintas dimensiones de la participaci\u00f3n cultural en Chile es el objetivo de la d\u00e9cimo tercera versi\u00f3n de \u00abEstad\u00edsticas culturales 2015. Informe anual\u00ab, desarrollado por el Consejo Nacional de la Cultura y las artes (CNCA) y el Instituto Nacional de Estad\u00edsticas (INE).&nbsp;El informe fue presentado esta ma\u00f1ana en el Museo [&hellip;]\" \/>\n<meta property=\"og:url\" content=\"http:\/\/vientosur.top\/museo\/consejo-de-la-cultura-e-ine-presentan-informe-anual-de-estadisticas-culturales-2015-en-museo-violeta-parra\/\" \/>\n<meta property=\"og:site_name\" content=\"Museo Violeta Parra\" \/>\n<meta property=\"article:published_time\" content=\"2016-12-27T19:30:08+00:00\" \/>\n<meta property=\"og:image\" content=\"http:\/\/vientosur.top\/museo\/wp-content\/uploads\/2016\/12\/informe-1-scaled.jpg\" \/>\n\t<meta property=\"og:image:width\" content=\"2560\" \/>\n\t<meta property=\"og:image:height\" content=\"1271\" \/>\n\t<meta property=\"og:image:type\" content=\"image\/jpeg\" \/>\n<meta name=\"author\" content=\"admin\" \/>\n<meta name=\"twitter:card\" content=\"summary_large_image\" \/>\n<meta name=\"twitter:label1\" content=\"Escrito por\" \/>\n\t<meta name=\"twitter:data1\" content=\"admin\" \/>\n\t<meta name=\"twitter:label2\" content=\"Tiempo de lectura\" \/>\n\t<meta name=\"twitter:data2\" content=\"4 minutos\" \/>\n<script type=\"application\/ld+json\" class=\"yoast-schema-graph\">{\"@context\":\"https:\/\/schema.org\",\"@graph\":[{\"@type\":\"WebPage\",\"@id\":\"http:\/\/vientosur.top\/museo\/consejo-de-la-cultura-e-ine-presentan-informe-anual-de-estadisticas-culturales-2015-en-museo-violeta-parra\/\",\"url\":\"http:\/\/vientosur.top\/museo\/consejo-de-la-cultura-e-ine-presentan-informe-anual-de-estadisticas-culturales-2015-en-museo-violeta-parra\/\",\"name\":\"Consejo de la Cultura e INE presentan \\\"Informe anual de Estad\u00edsticas Culturales 2015\\\" en Museo Violeta Parra - Museo Violeta Parra\",\"isPartOf\":{\"@id\":\"http:\/\/vientosur.top\/museo\/#website\"},\"primaryImageOfPage\":{\"@id\":\"http:\/\/vientosur.top\/museo\/consejo-de-la-cultura-e-ine-presentan-informe-anual-de-estadisticas-culturales-2015-en-museo-violeta-parra\/#primaryimage\"},\"image\":{\"@id\":\"http:\/\/vientosur.top\/museo\/consejo-de-la-cultura-e-ine-presentan-informe-anual-de-estadisticas-culturales-2015-en-museo-violeta-parra\/#primaryimage\"},\"thumbnailUrl\":\"http:\/\/vientosur.top\/museo\/wp-content\/uploads\/2016\/12\/informe-1-scaled.jpg\",\"datePublished\":\"2016-12-27T19:30:08+00:00\",\"author\":{\"@id\":\"http:\/\/vientosur.top\/museo\/#\/schema\/person\/20c79d3c38800971feec8c2693c3dd9c\"},\"breadcrumb\":{\"@id\":\"http:\/\/vientosur.top\/museo\/consejo-de-la-cultura-e-ine-presentan-informe-anual-de-estadisticas-culturales-2015-en-museo-violeta-parra\/#breadcrumb\"},\"inLanguage\":\"es\",\"potentialAction\":[{\"@type\":\"ReadAction\",\"target\":[\"http:\/\/vientosur.top\/museo\/consejo-de-la-cultura-e-ine-presentan-informe-anual-de-estadisticas-culturales-2015-en-museo-violeta-parra\/\"]}]},{\"@type\":\"ImageObject\",\"inLanguage\":\"es\",\"@id\":\"http:\/\/vientosur.top\/museo\/consejo-de-la-cultura-e-ine-presentan-informe-anual-de-estadisticas-culturales-2015-en-museo-violeta-parra\/#primaryimage\",\"url\":\"http:\/\/vientosur.top\/museo\/wp-content\/uploads\/2016\/12\/informe-1-scaled.jpg\",\"contentUrl\":\"http:\/\/vientosur.top\/museo\/wp-content\/uploads\/2016\/12\/informe-1-scaled.jpg\",\"width\":2560,\"height\":1271},{\"@type\":\"BreadcrumbList\",\"@id\":\"http:\/\/vientosur.top\/museo\/consejo-de-la-cultura-e-ine-presentan-informe-anual-de-estadisticas-culturales-2015-en-museo-violeta-parra\/#breadcrumb\",\"itemListElement\":[{\"@type\":\"ListItem\",\"position\":1,\"name\":\"Portada\",\"item\":\"http:\/\/vientosur.top\/museo\/\"},{\"@type\":\"ListItem\",\"position\":2,\"name\":\"Consejo de la Cultura e INE presentan \u00abInforme anual de Estad\u00edsticas Culturales 2015\u00bb en Museo Violeta Parra\"}]},{\"@type\":\"WebSite\",\"@id\":\"http:\/\/vientosur.top\/museo\/#website\",\"url\":\"http:\/\/vientosur.top\/museo\/\",\"name\":\"Museo Violeta Parra\",\"description\":\"Espacio que alberga tanto la memoria y legado creativo de la artista\",\"potentialAction\":[{\"@type\":\"SearchAction\",\"target\":{\"@type\":\"EntryPoint\",\"urlTemplate\":\"http:\/\/vientosur.top\/museo\/?s={search_term_string}\"},\"query-input\":{\"@type\":\"PropertyValueSpecification\",\"valueRequired\":true,\"valueName\":\"search_term_string\"}}],\"inLanguage\":\"es\"},{\"@type\":\"Person\",\"@id\":\"http:\/\/vientosur.top\/museo\/#\/schema\/person\/20c79d3c38800971feec8c2693c3dd9c\",\"name\":\"admin\",\"image\":{\"@type\":\"ImageObject\",\"inLanguage\":\"es\",\"@id\":\"http:\/\/vientosur.top\/museo\/#\/schema\/person\/image\/\",\"url\":\"https:\/\/secure.gravatar.com\/avatar\/713677ece3ffa642287213a80e5b773bce9ab81c269dd6d95102a990951c922f?s=96&d=mm&r=g\",\"contentUrl\":\"https:\/\/secure.gravatar.com\/avatar\/713677ece3ffa642287213a80e5b773bce9ab81c269dd6d95102a990951c922f?s=96&d=mm&r=g\",\"caption\":\"admin\"},\"sameAs\":[\"http:\/\/vientosur.top\/museo\"],\"url\":\"http:\/\/vientosur.top\/museo\/author\/comunicacionesmvp\/\"}]}<\/script>\n<!-- \/ Yoast SEO plugin. -->","yoast_head_json":{"title":"Consejo de la Cultura e INE presentan \"Informe anual de Estad\u00edsticas Culturales 2015\" en Museo Violeta Parra - Museo Violeta Parra","robots":{"index":"index","follow":"follow","max-snippet":"max-snippet:-1","max-image-preview":"max-image-preview:large","max-video-preview":"max-video-preview:-1"},"canonical":"http:\/\/vientosur.top\/museo\/consejo-de-la-cultura-e-ine-presentan-informe-anual-de-estadisticas-culturales-2015-en-museo-violeta-parra\/","og_locale":"es_ES","og_type":"article","og_title":"Consejo de la Cultura e INE presentan \"Informe anual de Estad\u00edsticas Culturales 2015\" en Museo Violeta Parra - Museo Violeta Parra","og_description":"Entregar informaci\u00f3n estad\u00edstica confiable sobre las distintas dimensiones de la participaci\u00f3n cultural en Chile es el objetivo de la d\u00e9cimo tercera versi\u00f3n de \u00abEstad\u00edsticas culturales 2015. Informe anual\u00ab, desarrollado por el Consejo Nacional de la Cultura y las artes (CNCA) y el Instituto Nacional de Estad\u00edsticas (INE).&nbsp;El informe fue presentado esta ma\u00f1ana en el Museo [&hellip;]","og_url":"http:\/\/vientosur.top\/museo\/consejo-de-la-cultura-e-ine-presentan-informe-anual-de-estadisticas-culturales-2015-en-museo-violeta-parra\/","og_site_name":"Museo Violeta Parra","article_published_time":"2016-12-27T19:30:08+00:00","og_image":[{"width":2560,"height":1271,"url":"http:\/\/vientosur.top\/museo\/wp-content\/uploads\/2016\/12\/informe-1-scaled.jpg","type":"image\/jpeg"}],"author":"admin","twitter_card":"summary_large_image","twitter_misc":{"Escrito por":"admin","Tiempo de lectura":"4 minutos"},"schema":{"@context":"https:\/\/schema.org","@graph":[{"@type":"WebPage","@id":"http:\/\/vientosur.top\/museo\/consejo-de-la-cultura-e-ine-presentan-informe-anual-de-estadisticas-culturales-2015-en-museo-violeta-parra\/","url":"http:\/\/vientosur.top\/museo\/consejo-de-la-cultura-e-ine-presentan-informe-anual-de-estadisticas-culturales-2015-en-museo-violeta-parra\/","name":"Consejo de la Cultura e INE presentan \"Informe anual de Estad\u00edsticas Culturales 2015\" en Museo Violeta Parra - Museo Violeta Parra","isPartOf":{"@id":"http:\/\/vientosur.top\/museo\/#website"},"primaryImageOfPage":{"@id":"http:\/\/vientosur.top\/museo\/consejo-de-la-cultura-e-ine-presentan-informe-anual-de-estadisticas-culturales-2015-en-museo-violeta-parra\/#primaryimage"},"image":{"@id":"http:\/\/vientosur.top\/museo\/consejo-de-la-cultura-e-ine-presentan-informe-anual-de-estadisticas-culturales-2015-en-museo-violeta-parra\/#primaryimage"},"thumbnailUrl":"http:\/\/vientosur.top\/museo\/wp-content\/uploads\/2016\/12\/informe-1-scaled.jpg","datePublished":"2016-12-27T19:30:08+00:00","author":{"@id":"http:\/\/vientosur.top\/museo\/#\/schema\/person\/20c79d3c38800971feec8c2693c3dd9c"},"breadcrumb":{"@id":"http:\/\/vientosur.top\/museo\/consejo-de-la-cultura-e-ine-presentan-informe-anual-de-estadisticas-culturales-2015-en-museo-violeta-parra\/#breadcrumb"},"inLanguage":"es","potentialAction":[{"@type":"ReadAction","target":["http:\/\/vientosur.top\/museo\/consejo-de-la-cultura-e-ine-presentan-informe-anual-de-estadisticas-culturales-2015-en-museo-violeta-parra\/"]}]},{"@type":"ImageObject","inLanguage":"es","@id":"http:\/\/vientosur.top\/museo\/consejo-de-la-cultura-e-ine-presentan-informe-anual-de-estadisticas-culturales-2015-en-museo-violeta-parra\/#primaryimage","url":"http:\/\/vientosur.top\/museo\/wp-content\/uploads\/2016\/12\/informe-1-scaled.jpg","contentUrl":"http:\/\/vientosur.top\/museo\/wp-content\/uploads\/2016\/12\/informe-1-scaled.jpg","width":2560,"height":1271},{"@type":"BreadcrumbList","@id":"http:\/\/vientosur.top\/museo\/consejo-de-la-cultura-e-ine-presentan-informe-anual-de-estadisticas-culturales-2015-en-museo-violeta-parra\/#breadcrumb","itemListElement":[{"@type":"ListItem","position":1,"name":"Portada","item":"http:\/\/vientosur.top\/museo\/"},{"@type":"ListItem","position":2,"name":"Consejo de la Cultura e INE presentan \u00abInforme anual de Estad\u00edsticas Culturales 2015\u00bb en Museo Violeta Parra"}]},{"@type":"WebSite","@id":"http:\/\/vientosur.top\/museo\/#website","url":"http:\/\/vientosur.top\/museo\/","name":"Museo Violeta Parra","description":"Espacio que alberga tanto la memoria y legado creativo de la artista","potentialAction":[{"@type":"SearchAction","target":{"@type":"EntryPoint","urlTemplate":"http:\/\/vientosur.top\/museo\/?s={search_term_string}"},"query-input":{"@type":"PropertyValueSpecification","valueRequired":true,"valueName":"search_term_string"}}],"inLanguage":"es"},{"@type":"Person","@id":"http:\/\/vientosur.top\/museo\/#\/schema\/person\/20c79d3c38800971feec8c2693c3dd9c","name":"admin","image":{"@type":"ImageObject","inLanguage":"es","@id":"http:\/\/vientosur.top\/museo\/#\/schema\/person\/image\/","url":"https:\/\/secure.gravatar.com\/avatar\/713677ece3ffa642287213a80e5b773bce9ab81c269dd6d95102a990951c922f?s=96&d=mm&r=g","contentUrl":"https:\/\/secure.gravatar.com\/avatar\/713677ece3ffa642287213a80e5b773bce9ab81c269dd6d95102a990951c922f?s=96&d=mm&r=g","caption":"admin"},"sameAs":["http:\/\/vientosur.top\/museo"],"url":"http:\/\/vientosur.top\/museo\/author\/comunicacionesmvp\/"}]}},"_links":{"self":[{"href":"http:\/\/vientosur.top\/museo\/wp-json\/wp\/v2\/posts\/2283","targetHints":{"allow":["GET"]}}],"collection":[{"href":"http:\/\/vientosur.top\/museo\/wp-json\/wp\/v2\/posts"}],"about":[{"href":"http:\/\/vientosur.top\/museo\/wp-json\/wp\/v2\/types\/post"}],"author":[{"embeddable":true,"href":"http:\/\/vientosur.top\/museo\/wp-json\/wp\/v2\/users\/5"}],"replies":[{"embeddable":true,"href":"http:\/\/vientosur.top\/museo\/wp-json\/wp\/v2\/comments?post=2283"}],"version-history":[{"count":0,"href":"http:\/\/vientosur.top\/museo\/wp-json\/wp\/v2\/posts\/2283\/revisions"}],"wp:featuredmedia":[{"embeddable":true,"href":"http:\/\/vientosur.top\/museo\/wp-json\/wp\/v2\/media\/2287"}],"wp:attachment":[{"href":"http:\/\/vientosur.top\/museo\/wp-json\/wp\/v2\/media?parent=2283"}],"wp:term":[{"taxonomy":"category","embeddable":true,"href":"http:\/\/vientosur.top\/museo\/wp-json\/wp\/v2\/categories?post=2283"},{"taxonomy":"post_tag","embeddable":true,"href":"http:\/\/vientosur.top\/museo\/wp-json\/wp\/v2\/tags?post=2283"}],"curies":[{"name":"wp","href":"https:\/\/api.w.org\/{rel}","templated":true}]}}