{"id":2352,"date":"2016-12-30T16:15:37","date_gmt":"2016-12-30T16:15:37","guid":{"rendered":"http:\/\/vientosur.top\/museo\/\/?p=2352"},"modified":"2016-12-30T16:15:37","modified_gmt":"2016-12-30T16:15:37","slug":"museo-violeta-parra-inicia-ciclo-de-cuecas-en-vivo-con-la-gallera","status":"publish","type":"post","link":"http:\/\/vientosur.top\/museo\/museo-violeta-parra-inicia-ciclo-de-cuecas-en-vivo-con-la-gallera\/","title":{"rendered":"Museo Violeta Parra inicia ciclo de cuecas en vivo con La Gallera"},"content":{"rendered":"<p>En 2017, a\u00f1o en que se celebran los 100 del natalicio de Violeta Parra, el Museo\u00a0presentar\u00e1 un ciclo de cuecas en vivo todos los primeros s\u00e1bados de cada mes a partir de las 16:00 horas en la explanada del recinto ubicado en Vicu\u00f1a Mackenna 37.<\/p>\n<p>&nbsp;<\/p>\n<p>La primera agrupaci\u00f3n de la temporada ser\u00e1 <a href=\"http:\/\/lagalleracuecachilena.blogspot.cl\/\">La Gallera<\/a>, quienes recientemente celebraron una d\u00e9cada de trayectoria. Este cuarteto se caracteriza por continuar con la tradici\u00f3n del canto por mano, en el que cada integrante del conjunto canta una de las cuatro partes de la cueca.<\/p>\n<p>&nbsp;<\/p>\n<p>La banda conformada por Fernando Barrios en pandero; Cristian Mancilla en piano; Juan Pablo Villanueva en la guitarra y Giancarlo Valdebenito en el contrabajo, anuncia que para esta especial ocasi\u00f3n interpretar\u00e1 canciones originales de su disco \u201cDe la estaci\u00f3n a tu mesa\u201d, su m\u00e1s reciente producci\u00f3n de estudio. De igual forma repasar\u00e1n \u00e9xitos de sus discos \u201cCueca chilena\u201d, \u201cInvernal\u201d y \u201cCantando como jugando\u201d.<\/p>\n<p>&nbsp;<\/p>\n<p>Invitamos a los asistentes a traer sus pa\u00f1uelos para bailar unos pies de cueca en homenaje a Violeta.<\/p>\n<p>&nbsp;<\/p>\n<blockquote><p>\n<strong>La Gallera en vivo<\/strong><br \/>\nMuseo Violeta Parra<br \/>\nS\u00e1bado 7 de enero<br \/>\n16:00 horas<br \/>\nVicu\u00f1a Mackenna 37, metro Baquedano<br \/>\nEntrada liberada<\/p>\n<p>&nbsp;<\/p><\/blockquote>\n<p>&nbsp;<\/p>\n<div class=\"ast-oembed-container \" style=\"height: 100%;\"><iframe title=\"La Gallera!!! -- Caballito, caballito\" width=\"500\" height=\"281\" src=\"https:\/\/www.youtube.com\/embed\/pOdxT6svI7Q?feature=oembed\" frameborder=\"0\" allow=\"accelerometer; autoplay; clipboard-write; encrypted-media; gyroscope; picture-in-picture; web-share\" referrerpolicy=\"strict-origin-when-cross-origin\" allowfullscreen><\/iframe><\/div>\n","protected":false},"excerpt":{"rendered":"<p>En 2017, a\u00f1o en que se celebran los 100 del natalicio de Violeta Parra, el Museo\u00a0presentar\u00e1 un ciclo de cuecas en vivo todos los primeros s\u00e1bados de cada mes a partir de las 16:00 horas en la explanada del recinto ubicado en Vicu\u00f1a Mackenna 37. &nbsp; La primera agrupaci\u00f3n de la temporada ser\u00e1 La Gallera, [&hellip;]<\/p>\n","protected":false},"author":5,"featured_media":2355,"comment_status":"open","ping_status":"open","sticky":false,"template":"","format":"standard","meta":{"site-sidebar-layout":"default","site-content-layout":"","ast-site-content-layout":"default","site-content-style":"default","site-sidebar-style":"default","ast-global-header-display":"","ast-banner-title-visibility":"","ast-main-header-display":"","ast-hfb-above-header-display":"","ast-hfb-below-header-display":"","ast-hfb-mobile-header-display":"","site-post-title":"","ast-breadcrumbs-content":"","ast-featured-img":"","footer-sml-layout":"","theme-transparent-header-meta":"","adv-header-id-meta":"","stick-header-meta":"","header-above-stick-meta":"","header-main-stick-meta":"","header-below-stick-meta":"","astra-migrate-meta-layouts":"default","ast-page-background-enabled":"default","ast-page-background-meta":{"desktop":{"background-color":"var(--ast-global-color-4)","background-image":"","background-repeat":"repeat","background-position":"center center","background-size":"auto","background-attachment":"scroll","background-type":"","background-media":"","overlay-type":"","overlay-color":"","overlay-opacity":"","overlay-gradient":""},"tablet":{"background-color":"","background-image":"","background-repeat":"repeat","background-position":"center center","background-size":"auto","background-attachment":"scroll","background-type":"","background-media":"","overlay-type":"","overlay-color":"","overlay-opacity":"","overlay-gradient":""},"mobile":{"background-color":"","background-image":"","background-repeat":"repeat","background-position":"center center","background-size":"auto","background-attachment":"scroll","background-type":"","background-media":"","overlay-type":"","overlay-color":"","overlay-opacity":"","overlay-gradient":""}},"ast-content-background-meta":{"desktop":{"background-color":"var(--ast-global-color-5)","background-image":"","background-repeat":"repeat","background-position":"center center","background-size":"auto","background-attachment":"scroll","background-type":"","background-media":"","overlay-type":"","overlay-color":"","overlay-opacity":"","overlay-gradient":""},"tablet":{"background-color":"var(--ast-global-color-5)","background-image":"","background-repeat":"repeat","background-position":"center center","background-size":"auto","background-attachment":"scroll","background-type":"","background-media":"","overlay-type":"","overlay-color":"","overlay-opacity":"","overlay-gradient":""},"mobile":{"background-color":"var(--ast-global-color-5)","background-image":"","background-repeat":"repeat","background-position":"center center","background-size":"auto","background-attachment":"scroll","background-type":"","background-media":"","overlay-type":"","overlay-color":"","overlay-opacity":"","overlay-gradient":""}},"footnotes":""},"categories":[59,8],"tags":[],"class_list":["post-2352","post","type-post","status-publish","format-standard","has-post-thumbnail","hentry","category-destacado-noticia","category-noticias"],"yoast_head":"<!-- This site is optimized with the Yoast SEO plugin v25.4 - https:\/\/yoast.com\/wordpress\/plugins\/seo\/ -->\n<title>Museo Violeta Parra inicia ciclo de cuecas en vivo con La Gallera - Museo Violeta Parra<\/title>\n<meta name=\"robots\" content=\"index, follow, max-snippet:-1, max-image-preview:large, max-video-preview:-1\" \/>\n<link rel=\"canonical\" href=\"http:\/\/vientosur.top\/museo\/museo-violeta-parra-inicia-ciclo-de-cuecas-en-vivo-con-la-gallera\/\" \/>\n<meta property=\"og:locale\" content=\"es_ES\" \/>\n<meta property=\"og:type\" content=\"article\" \/>\n<meta property=\"og:title\" content=\"Museo Violeta Parra inicia ciclo de cuecas en vivo con La Gallera - Museo Violeta Parra\" \/>\n<meta property=\"og:description\" content=\"En 2017, a\u00f1o en que se celebran los 100 del natalicio de Violeta Parra, el Museo\u00a0presentar\u00e1 un ciclo de cuecas en vivo todos los primeros s\u00e1bados de cada mes a partir de las 16:00 horas en la explanada del recinto ubicado en Vicu\u00f1a Mackenna 37. &nbsp; La primera agrupaci\u00f3n de la temporada ser\u00e1 La Gallera, [&hellip;]\" \/>\n<meta property=\"og:url\" content=\"http:\/\/vientosur.top\/museo\/museo-violeta-parra-inicia-ciclo-de-cuecas-en-vivo-con-la-gallera\/\" \/>\n<meta property=\"og:site_name\" content=\"Museo Violeta Parra\" \/>\n<meta property=\"article:published_time\" content=\"2016-12-30T16:15:37+00:00\" \/>\n<meta name=\"author\" content=\"admin\" \/>\n<meta name=\"twitter:card\" content=\"summary_large_image\" \/>\n<meta name=\"twitter:label1\" content=\"Escrito por\" \/>\n\t<meta name=\"twitter:data1\" content=\"admin\" \/>\n\t<meta name=\"twitter:label2\" content=\"Tiempo de lectura\" \/>\n\t<meta name=\"twitter:data2\" content=\"1 minuto\" \/>\n<script type=\"application\/ld+json\" class=\"yoast-schema-graph\">{\"@context\":\"https:\/\/schema.org\",\"@graph\":[{\"@type\":\"WebPage\",\"@id\":\"http:\/\/vientosur.top\/museo\/museo-violeta-parra-inicia-ciclo-de-cuecas-en-vivo-con-la-gallera\/\",\"url\":\"http:\/\/vientosur.top\/museo\/museo-violeta-parra-inicia-ciclo-de-cuecas-en-vivo-con-la-gallera\/\",\"name\":\"Museo Violeta Parra inicia ciclo de cuecas en vivo con La Gallera - Museo Violeta Parra\",\"isPartOf\":{\"@id\":\"http:\/\/vientosur.top\/museo\/#website\"},\"primaryImageOfPage\":{\"@id\":\"http:\/\/vientosur.top\/museo\/museo-violeta-parra-inicia-ciclo-de-cuecas-en-vivo-con-la-gallera\/#primaryimage\"},\"image\":{\"@id\":\"http:\/\/vientosur.top\/museo\/museo-violeta-parra-inicia-ciclo-de-cuecas-en-vivo-con-la-gallera\/#primaryimage\"},\"thumbnailUrl\":\"\",\"datePublished\":\"2016-12-30T16:15:37+00:00\",\"author\":{\"@id\":\"http:\/\/vientosur.top\/museo\/#\/schema\/person\/20c79d3c38800971feec8c2693c3dd9c\"},\"breadcrumb\":{\"@id\":\"http:\/\/vientosur.top\/museo\/museo-violeta-parra-inicia-ciclo-de-cuecas-en-vivo-con-la-gallera\/#breadcrumb\"},\"inLanguage\":\"es\",\"potentialAction\":[{\"@type\":\"ReadAction\",\"target\":[\"http:\/\/vientosur.top\/museo\/museo-violeta-parra-inicia-ciclo-de-cuecas-en-vivo-con-la-gallera\/\"]}]},{\"@type\":\"ImageObject\",\"inLanguage\":\"es\",\"@id\":\"http:\/\/vientosur.top\/museo\/museo-violeta-parra-inicia-ciclo-de-cuecas-en-vivo-con-la-gallera\/#primaryimage\",\"url\":\"\",\"contentUrl\":\"\"},{\"@type\":\"BreadcrumbList\",\"@id\":\"http:\/\/vientosur.top\/museo\/museo-violeta-parra-inicia-ciclo-de-cuecas-en-vivo-con-la-gallera\/#breadcrumb\",\"itemListElement\":[{\"@type\":\"ListItem\",\"position\":1,\"name\":\"Portada\",\"item\":\"http:\/\/vientosur.top\/museo\/\"},{\"@type\":\"ListItem\",\"position\":2,\"name\":\"Museo Violeta Parra inicia ciclo de cuecas en vivo con La Gallera\"}]},{\"@type\":\"WebSite\",\"@id\":\"http:\/\/vientosur.top\/museo\/#website\",\"url\":\"http:\/\/vientosur.top\/museo\/\",\"name\":\"Museo Violeta Parra\",\"description\":\"Espacio que alberga tanto la memoria y legado creativo de la artista\",\"potentialAction\":[{\"@type\":\"SearchAction\",\"target\":{\"@type\":\"EntryPoint\",\"urlTemplate\":\"http:\/\/vientosur.top\/museo\/?s={search_term_string}\"},\"query-input\":{\"@type\":\"PropertyValueSpecification\",\"valueRequired\":true,\"valueName\":\"search_term_string\"}}],\"inLanguage\":\"es\"},{\"@type\":\"Person\",\"@id\":\"http:\/\/vientosur.top\/museo\/#\/schema\/person\/20c79d3c38800971feec8c2693c3dd9c\",\"name\":\"admin\",\"image\":{\"@type\":\"ImageObject\",\"inLanguage\":\"es\",\"@id\":\"http:\/\/vientosur.top\/museo\/#\/schema\/person\/image\/\",\"url\":\"https:\/\/secure.gravatar.com\/avatar\/713677ece3ffa642287213a80e5b773bce9ab81c269dd6d95102a990951c922f?s=96&d=mm&r=g\",\"contentUrl\":\"https:\/\/secure.gravatar.com\/avatar\/713677ece3ffa642287213a80e5b773bce9ab81c269dd6d95102a990951c922f?s=96&d=mm&r=g\",\"caption\":\"admin\"},\"sameAs\":[\"http:\/\/vientosur.top\/museo\"],\"url\":\"http:\/\/vientosur.top\/museo\/author\/comunicacionesmvp\/\"}]}<\/script>\n<!-- \/ Yoast SEO plugin. -->","yoast_head_json":{"title":"Museo Violeta Parra inicia ciclo de cuecas en vivo con La Gallera - Museo Violeta Parra","robots":{"index":"index","follow":"follow","max-snippet":"max-snippet:-1","max-image-preview":"max-image-preview:large","max-video-preview":"max-video-preview:-1"},"canonical":"http:\/\/vientosur.top\/museo\/museo-violeta-parra-inicia-ciclo-de-cuecas-en-vivo-con-la-gallera\/","og_locale":"es_ES","og_type":"article","og_title":"Museo Violeta Parra inicia ciclo de cuecas en vivo con La Gallera - Museo Violeta Parra","og_description":"En 2017, a\u00f1o en que se celebran los 100 del natalicio de Violeta Parra, el Museo\u00a0presentar\u00e1 un ciclo de cuecas en vivo todos los primeros s\u00e1bados de cada mes a partir de las 16:00 horas en la explanada del recinto ubicado en Vicu\u00f1a Mackenna 37. &nbsp; La primera agrupaci\u00f3n de la temporada ser\u00e1 La Gallera, [&hellip;]","og_url":"http:\/\/vientosur.top\/museo\/museo-violeta-parra-inicia-ciclo-de-cuecas-en-vivo-con-la-gallera\/","og_site_name":"Museo Violeta Parra","article_published_time":"2016-12-30T16:15:37+00:00","author":"admin","twitter_card":"summary_large_image","twitter_misc":{"Escrito por":"admin","Tiempo de lectura":"1 minuto"},"schema":{"@context":"https:\/\/schema.org","@graph":[{"@type":"WebPage","@id":"http:\/\/vientosur.top\/museo\/museo-violeta-parra-inicia-ciclo-de-cuecas-en-vivo-con-la-gallera\/","url":"http:\/\/vientosur.top\/museo\/museo-violeta-parra-inicia-ciclo-de-cuecas-en-vivo-con-la-gallera\/","name":"Museo Violeta Parra inicia ciclo de cuecas en vivo con La Gallera - Museo Violeta Parra","isPartOf":{"@id":"http:\/\/vientosur.top\/museo\/#website"},"primaryImageOfPage":{"@id":"http:\/\/vientosur.top\/museo\/museo-violeta-parra-inicia-ciclo-de-cuecas-en-vivo-con-la-gallera\/#primaryimage"},"image":{"@id":"http:\/\/vientosur.top\/museo\/museo-violeta-parra-inicia-ciclo-de-cuecas-en-vivo-con-la-gallera\/#primaryimage"},"thumbnailUrl":"","datePublished":"2016-12-30T16:15:37+00:00","author":{"@id":"http:\/\/vientosur.top\/museo\/#\/schema\/person\/20c79d3c38800971feec8c2693c3dd9c"},"breadcrumb":{"@id":"http:\/\/vientosur.top\/museo\/museo-violeta-parra-inicia-ciclo-de-cuecas-en-vivo-con-la-gallera\/#breadcrumb"},"inLanguage":"es","potentialAction":[{"@type":"ReadAction","target":["http:\/\/vientosur.top\/museo\/museo-violeta-parra-inicia-ciclo-de-cuecas-en-vivo-con-la-gallera\/"]}]},{"@type":"ImageObject","inLanguage":"es","@id":"http:\/\/vientosur.top\/museo\/museo-violeta-parra-inicia-ciclo-de-cuecas-en-vivo-con-la-gallera\/#primaryimage","url":"","contentUrl":""},{"@type":"BreadcrumbList","@id":"http:\/\/vientosur.top\/museo\/museo-violeta-parra-inicia-ciclo-de-cuecas-en-vivo-con-la-gallera\/#breadcrumb","itemListElement":[{"@type":"ListItem","position":1,"name":"Portada","item":"http:\/\/vientosur.top\/museo\/"},{"@type":"ListItem","position":2,"name":"Museo Violeta Parra inicia ciclo de cuecas en vivo con La Gallera"}]},{"@type":"WebSite","@id":"http:\/\/vientosur.top\/museo\/#website","url":"http:\/\/vientosur.top\/museo\/","name":"Museo Violeta Parra","description":"Espacio que alberga tanto la memoria y legado creativo de la artista","potentialAction":[{"@type":"SearchAction","target":{"@type":"EntryPoint","urlTemplate":"http:\/\/vientosur.top\/museo\/?s={search_term_string}"},"query-input":{"@type":"PropertyValueSpecification","valueRequired":true,"valueName":"search_term_string"}}],"inLanguage":"es"},{"@type":"Person","@id":"http:\/\/vientosur.top\/museo\/#\/schema\/person\/20c79d3c38800971feec8c2693c3dd9c","name":"admin","image":{"@type":"ImageObject","inLanguage":"es","@id":"http:\/\/vientosur.top\/museo\/#\/schema\/person\/image\/","url":"https:\/\/secure.gravatar.com\/avatar\/713677ece3ffa642287213a80e5b773bce9ab81c269dd6d95102a990951c922f?s=96&d=mm&r=g","contentUrl":"https:\/\/secure.gravatar.com\/avatar\/713677ece3ffa642287213a80e5b773bce9ab81c269dd6d95102a990951c922f?s=96&d=mm&r=g","caption":"admin"},"sameAs":["http:\/\/vientosur.top\/museo"],"url":"http:\/\/vientosur.top\/museo\/author\/comunicacionesmvp\/"}]}},"_links":{"self":[{"href":"http:\/\/vientosur.top\/museo\/wp-json\/wp\/v2\/posts\/2352","targetHints":{"allow":["GET"]}}],"collection":[{"href":"http:\/\/vientosur.top\/museo\/wp-json\/wp\/v2\/posts"}],"about":[{"href":"http:\/\/vientosur.top\/museo\/wp-json\/wp\/v2\/types\/post"}],"author":[{"embeddable":true,"href":"http:\/\/vientosur.top\/museo\/wp-json\/wp\/v2\/users\/5"}],"replies":[{"embeddable":true,"href":"http:\/\/vientosur.top\/museo\/wp-json\/wp\/v2\/comments?post=2352"}],"version-history":[{"count":0,"href":"http:\/\/vientosur.top\/museo\/wp-json\/wp\/v2\/posts\/2352\/revisions"}],"wp:featuredmedia":[{"embeddable":true,"href":"http:\/\/vientosur.top\/museo\/wp-json\/"}],"wp:attachment":[{"href":"http:\/\/vientosur.top\/museo\/wp-json\/wp\/v2\/media?parent=2352"}],"wp:term":[{"taxonomy":"category","embeddable":true,"href":"http:\/\/vientosur.top\/museo\/wp-json\/wp\/v2\/categories?post=2352"},{"taxonomy":"post_tag","embeddable":true,"href":"http:\/\/vientosur.top\/museo\/wp-json\/wp\/v2\/tags?post=2352"}],"curies":[{"name":"wp","href":"https:\/\/api.w.org\/{rel}","templated":true}]}}