{"id":2363,"date":"2016-12-30T16:31:55","date_gmt":"2016-12-30T16:31:55","guid":{"rendered":"http:\/\/vientosur.top\/museo\/\/?p=2363"},"modified":"2016-12-30T16:31:55","modified_gmt":"2016-12-30T16:31:55","slug":"museo-violeta-parra-supera-las-100-mil-visitas-en-su-primer-ano-de-vida","status":"publish","type":"post","link":"http:\/\/vientosur.top\/museo\/museo-violeta-parra-supera-las-100-mil-visitas-en-su-primer-ano-de-vida\/","title":{"rendered":"Museo Violeta Parra supera las 100 mil visitas en su primer a\u00f1o de vida"},"content":{"rendered":"<p><strong><br \/>\n<\/strong>El Museo Violeta Parra se enorgullece en informar que desde su apertura \u2014el 4 de octubre de 2015\u2014 ha superado las 100.000 visitas. Durante 2017, la instituci\u00f3n continuar\u00e1 en su labor de conservar y difundir la obra de la autora de \u201cVolver a los 17\u201d, en su cumplea\u00f1os n\u00famero 100.<br \/>\n\u00abAgradecemos sinceramente al Consejo Nacional de la Cultura y a la Fundaci\u00f3n Violeta Parra, quienes nos han ayudado enormemente a concretar esta tarea;\u00a0as\u00ed como tambi\u00e9n a nuestros m\u00e1s de \u00a0100 mil visitantes que se han interesado en conocer m\u00e1s sobre la monumental obra de Violeta Parra. Culminamos este exitoso\u00a02016\u00a0con mucha energ\u00eda, listos para\u00a0el pr\u00f3ximo, en el que renovaremos la oferta museol\u00f3gica \u00a0y ampliaremos la educativa y de extensi\u00f3n\u00bb, se\u00f1ala Cecilia Garc\u00eda-Huidobro, Directora del Museo Violeta Parra.<\/p>\n<p>&nbsp;<\/p>\n<p>En 2017, el Museo Violeta Parra presentar\u00e1 m\u00e1s de 80 recitales, ofrecer\u00e1 m\u00e1s de 250 visitas guiadas, salidas de la Maleta Educativa de Violeta a regiones y un programa de cine, entre\u00a0<a href=\"http:\/\/vientosur.top\/museo\/\/actividades\/actividad\">m<\/a><a href=\"http:\/\/vientosur.top\/museo\/\/actividades\/actividad\">uchas otras actividades de la cartelera<\/a>\u00a0para conmemorar el natalicio de la genial artista.<\/p>\n<p>&nbsp;<\/p>\n<p>El Museo Violeta Parra est\u00e1 ubicado en Vicu\u00f1a Mackenna 37, metro Baquedano. Su horario de atenci\u00f3n es de martes a viernes de 9:30 a 18:00 horas y de 11:00 a 18:00 horas los fines de semana. La entrada, as\u00ed como sus actividades, son \u00a0liberadas.<\/p>\n","protected":false},"excerpt":{"rendered":"<p>El Museo Violeta Parra se enorgullece en informar que desde su apertura \u2014el 4 de octubre de 2015\u2014 ha superado las 100.000 visitas. Durante 2017, la instituci\u00f3n continuar\u00e1 en su labor de conservar y difundir la obra de la autora de \u201cVolver a los 17\u201d, en su cumplea\u00f1os n\u00famero 100. \u00abAgradecemos sinceramente al Consejo Nacional [&hellip;]<\/p>\n","protected":false},"author":5,"featured_media":2372,"comment_status":"open","ping_status":"open","sticky":false,"template":"","format":"standard","meta":{"site-sidebar-layout":"default","site-content-layout":"","ast-site-content-layout":"default","site-content-style":"default","site-sidebar-style":"default","ast-global-header-display":"","ast-banner-title-visibility":"","ast-main-header-display":"","ast-hfb-above-header-display":"","ast-hfb-below-header-display":"","ast-hfb-mobile-header-display":"","site-post-title":"","ast-breadcrumbs-content":"","ast-featured-img":"","footer-sml-layout":"","theme-transparent-header-meta":"","adv-header-id-meta":"","stick-header-meta":"","header-above-stick-meta":"","header-main-stick-meta":"","header-below-stick-meta":"","astra-migrate-meta-layouts":"default","ast-page-background-enabled":"default","ast-page-background-meta":{"desktop":{"background-color":"var(--ast-global-color-4)","background-image":"","background-repeat":"repeat","background-position":"center center","background-size":"auto","background-attachment":"scroll","background-type":"","background-media":"","overlay-type":"","overlay-color":"","overlay-opacity":"","overlay-gradient":""},"tablet":{"background-color":"","background-image":"","background-repeat":"repeat","background-position":"center center","background-size":"auto","background-attachment":"scroll","background-type":"","background-media":"","overlay-type":"","overlay-color":"","overlay-opacity":"","overlay-gradient":""},"mobile":{"background-color":"","background-image":"","background-repeat":"repeat","background-position":"center center","background-size":"auto","background-attachment":"scroll","background-type":"","background-media":"","overlay-type":"","overlay-color":"","overlay-opacity":"","overlay-gradient":""}},"ast-content-background-meta":{"desktop":{"background-color":"var(--ast-global-color-5)","background-image":"","background-repeat":"repeat","background-position":"center center","background-size":"auto","background-attachment":"scroll","background-type":"","background-media":"","overlay-type":"","overlay-color":"","overlay-opacity":"","overlay-gradient":""},"tablet":{"background-color":"var(--ast-global-color-5)","background-image":"","background-repeat":"repeat","background-position":"center center","background-size":"auto","background-attachment":"scroll","background-type":"","background-media":"","overlay-type":"","overlay-color":"","overlay-opacity":"","overlay-gradient":""},"mobile":{"background-color":"var(--ast-global-color-5)","background-image":"","background-repeat":"repeat","background-position":"center center","background-size":"auto","background-attachment":"scroll","background-type":"","background-media":"","overlay-type":"","overlay-color":"","overlay-opacity":"","overlay-gradient":""}},"footnotes":""},"categories":[59,8,61,1],"tags":[],"class_list":["post-2363","post","type-post","status-publish","format-standard","has-post-thumbnail","hentry","category-destacado-noticia","category-noticias","category-novedades","category-sin-categoria"],"yoast_head":"<!-- This site is optimized with the Yoast SEO plugin v25.4 - https:\/\/yoast.com\/wordpress\/plugins\/seo\/ -->\n<title>Museo Violeta Parra supera las 100 mil visitas en su primer a\u00f1o de vida - Museo Violeta Parra<\/title>\n<meta name=\"robots\" content=\"index, follow, max-snippet:-1, max-image-preview:large, max-video-preview:-1\" \/>\n<link rel=\"canonical\" href=\"http:\/\/vientosur.top\/museo\/museo-violeta-parra-supera-las-100-mil-visitas-en-su-primer-ano-de-vida\/\" \/>\n<meta property=\"og:locale\" content=\"es_ES\" \/>\n<meta property=\"og:type\" content=\"article\" \/>\n<meta property=\"og:title\" content=\"Museo Violeta Parra supera las 100 mil visitas en su primer a\u00f1o de vida - Museo Violeta Parra\" \/>\n<meta property=\"og:description\" content=\"El Museo Violeta Parra se enorgullece en informar que desde su apertura \u2014el 4 de octubre de 2015\u2014 ha superado las 100.000 visitas. Durante 2017, la instituci\u00f3n continuar\u00e1 en su labor de conservar y difundir la obra de la autora de \u201cVolver a los 17\u201d, en su cumplea\u00f1os n\u00famero 100. \u00abAgradecemos sinceramente al Consejo Nacional [&hellip;]\" \/>\n<meta property=\"og:url\" content=\"http:\/\/vientosur.top\/museo\/museo-violeta-parra-supera-las-100-mil-visitas-en-su-primer-ano-de-vida\/\" \/>\n<meta property=\"og:site_name\" content=\"Museo Violeta Parra\" \/>\n<meta property=\"article:published_time\" content=\"2016-12-30T16:31:55+00:00\" \/>\n<meta property=\"og:image\" content=\"http:\/\/vientosur.top\/museo\/wp-content\/uploads\/2016\/12\/100-mil-Visitantes.jpg\" \/>\n\t<meta property=\"og:image:width\" content=\"1920\" \/>\n\t<meta property=\"og:image:height\" content=\"642\" \/>\n\t<meta property=\"og:image:type\" content=\"image\/jpeg\" \/>\n<meta name=\"author\" content=\"admin\" \/>\n<meta name=\"twitter:card\" content=\"summary_large_image\" \/>\n<meta name=\"twitter:label1\" content=\"Escrito por\" \/>\n\t<meta name=\"twitter:data1\" content=\"admin\" \/>\n\t<meta name=\"twitter:label2\" content=\"Tiempo de lectura\" \/>\n\t<meta name=\"twitter:data2\" content=\"1 minuto\" \/>\n<script type=\"application\/ld+json\" class=\"yoast-schema-graph\">{\"@context\":\"https:\/\/schema.org\",\"@graph\":[{\"@type\":\"WebPage\",\"@id\":\"http:\/\/vientosur.top\/museo\/museo-violeta-parra-supera-las-100-mil-visitas-en-su-primer-ano-de-vida\/\",\"url\":\"http:\/\/vientosur.top\/museo\/museo-violeta-parra-supera-las-100-mil-visitas-en-su-primer-ano-de-vida\/\",\"name\":\"Museo Violeta Parra supera las 100 mil visitas en su primer a\u00f1o de vida - Museo Violeta Parra\",\"isPartOf\":{\"@id\":\"http:\/\/vientosur.top\/museo\/#website\"},\"primaryImageOfPage\":{\"@id\":\"http:\/\/vientosur.top\/museo\/museo-violeta-parra-supera-las-100-mil-visitas-en-su-primer-ano-de-vida\/#primaryimage\"},\"image\":{\"@id\":\"http:\/\/vientosur.top\/museo\/museo-violeta-parra-supera-las-100-mil-visitas-en-su-primer-ano-de-vida\/#primaryimage\"},\"thumbnailUrl\":\"http:\/\/vientosur.top\/museo\/wp-content\/uploads\/2016\/12\/100-mil-Visitantes.jpg\",\"datePublished\":\"2016-12-30T16:31:55+00:00\",\"author\":{\"@id\":\"http:\/\/vientosur.top\/museo\/#\/schema\/person\/20c79d3c38800971feec8c2693c3dd9c\"},\"breadcrumb\":{\"@id\":\"http:\/\/vientosur.top\/museo\/museo-violeta-parra-supera-las-100-mil-visitas-en-su-primer-ano-de-vida\/#breadcrumb\"},\"inLanguage\":\"es\",\"potentialAction\":[{\"@type\":\"ReadAction\",\"target\":[\"http:\/\/vientosur.top\/museo\/museo-violeta-parra-supera-las-100-mil-visitas-en-su-primer-ano-de-vida\/\"]}]},{\"@type\":\"ImageObject\",\"inLanguage\":\"es\",\"@id\":\"http:\/\/vientosur.top\/museo\/museo-violeta-parra-supera-las-100-mil-visitas-en-su-primer-ano-de-vida\/#primaryimage\",\"url\":\"http:\/\/vientosur.top\/museo\/wp-content\/uploads\/2016\/12\/100-mil-Visitantes.jpg\",\"contentUrl\":\"http:\/\/vientosur.top\/museo\/wp-content\/uploads\/2016\/12\/100-mil-Visitantes.jpg\",\"width\":1920,\"height\":642},{\"@type\":\"BreadcrumbList\",\"@id\":\"http:\/\/vientosur.top\/museo\/museo-violeta-parra-supera-las-100-mil-visitas-en-su-primer-ano-de-vida\/#breadcrumb\",\"itemListElement\":[{\"@type\":\"ListItem\",\"position\":1,\"name\":\"Portada\",\"item\":\"http:\/\/vientosur.top\/museo\/\"},{\"@type\":\"ListItem\",\"position\":2,\"name\":\"Museo Violeta Parra supera las 100 mil visitas en su primer a\u00f1o de vida\"}]},{\"@type\":\"WebSite\",\"@id\":\"http:\/\/vientosur.top\/museo\/#website\",\"url\":\"http:\/\/vientosur.top\/museo\/\",\"name\":\"Museo Violeta Parra\",\"description\":\"Espacio que alberga tanto la memoria y legado creativo de la artista\",\"potentialAction\":[{\"@type\":\"SearchAction\",\"target\":{\"@type\":\"EntryPoint\",\"urlTemplate\":\"http:\/\/vientosur.top\/museo\/?s={search_term_string}\"},\"query-input\":{\"@type\":\"PropertyValueSpecification\",\"valueRequired\":true,\"valueName\":\"search_term_string\"}}],\"inLanguage\":\"es\"},{\"@type\":\"Person\",\"@id\":\"http:\/\/vientosur.top\/museo\/#\/schema\/person\/20c79d3c38800971feec8c2693c3dd9c\",\"name\":\"admin\",\"image\":{\"@type\":\"ImageObject\",\"inLanguage\":\"es\",\"@id\":\"http:\/\/vientosur.top\/museo\/#\/schema\/person\/image\/\",\"url\":\"https:\/\/secure.gravatar.com\/avatar\/713677ece3ffa642287213a80e5b773bce9ab81c269dd6d95102a990951c922f?s=96&d=mm&r=g\",\"contentUrl\":\"https:\/\/secure.gravatar.com\/avatar\/713677ece3ffa642287213a80e5b773bce9ab81c269dd6d95102a990951c922f?s=96&d=mm&r=g\",\"caption\":\"admin\"},\"sameAs\":[\"http:\/\/vientosur.top\/museo\"],\"url\":\"http:\/\/vientosur.top\/museo\/author\/comunicacionesmvp\/\"}]}<\/script>\n<!-- \/ Yoast SEO plugin. -->","yoast_head_json":{"title":"Museo Violeta Parra supera las 100 mil visitas en su primer a\u00f1o de vida - Museo Violeta Parra","robots":{"index":"index","follow":"follow","max-snippet":"max-snippet:-1","max-image-preview":"max-image-preview:large","max-video-preview":"max-video-preview:-1"},"canonical":"http:\/\/vientosur.top\/museo\/museo-violeta-parra-supera-las-100-mil-visitas-en-su-primer-ano-de-vida\/","og_locale":"es_ES","og_type":"article","og_title":"Museo Violeta Parra supera las 100 mil visitas en su primer a\u00f1o de vida - Museo Violeta Parra","og_description":"El Museo Violeta Parra se enorgullece en informar que desde su apertura \u2014el 4 de octubre de 2015\u2014 ha superado las 100.000 visitas. Durante 2017, la instituci\u00f3n continuar\u00e1 en su labor de conservar y difundir la obra de la autora de \u201cVolver a los 17\u201d, en su cumplea\u00f1os n\u00famero 100. \u00abAgradecemos sinceramente al Consejo Nacional [&hellip;]","og_url":"http:\/\/vientosur.top\/museo\/museo-violeta-parra-supera-las-100-mil-visitas-en-su-primer-ano-de-vida\/","og_site_name":"Museo Violeta Parra","article_published_time":"2016-12-30T16:31:55+00:00","og_image":[{"width":1920,"height":642,"url":"http:\/\/vientosur.top\/museo\/wp-content\/uploads\/2016\/12\/100-mil-Visitantes.jpg","type":"image\/jpeg"}],"author":"admin","twitter_card":"summary_large_image","twitter_misc":{"Escrito por":"admin","Tiempo de lectura":"1 minuto"},"schema":{"@context":"https:\/\/schema.org","@graph":[{"@type":"WebPage","@id":"http:\/\/vientosur.top\/museo\/museo-violeta-parra-supera-las-100-mil-visitas-en-su-primer-ano-de-vida\/","url":"http:\/\/vientosur.top\/museo\/museo-violeta-parra-supera-las-100-mil-visitas-en-su-primer-ano-de-vida\/","name":"Museo Violeta Parra supera las 100 mil visitas en su primer a\u00f1o de vida - Museo Violeta Parra","isPartOf":{"@id":"http:\/\/vientosur.top\/museo\/#website"},"primaryImageOfPage":{"@id":"http:\/\/vientosur.top\/museo\/museo-violeta-parra-supera-las-100-mil-visitas-en-su-primer-ano-de-vida\/#primaryimage"},"image":{"@id":"http:\/\/vientosur.top\/museo\/museo-violeta-parra-supera-las-100-mil-visitas-en-su-primer-ano-de-vida\/#primaryimage"},"thumbnailUrl":"http:\/\/vientosur.top\/museo\/wp-content\/uploads\/2016\/12\/100-mil-Visitantes.jpg","datePublished":"2016-12-30T16:31:55+00:00","author":{"@id":"http:\/\/vientosur.top\/museo\/#\/schema\/person\/20c79d3c38800971feec8c2693c3dd9c"},"breadcrumb":{"@id":"http:\/\/vientosur.top\/museo\/museo-violeta-parra-supera-las-100-mil-visitas-en-su-primer-ano-de-vida\/#breadcrumb"},"inLanguage":"es","potentialAction":[{"@type":"ReadAction","target":["http:\/\/vientosur.top\/museo\/museo-violeta-parra-supera-las-100-mil-visitas-en-su-primer-ano-de-vida\/"]}]},{"@type":"ImageObject","inLanguage":"es","@id":"http:\/\/vientosur.top\/museo\/museo-violeta-parra-supera-las-100-mil-visitas-en-su-primer-ano-de-vida\/#primaryimage","url":"http:\/\/vientosur.top\/museo\/wp-content\/uploads\/2016\/12\/100-mil-Visitantes.jpg","contentUrl":"http:\/\/vientosur.top\/museo\/wp-content\/uploads\/2016\/12\/100-mil-Visitantes.jpg","width":1920,"height":642},{"@type":"BreadcrumbList","@id":"http:\/\/vientosur.top\/museo\/museo-violeta-parra-supera-las-100-mil-visitas-en-su-primer-ano-de-vida\/#breadcrumb","itemListElement":[{"@type":"ListItem","position":1,"name":"Portada","item":"http:\/\/vientosur.top\/museo\/"},{"@type":"ListItem","position":2,"name":"Museo Violeta Parra supera las 100 mil visitas en su primer a\u00f1o de vida"}]},{"@type":"WebSite","@id":"http:\/\/vientosur.top\/museo\/#website","url":"http:\/\/vientosur.top\/museo\/","name":"Museo Violeta Parra","description":"Espacio que alberga tanto la memoria y legado creativo de la artista","potentialAction":[{"@type":"SearchAction","target":{"@type":"EntryPoint","urlTemplate":"http:\/\/vientosur.top\/museo\/?s={search_term_string}"},"query-input":{"@type":"PropertyValueSpecification","valueRequired":true,"valueName":"search_term_string"}}],"inLanguage":"es"},{"@type":"Person","@id":"http:\/\/vientosur.top\/museo\/#\/schema\/person\/20c79d3c38800971feec8c2693c3dd9c","name":"admin","image":{"@type":"ImageObject","inLanguage":"es","@id":"http:\/\/vientosur.top\/museo\/#\/schema\/person\/image\/","url":"https:\/\/secure.gravatar.com\/avatar\/713677ece3ffa642287213a80e5b773bce9ab81c269dd6d95102a990951c922f?s=96&d=mm&r=g","contentUrl":"https:\/\/secure.gravatar.com\/avatar\/713677ece3ffa642287213a80e5b773bce9ab81c269dd6d95102a990951c922f?s=96&d=mm&r=g","caption":"admin"},"sameAs":["http:\/\/vientosur.top\/museo"],"url":"http:\/\/vientosur.top\/museo\/author\/comunicacionesmvp\/"}]}},"_links":{"self":[{"href":"http:\/\/vientosur.top\/museo\/wp-json\/wp\/v2\/posts\/2363","targetHints":{"allow":["GET"]}}],"collection":[{"href":"http:\/\/vientosur.top\/museo\/wp-json\/wp\/v2\/posts"}],"about":[{"href":"http:\/\/vientosur.top\/museo\/wp-json\/wp\/v2\/types\/post"}],"author":[{"embeddable":true,"href":"http:\/\/vientosur.top\/museo\/wp-json\/wp\/v2\/users\/5"}],"replies":[{"embeddable":true,"href":"http:\/\/vientosur.top\/museo\/wp-json\/wp\/v2\/comments?post=2363"}],"version-history":[{"count":0,"href":"http:\/\/vientosur.top\/museo\/wp-json\/wp\/v2\/posts\/2363\/revisions"}],"wp:featuredmedia":[{"embeddable":true,"href":"http:\/\/vientosur.top\/museo\/wp-json\/wp\/v2\/media\/2372"}],"wp:attachment":[{"href":"http:\/\/vientosur.top\/museo\/wp-json\/wp\/v2\/media?parent=2363"}],"wp:term":[{"taxonomy":"category","embeddable":true,"href":"http:\/\/vientosur.top\/museo\/wp-json\/wp\/v2\/categories?post=2363"},{"taxonomy":"post_tag","embeddable":true,"href":"http:\/\/vientosur.top\/museo\/wp-json\/wp\/v2\/tags?post=2363"}],"curies":[{"name":"wp","href":"https:\/\/api.w.org\/{rel}","templated":true}]}}