{"id":2411,"date":"2017-01-10T14:55:48","date_gmt":"2017-01-10T14:55:48","guid":{"rendered":"http:\/\/vientosur.top\/museo\/\/?p=2411"},"modified":"2017-01-10T14:55:48","modified_gmt":"2017-01-10T14:55:48","slug":"museo-violeta-parra-invita-a-conocer-la-tienda-junto-al-arbol","status":"publish","type":"post","link":"http:\/\/vientosur.top\/museo\/museo-violeta-parra-invita-a-conocer-la-tienda-junto-al-arbol\/","title":{"rendered":"Museo Violeta Parra invita a conocer la \u00abTienda Junto al \u00c1rbol\u00bb"},"content":{"rendered":"<p>El Museo Violeta Parra extiende una c\u00e1lida invitaci\u00f3n a visitar la \u201cTienda Junto al \u00c1rbol\u201d, ubicada en Vicu\u00f1a Mackenna 37. \u00a0El local ofrece diversos productos art\u00edsticos de la <a href=\"http:\/\/www.fundacionvioletaparra.org\/\">Fundaci\u00f3n Violeta Parra<\/a>, entre los que se\u00a0encuentran las colecciones discogr\u00e1ficas de Violeta Parra e Isabel Parra, cancioneros, partituras, im\u00e1genes de la obra visual y fotograf\u00edas de la autora de \u201cGracias a la Vida\u201d.<br \/>\n<strong>Horario de atenci\u00f3n<\/strong><br \/>\nMartes a viernes de 14:00 a 18:00 horas<br \/>\nS\u00e1bado y domingo de 14:00 a 18:00 horas<\/p>\n","protected":false},"excerpt":{"rendered":"<p>El Museo Violeta Parra extiende una c\u00e1lida invitaci\u00f3n a visitar la \u201cTienda Junto al \u00c1rbol\u201d, ubicada en Vicu\u00f1a Mackenna 37. \u00a0El local ofrece diversos productos art\u00edsticos de la Fundaci\u00f3n Violeta Parra, entre los que se\u00a0encuentran las colecciones discogr\u00e1ficas de Violeta Parra e Isabel Parra, cancioneros, partituras, im\u00e1genes de la obra visual y fotograf\u00edas de la [&hellip;]<\/p>\n","protected":false},"author":5,"featured_media":2418,"comment_status":"open","ping_status":"open","sticky":false,"template":"","format":"standard","meta":{"site-sidebar-layout":"default","site-content-layout":"","ast-site-content-layout":"default","site-content-style":"default","site-sidebar-style":"default","ast-global-header-display":"","ast-banner-title-visibility":"","ast-main-header-display":"","ast-hfb-above-header-display":"","ast-hfb-below-header-display":"","ast-hfb-mobile-header-display":"","site-post-title":"","ast-breadcrumbs-content":"","ast-featured-img":"","footer-sml-layout":"","theme-transparent-header-meta":"","adv-header-id-meta":"","stick-header-meta":"","header-above-stick-meta":"","header-main-stick-meta":"","header-below-stick-meta":"","astra-migrate-meta-layouts":"default","ast-page-background-enabled":"default","ast-page-background-meta":{"desktop":{"background-color":"var(--ast-global-color-4)","background-image":"","background-repeat":"repeat","background-position":"center center","background-size":"auto","background-attachment":"scroll","background-type":"","background-media":"","overlay-type":"","overlay-color":"","overlay-opacity":"","overlay-gradient":""},"tablet":{"background-color":"","background-image":"","background-repeat":"repeat","background-position":"center center","background-size":"auto","background-attachment":"scroll","background-type":"","background-media":"","overlay-type":"","overlay-color":"","overlay-opacity":"","overlay-gradient":""},"mobile":{"background-color":"","background-image":"","background-repeat":"repeat","background-position":"center center","background-size":"auto","background-attachment":"scroll","background-type":"","background-media":"","overlay-type":"","overlay-color":"","overlay-opacity":"","overlay-gradient":""}},"ast-content-background-meta":{"desktop":{"background-color":"var(--ast-global-color-5)","background-image":"","background-repeat":"repeat","background-position":"center center","background-size":"auto","background-attachment":"scroll","background-type":"","background-media":"","overlay-type":"","overlay-color":"","overlay-opacity":"","overlay-gradient":""},"tablet":{"background-color":"var(--ast-global-color-5)","background-image":"","background-repeat":"repeat","background-position":"center center","background-size":"auto","background-attachment":"scroll","background-type":"","background-media":"","overlay-type":"","overlay-color":"","overlay-opacity":"","overlay-gradient":""},"mobile":{"background-color":"var(--ast-global-color-5)","background-image":"","background-repeat":"repeat","background-position":"center center","background-size":"auto","background-attachment":"scroll","background-type":"","background-media":"","overlay-type":"","overlay-color":"","overlay-opacity":"","overlay-gradient":""}},"footnotes":""},"categories":[59,8],"tags":[],"class_list":["post-2411","post","type-post","status-publish","format-standard","has-post-thumbnail","hentry","category-destacado-noticia","category-noticias"],"yoast_head":"<!-- This site is optimized with the Yoast SEO plugin v25.4 - https:\/\/yoast.com\/wordpress\/plugins\/seo\/ -->\n<title>Museo Violeta Parra invita a conocer la &quot;Tienda Junto al \u00c1rbol&quot; - Museo Violeta Parra<\/title>\n<meta name=\"robots\" content=\"index, follow, max-snippet:-1, max-image-preview:large, max-video-preview:-1\" \/>\n<link rel=\"canonical\" href=\"http:\/\/vientosur.top\/museo\/museo-violeta-parra-invita-a-conocer-la-tienda-junto-al-arbol\/\" \/>\n<meta property=\"og:locale\" content=\"es_ES\" \/>\n<meta property=\"og:type\" content=\"article\" \/>\n<meta property=\"og:title\" content=\"Museo Violeta Parra invita a conocer la &quot;Tienda Junto al \u00c1rbol&quot; - Museo Violeta Parra\" \/>\n<meta property=\"og:description\" content=\"El Museo Violeta Parra extiende una c\u00e1lida invitaci\u00f3n a visitar la \u201cTienda Junto al \u00c1rbol\u201d, ubicada en Vicu\u00f1a Mackenna 37. \u00a0El local ofrece diversos productos art\u00edsticos de la Fundaci\u00f3n Violeta Parra, entre los que se\u00a0encuentran las colecciones discogr\u00e1ficas de Violeta Parra e Isabel Parra, cancioneros, partituras, im\u00e1genes de la obra visual y fotograf\u00edas de la [&hellip;]\" \/>\n<meta property=\"og:url\" content=\"http:\/\/vientosur.top\/museo\/museo-violeta-parra-invita-a-conocer-la-tienda-junto-al-arbol\/\" \/>\n<meta property=\"og:site_name\" content=\"Museo Violeta Parra\" \/>\n<meta property=\"article:published_time\" content=\"2017-01-10T14:55:48+00:00\" \/>\n<meta property=\"og:image\" content=\"http:\/\/vientosur.top\/museo\/wp-content\/uploads\/2017\/01\/DSC_0241-1.jpg\" \/>\n\t<meta property=\"og:image:width\" content=\"1323\" \/>\n\t<meta property=\"og:image:height\" content=\"920\" \/>\n\t<meta property=\"og:image:type\" content=\"image\/jpeg\" \/>\n<meta name=\"author\" content=\"admin\" \/>\n<meta name=\"twitter:card\" content=\"summary_large_image\" \/>\n<meta name=\"twitter:label1\" content=\"Escrito por\" \/>\n\t<meta name=\"twitter:data1\" content=\"admin\" \/>\n<script type=\"application\/ld+json\" class=\"yoast-schema-graph\">{\"@context\":\"https:\/\/schema.org\",\"@graph\":[{\"@type\":\"WebPage\",\"@id\":\"http:\/\/vientosur.top\/museo\/museo-violeta-parra-invita-a-conocer-la-tienda-junto-al-arbol\/\",\"url\":\"http:\/\/vientosur.top\/museo\/museo-violeta-parra-invita-a-conocer-la-tienda-junto-al-arbol\/\",\"name\":\"Museo Violeta Parra invita a conocer la \\\"Tienda Junto al \u00c1rbol\\\" - Museo Violeta Parra\",\"isPartOf\":{\"@id\":\"http:\/\/vientosur.top\/museo\/#website\"},\"primaryImageOfPage\":{\"@id\":\"http:\/\/vientosur.top\/museo\/museo-violeta-parra-invita-a-conocer-la-tienda-junto-al-arbol\/#primaryimage\"},\"image\":{\"@id\":\"http:\/\/vientosur.top\/museo\/museo-violeta-parra-invita-a-conocer-la-tienda-junto-al-arbol\/#primaryimage\"},\"thumbnailUrl\":\"http:\/\/vientosur.top\/museo\/wp-content\/uploads\/2017\/01\/DSC_0241-1.jpg\",\"datePublished\":\"2017-01-10T14:55:48+00:00\",\"author\":{\"@id\":\"http:\/\/vientosur.top\/museo\/#\/schema\/person\/20c79d3c38800971feec8c2693c3dd9c\"},\"breadcrumb\":{\"@id\":\"http:\/\/vientosur.top\/museo\/museo-violeta-parra-invita-a-conocer-la-tienda-junto-al-arbol\/#breadcrumb\"},\"inLanguage\":\"es\",\"potentialAction\":[{\"@type\":\"ReadAction\",\"target\":[\"http:\/\/vientosur.top\/museo\/museo-violeta-parra-invita-a-conocer-la-tienda-junto-al-arbol\/\"]}]},{\"@type\":\"ImageObject\",\"inLanguage\":\"es\",\"@id\":\"http:\/\/vientosur.top\/museo\/museo-violeta-parra-invita-a-conocer-la-tienda-junto-al-arbol\/#primaryimage\",\"url\":\"http:\/\/vientosur.top\/museo\/wp-content\/uploads\/2017\/01\/DSC_0241-1.jpg\",\"contentUrl\":\"http:\/\/vientosur.top\/museo\/wp-content\/uploads\/2017\/01\/DSC_0241-1.jpg\",\"width\":1323,\"height\":920},{\"@type\":\"BreadcrumbList\",\"@id\":\"http:\/\/vientosur.top\/museo\/museo-violeta-parra-invita-a-conocer-la-tienda-junto-al-arbol\/#breadcrumb\",\"itemListElement\":[{\"@type\":\"ListItem\",\"position\":1,\"name\":\"Portada\",\"item\":\"http:\/\/vientosur.top\/museo\/\"},{\"@type\":\"ListItem\",\"position\":2,\"name\":\"Museo Violeta Parra invita a conocer la \u00abTienda Junto al \u00c1rbol\u00bb\"}]},{\"@type\":\"WebSite\",\"@id\":\"http:\/\/vientosur.top\/museo\/#website\",\"url\":\"http:\/\/vientosur.top\/museo\/\",\"name\":\"Museo Violeta Parra\",\"description\":\"Espacio que alberga tanto la memoria y legado creativo de la artista\",\"potentialAction\":[{\"@type\":\"SearchAction\",\"target\":{\"@type\":\"EntryPoint\",\"urlTemplate\":\"http:\/\/vientosur.top\/museo\/?s={search_term_string}\"},\"query-input\":{\"@type\":\"PropertyValueSpecification\",\"valueRequired\":true,\"valueName\":\"search_term_string\"}}],\"inLanguage\":\"es\"},{\"@type\":\"Person\",\"@id\":\"http:\/\/vientosur.top\/museo\/#\/schema\/person\/20c79d3c38800971feec8c2693c3dd9c\",\"name\":\"admin\",\"image\":{\"@type\":\"ImageObject\",\"inLanguage\":\"es\",\"@id\":\"http:\/\/vientosur.top\/museo\/#\/schema\/person\/image\/\",\"url\":\"https:\/\/secure.gravatar.com\/avatar\/713677ece3ffa642287213a80e5b773bce9ab81c269dd6d95102a990951c922f?s=96&d=mm&r=g\",\"contentUrl\":\"https:\/\/secure.gravatar.com\/avatar\/713677ece3ffa642287213a80e5b773bce9ab81c269dd6d95102a990951c922f?s=96&d=mm&r=g\",\"caption\":\"admin\"},\"sameAs\":[\"http:\/\/vientosur.top\/museo\"],\"url\":\"http:\/\/vientosur.top\/museo\/author\/comunicacionesmvp\/\"}]}<\/script>\n<!-- \/ Yoast SEO plugin. -->","yoast_head_json":{"title":"Museo Violeta Parra invita a conocer la \"Tienda Junto al \u00c1rbol\" - Museo Violeta Parra","robots":{"index":"index","follow":"follow","max-snippet":"max-snippet:-1","max-image-preview":"max-image-preview:large","max-video-preview":"max-video-preview:-1"},"canonical":"http:\/\/vientosur.top\/museo\/museo-violeta-parra-invita-a-conocer-la-tienda-junto-al-arbol\/","og_locale":"es_ES","og_type":"article","og_title":"Museo Violeta Parra invita a conocer la \"Tienda Junto al \u00c1rbol\" - Museo Violeta Parra","og_description":"El Museo Violeta Parra extiende una c\u00e1lida invitaci\u00f3n a visitar la \u201cTienda Junto al \u00c1rbol\u201d, ubicada en Vicu\u00f1a Mackenna 37. \u00a0El local ofrece diversos productos art\u00edsticos de la Fundaci\u00f3n Violeta Parra, entre los que se\u00a0encuentran las colecciones discogr\u00e1ficas de Violeta Parra e Isabel Parra, cancioneros, partituras, im\u00e1genes de la obra visual y fotograf\u00edas de la [&hellip;]","og_url":"http:\/\/vientosur.top\/museo\/museo-violeta-parra-invita-a-conocer-la-tienda-junto-al-arbol\/","og_site_name":"Museo Violeta Parra","article_published_time":"2017-01-10T14:55:48+00:00","og_image":[{"width":1323,"height":920,"url":"http:\/\/vientosur.top\/museo\/wp-content\/uploads\/2017\/01\/DSC_0241-1.jpg","type":"image\/jpeg"}],"author":"admin","twitter_card":"summary_large_image","twitter_misc":{"Escrito por":"admin"},"schema":{"@context":"https:\/\/schema.org","@graph":[{"@type":"WebPage","@id":"http:\/\/vientosur.top\/museo\/museo-violeta-parra-invita-a-conocer-la-tienda-junto-al-arbol\/","url":"http:\/\/vientosur.top\/museo\/museo-violeta-parra-invita-a-conocer-la-tienda-junto-al-arbol\/","name":"Museo Violeta Parra invita a conocer la \"Tienda Junto al \u00c1rbol\" - Museo Violeta Parra","isPartOf":{"@id":"http:\/\/vientosur.top\/museo\/#website"},"primaryImageOfPage":{"@id":"http:\/\/vientosur.top\/museo\/museo-violeta-parra-invita-a-conocer-la-tienda-junto-al-arbol\/#primaryimage"},"image":{"@id":"http:\/\/vientosur.top\/museo\/museo-violeta-parra-invita-a-conocer-la-tienda-junto-al-arbol\/#primaryimage"},"thumbnailUrl":"http:\/\/vientosur.top\/museo\/wp-content\/uploads\/2017\/01\/DSC_0241-1.jpg","datePublished":"2017-01-10T14:55:48+00:00","author":{"@id":"http:\/\/vientosur.top\/museo\/#\/schema\/person\/20c79d3c38800971feec8c2693c3dd9c"},"breadcrumb":{"@id":"http:\/\/vientosur.top\/museo\/museo-violeta-parra-invita-a-conocer-la-tienda-junto-al-arbol\/#breadcrumb"},"inLanguage":"es","potentialAction":[{"@type":"ReadAction","target":["http:\/\/vientosur.top\/museo\/museo-violeta-parra-invita-a-conocer-la-tienda-junto-al-arbol\/"]}]},{"@type":"ImageObject","inLanguage":"es","@id":"http:\/\/vientosur.top\/museo\/museo-violeta-parra-invita-a-conocer-la-tienda-junto-al-arbol\/#primaryimage","url":"http:\/\/vientosur.top\/museo\/wp-content\/uploads\/2017\/01\/DSC_0241-1.jpg","contentUrl":"http:\/\/vientosur.top\/museo\/wp-content\/uploads\/2017\/01\/DSC_0241-1.jpg","width":1323,"height":920},{"@type":"BreadcrumbList","@id":"http:\/\/vientosur.top\/museo\/museo-violeta-parra-invita-a-conocer-la-tienda-junto-al-arbol\/#breadcrumb","itemListElement":[{"@type":"ListItem","position":1,"name":"Portada","item":"http:\/\/vientosur.top\/museo\/"},{"@type":"ListItem","position":2,"name":"Museo Violeta Parra invita a conocer la \u00abTienda Junto al \u00c1rbol\u00bb"}]},{"@type":"WebSite","@id":"http:\/\/vientosur.top\/museo\/#website","url":"http:\/\/vientosur.top\/museo\/","name":"Museo Violeta Parra","description":"Espacio que alberga tanto la memoria y legado creativo de la artista","potentialAction":[{"@type":"SearchAction","target":{"@type":"EntryPoint","urlTemplate":"http:\/\/vientosur.top\/museo\/?s={search_term_string}"},"query-input":{"@type":"PropertyValueSpecification","valueRequired":true,"valueName":"search_term_string"}}],"inLanguage":"es"},{"@type":"Person","@id":"http:\/\/vientosur.top\/museo\/#\/schema\/person\/20c79d3c38800971feec8c2693c3dd9c","name":"admin","image":{"@type":"ImageObject","inLanguage":"es","@id":"http:\/\/vientosur.top\/museo\/#\/schema\/person\/image\/","url":"https:\/\/secure.gravatar.com\/avatar\/713677ece3ffa642287213a80e5b773bce9ab81c269dd6d95102a990951c922f?s=96&d=mm&r=g","contentUrl":"https:\/\/secure.gravatar.com\/avatar\/713677ece3ffa642287213a80e5b773bce9ab81c269dd6d95102a990951c922f?s=96&d=mm&r=g","caption":"admin"},"sameAs":["http:\/\/vientosur.top\/museo"],"url":"http:\/\/vientosur.top\/museo\/author\/comunicacionesmvp\/"}]}},"_links":{"self":[{"href":"http:\/\/vientosur.top\/museo\/wp-json\/wp\/v2\/posts\/2411","targetHints":{"allow":["GET"]}}],"collection":[{"href":"http:\/\/vientosur.top\/museo\/wp-json\/wp\/v2\/posts"}],"about":[{"href":"http:\/\/vientosur.top\/museo\/wp-json\/wp\/v2\/types\/post"}],"author":[{"embeddable":true,"href":"http:\/\/vientosur.top\/museo\/wp-json\/wp\/v2\/users\/5"}],"replies":[{"embeddable":true,"href":"http:\/\/vientosur.top\/museo\/wp-json\/wp\/v2\/comments?post=2411"}],"version-history":[{"count":0,"href":"http:\/\/vientosur.top\/museo\/wp-json\/wp\/v2\/posts\/2411\/revisions"}],"wp:featuredmedia":[{"embeddable":true,"href":"http:\/\/vientosur.top\/museo\/wp-json\/wp\/v2\/media\/2418"}],"wp:attachment":[{"href":"http:\/\/vientosur.top\/museo\/wp-json\/wp\/v2\/media?parent=2411"}],"wp:term":[{"taxonomy":"category","embeddable":true,"href":"http:\/\/vientosur.top\/museo\/wp-json\/wp\/v2\/categories?post=2411"},{"taxonomy":"post_tag","embeddable":true,"href":"http:\/\/vientosur.top\/museo\/wp-json\/wp\/v2\/tags?post=2411"}],"curies":[{"name":"wp","href":"https:\/\/api.w.org\/{rel}","templated":true}]}}