{"id":2433,"date":"2017-01-12T21:05:42","date_gmt":"2017-01-12T21:05:42","guid":{"rendered":"http:\/\/vientosur.top\/museo\/\/?p=2433"},"modified":"2017-01-12T21:05:42","modified_gmt":"2017-01-12T21:05:42","slug":"manuel-garcia-dona-guitarra-al-museo-violeta-parra","status":"publish","type":"post","link":"http:\/\/vientosur.top\/museo\/manuel-garcia-dona-guitarra-al-museo-violeta-parra\/","title":{"rendered":"Manuel Garc\u00eda obsequia guitarra al Museo Violeta Parra"},"content":{"rendered":"<p>El Museo Violeta Parra agradece la guitarra donada por el destacado cantautor\u00a0nacional Manuel Garc\u00eda en diciembre de 2016. El compositor de \u201cTu ventana\u201d forma parte, en calidad de representante del mundo de la cultura, del Directorio del Museo Violeta Parra.<\/p>\n<p>&nbsp;<\/p>\n<p>A prop\u00f3sito de su donaci\u00f3n, el cantautor\u00a0comenta: \u201cHace ya poco m\u00e1s de un a\u00f1o que se inaugur\u00f3 para Chile y el mundo el so\u00f1ado Museo Violeta Parra, lugar donde por fin podemos apreciar de forma presencial sus arpilleras, pinturas, cuadernos de canciones y algunos objetos que fueron parte de sus labores de trabajo. El Museo ofrece un viaje \u00fanico que el espectador sensible agradece y recuerda como una experiencia \u00fanica en la vida. Por eso uno sale del museo con la sensaci\u00f3n de querer abrazar a Violeta, de agradecerle con un beso, con un gesto, una palabra, con ganas de ir a buscar alguna cosa que darle\u00a0 en agradecimiento. Eso hice yo. Le llev\u00e9 una guitarra para las manos de quien quiera tocarla en el escenario del\u00a0 magn\u00edfico auditorio Antar o en el patio o en los pasillos, donde haga falta. Sencillo: una guitarra para Violeta, porque es ella nuestro propio canto\u201d.<\/p>\n<p>&nbsp;<\/p>\n<p>Por su parte Cecilia Garc\u00eda-Huidobro, Directora de la instituci\u00f3n, agradece la primera donaci\u00f3n de un instrumento musical, pues \u201cesta generosa contribuci\u00f3n viene a enriquecer el acervo del Museo, donde no puede faltar este importante instrumento\u201d.<\/p>\n<p>&nbsp;<\/p>\n<p>Compartimos la interpretaci\u00f3n del villancico \u00abEn el portal de Bel\u00e9n\u00bb en las voces de Isabel Parra y Manuel Garc\u00eda.<\/p>\n<p><iframe src=\"https:\/\/www.youtube.com\/embed\/U7V_WhZ1On0\" width=\"560\" height=\"315\" frameborder=\"0\" allowfullscreen=\"allowfullscreen\"><\/iframe><\/p>\n<p>&nbsp;<\/p>\n<p>&nbsp;<\/p>\n","protected":false},"excerpt":{"rendered":"<p>El Museo Violeta Parra agradece la guitarra donada por el destacado cantautor\u00a0nacional Manuel Garc\u00eda en diciembre de 2016. El compositor de \u201cTu ventana\u201d forma parte, en calidad de representante del mundo de la cultura, del Directorio del Museo Violeta Parra. &nbsp; A prop\u00f3sito de su donaci\u00f3n, el cantautor\u00a0comenta: \u201cHace ya poco m\u00e1s de un a\u00f1o [&hellip;]<\/p>\n","protected":false},"author":5,"featured_media":2436,"comment_status":"open","ping_status":"open","sticky":false,"template":"","format":"standard","meta":{"site-sidebar-layout":"default","site-content-layout":"","ast-site-content-layout":"default","site-content-style":"default","site-sidebar-style":"default","ast-global-header-display":"","ast-banner-title-visibility":"","ast-main-header-display":"","ast-hfb-above-header-display":"","ast-hfb-below-header-display":"","ast-hfb-mobile-header-display":"","site-post-title":"","ast-breadcrumbs-content":"","ast-featured-img":"","footer-sml-layout":"","theme-transparent-header-meta":"","adv-header-id-meta":"","stick-header-meta":"","header-above-stick-meta":"","header-main-stick-meta":"","header-below-stick-meta":"","astra-migrate-meta-layouts":"default","ast-page-background-enabled":"default","ast-page-background-meta":{"desktop":{"background-color":"var(--ast-global-color-4)","background-image":"","background-repeat":"repeat","background-position":"center center","background-size":"auto","background-attachment":"scroll","background-type":"","background-media":"","overlay-type":"","overlay-color":"","overlay-opacity":"","overlay-gradient":""},"tablet":{"background-color":"","background-image":"","background-repeat":"repeat","background-position":"center center","background-size":"auto","background-attachment":"scroll","background-type":"","background-media":"","overlay-type":"","overlay-color":"","overlay-opacity":"","overlay-gradient":""},"mobile":{"background-color":"","background-image":"","background-repeat":"repeat","background-position":"center center","background-size":"auto","background-attachment":"scroll","background-type":"","background-media":"","overlay-type":"","overlay-color":"","overlay-opacity":"","overlay-gradient":""}},"ast-content-background-meta":{"desktop":{"background-color":"var(--ast-global-color-5)","background-image":"","background-repeat":"repeat","background-position":"center center","background-size":"auto","background-attachment":"scroll","background-type":"","background-media":"","overlay-type":"","overlay-color":"","overlay-opacity":"","overlay-gradient":""},"tablet":{"background-color":"var(--ast-global-color-5)","background-image":"","background-repeat":"repeat","background-position":"center center","background-size":"auto","background-attachment":"scroll","background-type":"","background-media":"","overlay-type":"","overlay-color":"","overlay-opacity":"","overlay-gradient":""},"mobile":{"background-color":"var(--ast-global-color-5)","background-image":"","background-repeat":"repeat","background-position":"center center","background-size":"auto","background-attachment":"scroll","background-type":"","background-media":"","overlay-type":"","overlay-color":"","overlay-opacity":"","overlay-gradient":""}},"footnotes":""},"categories":[59,8,61],"tags":[],"class_list":["post-2433","post","type-post","status-publish","format-standard","has-post-thumbnail","hentry","category-destacado-noticia","category-noticias","category-novedades"],"yoast_head":"<!-- This site is optimized with the Yoast SEO plugin v25.4 - https:\/\/yoast.com\/wordpress\/plugins\/seo\/ -->\n<title>Manuel Garc\u00eda obsequia guitarra al Museo Violeta Parra - Museo Violeta Parra<\/title>\n<meta name=\"robots\" content=\"index, follow, max-snippet:-1, max-image-preview:large, max-video-preview:-1\" \/>\n<link rel=\"canonical\" href=\"http:\/\/vientosur.top\/museo\/manuel-garcia-dona-guitarra-al-museo-violeta-parra\/\" \/>\n<meta property=\"og:locale\" content=\"es_ES\" \/>\n<meta property=\"og:type\" content=\"article\" \/>\n<meta property=\"og:title\" content=\"Manuel Garc\u00eda obsequia guitarra al Museo Violeta Parra - Museo Violeta Parra\" \/>\n<meta property=\"og:description\" content=\"El Museo Violeta Parra agradece la guitarra donada por el destacado cantautor\u00a0nacional Manuel Garc\u00eda en diciembre de 2016. El compositor de \u201cTu ventana\u201d forma parte, en calidad de representante del mundo de la cultura, del Directorio del Museo Violeta Parra. &nbsp; A prop\u00f3sito de su donaci\u00f3n, el cantautor\u00a0comenta: \u201cHace ya poco m\u00e1s de un a\u00f1o [&hellip;]\" \/>\n<meta property=\"og:url\" content=\"http:\/\/vientosur.top\/museo\/manuel-garcia-dona-guitarra-al-museo-violeta-parra\/\" \/>\n<meta property=\"og:site_name\" content=\"Museo Violeta Parra\" \/>\n<meta property=\"article:published_time\" content=\"2017-01-12T21:05:42+00:00\" \/>\n<meta property=\"og:image\" content=\"http:\/\/vientosur.top\/museo\/wp-content\/uploads\/2017\/01\/DSC_0368.jpg\" \/>\n\t<meta property=\"og:image:width\" content=\"1329\" \/>\n\t<meta property=\"og:image:height\" content=\"874\" \/>\n\t<meta property=\"og:image:type\" content=\"image\/jpeg\" \/>\n<meta name=\"author\" content=\"admin\" \/>\n<meta name=\"twitter:card\" content=\"summary_large_image\" \/>\n<meta name=\"twitter:label1\" content=\"Escrito por\" \/>\n\t<meta name=\"twitter:data1\" content=\"admin\" \/>\n\t<meta name=\"twitter:label2\" content=\"Tiempo de lectura\" \/>\n\t<meta name=\"twitter:data2\" content=\"1 minuto\" \/>\n<script type=\"application\/ld+json\" class=\"yoast-schema-graph\">{\"@context\":\"https:\/\/schema.org\",\"@graph\":[{\"@type\":\"WebPage\",\"@id\":\"http:\/\/vientosur.top\/museo\/manuel-garcia-dona-guitarra-al-museo-violeta-parra\/\",\"url\":\"http:\/\/vientosur.top\/museo\/manuel-garcia-dona-guitarra-al-museo-violeta-parra\/\",\"name\":\"Manuel Garc\u00eda obsequia guitarra al Museo Violeta Parra - Museo Violeta Parra\",\"isPartOf\":{\"@id\":\"http:\/\/vientosur.top\/museo\/#website\"},\"primaryImageOfPage\":{\"@id\":\"http:\/\/vientosur.top\/museo\/manuel-garcia-dona-guitarra-al-museo-violeta-parra\/#primaryimage\"},\"image\":{\"@id\":\"http:\/\/vientosur.top\/museo\/manuel-garcia-dona-guitarra-al-museo-violeta-parra\/#primaryimage\"},\"thumbnailUrl\":\"http:\/\/vientosur.top\/museo\/wp-content\/uploads\/2017\/01\/DSC_0368.jpg\",\"datePublished\":\"2017-01-12T21:05:42+00:00\",\"author\":{\"@id\":\"http:\/\/vientosur.top\/museo\/#\/schema\/person\/20c79d3c38800971feec8c2693c3dd9c\"},\"breadcrumb\":{\"@id\":\"http:\/\/vientosur.top\/museo\/manuel-garcia-dona-guitarra-al-museo-violeta-parra\/#breadcrumb\"},\"inLanguage\":\"es\",\"potentialAction\":[{\"@type\":\"ReadAction\",\"target\":[\"http:\/\/vientosur.top\/museo\/manuel-garcia-dona-guitarra-al-museo-violeta-parra\/\"]}]},{\"@type\":\"ImageObject\",\"inLanguage\":\"es\",\"@id\":\"http:\/\/vientosur.top\/museo\/manuel-garcia-dona-guitarra-al-museo-violeta-parra\/#primaryimage\",\"url\":\"http:\/\/vientosur.top\/museo\/wp-content\/uploads\/2017\/01\/DSC_0368.jpg\",\"contentUrl\":\"http:\/\/vientosur.top\/museo\/wp-content\/uploads\/2017\/01\/DSC_0368.jpg\",\"width\":1329,\"height\":874},{\"@type\":\"BreadcrumbList\",\"@id\":\"http:\/\/vientosur.top\/museo\/manuel-garcia-dona-guitarra-al-museo-violeta-parra\/#breadcrumb\",\"itemListElement\":[{\"@type\":\"ListItem\",\"position\":1,\"name\":\"Portada\",\"item\":\"http:\/\/vientosur.top\/museo\/\"},{\"@type\":\"ListItem\",\"position\":2,\"name\":\"Manuel Garc\u00eda obsequia guitarra al Museo Violeta Parra\"}]},{\"@type\":\"WebSite\",\"@id\":\"http:\/\/vientosur.top\/museo\/#website\",\"url\":\"http:\/\/vientosur.top\/museo\/\",\"name\":\"Museo Violeta Parra\",\"description\":\"Espacio que alberga tanto la memoria y legado creativo de la artista\",\"potentialAction\":[{\"@type\":\"SearchAction\",\"target\":{\"@type\":\"EntryPoint\",\"urlTemplate\":\"http:\/\/vientosur.top\/museo\/?s={search_term_string}\"},\"query-input\":{\"@type\":\"PropertyValueSpecification\",\"valueRequired\":true,\"valueName\":\"search_term_string\"}}],\"inLanguage\":\"es\"},{\"@type\":\"Person\",\"@id\":\"http:\/\/vientosur.top\/museo\/#\/schema\/person\/20c79d3c38800971feec8c2693c3dd9c\",\"name\":\"admin\",\"image\":{\"@type\":\"ImageObject\",\"inLanguage\":\"es\",\"@id\":\"http:\/\/vientosur.top\/museo\/#\/schema\/person\/image\/\",\"url\":\"https:\/\/secure.gravatar.com\/avatar\/713677ece3ffa642287213a80e5b773bce9ab81c269dd6d95102a990951c922f?s=96&d=mm&r=g\",\"contentUrl\":\"https:\/\/secure.gravatar.com\/avatar\/713677ece3ffa642287213a80e5b773bce9ab81c269dd6d95102a990951c922f?s=96&d=mm&r=g\",\"caption\":\"admin\"},\"sameAs\":[\"http:\/\/vientosur.top\/museo\"],\"url\":\"http:\/\/vientosur.top\/museo\/author\/comunicacionesmvp\/\"}]}<\/script>\n<!-- \/ Yoast SEO plugin. -->","yoast_head_json":{"title":"Manuel Garc\u00eda obsequia guitarra al Museo Violeta Parra - Museo Violeta Parra","robots":{"index":"index","follow":"follow","max-snippet":"max-snippet:-1","max-image-preview":"max-image-preview:large","max-video-preview":"max-video-preview:-1"},"canonical":"http:\/\/vientosur.top\/museo\/manuel-garcia-dona-guitarra-al-museo-violeta-parra\/","og_locale":"es_ES","og_type":"article","og_title":"Manuel Garc\u00eda obsequia guitarra al Museo Violeta Parra - Museo Violeta Parra","og_description":"El Museo Violeta Parra agradece la guitarra donada por el destacado cantautor\u00a0nacional Manuel Garc\u00eda en diciembre de 2016. El compositor de \u201cTu ventana\u201d forma parte, en calidad de representante del mundo de la cultura, del Directorio del Museo Violeta Parra. &nbsp; A prop\u00f3sito de su donaci\u00f3n, el cantautor\u00a0comenta: \u201cHace ya poco m\u00e1s de un a\u00f1o [&hellip;]","og_url":"http:\/\/vientosur.top\/museo\/manuel-garcia-dona-guitarra-al-museo-violeta-parra\/","og_site_name":"Museo Violeta Parra","article_published_time":"2017-01-12T21:05:42+00:00","og_image":[{"width":1329,"height":874,"url":"http:\/\/vientosur.top\/museo\/wp-content\/uploads\/2017\/01\/DSC_0368.jpg","type":"image\/jpeg"}],"author":"admin","twitter_card":"summary_large_image","twitter_misc":{"Escrito por":"admin","Tiempo de lectura":"1 minuto"},"schema":{"@context":"https:\/\/schema.org","@graph":[{"@type":"WebPage","@id":"http:\/\/vientosur.top\/museo\/manuel-garcia-dona-guitarra-al-museo-violeta-parra\/","url":"http:\/\/vientosur.top\/museo\/manuel-garcia-dona-guitarra-al-museo-violeta-parra\/","name":"Manuel Garc\u00eda obsequia guitarra al Museo Violeta Parra - Museo Violeta Parra","isPartOf":{"@id":"http:\/\/vientosur.top\/museo\/#website"},"primaryImageOfPage":{"@id":"http:\/\/vientosur.top\/museo\/manuel-garcia-dona-guitarra-al-museo-violeta-parra\/#primaryimage"},"image":{"@id":"http:\/\/vientosur.top\/museo\/manuel-garcia-dona-guitarra-al-museo-violeta-parra\/#primaryimage"},"thumbnailUrl":"http:\/\/vientosur.top\/museo\/wp-content\/uploads\/2017\/01\/DSC_0368.jpg","datePublished":"2017-01-12T21:05:42+00:00","author":{"@id":"http:\/\/vientosur.top\/museo\/#\/schema\/person\/20c79d3c38800971feec8c2693c3dd9c"},"breadcrumb":{"@id":"http:\/\/vientosur.top\/museo\/manuel-garcia-dona-guitarra-al-museo-violeta-parra\/#breadcrumb"},"inLanguage":"es","potentialAction":[{"@type":"ReadAction","target":["http:\/\/vientosur.top\/museo\/manuel-garcia-dona-guitarra-al-museo-violeta-parra\/"]}]},{"@type":"ImageObject","inLanguage":"es","@id":"http:\/\/vientosur.top\/museo\/manuel-garcia-dona-guitarra-al-museo-violeta-parra\/#primaryimage","url":"http:\/\/vientosur.top\/museo\/wp-content\/uploads\/2017\/01\/DSC_0368.jpg","contentUrl":"http:\/\/vientosur.top\/museo\/wp-content\/uploads\/2017\/01\/DSC_0368.jpg","width":1329,"height":874},{"@type":"BreadcrumbList","@id":"http:\/\/vientosur.top\/museo\/manuel-garcia-dona-guitarra-al-museo-violeta-parra\/#breadcrumb","itemListElement":[{"@type":"ListItem","position":1,"name":"Portada","item":"http:\/\/vientosur.top\/museo\/"},{"@type":"ListItem","position":2,"name":"Manuel Garc\u00eda obsequia guitarra al Museo Violeta Parra"}]},{"@type":"WebSite","@id":"http:\/\/vientosur.top\/museo\/#website","url":"http:\/\/vientosur.top\/museo\/","name":"Museo Violeta Parra","description":"Espacio que alberga tanto la memoria y legado creativo de la artista","potentialAction":[{"@type":"SearchAction","target":{"@type":"EntryPoint","urlTemplate":"http:\/\/vientosur.top\/museo\/?s={search_term_string}"},"query-input":{"@type":"PropertyValueSpecification","valueRequired":true,"valueName":"search_term_string"}}],"inLanguage":"es"},{"@type":"Person","@id":"http:\/\/vientosur.top\/museo\/#\/schema\/person\/20c79d3c38800971feec8c2693c3dd9c","name":"admin","image":{"@type":"ImageObject","inLanguage":"es","@id":"http:\/\/vientosur.top\/museo\/#\/schema\/person\/image\/","url":"https:\/\/secure.gravatar.com\/avatar\/713677ece3ffa642287213a80e5b773bce9ab81c269dd6d95102a990951c922f?s=96&d=mm&r=g","contentUrl":"https:\/\/secure.gravatar.com\/avatar\/713677ece3ffa642287213a80e5b773bce9ab81c269dd6d95102a990951c922f?s=96&d=mm&r=g","caption":"admin"},"sameAs":["http:\/\/vientosur.top\/museo"],"url":"http:\/\/vientosur.top\/museo\/author\/comunicacionesmvp\/"}]}},"_links":{"self":[{"href":"http:\/\/vientosur.top\/museo\/wp-json\/wp\/v2\/posts\/2433","targetHints":{"allow":["GET"]}}],"collection":[{"href":"http:\/\/vientosur.top\/museo\/wp-json\/wp\/v2\/posts"}],"about":[{"href":"http:\/\/vientosur.top\/museo\/wp-json\/wp\/v2\/types\/post"}],"author":[{"embeddable":true,"href":"http:\/\/vientosur.top\/museo\/wp-json\/wp\/v2\/users\/5"}],"replies":[{"embeddable":true,"href":"http:\/\/vientosur.top\/museo\/wp-json\/wp\/v2\/comments?post=2433"}],"version-history":[{"count":0,"href":"http:\/\/vientosur.top\/museo\/wp-json\/wp\/v2\/posts\/2433\/revisions"}],"wp:featuredmedia":[{"embeddable":true,"href":"http:\/\/vientosur.top\/museo\/wp-json\/wp\/v2\/media\/2436"}],"wp:attachment":[{"href":"http:\/\/vientosur.top\/museo\/wp-json\/wp\/v2\/media?parent=2433"}],"wp:term":[{"taxonomy":"category","embeddable":true,"href":"http:\/\/vientosur.top\/museo\/wp-json\/wp\/v2\/categories?post=2433"},{"taxonomy":"post_tag","embeddable":true,"href":"http:\/\/vientosur.top\/museo\/wp-json\/wp\/v2\/tags?post=2433"}],"curies":[{"name":"wp","href":"https:\/\/api.w.org\/{rel}","templated":true}]}}