{"id":2476,"date":"2017-01-16T14:34:42","date_gmt":"2017-01-16T14:34:42","guid":{"rendered":"http:\/\/vientosur.top\/museo\/\/?p=2476"},"modified":"2017-01-16T14:34:42","modified_gmt":"2017-01-16T14:34:42","slug":"presentacion-del-libro-nueve-cuentos-de-rafaela-contreras-de-dario","status":"publish","type":"post","link":"http:\/\/vientosur.top\/museo\/presentacion-del-libro-nueve-cuentos-de-rafaela-contreras-de-dario\/","title":{"rendered":"Presentaci\u00f3n del libro \u00abNueve Cuentos\u00bb de Rafaela Contreras de Dar\u00edo"},"content":{"rendered":"<p>Cecilia Garc\u00eda-Huidobro, Directora del Museo Violeta Parra, y las Embajadoras Mar\u00eda Luisa Robleto, de Nicaragua, y Mar\u00eda Antonia Navarro, de Honduras, invitan a usted al lanzamiento del libro \u201cNueve cuentos\u201d, de Rafaela Contreras de Dar\u00edo. El texto ser\u00e1 presentado por Thomas Harris, Jefe de Ediciones Biblioteca Nacional de Chile.<\/p>\n<p>El acto conmemorativo de los 150 a\u00f1os del natalicio de Rub\u00e9n Dar\u00edo se realizar\u00e1 el mi\u00e9rcoles 25 de enero a las 12:00 horas en el Auditorio Antar del Museo Violeta Parra, ubicado en Vicu\u00f1a Mackenna 37, Santiago. Al finalizar la ceremonia se ofrecer\u00e1 un vino de honor.<\/p>\n<p>Se ruega confirmar asistencia al correo <a href=\"mailto:contacto@museovioletaparra.cl\">contacto@museovioletaparra.cl<\/a><\/p>\n","protected":false},"excerpt":{"rendered":"<p>Cecilia Garc\u00eda-Huidobro, Directora del Museo Violeta Parra, y las Embajadoras Mar\u00eda Luisa Robleto, de Nicaragua, y Mar\u00eda Antonia Navarro, de Honduras, invitan a usted al lanzamiento del libro \u201cNueve cuentos\u201d, de Rafaela Contreras de Dar\u00edo. El texto ser\u00e1 presentado por Thomas Harris, Jefe de Ediciones Biblioteca Nacional de Chile. El acto conmemorativo de los 150 [&hellip;]<\/p>\n","protected":false},"author":5,"featured_media":2475,"comment_status":"open","ping_status":"open","sticky":false,"template":"","format":"standard","meta":{"site-sidebar-layout":"default","site-content-layout":"","ast-site-content-layout":"default","site-content-style":"default","site-sidebar-style":"default","ast-global-header-display":"","ast-banner-title-visibility":"","ast-main-header-display":"","ast-hfb-above-header-display":"","ast-hfb-below-header-display":"","ast-hfb-mobile-header-display":"","site-post-title":"","ast-breadcrumbs-content":"","ast-featured-img":"","footer-sml-layout":"","theme-transparent-header-meta":"","adv-header-id-meta":"","stick-header-meta":"","header-above-stick-meta":"","header-main-stick-meta":"","header-below-stick-meta":"","astra-migrate-meta-layouts":"default","ast-page-background-enabled":"default","ast-page-background-meta":{"desktop":{"background-color":"var(--ast-global-color-4)","background-image":"","background-repeat":"repeat","background-position":"center center","background-size":"auto","background-attachment":"scroll","background-type":"","background-media":"","overlay-type":"","overlay-color":"","overlay-opacity":"","overlay-gradient":""},"tablet":{"background-color":"","background-image":"","background-repeat":"repeat","background-position":"center center","background-size":"auto","background-attachment":"scroll","background-type":"","background-media":"","overlay-type":"","overlay-color":"","overlay-opacity":"","overlay-gradient":""},"mobile":{"background-color":"","background-image":"","background-repeat":"repeat","background-position":"center center","background-size":"auto","background-attachment":"scroll","background-type":"","background-media":"","overlay-type":"","overlay-color":"","overlay-opacity":"","overlay-gradient":""}},"ast-content-background-meta":{"desktop":{"background-color":"var(--ast-global-color-5)","background-image":"","background-repeat":"repeat","background-position":"center center","background-size":"auto","background-attachment":"scroll","background-type":"","background-media":"","overlay-type":"","overlay-color":"","overlay-opacity":"","overlay-gradient":""},"tablet":{"background-color":"var(--ast-global-color-5)","background-image":"","background-repeat":"repeat","background-position":"center center","background-size":"auto","background-attachment":"scroll","background-type":"","background-media":"","overlay-type":"","overlay-color":"","overlay-opacity":"","overlay-gradient":""},"mobile":{"background-color":"var(--ast-global-color-5)","background-image":"","background-repeat":"repeat","background-position":"center center","background-size":"auto","background-attachment":"scroll","background-type":"","background-media":"","overlay-type":"","overlay-color":"","overlay-opacity":"","overlay-gradient":""}},"footnotes":""},"categories":[59,8],"tags":[],"class_list":["post-2476","post","type-post","status-publish","format-standard","has-post-thumbnail","hentry","category-destacado-noticia","category-noticias"],"yoast_head":"<!-- This site is optimized with the Yoast SEO plugin v25.4 - https:\/\/yoast.com\/wordpress\/plugins\/seo\/ -->\n<title>Presentaci\u00f3n del libro &quot;Nueve Cuentos&quot; de Rafaela Contreras de Dar\u00edo - Museo Violeta Parra<\/title>\n<meta name=\"robots\" content=\"index, follow, max-snippet:-1, max-image-preview:large, max-video-preview:-1\" \/>\n<link rel=\"canonical\" href=\"http:\/\/vientosur.top\/museo\/presentacion-del-libro-nueve-cuentos-de-rafaela-contreras-de-dario\/\" \/>\n<meta property=\"og:locale\" content=\"es_ES\" \/>\n<meta property=\"og:type\" content=\"article\" \/>\n<meta property=\"og:title\" content=\"Presentaci\u00f3n del libro &quot;Nueve Cuentos&quot; de Rafaela Contreras de Dar\u00edo - Museo Violeta Parra\" \/>\n<meta property=\"og:description\" content=\"Cecilia Garc\u00eda-Huidobro, Directora del Museo Violeta Parra, y las Embajadoras Mar\u00eda Luisa Robleto, de Nicaragua, y Mar\u00eda Antonia Navarro, de Honduras, invitan a usted al lanzamiento del libro \u201cNueve cuentos\u201d, de Rafaela Contreras de Dar\u00edo. El texto ser\u00e1 presentado por Thomas Harris, Jefe de Ediciones Biblioteca Nacional de Chile. El acto conmemorativo de los 150 [&hellip;]\" \/>\n<meta property=\"og:url\" content=\"http:\/\/vientosur.top\/museo\/presentacion-del-libro-nueve-cuentos-de-rafaela-contreras-de-dario\/\" \/>\n<meta property=\"og:site_name\" content=\"Museo Violeta Parra\" \/>\n<meta property=\"article:published_time\" content=\"2017-01-16T14:34:42+00:00\" \/>\n<meta name=\"author\" content=\"admin\" \/>\n<meta name=\"twitter:card\" content=\"summary_large_image\" \/>\n<meta name=\"twitter:label1\" content=\"Escrito por\" \/>\n\t<meta name=\"twitter:data1\" content=\"admin\" \/>\n\t<meta name=\"twitter:label2\" content=\"Tiempo de lectura\" \/>\n\t<meta name=\"twitter:data2\" content=\"1 minuto\" \/>\n<script type=\"application\/ld+json\" class=\"yoast-schema-graph\">{\"@context\":\"https:\/\/schema.org\",\"@graph\":[{\"@type\":\"WebPage\",\"@id\":\"http:\/\/vientosur.top\/museo\/presentacion-del-libro-nueve-cuentos-de-rafaela-contreras-de-dario\/\",\"url\":\"http:\/\/vientosur.top\/museo\/presentacion-del-libro-nueve-cuentos-de-rafaela-contreras-de-dario\/\",\"name\":\"Presentaci\u00f3n del libro \\\"Nueve Cuentos\\\" de Rafaela Contreras de Dar\u00edo - Museo Violeta Parra\",\"isPartOf\":{\"@id\":\"http:\/\/vientosur.top\/museo\/#website\"},\"primaryImageOfPage\":{\"@id\":\"http:\/\/vientosur.top\/museo\/presentacion-del-libro-nueve-cuentos-de-rafaela-contreras-de-dario\/#primaryimage\"},\"image\":{\"@id\":\"http:\/\/vientosur.top\/museo\/presentacion-del-libro-nueve-cuentos-de-rafaela-contreras-de-dario\/#primaryimage\"},\"thumbnailUrl\":\"\",\"datePublished\":\"2017-01-16T14:34:42+00:00\",\"author\":{\"@id\":\"http:\/\/vientosur.top\/museo\/#\/schema\/person\/20c79d3c38800971feec8c2693c3dd9c\"},\"breadcrumb\":{\"@id\":\"http:\/\/vientosur.top\/museo\/presentacion-del-libro-nueve-cuentos-de-rafaela-contreras-de-dario\/#breadcrumb\"},\"inLanguage\":\"es\",\"potentialAction\":[{\"@type\":\"ReadAction\",\"target\":[\"http:\/\/vientosur.top\/museo\/presentacion-del-libro-nueve-cuentos-de-rafaela-contreras-de-dario\/\"]}]},{\"@type\":\"ImageObject\",\"inLanguage\":\"es\",\"@id\":\"http:\/\/vientosur.top\/museo\/presentacion-del-libro-nueve-cuentos-de-rafaela-contreras-de-dario\/#primaryimage\",\"url\":\"\",\"contentUrl\":\"\"},{\"@type\":\"BreadcrumbList\",\"@id\":\"http:\/\/vientosur.top\/museo\/presentacion-del-libro-nueve-cuentos-de-rafaela-contreras-de-dario\/#breadcrumb\",\"itemListElement\":[{\"@type\":\"ListItem\",\"position\":1,\"name\":\"Portada\",\"item\":\"http:\/\/vientosur.top\/museo\/\"},{\"@type\":\"ListItem\",\"position\":2,\"name\":\"Presentaci\u00f3n del libro \u00abNueve Cuentos\u00bb de Rafaela Contreras de Dar\u00edo\"}]},{\"@type\":\"WebSite\",\"@id\":\"http:\/\/vientosur.top\/museo\/#website\",\"url\":\"http:\/\/vientosur.top\/museo\/\",\"name\":\"Museo Violeta Parra\",\"description\":\"Espacio que alberga tanto la memoria y legado creativo de la artista\",\"potentialAction\":[{\"@type\":\"SearchAction\",\"target\":{\"@type\":\"EntryPoint\",\"urlTemplate\":\"http:\/\/vientosur.top\/museo\/?s={search_term_string}\"},\"query-input\":{\"@type\":\"PropertyValueSpecification\",\"valueRequired\":true,\"valueName\":\"search_term_string\"}}],\"inLanguage\":\"es\"},{\"@type\":\"Person\",\"@id\":\"http:\/\/vientosur.top\/museo\/#\/schema\/person\/20c79d3c38800971feec8c2693c3dd9c\",\"name\":\"admin\",\"image\":{\"@type\":\"ImageObject\",\"inLanguage\":\"es\",\"@id\":\"http:\/\/vientosur.top\/museo\/#\/schema\/person\/image\/\",\"url\":\"https:\/\/secure.gravatar.com\/avatar\/713677ece3ffa642287213a80e5b773bce9ab81c269dd6d95102a990951c922f?s=96&d=mm&r=g\",\"contentUrl\":\"https:\/\/secure.gravatar.com\/avatar\/713677ece3ffa642287213a80e5b773bce9ab81c269dd6d95102a990951c922f?s=96&d=mm&r=g\",\"caption\":\"admin\"},\"sameAs\":[\"http:\/\/vientosur.top\/museo\"],\"url\":\"http:\/\/vientosur.top\/museo\/author\/comunicacionesmvp\/\"}]}<\/script>\n<!-- \/ Yoast SEO plugin. -->","yoast_head_json":{"title":"Presentaci\u00f3n del libro \"Nueve Cuentos\" de Rafaela Contreras de Dar\u00edo - Museo Violeta Parra","robots":{"index":"index","follow":"follow","max-snippet":"max-snippet:-1","max-image-preview":"max-image-preview:large","max-video-preview":"max-video-preview:-1"},"canonical":"http:\/\/vientosur.top\/museo\/presentacion-del-libro-nueve-cuentos-de-rafaela-contreras-de-dario\/","og_locale":"es_ES","og_type":"article","og_title":"Presentaci\u00f3n del libro \"Nueve Cuentos\" de Rafaela Contreras de Dar\u00edo - Museo Violeta Parra","og_description":"Cecilia Garc\u00eda-Huidobro, Directora del Museo Violeta Parra, y las Embajadoras Mar\u00eda Luisa Robleto, de Nicaragua, y Mar\u00eda Antonia Navarro, de Honduras, invitan a usted al lanzamiento del libro \u201cNueve cuentos\u201d, de Rafaela Contreras de Dar\u00edo. El texto ser\u00e1 presentado por Thomas Harris, Jefe de Ediciones Biblioteca Nacional de Chile. El acto conmemorativo de los 150 [&hellip;]","og_url":"http:\/\/vientosur.top\/museo\/presentacion-del-libro-nueve-cuentos-de-rafaela-contreras-de-dario\/","og_site_name":"Museo Violeta Parra","article_published_time":"2017-01-16T14:34:42+00:00","author":"admin","twitter_card":"summary_large_image","twitter_misc":{"Escrito por":"admin","Tiempo de lectura":"1 minuto"},"schema":{"@context":"https:\/\/schema.org","@graph":[{"@type":"WebPage","@id":"http:\/\/vientosur.top\/museo\/presentacion-del-libro-nueve-cuentos-de-rafaela-contreras-de-dario\/","url":"http:\/\/vientosur.top\/museo\/presentacion-del-libro-nueve-cuentos-de-rafaela-contreras-de-dario\/","name":"Presentaci\u00f3n del libro \"Nueve Cuentos\" de Rafaela Contreras de Dar\u00edo - Museo Violeta Parra","isPartOf":{"@id":"http:\/\/vientosur.top\/museo\/#website"},"primaryImageOfPage":{"@id":"http:\/\/vientosur.top\/museo\/presentacion-del-libro-nueve-cuentos-de-rafaela-contreras-de-dario\/#primaryimage"},"image":{"@id":"http:\/\/vientosur.top\/museo\/presentacion-del-libro-nueve-cuentos-de-rafaela-contreras-de-dario\/#primaryimage"},"thumbnailUrl":"","datePublished":"2017-01-16T14:34:42+00:00","author":{"@id":"http:\/\/vientosur.top\/museo\/#\/schema\/person\/20c79d3c38800971feec8c2693c3dd9c"},"breadcrumb":{"@id":"http:\/\/vientosur.top\/museo\/presentacion-del-libro-nueve-cuentos-de-rafaela-contreras-de-dario\/#breadcrumb"},"inLanguage":"es","potentialAction":[{"@type":"ReadAction","target":["http:\/\/vientosur.top\/museo\/presentacion-del-libro-nueve-cuentos-de-rafaela-contreras-de-dario\/"]}]},{"@type":"ImageObject","inLanguage":"es","@id":"http:\/\/vientosur.top\/museo\/presentacion-del-libro-nueve-cuentos-de-rafaela-contreras-de-dario\/#primaryimage","url":"","contentUrl":""},{"@type":"BreadcrumbList","@id":"http:\/\/vientosur.top\/museo\/presentacion-del-libro-nueve-cuentos-de-rafaela-contreras-de-dario\/#breadcrumb","itemListElement":[{"@type":"ListItem","position":1,"name":"Portada","item":"http:\/\/vientosur.top\/museo\/"},{"@type":"ListItem","position":2,"name":"Presentaci\u00f3n del libro \u00abNueve Cuentos\u00bb de Rafaela Contreras de Dar\u00edo"}]},{"@type":"WebSite","@id":"http:\/\/vientosur.top\/museo\/#website","url":"http:\/\/vientosur.top\/museo\/","name":"Museo Violeta Parra","description":"Espacio que alberga tanto la memoria y legado creativo de la artista","potentialAction":[{"@type":"SearchAction","target":{"@type":"EntryPoint","urlTemplate":"http:\/\/vientosur.top\/museo\/?s={search_term_string}"},"query-input":{"@type":"PropertyValueSpecification","valueRequired":true,"valueName":"search_term_string"}}],"inLanguage":"es"},{"@type":"Person","@id":"http:\/\/vientosur.top\/museo\/#\/schema\/person\/20c79d3c38800971feec8c2693c3dd9c","name":"admin","image":{"@type":"ImageObject","inLanguage":"es","@id":"http:\/\/vientosur.top\/museo\/#\/schema\/person\/image\/","url":"https:\/\/secure.gravatar.com\/avatar\/713677ece3ffa642287213a80e5b773bce9ab81c269dd6d95102a990951c922f?s=96&d=mm&r=g","contentUrl":"https:\/\/secure.gravatar.com\/avatar\/713677ece3ffa642287213a80e5b773bce9ab81c269dd6d95102a990951c922f?s=96&d=mm&r=g","caption":"admin"},"sameAs":["http:\/\/vientosur.top\/museo"],"url":"http:\/\/vientosur.top\/museo\/author\/comunicacionesmvp\/"}]}},"_links":{"self":[{"href":"http:\/\/vientosur.top\/museo\/wp-json\/wp\/v2\/posts\/2476","targetHints":{"allow":["GET"]}}],"collection":[{"href":"http:\/\/vientosur.top\/museo\/wp-json\/wp\/v2\/posts"}],"about":[{"href":"http:\/\/vientosur.top\/museo\/wp-json\/wp\/v2\/types\/post"}],"author":[{"embeddable":true,"href":"http:\/\/vientosur.top\/museo\/wp-json\/wp\/v2\/users\/5"}],"replies":[{"embeddable":true,"href":"http:\/\/vientosur.top\/museo\/wp-json\/wp\/v2\/comments?post=2476"}],"version-history":[{"count":0,"href":"http:\/\/vientosur.top\/museo\/wp-json\/wp\/v2\/posts\/2476\/revisions"}],"wp:featuredmedia":[{"embeddable":true,"href":"http:\/\/vientosur.top\/museo\/wp-json\/"}],"wp:attachment":[{"href":"http:\/\/vientosur.top\/museo\/wp-json\/wp\/v2\/media?parent=2476"}],"wp:term":[{"taxonomy":"category","embeddable":true,"href":"http:\/\/vientosur.top\/museo\/wp-json\/wp\/v2\/categories?post=2476"},{"taxonomy":"post_tag","embeddable":true,"href":"http:\/\/vientosur.top\/museo\/wp-json\/wp\/v2\/tags?post=2476"}],"curies":[{"name":"wp","href":"https:\/\/api.w.org\/{rel}","templated":true}]}}