{"id":2480,"date":"2017-01-16T16:20:18","date_gmt":"2017-01-16T16:20:18","guid":{"rendered":"http:\/\/vientosur.top\/museo\/\/?p=2480"},"modified":"2017-01-16T16:20:18","modified_gmt":"2017-01-16T16:20:18","slug":"el-gavilan-de-violeta-parra-sera-interpretado-en-el-xii-festival-internacional-de-musica-contemporanea","status":"publish","type":"post","link":"http:\/\/vientosur.top\/museo\/el-gavilan-de-violeta-parra-sera-interpretado-en-el-xii-festival-internacional-de-musica-contemporanea\/","title":{"rendered":"Interpretaci\u00f3n de \u00abEl Gavil\u00e1n\u00bb de Violeta Parra abrir\u00e1 el XII Festival Internacional de M\u00fasica Contempor\u00e1nea"},"content":{"rendered":"<p>El Departamento de M\u00fasica y Sonolog\u00eda (DMUS) de la Universidad de Chile se suma a las celebraciones de los cien a\u00f1os del natalicio de Violeta Parra con la presentaci\u00f3n de la obra \u201cEl Gavil\u00e1n\u201d, en la apertura del XII Festival Internacional de M\u00fasica Contempor\u00e1nea. La ejecuci\u00f3n estar\u00e1 a cargo de a cargo del acad\u00e9mico del Departamento de M\u00fasica y Sonolog\u00eda, Mauricio Valdebenito, y la cantante Magdalena Matthey.<\/p>\n<p>Eduardo C\u00e1ceres, director del festival afirma que la pieza: \u201cEs una de las obras cumbres de la Violeta, donde adem\u00e1s ella se expresa como compositora transversal, porque si bien trabaja elementos de la m\u00fasica del folclore, tambi\u00e9n es muy experimental y ese rescate hacemos nosotros dentro de lo que es la llamada m\u00fasica contempor\u00e1nea. Yo dir\u00eda que El Gavil\u00e1n es una de las obras m\u00e1s contempor\u00e1neas que se hicieron durante esa d\u00e9cada\u201d.<\/p>\n<p>El festival inicia el lunes 16 de enero a las 20:00 horas en la Sala Isidora Zegers ubicada en Compa\u00f1\u00eda 1264 y concluye el mi\u00e9rcoles en el Centro de Extensi\u00f3n Art\u00edstica y Cultural de la Universidad de Chile en Avenida Providencia 043. El evento es de car\u00e1cter gratuito.<\/p>\n<p>Revisa la <strong><a href=\"http:\/\/www.artes.uchile.cl\/noticias\/129847\/con-homenaje-a-violeta-parra-partira-festival-de-musica-contemporanea\" target=\"_blank\" rel=\"noopener noreferrer\">nota de prensa original<\/a><\/strong> de la Facultad de Artes la Universidad de Chile.<\/p>\n<p>Encuentra toda la <strong><a href=\"http:\/\/www.artes.uchile.cl\/noticias\/129486\/programacion-festival-internacional-de-musica-contemporanea\" target=\"_blank\" rel=\"noopener noreferrer\">programaci\u00f3n del festival.<\/a><\/strong><\/p>\n<p>&nbsp;<\/p>\n","protected":false},"excerpt":{"rendered":"<p>El Departamento de M\u00fasica y Sonolog\u00eda (DMUS) de la Universidad de Chile se suma a las celebraciones de los cien a\u00f1os del natalicio de Violeta Parra con la presentaci\u00f3n de la obra \u201cEl Gavil\u00e1n\u201d, en la apertura del XII Festival Internacional de M\u00fasica Contempor\u00e1nea. La ejecuci\u00f3n estar\u00e1 a cargo de a cargo del acad\u00e9mico del [&hellip;]<\/p>\n","protected":false},"author":5,"featured_media":2492,"comment_status":"open","ping_status":"open","sticky":false,"template":"","format":"standard","meta":{"site-sidebar-layout":"default","site-content-layout":"","ast-site-content-layout":"default","site-content-style":"default","site-sidebar-style":"default","ast-global-header-display":"","ast-banner-title-visibility":"","ast-main-header-display":"","ast-hfb-above-header-display":"","ast-hfb-below-header-display":"","ast-hfb-mobile-header-display":"","site-post-title":"","ast-breadcrumbs-content":"","ast-featured-img":"","footer-sml-layout":"","theme-transparent-header-meta":"","adv-header-id-meta":"","stick-header-meta":"","header-above-stick-meta":"","header-main-stick-meta":"","header-below-stick-meta":"","astra-migrate-meta-layouts":"default","ast-page-background-enabled":"default","ast-page-background-meta":{"desktop":{"background-color":"var(--ast-global-color-4)","background-image":"","background-repeat":"repeat","background-position":"center center","background-size":"auto","background-attachment":"scroll","background-type":"","background-media":"","overlay-type":"","overlay-color":"","overlay-opacity":"","overlay-gradient":""},"tablet":{"background-color":"","background-image":"","background-repeat":"repeat","background-position":"center center","background-size":"auto","background-attachment":"scroll","background-type":"","background-media":"","overlay-type":"","overlay-color":"","overlay-opacity":"","overlay-gradient":""},"mobile":{"background-color":"","background-image":"","background-repeat":"repeat","background-position":"center center","background-size":"auto","background-attachment":"scroll","background-type":"","background-media":"","overlay-type":"","overlay-color":"","overlay-opacity":"","overlay-gradient":""}},"ast-content-background-meta":{"desktop":{"background-color":"var(--ast-global-color-5)","background-image":"","background-repeat":"repeat","background-position":"center center","background-size":"auto","background-attachment":"scroll","background-type":"","background-media":"","overlay-type":"","overlay-color":"","overlay-opacity":"","overlay-gradient":""},"tablet":{"background-color":"var(--ast-global-color-5)","background-image":"","background-repeat":"repeat","background-position":"center center","background-size":"auto","background-attachment":"scroll","background-type":"","background-media":"","overlay-type":"","overlay-color":"","overlay-opacity":"","overlay-gradient":""},"mobile":{"background-color":"var(--ast-global-color-5)","background-image":"","background-repeat":"repeat","background-position":"center center","background-size":"auto","background-attachment":"scroll","background-type":"","background-media":"","overlay-type":"","overlay-color":"","overlay-opacity":"","overlay-gradient":""}},"footnotes":""},"categories":[59,8],"tags":[],"class_list":["post-2480","post","type-post","status-publish","format-standard","has-post-thumbnail","hentry","category-destacado-noticia","category-noticias"],"yoast_head":"<!-- This site is optimized with the Yoast SEO plugin v25.4 - https:\/\/yoast.com\/wordpress\/plugins\/seo\/ -->\n<title>Interpretaci\u00f3n de &quot;El Gavil\u00e1n&quot; de Violeta Parra abrir\u00e1 el XII Festival Internacional de M\u00fasica Contempor\u00e1nea - Museo Violeta Parra<\/title>\n<meta name=\"robots\" content=\"index, follow, max-snippet:-1, max-image-preview:large, max-video-preview:-1\" \/>\n<link rel=\"canonical\" href=\"http:\/\/vientosur.top\/museo\/el-gavilan-de-violeta-parra-sera-interpretado-en-el-xii-festival-internacional-de-musica-contemporanea\/\" \/>\n<meta property=\"og:locale\" content=\"es_ES\" \/>\n<meta property=\"og:type\" content=\"article\" \/>\n<meta property=\"og:title\" content=\"Interpretaci\u00f3n de &quot;El Gavil\u00e1n&quot; de Violeta Parra abrir\u00e1 el XII Festival Internacional de M\u00fasica Contempor\u00e1nea - Museo Violeta Parra\" \/>\n<meta property=\"og:description\" content=\"El Departamento de M\u00fasica y Sonolog\u00eda (DMUS) de la Universidad de Chile se suma a las celebraciones de los cien a\u00f1os del natalicio de Violeta Parra con la presentaci\u00f3n de la obra \u201cEl Gavil\u00e1n\u201d, en la apertura del XII Festival Internacional de M\u00fasica Contempor\u00e1nea. La ejecuci\u00f3n estar\u00e1 a cargo de a cargo del acad\u00e9mico del [&hellip;]\" \/>\n<meta property=\"og:url\" content=\"http:\/\/vientosur.top\/museo\/el-gavilan-de-violeta-parra-sera-interpretado-en-el-xii-festival-internacional-de-musica-contemporanea\/\" \/>\n<meta property=\"og:site_name\" content=\"Museo Violeta Parra\" \/>\n<meta property=\"article:published_time\" content=\"2017-01-16T16:20:18+00:00\" \/>\n<meta property=\"og:image\" content=\"http:\/\/vientosur.top\/museo\/wp-content\/uploads\/2017\/01\/ImageServlet-1.jpeg\" \/>\n\t<meta property=\"og:image:width\" content=\"1360\" \/>\n\t<meta property=\"og:image:height\" content=\"337\" \/>\n\t<meta property=\"og:image:type\" content=\"image\/jpeg\" \/>\n<meta name=\"author\" content=\"admin\" \/>\n<meta name=\"twitter:card\" content=\"summary_large_image\" \/>\n<meta name=\"twitter:label1\" content=\"Escrito por\" \/>\n\t<meta name=\"twitter:data1\" content=\"admin\" \/>\n\t<meta name=\"twitter:label2\" content=\"Tiempo de lectura\" \/>\n\t<meta name=\"twitter:data2\" content=\"1 minuto\" \/>\n<script type=\"application\/ld+json\" class=\"yoast-schema-graph\">{\"@context\":\"https:\/\/schema.org\",\"@graph\":[{\"@type\":\"WebPage\",\"@id\":\"http:\/\/vientosur.top\/museo\/el-gavilan-de-violeta-parra-sera-interpretado-en-el-xii-festival-internacional-de-musica-contemporanea\/\",\"url\":\"http:\/\/vientosur.top\/museo\/el-gavilan-de-violeta-parra-sera-interpretado-en-el-xii-festival-internacional-de-musica-contemporanea\/\",\"name\":\"Interpretaci\u00f3n de \\\"El Gavil\u00e1n\\\" de Violeta Parra abrir\u00e1 el XII Festival Internacional de M\u00fasica Contempor\u00e1nea - Museo Violeta Parra\",\"isPartOf\":{\"@id\":\"http:\/\/vientosur.top\/museo\/#website\"},\"primaryImageOfPage\":{\"@id\":\"http:\/\/vientosur.top\/museo\/el-gavilan-de-violeta-parra-sera-interpretado-en-el-xii-festival-internacional-de-musica-contemporanea\/#primaryimage\"},\"image\":{\"@id\":\"http:\/\/vientosur.top\/museo\/el-gavilan-de-violeta-parra-sera-interpretado-en-el-xii-festival-internacional-de-musica-contemporanea\/#primaryimage\"},\"thumbnailUrl\":\"http:\/\/vientosur.top\/museo\/wp-content\/uploads\/2017\/01\/ImageServlet-1.jpeg\",\"datePublished\":\"2017-01-16T16:20:18+00:00\",\"author\":{\"@id\":\"http:\/\/vientosur.top\/museo\/#\/schema\/person\/20c79d3c38800971feec8c2693c3dd9c\"},\"breadcrumb\":{\"@id\":\"http:\/\/vientosur.top\/museo\/el-gavilan-de-violeta-parra-sera-interpretado-en-el-xii-festival-internacional-de-musica-contemporanea\/#breadcrumb\"},\"inLanguage\":\"es\",\"potentialAction\":[{\"@type\":\"ReadAction\",\"target\":[\"http:\/\/vientosur.top\/museo\/el-gavilan-de-violeta-parra-sera-interpretado-en-el-xii-festival-internacional-de-musica-contemporanea\/\"]}]},{\"@type\":\"ImageObject\",\"inLanguage\":\"es\",\"@id\":\"http:\/\/vientosur.top\/museo\/el-gavilan-de-violeta-parra-sera-interpretado-en-el-xii-festival-internacional-de-musica-contemporanea\/#primaryimage\",\"url\":\"http:\/\/vientosur.top\/museo\/wp-content\/uploads\/2017\/01\/ImageServlet-1.jpeg\",\"contentUrl\":\"http:\/\/vientosur.top\/museo\/wp-content\/uploads\/2017\/01\/ImageServlet-1.jpeg\",\"width\":1360,\"height\":337},{\"@type\":\"BreadcrumbList\",\"@id\":\"http:\/\/vientosur.top\/museo\/el-gavilan-de-violeta-parra-sera-interpretado-en-el-xii-festival-internacional-de-musica-contemporanea\/#breadcrumb\",\"itemListElement\":[{\"@type\":\"ListItem\",\"position\":1,\"name\":\"Portada\",\"item\":\"http:\/\/vientosur.top\/museo\/\"},{\"@type\":\"ListItem\",\"position\":2,\"name\":\"Interpretaci\u00f3n de \u00abEl Gavil\u00e1n\u00bb de Violeta Parra abrir\u00e1 el XII Festival Internacional de M\u00fasica Contempor\u00e1nea\"}]},{\"@type\":\"WebSite\",\"@id\":\"http:\/\/vientosur.top\/museo\/#website\",\"url\":\"http:\/\/vientosur.top\/museo\/\",\"name\":\"Museo Violeta Parra\",\"description\":\"Espacio que alberga tanto la memoria y legado creativo de la artista\",\"potentialAction\":[{\"@type\":\"SearchAction\",\"target\":{\"@type\":\"EntryPoint\",\"urlTemplate\":\"http:\/\/vientosur.top\/museo\/?s={search_term_string}\"},\"query-input\":{\"@type\":\"PropertyValueSpecification\",\"valueRequired\":true,\"valueName\":\"search_term_string\"}}],\"inLanguage\":\"es\"},{\"@type\":\"Person\",\"@id\":\"http:\/\/vientosur.top\/museo\/#\/schema\/person\/20c79d3c38800971feec8c2693c3dd9c\",\"name\":\"admin\",\"image\":{\"@type\":\"ImageObject\",\"inLanguage\":\"es\",\"@id\":\"http:\/\/vientosur.top\/museo\/#\/schema\/person\/image\/\",\"url\":\"https:\/\/secure.gravatar.com\/avatar\/713677ece3ffa642287213a80e5b773bce9ab81c269dd6d95102a990951c922f?s=96&d=mm&r=g\",\"contentUrl\":\"https:\/\/secure.gravatar.com\/avatar\/713677ece3ffa642287213a80e5b773bce9ab81c269dd6d95102a990951c922f?s=96&d=mm&r=g\",\"caption\":\"admin\"},\"sameAs\":[\"http:\/\/vientosur.top\/museo\"],\"url\":\"http:\/\/vientosur.top\/museo\/author\/comunicacionesmvp\/\"}]}<\/script>\n<!-- \/ Yoast SEO plugin. -->","yoast_head_json":{"title":"Interpretaci\u00f3n de \"El Gavil\u00e1n\" de Violeta Parra abrir\u00e1 el XII Festival Internacional de M\u00fasica Contempor\u00e1nea - Museo Violeta Parra","robots":{"index":"index","follow":"follow","max-snippet":"max-snippet:-1","max-image-preview":"max-image-preview:large","max-video-preview":"max-video-preview:-1"},"canonical":"http:\/\/vientosur.top\/museo\/el-gavilan-de-violeta-parra-sera-interpretado-en-el-xii-festival-internacional-de-musica-contemporanea\/","og_locale":"es_ES","og_type":"article","og_title":"Interpretaci\u00f3n de \"El Gavil\u00e1n\" de Violeta Parra abrir\u00e1 el XII Festival Internacional de M\u00fasica Contempor\u00e1nea - Museo Violeta Parra","og_description":"El Departamento de M\u00fasica y Sonolog\u00eda (DMUS) de la Universidad de Chile se suma a las celebraciones de los cien a\u00f1os del natalicio de Violeta Parra con la presentaci\u00f3n de la obra \u201cEl Gavil\u00e1n\u201d, en la apertura del XII Festival Internacional de M\u00fasica Contempor\u00e1nea. La ejecuci\u00f3n estar\u00e1 a cargo de a cargo del acad\u00e9mico del [&hellip;]","og_url":"http:\/\/vientosur.top\/museo\/el-gavilan-de-violeta-parra-sera-interpretado-en-el-xii-festival-internacional-de-musica-contemporanea\/","og_site_name":"Museo Violeta Parra","article_published_time":"2017-01-16T16:20:18+00:00","og_image":[{"width":1360,"height":337,"url":"http:\/\/vientosur.top\/museo\/wp-content\/uploads\/2017\/01\/ImageServlet-1.jpeg","type":"image\/jpeg"}],"author":"admin","twitter_card":"summary_large_image","twitter_misc":{"Escrito por":"admin","Tiempo de lectura":"1 minuto"},"schema":{"@context":"https:\/\/schema.org","@graph":[{"@type":"WebPage","@id":"http:\/\/vientosur.top\/museo\/el-gavilan-de-violeta-parra-sera-interpretado-en-el-xii-festival-internacional-de-musica-contemporanea\/","url":"http:\/\/vientosur.top\/museo\/el-gavilan-de-violeta-parra-sera-interpretado-en-el-xii-festival-internacional-de-musica-contemporanea\/","name":"Interpretaci\u00f3n de \"El Gavil\u00e1n\" de Violeta Parra abrir\u00e1 el XII Festival Internacional de M\u00fasica Contempor\u00e1nea - Museo Violeta Parra","isPartOf":{"@id":"http:\/\/vientosur.top\/museo\/#website"},"primaryImageOfPage":{"@id":"http:\/\/vientosur.top\/museo\/el-gavilan-de-violeta-parra-sera-interpretado-en-el-xii-festival-internacional-de-musica-contemporanea\/#primaryimage"},"image":{"@id":"http:\/\/vientosur.top\/museo\/el-gavilan-de-violeta-parra-sera-interpretado-en-el-xii-festival-internacional-de-musica-contemporanea\/#primaryimage"},"thumbnailUrl":"http:\/\/vientosur.top\/museo\/wp-content\/uploads\/2017\/01\/ImageServlet-1.jpeg","datePublished":"2017-01-16T16:20:18+00:00","author":{"@id":"http:\/\/vientosur.top\/museo\/#\/schema\/person\/20c79d3c38800971feec8c2693c3dd9c"},"breadcrumb":{"@id":"http:\/\/vientosur.top\/museo\/el-gavilan-de-violeta-parra-sera-interpretado-en-el-xii-festival-internacional-de-musica-contemporanea\/#breadcrumb"},"inLanguage":"es","potentialAction":[{"@type":"ReadAction","target":["http:\/\/vientosur.top\/museo\/el-gavilan-de-violeta-parra-sera-interpretado-en-el-xii-festival-internacional-de-musica-contemporanea\/"]}]},{"@type":"ImageObject","inLanguage":"es","@id":"http:\/\/vientosur.top\/museo\/el-gavilan-de-violeta-parra-sera-interpretado-en-el-xii-festival-internacional-de-musica-contemporanea\/#primaryimage","url":"http:\/\/vientosur.top\/museo\/wp-content\/uploads\/2017\/01\/ImageServlet-1.jpeg","contentUrl":"http:\/\/vientosur.top\/museo\/wp-content\/uploads\/2017\/01\/ImageServlet-1.jpeg","width":1360,"height":337},{"@type":"BreadcrumbList","@id":"http:\/\/vientosur.top\/museo\/el-gavilan-de-violeta-parra-sera-interpretado-en-el-xii-festival-internacional-de-musica-contemporanea\/#breadcrumb","itemListElement":[{"@type":"ListItem","position":1,"name":"Portada","item":"http:\/\/vientosur.top\/museo\/"},{"@type":"ListItem","position":2,"name":"Interpretaci\u00f3n de \u00abEl Gavil\u00e1n\u00bb de Violeta Parra abrir\u00e1 el XII Festival Internacional de M\u00fasica Contempor\u00e1nea"}]},{"@type":"WebSite","@id":"http:\/\/vientosur.top\/museo\/#website","url":"http:\/\/vientosur.top\/museo\/","name":"Museo Violeta Parra","description":"Espacio que alberga tanto la memoria y legado creativo de la artista","potentialAction":[{"@type":"SearchAction","target":{"@type":"EntryPoint","urlTemplate":"http:\/\/vientosur.top\/museo\/?s={search_term_string}"},"query-input":{"@type":"PropertyValueSpecification","valueRequired":true,"valueName":"search_term_string"}}],"inLanguage":"es"},{"@type":"Person","@id":"http:\/\/vientosur.top\/museo\/#\/schema\/person\/20c79d3c38800971feec8c2693c3dd9c","name":"admin","image":{"@type":"ImageObject","inLanguage":"es","@id":"http:\/\/vientosur.top\/museo\/#\/schema\/person\/image\/","url":"https:\/\/secure.gravatar.com\/avatar\/713677ece3ffa642287213a80e5b773bce9ab81c269dd6d95102a990951c922f?s=96&d=mm&r=g","contentUrl":"https:\/\/secure.gravatar.com\/avatar\/713677ece3ffa642287213a80e5b773bce9ab81c269dd6d95102a990951c922f?s=96&d=mm&r=g","caption":"admin"},"sameAs":["http:\/\/vientosur.top\/museo"],"url":"http:\/\/vientosur.top\/museo\/author\/comunicacionesmvp\/"}]}},"_links":{"self":[{"href":"http:\/\/vientosur.top\/museo\/wp-json\/wp\/v2\/posts\/2480","targetHints":{"allow":["GET"]}}],"collection":[{"href":"http:\/\/vientosur.top\/museo\/wp-json\/wp\/v2\/posts"}],"about":[{"href":"http:\/\/vientosur.top\/museo\/wp-json\/wp\/v2\/types\/post"}],"author":[{"embeddable":true,"href":"http:\/\/vientosur.top\/museo\/wp-json\/wp\/v2\/users\/5"}],"replies":[{"embeddable":true,"href":"http:\/\/vientosur.top\/museo\/wp-json\/wp\/v2\/comments?post=2480"}],"version-history":[{"count":0,"href":"http:\/\/vientosur.top\/museo\/wp-json\/wp\/v2\/posts\/2480\/revisions"}],"wp:featuredmedia":[{"embeddable":true,"href":"http:\/\/vientosur.top\/museo\/wp-json\/wp\/v2\/media\/2492"}],"wp:attachment":[{"href":"http:\/\/vientosur.top\/museo\/wp-json\/wp\/v2\/media?parent=2480"}],"wp:term":[{"taxonomy":"category","embeddable":true,"href":"http:\/\/vientosur.top\/museo\/wp-json\/wp\/v2\/categories?post=2480"},{"taxonomy":"post_tag","embeddable":true,"href":"http:\/\/vientosur.top\/museo\/wp-json\/wp\/v2\/tags?post=2480"}],"curies":[{"name":"wp","href":"https:\/\/api.w.org\/{rel}","templated":true}]}}