{"id":2518,"date":"2017-01-21T15:24:05","date_gmt":"2017-01-21T15:24:05","guid":{"rendered":"http:\/\/vientosur.top\/museo\/\/?p=2518"},"modified":"2017-01-21T15:24:05","modified_gmt":"2017-01-21T15:24:05","slug":"especialistas-analizan-trabajos-de-conservacion-del-museo-violeta-parra-y-proyectan-acciones-futuras","status":"publish","type":"post","link":"http:\/\/vientosur.top\/museo\/especialistas-analizan-trabajos-de-conservacion-del-museo-violeta-parra-y-proyectan-acciones-futuras\/","title":{"rendered":"Especialistas analizan trabajos de conservaci\u00f3n del Museo Violeta Parra y proyectan acciones futuras"},"content":{"rendered":"<p><b><i>Las dos instancias t\u00e9cnicas en que se reunieron los expertos fueron coordinadas y moderadas por la conservadora Ana Anselmo.<\/i><\/b><\/p>\n<p>&nbsp;<\/p>\n<p>El Museo Violeta Parra realiz\u00f3 dos reuniones de trabajo en torno al \u00e1rea de Colecciones del espacio cultural denominadas: \u201cLa conservaci\u00f3n de la obra de Violeta Parra: reconstruyendo la historia, valoraci\u00f3n y restauraci\u00f3n\u201d y \u201cCentenario de Violeta Parra: definiendo criterios para la conservaci\u00f3n futura de la obra\u201d, convocando a diversos especialistas que analizaron el trabajo realizado en distintas \u00e1reas en la obra visual de la artista, desde el punto de vista t\u00e9cnico. Este evento se desarroll\u00f3 el jueves 20 de octubre de 2016.<\/p>\n<p>&nbsp;<\/p>\n<p>El an\u00e1lisis de los expertos tuvo por objeto reconstruir la historia del viaje de las obras y abordar los desaf\u00edos que plantea su conservaci\u00f3n y futuras intervenciones. A los encuentros asistieron investigadores, curadores y conservadores como Soledad Abarca, Eduardo Carrasco, Francisca Campos, Ana Catal\u00e1n, Lorena Cordero, Gloria Cort\u00e9s, Melissa Morales, Camila Mu\u00f1oz, Carolina Tapia y Ruby Venegas; incluidos representantes del Centro de Conservaci\u00f3n y Restauraci\u00f3n (CNCR), dependiente de la Direcci\u00f3n de Bibliotecas Archivos y Museos (DIBAM).<\/p>\n<p>&nbsp;<\/p>\n<p>El di\u00e1logo comenz\u00f3 con el relato del viaje de las obras por parte de la jefa del \u00e1rea de Colecciones y nieta de Violeta Parra, Milena Rojas, quien revel\u00f3 detalles in\u00e9ditos de las peripecias por las que pas\u00f3 Isabel Parra para lograr mantener este valioso legado. M\u00e1s adelante, se dio inicio a una interesante y fluida conversaci\u00f3n por parte de los especialistas que entreg\u00f3 luces respecto a las acciones m\u00e1s relevantes realizadas en la obra en cuanto a su documentaci\u00f3n, conservaci\u00f3n, investigaci\u00f3n, inventario y curadur\u00eda para su puesta en valor y exhibici\u00f3n.<\/p>\n<p>&nbsp;<\/p>\n<p>Tambi\u00e9n se convers\u00f3 sobre cu\u00e1les fueron los criterios definidos en su momento para las distintas especialidades, fundamentalmente desde los a\u00f1os 90 en adelante. Finalmente, se discuti\u00f3 acerca de los lineamientos para el manejo integral de la colecci\u00f3n. Algunas de las conclusiones m\u00e1s relevantes dicen relaci\u00f3n con \u00a0la pol\u00edtica de colecciones, reflexionar respeto de la museograf\u00eda y el guion, formas de exhibir la obra, la investigaci\u00f3n de los materiales constitutivos de las diferentes tipolog\u00edas, la protecci\u00f3n de las obras y las maneras de almacenamiento.<\/p>\n<p>&nbsp;<\/p>\n<p>\u201cFue una ma\u00f1ana exitosa desde todo punto de vista. La respuesta, por parte de los especialistas, super\u00f3 nuestras expectativas. La profundidad de la reflexi\u00f3n, adem\u00e1s de enriquecer la jornada, nos permitir\u00e1 una base s\u00f3lida para abordar integralmente la colecci\u00f3n desde los criterios hasta aspectos t\u00e9cnicos. Creemos que \u00e9sta es la primera de varias jornadas que, sin duda, fue posible gracias al compromiso y profesionalismo de los invitados\u201d, sostuvo la coordinadora y moderadora de la instancia, la conservadora Ana Elisa Anselmo.<\/p>\n<p>&nbsp;<\/p>\n<p>Por su parte, la Directora del Museo; Cecilia Garc\u00eda-Huidobro, quien asisti\u00f3 a los dos encuentros, se\u00f1al\u00f3: \u201cLa preservaci\u00f3n y seguridad de las obras es una de las prioridades del Museo y eso pasa por un trabajo riguroso y sistem\u00e1tico de car\u00e1cter t\u00e9cnico. Es fundamental contar con la mayor cantidad de informaci\u00f3n posible acerca de la historia de las obras y documentos y de establecer los criterios que permitan una acertada toma de decisiones de cara al futuro\u201d.<\/p>\n<p>&nbsp;<\/p>\n<p>Por su parte, Milena Rojas coment\u00f3: \u201cAl trabajar para estas jornadas, tuve que recuperar mucho material, tanto tangible como intangible, que me aclar\u00f3 \u00a0acciones que se tomaron, como el tipo de restauraci\u00f3n de algunas obras. Para m\u00ed fue b\u00e1sico aclarar que durante casi cuatro d\u00e9cadas el objetivo fue salvar las obras, quedando cualquier consideraci\u00f3n t\u00e9cnica de lado. El enfoque actual es totalmente distinto y podemos decir que asistimos a una segunda vida de las obras\u201d.<\/p>\n","protected":false},"excerpt":{"rendered":"<p>Las dos instancias t\u00e9cnicas en que se reunieron los expertos fueron coordinadas y moderadas por la conservadora Ana Anselmo. &nbsp; El Museo Violeta Parra realiz\u00f3 dos reuniones de trabajo en torno al \u00e1rea de Colecciones del espacio cultural denominadas: \u201cLa conservaci\u00f3n de la obra de Violeta Parra: reconstruyendo la historia, valoraci\u00f3n y restauraci\u00f3n\u201d y \u201cCentenario [&hellip;]<\/p>\n","protected":false},"author":5,"featured_media":2555,"comment_status":"open","ping_status":"open","sticky":false,"template":"","format":"standard","meta":{"site-sidebar-layout":"default","site-content-layout":"","ast-site-content-layout":"default","site-content-style":"default","site-sidebar-style":"default","ast-global-header-display":"","ast-banner-title-visibility":"","ast-main-header-display":"","ast-hfb-above-header-display":"","ast-hfb-below-header-display":"","ast-hfb-mobile-header-display":"","site-post-title":"","ast-breadcrumbs-content":"","ast-featured-img":"","footer-sml-layout":"","theme-transparent-header-meta":"","adv-header-id-meta":"","stick-header-meta":"","header-above-stick-meta":"","header-main-stick-meta":"","header-below-stick-meta":"","astra-migrate-meta-layouts":"default","ast-page-background-enabled":"default","ast-page-background-meta":{"desktop":{"background-color":"var(--ast-global-color-4)","background-image":"","background-repeat":"repeat","background-position":"center center","background-size":"auto","background-attachment":"scroll","background-type":"","background-media":"","overlay-type":"","overlay-color":"","overlay-opacity":"","overlay-gradient":""},"tablet":{"background-color":"","background-image":"","background-repeat":"repeat","background-position":"center center","background-size":"auto","background-attachment":"scroll","background-type":"","background-media":"","overlay-type":"","overlay-color":"","overlay-opacity":"","overlay-gradient":""},"mobile":{"background-color":"","background-image":"","background-repeat":"repeat","background-position":"center center","background-size":"auto","background-attachment":"scroll","background-type":"","background-media":"","overlay-type":"","overlay-color":"","overlay-opacity":"","overlay-gradient":""}},"ast-content-background-meta":{"desktop":{"background-color":"var(--ast-global-color-5)","background-image":"","background-repeat":"repeat","background-position":"center center","background-size":"auto","background-attachment":"scroll","background-type":"","background-media":"","overlay-type":"","overlay-color":"","overlay-opacity":"","overlay-gradient":""},"tablet":{"background-color":"var(--ast-global-color-5)","background-image":"","background-repeat":"repeat","background-position":"center center","background-size":"auto","background-attachment":"scroll","background-type":"","background-media":"","overlay-type":"","overlay-color":"","overlay-opacity":"","overlay-gradient":""},"mobile":{"background-color":"var(--ast-global-color-5)","background-image":"","background-repeat":"repeat","background-position":"center center","background-size":"auto","background-attachment":"scroll","background-type":"","background-media":"","overlay-type":"","overlay-color":"","overlay-opacity":"","overlay-gradient":""}},"footnotes":""},"categories":[59,8],"tags":[],"class_list":["post-2518","post","type-post","status-publish","format-standard","has-post-thumbnail","hentry","category-destacado-noticia","category-noticias"],"yoast_head":"<!-- This site is optimized with the Yoast SEO plugin v25.4 - https:\/\/yoast.com\/wordpress\/plugins\/seo\/ -->\n<title>Especialistas analizan trabajos de conservaci\u00f3n del Museo Violeta Parra y proyectan acciones futuras - Museo Violeta Parra<\/title>\n<meta name=\"robots\" content=\"index, follow, max-snippet:-1, max-image-preview:large, max-video-preview:-1\" \/>\n<link rel=\"canonical\" href=\"http:\/\/vientosur.top\/museo\/especialistas-analizan-trabajos-de-conservacion-del-museo-violeta-parra-y-proyectan-acciones-futuras\/\" \/>\n<meta property=\"og:locale\" content=\"es_ES\" \/>\n<meta property=\"og:type\" content=\"article\" \/>\n<meta property=\"og:title\" content=\"Especialistas analizan trabajos de conservaci\u00f3n del Museo Violeta Parra y proyectan acciones futuras - Museo Violeta Parra\" \/>\n<meta property=\"og:description\" content=\"Las dos instancias t\u00e9cnicas en que se reunieron los expertos fueron coordinadas y moderadas por la conservadora Ana Anselmo. &nbsp; El Museo Violeta Parra realiz\u00f3 dos reuniones de trabajo en torno al \u00e1rea de Colecciones del espacio cultural denominadas: \u201cLa conservaci\u00f3n de la obra de Violeta Parra: reconstruyendo la historia, valoraci\u00f3n y restauraci\u00f3n\u201d y \u201cCentenario [&hellip;]\" \/>\n<meta property=\"og:url\" content=\"http:\/\/vientosur.top\/museo\/especialistas-analizan-trabajos-de-conservacion-del-museo-violeta-parra-y-proyectan-acciones-futuras\/\" \/>\n<meta property=\"og:site_name\" content=\"Museo Violeta Parra\" \/>\n<meta property=\"article:published_time\" content=\"2017-01-21T15:24:05+00:00\" \/>\n<meta property=\"og:image\" content=\"http:\/\/vientosur.top\/museo\/wp-content\/uploads\/2017\/01\/Violeta_Montealegre-768x461-2.jpg\" \/>\n\t<meta property=\"og:image:width\" content=\"1380\" \/>\n\t<meta property=\"og:image:height\" content=\"357\" \/>\n\t<meta property=\"og:image:type\" content=\"image\/jpeg\" \/>\n<meta name=\"author\" content=\"admin\" \/>\n<meta name=\"twitter:card\" content=\"summary_large_image\" \/>\n<meta name=\"twitter:label1\" content=\"Escrito por\" \/>\n\t<meta name=\"twitter:data1\" content=\"admin\" \/>\n\t<meta name=\"twitter:label2\" content=\"Tiempo de lectura\" \/>\n\t<meta name=\"twitter:data2\" content=\"3 minutos\" \/>\n<script type=\"application\/ld+json\" class=\"yoast-schema-graph\">{\"@context\":\"https:\/\/schema.org\",\"@graph\":[{\"@type\":\"WebPage\",\"@id\":\"http:\/\/vientosur.top\/museo\/especialistas-analizan-trabajos-de-conservacion-del-museo-violeta-parra-y-proyectan-acciones-futuras\/\",\"url\":\"http:\/\/vientosur.top\/museo\/especialistas-analizan-trabajos-de-conservacion-del-museo-violeta-parra-y-proyectan-acciones-futuras\/\",\"name\":\"Especialistas analizan trabajos de conservaci\u00f3n del Museo Violeta Parra y proyectan acciones futuras - Museo Violeta Parra\",\"isPartOf\":{\"@id\":\"http:\/\/vientosur.top\/museo\/#website\"},\"primaryImageOfPage\":{\"@id\":\"http:\/\/vientosur.top\/museo\/especialistas-analizan-trabajos-de-conservacion-del-museo-violeta-parra-y-proyectan-acciones-futuras\/#primaryimage\"},\"image\":{\"@id\":\"http:\/\/vientosur.top\/museo\/especialistas-analizan-trabajos-de-conservacion-del-museo-violeta-parra-y-proyectan-acciones-futuras\/#primaryimage\"},\"thumbnailUrl\":\"http:\/\/vientosur.top\/museo\/wp-content\/uploads\/2017\/01\/Violeta_Montealegre-768x461-2.jpg\",\"datePublished\":\"2017-01-21T15:24:05+00:00\",\"author\":{\"@id\":\"http:\/\/vientosur.top\/museo\/#\/schema\/person\/20c79d3c38800971feec8c2693c3dd9c\"},\"breadcrumb\":{\"@id\":\"http:\/\/vientosur.top\/museo\/especialistas-analizan-trabajos-de-conservacion-del-museo-violeta-parra-y-proyectan-acciones-futuras\/#breadcrumb\"},\"inLanguage\":\"es\",\"potentialAction\":[{\"@type\":\"ReadAction\",\"target\":[\"http:\/\/vientosur.top\/museo\/especialistas-analizan-trabajos-de-conservacion-del-museo-violeta-parra-y-proyectan-acciones-futuras\/\"]}]},{\"@type\":\"ImageObject\",\"inLanguage\":\"es\",\"@id\":\"http:\/\/vientosur.top\/museo\/especialistas-analizan-trabajos-de-conservacion-del-museo-violeta-parra-y-proyectan-acciones-futuras\/#primaryimage\",\"url\":\"http:\/\/vientosur.top\/museo\/wp-content\/uploads\/2017\/01\/Violeta_Montealegre-768x461-2.jpg\",\"contentUrl\":\"http:\/\/vientosur.top\/museo\/wp-content\/uploads\/2017\/01\/Violeta_Montealegre-768x461-2.jpg\",\"width\":1380,\"height\":357},{\"@type\":\"BreadcrumbList\",\"@id\":\"http:\/\/vientosur.top\/museo\/especialistas-analizan-trabajos-de-conservacion-del-museo-violeta-parra-y-proyectan-acciones-futuras\/#breadcrumb\",\"itemListElement\":[{\"@type\":\"ListItem\",\"position\":1,\"name\":\"Portada\",\"item\":\"http:\/\/vientosur.top\/museo\/\"},{\"@type\":\"ListItem\",\"position\":2,\"name\":\"Especialistas analizan trabajos de conservaci\u00f3n del Museo Violeta Parra y proyectan acciones futuras\"}]},{\"@type\":\"WebSite\",\"@id\":\"http:\/\/vientosur.top\/museo\/#website\",\"url\":\"http:\/\/vientosur.top\/museo\/\",\"name\":\"Museo Violeta Parra\",\"description\":\"Espacio que alberga tanto la memoria y legado creativo de la artista\",\"potentialAction\":[{\"@type\":\"SearchAction\",\"target\":{\"@type\":\"EntryPoint\",\"urlTemplate\":\"http:\/\/vientosur.top\/museo\/?s={search_term_string}\"},\"query-input\":{\"@type\":\"PropertyValueSpecification\",\"valueRequired\":true,\"valueName\":\"search_term_string\"}}],\"inLanguage\":\"es\"},{\"@type\":\"Person\",\"@id\":\"http:\/\/vientosur.top\/museo\/#\/schema\/person\/20c79d3c38800971feec8c2693c3dd9c\",\"name\":\"admin\",\"image\":{\"@type\":\"ImageObject\",\"inLanguage\":\"es\",\"@id\":\"http:\/\/vientosur.top\/museo\/#\/schema\/person\/image\/\",\"url\":\"https:\/\/secure.gravatar.com\/avatar\/713677ece3ffa642287213a80e5b773bce9ab81c269dd6d95102a990951c922f?s=96&d=mm&r=g\",\"contentUrl\":\"https:\/\/secure.gravatar.com\/avatar\/713677ece3ffa642287213a80e5b773bce9ab81c269dd6d95102a990951c922f?s=96&d=mm&r=g\",\"caption\":\"admin\"},\"sameAs\":[\"http:\/\/vientosur.top\/museo\"],\"url\":\"http:\/\/vientosur.top\/museo\/author\/comunicacionesmvp\/\"}]}<\/script>\n<!-- \/ Yoast SEO plugin. -->","yoast_head_json":{"title":"Especialistas analizan trabajos de conservaci\u00f3n del Museo Violeta Parra y proyectan acciones futuras - Museo Violeta Parra","robots":{"index":"index","follow":"follow","max-snippet":"max-snippet:-1","max-image-preview":"max-image-preview:large","max-video-preview":"max-video-preview:-1"},"canonical":"http:\/\/vientosur.top\/museo\/especialistas-analizan-trabajos-de-conservacion-del-museo-violeta-parra-y-proyectan-acciones-futuras\/","og_locale":"es_ES","og_type":"article","og_title":"Especialistas analizan trabajos de conservaci\u00f3n del Museo Violeta Parra y proyectan acciones futuras - Museo Violeta Parra","og_description":"Las dos instancias t\u00e9cnicas en que se reunieron los expertos fueron coordinadas y moderadas por la conservadora Ana Anselmo. &nbsp; El Museo Violeta Parra realiz\u00f3 dos reuniones de trabajo en torno al \u00e1rea de Colecciones del espacio cultural denominadas: \u201cLa conservaci\u00f3n de la obra de Violeta Parra: reconstruyendo la historia, valoraci\u00f3n y restauraci\u00f3n\u201d y \u201cCentenario [&hellip;]","og_url":"http:\/\/vientosur.top\/museo\/especialistas-analizan-trabajos-de-conservacion-del-museo-violeta-parra-y-proyectan-acciones-futuras\/","og_site_name":"Museo Violeta Parra","article_published_time":"2017-01-21T15:24:05+00:00","og_image":[{"width":1380,"height":357,"url":"http:\/\/vientosur.top\/museo\/wp-content\/uploads\/2017\/01\/Violeta_Montealegre-768x461-2.jpg","type":"image\/jpeg"}],"author":"admin","twitter_card":"summary_large_image","twitter_misc":{"Escrito por":"admin","Tiempo de lectura":"3 minutos"},"schema":{"@context":"https:\/\/schema.org","@graph":[{"@type":"WebPage","@id":"http:\/\/vientosur.top\/museo\/especialistas-analizan-trabajos-de-conservacion-del-museo-violeta-parra-y-proyectan-acciones-futuras\/","url":"http:\/\/vientosur.top\/museo\/especialistas-analizan-trabajos-de-conservacion-del-museo-violeta-parra-y-proyectan-acciones-futuras\/","name":"Especialistas analizan trabajos de conservaci\u00f3n del Museo Violeta Parra y proyectan acciones futuras - Museo Violeta Parra","isPartOf":{"@id":"http:\/\/vientosur.top\/museo\/#website"},"primaryImageOfPage":{"@id":"http:\/\/vientosur.top\/museo\/especialistas-analizan-trabajos-de-conservacion-del-museo-violeta-parra-y-proyectan-acciones-futuras\/#primaryimage"},"image":{"@id":"http:\/\/vientosur.top\/museo\/especialistas-analizan-trabajos-de-conservacion-del-museo-violeta-parra-y-proyectan-acciones-futuras\/#primaryimage"},"thumbnailUrl":"http:\/\/vientosur.top\/museo\/wp-content\/uploads\/2017\/01\/Violeta_Montealegre-768x461-2.jpg","datePublished":"2017-01-21T15:24:05+00:00","author":{"@id":"http:\/\/vientosur.top\/museo\/#\/schema\/person\/20c79d3c38800971feec8c2693c3dd9c"},"breadcrumb":{"@id":"http:\/\/vientosur.top\/museo\/especialistas-analizan-trabajos-de-conservacion-del-museo-violeta-parra-y-proyectan-acciones-futuras\/#breadcrumb"},"inLanguage":"es","potentialAction":[{"@type":"ReadAction","target":["http:\/\/vientosur.top\/museo\/especialistas-analizan-trabajos-de-conservacion-del-museo-violeta-parra-y-proyectan-acciones-futuras\/"]}]},{"@type":"ImageObject","inLanguage":"es","@id":"http:\/\/vientosur.top\/museo\/especialistas-analizan-trabajos-de-conservacion-del-museo-violeta-parra-y-proyectan-acciones-futuras\/#primaryimage","url":"http:\/\/vientosur.top\/museo\/wp-content\/uploads\/2017\/01\/Violeta_Montealegre-768x461-2.jpg","contentUrl":"http:\/\/vientosur.top\/museo\/wp-content\/uploads\/2017\/01\/Violeta_Montealegre-768x461-2.jpg","width":1380,"height":357},{"@type":"BreadcrumbList","@id":"http:\/\/vientosur.top\/museo\/especialistas-analizan-trabajos-de-conservacion-del-museo-violeta-parra-y-proyectan-acciones-futuras\/#breadcrumb","itemListElement":[{"@type":"ListItem","position":1,"name":"Portada","item":"http:\/\/vientosur.top\/museo\/"},{"@type":"ListItem","position":2,"name":"Especialistas analizan trabajos de conservaci\u00f3n del Museo Violeta Parra y proyectan acciones futuras"}]},{"@type":"WebSite","@id":"http:\/\/vientosur.top\/museo\/#website","url":"http:\/\/vientosur.top\/museo\/","name":"Museo Violeta Parra","description":"Espacio que alberga tanto la memoria y legado creativo de la artista","potentialAction":[{"@type":"SearchAction","target":{"@type":"EntryPoint","urlTemplate":"http:\/\/vientosur.top\/museo\/?s={search_term_string}"},"query-input":{"@type":"PropertyValueSpecification","valueRequired":true,"valueName":"search_term_string"}}],"inLanguage":"es"},{"@type":"Person","@id":"http:\/\/vientosur.top\/museo\/#\/schema\/person\/20c79d3c38800971feec8c2693c3dd9c","name":"admin","image":{"@type":"ImageObject","inLanguage":"es","@id":"http:\/\/vientosur.top\/museo\/#\/schema\/person\/image\/","url":"https:\/\/secure.gravatar.com\/avatar\/713677ece3ffa642287213a80e5b773bce9ab81c269dd6d95102a990951c922f?s=96&d=mm&r=g","contentUrl":"https:\/\/secure.gravatar.com\/avatar\/713677ece3ffa642287213a80e5b773bce9ab81c269dd6d95102a990951c922f?s=96&d=mm&r=g","caption":"admin"},"sameAs":["http:\/\/vientosur.top\/museo"],"url":"http:\/\/vientosur.top\/museo\/author\/comunicacionesmvp\/"}]}},"_links":{"self":[{"href":"http:\/\/vientosur.top\/museo\/wp-json\/wp\/v2\/posts\/2518","targetHints":{"allow":["GET"]}}],"collection":[{"href":"http:\/\/vientosur.top\/museo\/wp-json\/wp\/v2\/posts"}],"about":[{"href":"http:\/\/vientosur.top\/museo\/wp-json\/wp\/v2\/types\/post"}],"author":[{"embeddable":true,"href":"http:\/\/vientosur.top\/museo\/wp-json\/wp\/v2\/users\/5"}],"replies":[{"embeddable":true,"href":"http:\/\/vientosur.top\/museo\/wp-json\/wp\/v2\/comments?post=2518"}],"version-history":[{"count":0,"href":"http:\/\/vientosur.top\/museo\/wp-json\/wp\/v2\/posts\/2518\/revisions"}],"wp:featuredmedia":[{"embeddable":true,"href":"http:\/\/vientosur.top\/museo\/wp-json\/wp\/v2\/media\/2555"}],"wp:attachment":[{"href":"http:\/\/vientosur.top\/museo\/wp-json\/wp\/v2\/media?parent=2518"}],"wp:term":[{"taxonomy":"category","embeddable":true,"href":"http:\/\/vientosur.top\/museo\/wp-json\/wp\/v2\/categories?post=2518"},{"taxonomy":"post_tag","embeddable":true,"href":"http:\/\/vientosur.top\/museo\/wp-json\/wp\/v2\/tags?post=2518"}],"curies":[{"name":"wp","href":"https:\/\/api.w.org\/{rel}","templated":true}]}}