{"id":25292,"date":"2021-06-01T16:14:22","date_gmt":"2021-06-01T16:14:22","guid":{"rendered":"http:\/\/vientosur.top\/museo\/?p=25292"},"modified":"2021-06-01T17:20:17","modified_gmt":"2021-06-01T17:20:17","slug":"violetaencasa-presento-el-reino-de-las-cosas-en-el-dia-del-patrimonio-cultural","status":"publish","type":"post","link":"http:\/\/vientosur.top\/museo\/violetaencasa-presento-el-reino-de-las-cosas-en-el-dia-del-patrimonio-cultural\/","title":{"rendered":"#VioletaEnCasa present\u00f3 \u00abEl Reino de las Cosas\u00bb en el D\u00eda del Patrimonio Cultural"},"content":{"rendered":"\n<p>En el marco del Ciclo de T\u00edteres, la Compa\u00f1\u00eda El Faro de Valpara\u00edso present\u00f3 \u00abEl Reino de las Cosas\u00bb, un espect\u00e1culo familiar de teatro con t\u00edteres de guante. La obra propone responder las preguntas que hacen ni\u00f1as y ni\u00f1os peque\u00f1os, desde las m\u00e1s comunes hasta las m\u00e1s rebuscadas, sobre c\u00f3mo funcionan o c\u00f3mo se inventaron las cosas.&nbsp;<\/p>\n\n\n\n<p>La historia se desarrolla en un reino imaginario que, a trav\u00e9s de un relato divertido y lleno de aventuras, procura dar una explicaci\u00f3n fant\u00e1stica a las interrogantes infantiles. Todo parte con la invitaci\u00f3n que un padre le hace a su hija a dormir. Ella le pide un cuento, el padre le pregunta si quiere uno le\u00eddo o inventado. Ella elige uno inventado y luego le pregunta: \u201c\u00bfC\u00f3mo se inventaron los animales?\u201d&nbsp;&nbsp;<\/p>\n\n\n\n<p>As\u00ed inicia el relato en que un rey ordena a su inventor real llamado Leonardo, quien siempre habla en verso y sin mayor esfuerzo, poblar el mundo de otros seres diferentes a los seres humanos. Pero Leonardo siempre es espiado por Malo Malin Maloso, quien busca sacar provecho personal de sus invenciones. Entonces aparece el h\u00e9roe de la historia, el Pr\u00edncipe Evaristo, el cual vivir\u00e1 una serie de divertidas aventuras y gracias a sus poderes m\u00e1gicos lograr\u00e1 recuperar las invenciones p\u00e9rdidas.<\/p>\n\n\n\n<figure class=\"wp-block-embed-youtube wp-block-embed is-type-rich is-provider-embed-handler wp-embed-aspect-16-9 wp-has-aspect-ratio\"><div class=\"wp-block-embed__wrapper\">\n<div class=\"ast-oembed-container \" style=\"height: 100%;\"><iframe title=\"Ciclo de T\u00edteres \/\/D\u00eda del Patrimonio Cultural El Reino de las Cosas Compa\u00f1\u00eda El Faro de Valpara\u00edso\" width=\"500\" height=\"281\" src=\"https:\/\/www.youtube.com\/embed\/vrqDYLuAkPg?feature=oembed\" frameborder=\"0\" allow=\"accelerometer; autoplay; clipboard-write; encrypted-media; gyroscope; picture-in-picture; web-share\" referrerpolicy=\"strict-origin-when-cross-origin\" allowfullscreen><\/iframe><\/div>\n<\/div><\/figure>\n\n\n\n<p>Revisa esta obra y m\u00e1s actividades del Museo en nuestro canal de Youtube.<\/p>\n\n\n\n<div class=\"wp-block-button is-style-outline is-style-outline--1\"><a class=\"wp-block-button__link has-text-color has-background-color has-background\" href=\"https:\/\/www.youtube.com\/channel\/UCr2oo8fRkRg7C5zlKPN1Lpg\/videos\" style=\"background-color:#7433b1\" target=\"_blank\" rel=\"noreferrer noopener\">Ver CANAL DE YOUTUBE<\/a><\/div>\n","protected":false},"excerpt":{"rendered":"<p>En el marco del Ciclo de T\u00edteres, la Compa\u00f1\u00eda El Faro de Valpara\u00edso present\u00f3 \u00abEl Reino de las Cosas\u00bb, un espect\u00e1culo familiar de teatro con t\u00edteres de guante. La obra propone responder las preguntas que hacen ni\u00f1as y ni\u00f1os peque\u00f1os, desde las m\u00e1s comunes hasta las m\u00e1s rebuscadas, sobre c\u00f3mo funcionan o c\u00f3mo se inventaron [&hellip;]<\/p>\n","protected":false},"author":5,"featured_media":24942,"comment_status":"open","ping_status":"open","sticky":false,"template":"","format":"standard","meta":{"site-sidebar-layout":"default","site-content-layout":"","ast-site-content-layout":"default","site-content-style":"default","site-sidebar-style":"default","ast-global-header-display":"","ast-banner-title-visibility":"","ast-main-header-display":"","ast-hfb-above-header-display":"","ast-hfb-below-header-display":"","ast-hfb-mobile-header-display":"","site-post-title":"","ast-breadcrumbs-content":"","ast-featured-img":"","footer-sml-layout":"","theme-transparent-header-meta":"","adv-header-id-meta":"","stick-header-meta":"","header-above-stick-meta":"","header-main-stick-meta":"","header-below-stick-meta":"","astra-migrate-meta-layouts":"default","ast-page-background-enabled":"default","ast-page-background-meta":{"desktop":{"background-color":"var(--ast-global-color-4)","background-image":"","background-repeat":"repeat","background-position":"center center","background-size":"auto","background-attachment":"scroll","background-type":"","background-media":"","overlay-type":"","overlay-color":"","overlay-opacity":"","overlay-gradient":""},"tablet":{"background-color":"","background-image":"","background-repeat":"repeat","background-position":"center center","background-size":"auto","background-attachment":"scroll","background-type":"","background-media":"","overlay-type":"","overlay-color":"","overlay-opacity":"","overlay-gradient":""},"mobile":{"background-color":"","background-image":"","background-repeat":"repeat","background-position":"center center","background-size":"auto","background-attachment":"scroll","background-type":"","background-media":"","overlay-type":"","overlay-color":"","overlay-opacity":"","overlay-gradient":""}},"ast-content-background-meta":{"desktop":{"background-color":"var(--ast-global-color-5)","background-image":"","background-repeat":"repeat","background-position":"center center","background-size":"auto","background-attachment":"scroll","background-type":"","background-media":"","overlay-type":"","overlay-color":"","overlay-opacity":"","overlay-gradient":""},"tablet":{"background-color":"var(--ast-global-color-5)","background-image":"","background-repeat":"repeat","background-position":"center center","background-size":"auto","background-attachment":"scroll","background-type":"","background-media":"","overlay-type":"","overlay-color":"","overlay-opacity":"","overlay-gradient":""},"mobile":{"background-color":"var(--ast-global-color-5)","background-image":"","background-repeat":"repeat","background-position":"center center","background-size":"auto","background-attachment":"scroll","background-type":"","background-media":"","overlay-type":"","overlay-color":"","overlay-opacity":"","overlay-gradient":""}},"footnotes":""},"categories":[1],"tags":[],"class_list":["post-25292","post","type-post","status-publish","format-standard","has-post-thumbnail","hentry","category-sin-categoria"],"yoast_head":"<!-- This site is optimized with the Yoast SEO plugin v25.4 - https:\/\/yoast.com\/wordpress\/plugins\/seo\/ -->\n<title>#VioletaEnCasa present\u00f3 &quot;El Reino de las Cosas&quot; en el D\u00eda del Patrimonio Cultural - Museo Violeta Parra<\/title>\n<meta name=\"robots\" content=\"index, follow, max-snippet:-1, max-image-preview:large, max-video-preview:-1\" \/>\n<link rel=\"canonical\" href=\"http:\/\/vientosur.top\/museo\/violetaencasa-presento-el-reino-de-las-cosas-en-el-dia-del-patrimonio-cultural\/\" \/>\n<meta property=\"og:locale\" content=\"es_ES\" \/>\n<meta property=\"og:type\" content=\"article\" \/>\n<meta property=\"og:title\" content=\"#VioletaEnCasa present\u00f3 &quot;El Reino de las Cosas&quot; en el D\u00eda del Patrimonio Cultural - Museo Violeta Parra\" \/>\n<meta property=\"og:description\" content=\"En el marco del Ciclo de T\u00edteres, la Compa\u00f1\u00eda El Faro de Valpara\u00edso present\u00f3 \u00abEl Reino de las Cosas\u00bb, un espect\u00e1culo familiar de teatro con t\u00edteres de guante. La obra propone responder las preguntas que hacen ni\u00f1as y ni\u00f1os peque\u00f1os, desde las m\u00e1s comunes hasta las m\u00e1s rebuscadas, sobre c\u00f3mo funcionan o c\u00f3mo se inventaron [&hellip;]\" \/>\n<meta property=\"og:url\" content=\"http:\/\/vientosur.top\/museo\/violetaencasa-presento-el-reino-de-las-cosas-en-el-dia-del-patrimonio-cultural\/\" \/>\n<meta property=\"og:site_name\" content=\"Museo Violeta Parra\" \/>\n<meta property=\"article:published_time\" content=\"2021-06-01T16:14:22+00:00\" \/>\n<meta property=\"article:modified_time\" content=\"2021-06-01T17:20:17+00:00\" \/>\n<meta property=\"og:image\" content=\"http:\/\/vientosur.top\/museo\/wp-content\/uploads\/2021\/04\/New-Project-2021-04-23T154918.336.png\" \/>\n\t<meta property=\"og:image:width\" content=\"1095\" \/>\n\t<meta property=\"og:image:height\" content=\"800\" \/>\n\t<meta property=\"og:image:type\" content=\"image\/png\" \/>\n<meta name=\"author\" content=\"admin\" \/>\n<meta name=\"twitter:card\" content=\"summary_large_image\" \/>\n<meta name=\"twitter:label1\" content=\"Escrito por\" \/>\n\t<meta name=\"twitter:data1\" content=\"admin\" \/>\n\t<meta name=\"twitter:label2\" content=\"Tiempo de lectura\" \/>\n\t<meta name=\"twitter:data2\" content=\"1 minuto\" \/>\n<script type=\"application\/ld+json\" class=\"yoast-schema-graph\">{\"@context\":\"https:\/\/schema.org\",\"@graph\":[{\"@type\":\"WebPage\",\"@id\":\"http:\/\/vientosur.top\/museo\/violetaencasa-presento-el-reino-de-las-cosas-en-el-dia-del-patrimonio-cultural\/\",\"url\":\"http:\/\/vientosur.top\/museo\/violetaencasa-presento-el-reino-de-las-cosas-en-el-dia-del-patrimonio-cultural\/\",\"name\":\"#VioletaEnCasa present\u00f3 \\\"El Reino de las Cosas\\\" en el D\u00eda del Patrimonio Cultural - Museo Violeta Parra\",\"isPartOf\":{\"@id\":\"http:\/\/vientosur.top\/museo\/#website\"},\"primaryImageOfPage\":{\"@id\":\"http:\/\/vientosur.top\/museo\/violetaencasa-presento-el-reino-de-las-cosas-en-el-dia-del-patrimonio-cultural\/#primaryimage\"},\"image\":{\"@id\":\"http:\/\/vientosur.top\/museo\/violetaencasa-presento-el-reino-de-las-cosas-en-el-dia-del-patrimonio-cultural\/#primaryimage\"},\"thumbnailUrl\":\"http:\/\/vientosur.top\/museo\/wp-content\/uploads\/2021\/04\/New-Project-2021-04-23T154918.336.png\",\"datePublished\":\"2021-06-01T16:14:22+00:00\",\"dateModified\":\"2021-06-01T17:20:17+00:00\",\"author\":{\"@id\":\"http:\/\/vientosur.top\/museo\/#\/schema\/person\/20c79d3c38800971feec8c2693c3dd9c\"},\"breadcrumb\":{\"@id\":\"http:\/\/vientosur.top\/museo\/violetaencasa-presento-el-reino-de-las-cosas-en-el-dia-del-patrimonio-cultural\/#breadcrumb\"},\"inLanguage\":\"es\",\"potentialAction\":[{\"@type\":\"ReadAction\",\"target\":[\"http:\/\/vientosur.top\/museo\/violetaencasa-presento-el-reino-de-las-cosas-en-el-dia-del-patrimonio-cultural\/\"]}]},{\"@type\":\"ImageObject\",\"inLanguage\":\"es\",\"@id\":\"http:\/\/vientosur.top\/museo\/violetaencasa-presento-el-reino-de-las-cosas-en-el-dia-del-patrimonio-cultural\/#primaryimage\",\"url\":\"http:\/\/vientosur.top\/museo\/wp-content\/uploads\/2021\/04\/New-Project-2021-04-23T154918.336.png\",\"contentUrl\":\"http:\/\/vientosur.top\/museo\/wp-content\/uploads\/2021\/04\/New-Project-2021-04-23T154918.336.png\",\"width\":1095,\"height\":800,\"caption\":\"El Reino de las Cosas\"},{\"@type\":\"BreadcrumbList\",\"@id\":\"http:\/\/vientosur.top\/museo\/violetaencasa-presento-el-reino-de-las-cosas-en-el-dia-del-patrimonio-cultural\/#breadcrumb\",\"itemListElement\":[{\"@type\":\"ListItem\",\"position\":1,\"name\":\"Portada\",\"item\":\"http:\/\/vientosur.top\/museo\/\"},{\"@type\":\"ListItem\",\"position\":2,\"name\":\"#VioletaEnCasa present\u00f3 \u00abEl Reino de las Cosas\u00bb en el D\u00eda del Patrimonio Cultural\"}]},{\"@type\":\"WebSite\",\"@id\":\"http:\/\/vientosur.top\/museo\/#website\",\"url\":\"http:\/\/vientosur.top\/museo\/\",\"name\":\"Museo Violeta Parra\",\"description\":\"Espacio que alberga tanto la memoria y legado creativo de la artista\",\"potentialAction\":[{\"@type\":\"SearchAction\",\"target\":{\"@type\":\"EntryPoint\",\"urlTemplate\":\"http:\/\/vientosur.top\/museo\/?s={search_term_string}\"},\"query-input\":{\"@type\":\"PropertyValueSpecification\",\"valueRequired\":true,\"valueName\":\"search_term_string\"}}],\"inLanguage\":\"es\"},{\"@type\":\"Person\",\"@id\":\"http:\/\/vientosur.top\/museo\/#\/schema\/person\/20c79d3c38800971feec8c2693c3dd9c\",\"name\":\"admin\",\"image\":{\"@type\":\"ImageObject\",\"inLanguage\":\"es\",\"@id\":\"http:\/\/vientosur.top\/museo\/#\/schema\/person\/image\/\",\"url\":\"https:\/\/secure.gravatar.com\/avatar\/713677ece3ffa642287213a80e5b773bce9ab81c269dd6d95102a990951c922f?s=96&d=mm&r=g\",\"contentUrl\":\"https:\/\/secure.gravatar.com\/avatar\/713677ece3ffa642287213a80e5b773bce9ab81c269dd6d95102a990951c922f?s=96&d=mm&r=g\",\"caption\":\"admin\"},\"sameAs\":[\"http:\/\/vientosur.top\/museo\"],\"url\":\"http:\/\/vientosur.top\/museo\/author\/comunicacionesmvp\/\"}]}<\/script>\n<!-- \/ Yoast SEO plugin. -->","yoast_head_json":{"title":"#VioletaEnCasa present\u00f3 \"El Reino de las Cosas\" en el D\u00eda del Patrimonio Cultural - Museo Violeta Parra","robots":{"index":"index","follow":"follow","max-snippet":"max-snippet:-1","max-image-preview":"max-image-preview:large","max-video-preview":"max-video-preview:-1"},"canonical":"http:\/\/vientosur.top\/museo\/violetaencasa-presento-el-reino-de-las-cosas-en-el-dia-del-patrimonio-cultural\/","og_locale":"es_ES","og_type":"article","og_title":"#VioletaEnCasa present\u00f3 \"El Reino de las Cosas\" en el D\u00eda del Patrimonio Cultural - Museo Violeta Parra","og_description":"En el marco del Ciclo de T\u00edteres, la Compa\u00f1\u00eda El Faro de Valpara\u00edso present\u00f3 \u00abEl Reino de las Cosas\u00bb, un espect\u00e1culo familiar de teatro con t\u00edteres de guante. La obra propone responder las preguntas que hacen ni\u00f1as y ni\u00f1os peque\u00f1os, desde las m\u00e1s comunes hasta las m\u00e1s rebuscadas, sobre c\u00f3mo funcionan o c\u00f3mo se inventaron [&hellip;]","og_url":"http:\/\/vientosur.top\/museo\/violetaencasa-presento-el-reino-de-las-cosas-en-el-dia-del-patrimonio-cultural\/","og_site_name":"Museo Violeta Parra","article_published_time":"2021-06-01T16:14:22+00:00","article_modified_time":"2021-06-01T17:20:17+00:00","og_image":[{"width":1095,"height":800,"url":"http:\/\/vientosur.top\/museo\/wp-content\/uploads\/2021\/04\/New-Project-2021-04-23T154918.336.png","type":"image\/png"}],"author":"admin","twitter_card":"summary_large_image","twitter_misc":{"Escrito por":"admin","Tiempo de lectura":"1 minuto"},"schema":{"@context":"https:\/\/schema.org","@graph":[{"@type":"WebPage","@id":"http:\/\/vientosur.top\/museo\/violetaencasa-presento-el-reino-de-las-cosas-en-el-dia-del-patrimonio-cultural\/","url":"http:\/\/vientosur.top\/museo\/violetaencasa-presento-el-reino-de-las-cosas-en-el-dia-del-patrimonio-cultural\/","name":"#VioletaEnCasa present\u00f3 \"El Reino de las Cosas\" en el D\u00eda del Patrimonio Cultural - Museo Violeta Parra","isPartOf":{"@id":"http:\/\/vientosur.top\/museo\/#website"},"primaryImageOfPage":{"@id":"http:\/\/vientosur.top\/museo\/violetaencasa-presento-el-reino-de-las-cosas-en-el-dia-del-patrimonio-cultural\/#primaryimage"},"image":{"@id":"http:\/\/vientosur.top\/museo\/violetaencasa-presento-el-reino-de-las-cosas-en-el-dia-del-patrimonio-cultural\/#primaryimage"},"thumbnailUrl":"http:\/\/vientosur.top\/museo\/wp-content\/uploads\/2021\/04\/New-Project-2021-04-23T154918.336.png","datePublished":"2021-06-01T16:14:22+00:00","dateModified":"2021-06-01T17:20:17+00:00","author":{"@id":"http:\/\/vientosur.top\/museo\/#\/schema\/person\/20c79d3c38800971feec8c2693c3dd9c"},"breadcrumb":{"@id":"http:\/\/vientosur.top\/museo\/violetaencasa-presento-el-reino-de-las-cosas-en-el-dia-del-patrimonio-cultural\/#breadcrumb"},"inLanguage":"es","potentialAction":[{"@type":"ReadAction","target":["http:\/\/vientosur.top\/museo\/violetaencasa-presento-el-reino-de-las-cosas-en-el-dia-del-patrimonio-cultural\/"]}]},{"@type":"ImageObject","inLanguage":"es","@id":"http:\/\/vientosur.top\/museo\/violetaencasa-presento-el-reino-de-las-cosas-en-el-dia-del-patrimonio-cultural\/#primaryimage","url":"http:\/\/vientosur.top\/museo\/wp-content\/uploads\/2021\/04\/New-Project-2021-04-23T154918.336.png","contentUrl":"http:\/\/vientosur.top\/museo\/wp-content\/uploads\/2021\/04\/New-Project-2021-04-23T154918.336.png","width":1095,"height":800,"caption":"El Reino de las Cosas"},{"@type":"BreadcrumbList","@id":"http:\/\/vientosur.top\/museo\/violetaencasa-presento-el-reino-de-las-cosas-en-el-dia-del-patrimonio-cultural\/#breadcrumb","itemListElement":[{"@type":"ListItem","position":1,"name":"Portada","item":"http:\/\/vientosur.top\/museo\/"},{"@type":"ListItem","position":2,"name":"#VioletaEnCasa present\u00f3 \u00abEl Reino de las Cosas\u00bb en el D\u00eda del Patrimonio Cultural"}]},{"@type":"WebSite","@id":"http:\/\/vientosur.top\/museo\/#website","url":"http:\/\/vientosur.top\/museo\/","name":"Museo Violeta Parra","description":"Espacio que alberga tanto la memoria y legado creativo de la artista","potentialAction":[{"@type":"SearchAction","target":{"@type":"EntryPoint","urlTemplate":"http:\/\/vientosur.top\/museo\/?s={search_term_string}"},"query-input":{"@type":"PropertyValueSpecification","valueRequired":true,"valueName":"search_term_string"}}],"inLanguage":"es"},{"@type":"Person","@id":"http:\/\/vientosur.top\/museo\/#\/schema\/person\/20c79d3c38800971feec8c2693c3dd9c","name":"admin","image":{"@type":"ImageObject","inLanguage":"es","@id":"http:\/\/vientosur.top\/museo\/#\/schema\/person\/image\/","url":"https:\/\/secure.gravatar.com\/avatar\/713677ece3ffa642287213a80e5b773bce9ab81c269dd6d95102a990951c922f?s=96&d=mm&r=g","contentUrl":"https:\/\/secure.gravatar.com\/avatar\/713677ece3ffa642287213a80e5b773bce9ab81c269dd6d95102a990951c922f?s=96&d=mm&r=g","caption":"admin"},"sameAs":["http:\/\/vientosur.top\/museo"],"url":"http:\/\/vientosur.top\/museo\/author\/comunicacionesmvp\/"}]}},"_links":{"self":[{"href":"http:\/\/vientosur.top\/museo\/wp-json\/wp\/v2\/posts\/25292","targetHints":{"allow":["GET"]}}],"collection":[{"href":"http:\/\/vientosur.top\/museo\/wp-json\/wp\/v2\/posts"}],"about":[{"href":"http:\/\/vientosur.top\/museo\/wp-json\/wp\/v2\/types\/post"}],"author":[{"embeddable":true,"href":"http:\/\/vientosur.top\/museo\/wp-json\/wp\/v2\/users\/5"}],"replies":[{"embeddable":true,"href":"http:\/\/vientosur.top\/museo\/wp-json\/wp\/v2\/comments?post=25292"}],"version-history":[{"count":2,"href":"http:\/\/vientosur.top\/museo\/wp-json\/wp\/v2\/posts\/25292\/revisions"}],"predecessor-version":[{"id":25297,"href":"http:\/\/vientosur.top\/museo\/wp-json\/wp\/v2\/posts\/25292\/revisions\/25297"}],"wp:featuredmedia":[{"embeddable":true,"href":"http:\/\/vientosur.top\/museo\/wp-json\/wp\/v2\/media\/24942"}],"wp:attachment":[{"href":"http:\/\/vientosur.top\/museo\/wp-json\/wp\/v2\/media?parent=25292"}],"wp:term":[{"taxonomy":"category","embeddable":true,"href":"http:\/\/vientosur.top\/museo\/wp-json\/wp\/v2\/categories?post=25292"},{"taxonomy":"post_tag","embeddable":true,"href":"http:\/\/vientosur.top\/museo\/wp-json\/wp\/v2\/tags?post=25292"}],"curies":[{"name":"wp","href":"https:\/\/api.w.org\/{rel}","templated":true}]}}