{"id":2583,"date":"2017-01-27T11:00:37","date_gmt":"2017-01-27T11:00:37","guid":{"rendered":"http:\/\/vientosur.top\/museo\/\/?p=2583"},"modified":"2017-01-27T11:00:37","modified_gmt":"2017-01-27T11:00:37","slug":"este-sabado-vasti-michel-dara-inicio-al-ciclo-de-conciertos-ruta-de-violeta-parra-en-el-museo","status":"publish","type":"post","link":"http:\/\/vientosur.top\/museo\/este-sabado-vasti-michel-dara-inicio-al-ciclo-de-conciertos-ruta-de-violeta-parra-en-el-museo\/","title":{"rendered":"Vasti Michel inici\u00f3 ciclo de conciertos de la \u00abRuta de Violeta Parra\u00bb en el Museo"},"content":{"rendered":"<p><a href=\"http:\/\/www.vastimichel.com\/\" target=\"_blank\" rel=\"noopener noreferrer\">Vasti Michel <\/a>dio inicio al ciclo de conciertos de la \u201cRuta de Violeta Parra\u201d en honor a los 100 a\u00f1os de la cantautora. El recital cont\u00f3 con la participaci\u00f3n especial de Tita Parra. La propuesta del concierto fue \u201csentirse hallado\u201d,\u00a0un concepto antiguo que a\u00fan se usa en el sur \u00abpara expresar que una est\u00e1 a gusto y en paz con el todo\u00bb,\u00a0explica la artista. Esta intimidad es la que Vasti Michel invit\u00f3 a vivir a trav\u00e9s de su m\u00fasica y con guitarra traspuesta, viaje donde recorri\u00f3, lo mejor de sus 3 \u00e1lbumes acompa\u00f1ada de Mauricio Barrueto en Guitarra, Patricio Rojas en Bajo el\u00e9ctrico y Luis Barrueto en Percusi\u00f3n.<\/p>\n<p>&nbsp;<\/p>\n<p><a href=\"https:\/\/www.facebook.com\/pg\/MuseoVioletaParra\/photos\/?tab=album&amp;album_id=1876791002564312\" target=\"_blank\" rel=\"noopener noreferrer\">Mira la galer\u00eda de im\u00e1genes\u00a0<\/a><\/p>\n<p>&nbsp;<\/p>\n","protected":false},"excerpt":{"rendered":"<p>Vasti Michel dio inicio al ciclo de conciertos de la \u201cRuta de Violeta Parra\u201d en honor a los 100 a\u00f1os de la cantautora. El recital cont\u00f3 con la participaci\u00f3n especial de Tita Parra. La propuesta del concierto fue \u201csentirse hallado\u201d,\u00a0un concepto antiguo que a\u00fan se usa en el sur \u00abpara expresar que una est\u00e1 a [&hellip;]<\/p>\n","protected":false},"author":5,"featured_media":2711,"comment_status":"open","ping_status":"open","sticky":false,"template":"","format":"standard","meta":{"site-sidebar-layout":"default","site-content-layout":"","ast-site-content-layout":"default","site-content-style":"default","site-sidebar-style":"default","ast-global-header-display":"","ast-banner-title-visibility":"","ast-main-header-display":"","ast-hfb-above-header-display":"","ast-hfb-below-header-display":"","ast-hfb-mobile-header-display":"","site-post-title":"","ast-breadcrumbs-content":"","ast-featured-img":"","footer-sml-layout":"","theme-transparent-header-meta":"","adv-header-id-meta":"","stick-header-meta":"","header-above-stick-meta":"","header-main-stick-meta":"","header-below-stick-meta":"","astra-migrate-meta-layouts":"default","ast-page-background-enabled":"default","ast-page-background-meta":{"desktop":{"background-color":"var(--ast-global-color-4)","background-image":"","background-repeat":"repeat","background-position":"center center","background-size":"auto","background-attachment":"scroll","background-type":"","background-media":"","overlay-type":"","overlay-color":"","overlay-opacity":"","overlay-gradient":""},"tablet":{"background-color":"","background-image":"","background-repeat":"repeat","background-position":"center center","background-size":"auto","background-attachment":"scroll","background-type":"","background-media":"","overlay-type":"","overlay-color":"","overlay-opacity":"","overlay-gradient":""},"mobile":{"background-color":"","background-image":"","background-repeat":"repeat","background-position":"center center","background-size":"auto","background-attachment":"scroll","background-type":"","background-media":"","overlay-type":"","overlay-color":"","overlay-opacity":"","overlay-gradient":""}},"ast-content-background-meta":{"desktop":{"background-color":"var(--ast-global-color-5)","background-image":"","background-repeat":"repeat","background-position":"center center","background-size":"auto","background-attachment":"scroll","background-type":"","background-media":"","overlay-type":"","overlay-color":"","overlay-opacity":"","overlay-gradient":""},"tablet":{"background-color":"var(--ast-global-color-5)","background-image":"","background-repeat":"repeat","background-position":"center center","background-size":"auto","background-attachment":"scroll","background-type":"","background-media":"","overlay-type":"","overlay-color":"","overlay-opacity":"","overlay-gradient":""},"mobile":{"background-color":"var(--ast-global-color-5)","background-image":"","background-repeat":"repeat","background-position":"center center","background-size":"auto","background-attachment":"scroll","background-type":"","background-media":"","overlay-type":"","overlay-color":"","overlay-opacity":"","overlay-gradient":""}},"footnotes":""},"categories":[59,8],"tags":[],"class_list":["post-2583","post","type-post","status-publish","format-standard","has-post-thumbnail","hentry","category-destacado-noticia","category-noticias"],"yoast_head":"<!-- This site is optimized with the Yoast SEO plugin v25.4 - https:\/\/yoast.com\/wordpress\/plugins\/seo\/ -->\n<title>Vasti Michel inici\u00f3 ciclo de conciertos de la &quot;Ruta de Violeta Parra&quot; en el Museo - Museo Violeta Parra<\/title>\n<meta name=\"robots\" content=\"index, follow, max-snippet:-1, max-image-preview:large, max-video-preview:-1\" \/>\n<link rel=\"canonical\" href=\"http:\/\/vientosur.top\/museo\/este-sabado-vasti-michel-dara-inicio-al-ciclo-de-conciertos-ruta-de-violeta-parra-en-el-museo\/\" \/>\n<meta property=\"og:locale\" content=\"es_ES\" \/>\n<meta property=\"og:type\" content=\"article\" \/>\n<meta property=\"og:title\" content=\"Vasti Michel inici\u00f3 ciclo de conciertos de la &quot;Ruta de Violeta Parra&quot; en el Museo - Museo Violeta Parra\" \/>\n<meta property=\"og:description\" content=\"Vasti Michel dio inicio al ciclo de conciertos de la \u201cRuta de Violeta Parra\u201d en honor a los 100 a\u00f1os de la cantautora. El recital cont\u00f3 con la participaci\u00f3n especial de Tita Parra. La propuesta del concierto fue \u201csentirse hallado\u201d,\u00a0un concepto antiguo que a\u00fan se usa en el sur \u00abpara expresar que una est\u00e1 a [&hellip;]\" \/>\n<meta property=\"og:url\" content=\"http:\/\/vientosur.top\/museo\/este-sabado-vasti-michel-dara-inicio-al-ciclo-de-conciertos-ruta-de-violeta-parra-en-el-museo\/\" \/>\n<meta property=\"og:site_name\" content=\"Museo Violeta Parra\" \/>\n<meta property=\"article:published_time\" content=\"2017-01-27T11:00:37+00:00\" \/>\n<meta property=\"og:image\" content=\"http:\/\/vientosur.top\/museo\/wp-content\/uploads\/2017\/01\/DSC_0944.jpg\" \/>\n\t<meta property=\"og:image:width\" content=\"1444\" \/>\n\t<meta property=\"og:image:height\" content=\"960\" \/>\n\t<meta property=\"og:image:type\" content=\"image\/jpeg\" \/>\n<meta name=\"author\" content=\"admin\" \/>\n<meta name=\"twitter:card\" content=\"summary_large_image\" \/>\n<meta name=\"twitter:label1\" content=\"Escrito por\" \/>\n\t<meta name=\"twitter:data1\" content=\"admin\" \/>\n\t<meta name=\"twitter:label2\" content=\"Tiempo de lectura\" \/>\n\t<meta name=\"twitter:data2\" content=\"1 minuto\" \/>\n<script type=\"application\/ld+json\" class=\"yoast-schema-graph\">{\"@context\":\"https:\/\/schema.org\",\"@graph\":[{\"@type\":\"WebPage\",\"@id\":\"http:\/\/vientosur.top\/museo\/este-sabado-vasti-michel-dara-inicio-al-ciclo-de-conciertos-ruta-de-violeta-parra-en-el-museo\/\",\"url\":\"http:\/\/vientosur.top\/museo\/este-sabado-vasti-michel-dara-inicio-al-ciclo-de-conciertos-ruta-de-violeta-parra-en-el-museo\/\",\"name\":\"Vasti Michel inici\u00f3 ciclo de conciertos de la \\\"Ruta de Violeta Parra\\\" en el Museo - Museo Violeta Parra\",\"isPartOf\":{\"@id\":\"http:\/\/vientosur.top\/museo\/#website\"},\"primaryImageOfPage\":{\"@id\":\"http:\/\/vientosur.top\/museo\/este-sabado-vasti-michel-dara-inicio-al-ciclo-de-conciertos-ruta-de-violeta-parra-en-el-museo\/#primaryimage\"},\"image\":{\"@id\":\"http:\/\/vientosur.top\/museo\/este-sabado-vasti-michel-dara-inicio-al-ciclo-de-conciertos-ruta-de-violeta-parra-en-el-museo\/#primaryimage\"},\"thumbnailUrl\":\"http:\/\/vientosur.top\/museo\/wp-content\/uploads\/2017\/01\/DSC_0944.jpg\",\"datePublished\":\"2017-01-27T11:00:37+00:00\",\"author\":{\"@id\":\"http:\/\/vientosur.top\/museo\/#\/schema\/person\/20c79d3c38800971feec8c2693c3dd9c\"},\"breadcrumb\":{\"@id\":\"http:\/\/vientosur.top\/museo\/este-sabado-vasti-michel-dara-inicio-al-ciclo-de-conciertos-ruta-de-violeta-parra-en-el-museo\/#breadcrumb\"},\"inLanguage\":\"es\",\"potentialAction\":[{\"@type\":\"ReadAction\",\"target\":[\"http:\/\/vientosur.top\/museo\/este-sabado-vasti-michel-dara-inicio-al-ciclo-de-conciertos-ruta-de-violeta-parra-en-el-museo\/\"]}]},{\"@type\":\"ImageObject\",\"inLanguage\":\"es\",\"@id\":\"http:\/\/vientosur.top\/museo\/este-sabado-vasti-michel-dara-inicio-al-ciclo-de-conciertos-ruta-de-violeta-parra-en-el-museo\/#primaryimage\",\"url\":\"http:\/\/vientosur.top\/museo\/wp-content\/uploads\/2017\/01\/DSC_0944.jpg\",\"contentUrl\":\"http:\/\/vientosur.top\/museo\/wp-content\/uploads\/2017\/01\/DSC_0944.jpg\",\"width\":1444,\"height\":960},{\"@type\":\"BreadcrumbList\",\"@id\":\"http:\/\/vientosur.top\/museo\/este-sabado-vasti-michel-dara-inicio-al-ciclo-de-conciertos-ruta-de-violeta-parra-en-el-museo\/#breadcrumb\",\"itemListElement\":[{\"@type\":\"ListItem\",\"position\":1,\"name\":\"Portada\",\"item\":\"http:\/\/vientosur.top\/museo\/\"},{\"@type\":\"ListItem\",\"position\":2,\"name\":\"Vasti Michel inici\u00f3 ciclo de conciertos de la \u00abRuta de Violeta Parra\u00bb en el Museo\"}]},{\"@type\":\"WebSite\",\"@id\":\"http:\/\/vientosur.top\/museo\/#website\",\"url\":\"http:\/\/vientosur.top\/museo\/\",\"name\":\"Museo Violeta Parra\",\"description\":\"Espacio que alberga tanto la memoria y legado creativo de la artista\",\"potentialAction\":[{\"@type\":\"SearchAction\",\"target\":{\"@type\":\"EntryPoint\",\"urlTemplate\":\"http:\/\/vientosur.top\/museo\/?s={search_term_string}\"},\"query-input\":{\"@type\":\"PropertyValueSpecification\",\"valueRequired\":true,\"valueName\":\"search_term_string\"}}],\"inLanguage\":\"es\"},{\"@type\":\"Person\",\"@id\":\"http:\/\/vientosur.top\/museo\/#\/schema\/person\/20c79d3c38800971feec8c2693c3dd9c\",\"name\":\"admin\",\"image\":{\"@type\":\"ImageObject\",\"inLanguage\":\"es\",\"@id\":\"http:\/\/vientosur.top\/museo\/#\/schema\/person\/image\/\",\"url\":\"https:\/\/secure.gravatar.com\/avatar\/713677ece3ffa642287213a80e5b773bce9ab81c269dd6d95102a990951c922f?s=96&d=mm&r=g\",\"contentUrl\":\"https:\/\/secure.gravatar.com\/avatar\/713677ece3ffa642287213a80e5b773bce9ab81c269dd6d95102a990951c922f?s=96&d=mm&r=g\",\"caption\":\"admin\"},\"sameAs\":[\"http:\/\/vientosur.top\/museo\"],\"url\":\"http:\/\/vientosur.top\/museo\/author\/comunicacionesmvp\/\"}]}<\/script>\n<!-- \/ Yoast SEO plugin. -->","yoast_head_json":{"title":"Vasti Michel inici\u00f3 ciclo de conciertos de la \"Ruta de Violeta Parra\" en el Museo - Museo Violeta Parra","robots":{"index":"index","follow":"follow","max-snippet":"max-snippet:-1","max-image-preview":"max-image-preview:large","max-video-preview":"max-video-preview:-1"},"canonical":"http:\/\/vientosur.top\/museo\/este-sabado-vasti-michel-dara-inicio-al-ciclo-de-conciertos-ruta-de-violeta-parra-en-el-museo\/","og_locale":"es_ES","og_type":"article","og_title":"Vasti Michel inici\u00f3 ciclo de conciertos de la \"Ruta de Violeta Parra\" en el Museo - Museo Violeta Parra","og_description":"Vasti Michel dio inicio al ciclo de conciertos de la \u201cRuta de Violeta Parra\u201d en honor a los 100 a\u00f1os de la cantautora. El recital cont\u00f3 con la participaci\u00f3n especial de Tita Parra. La propuesta del concierto fue \u201csentirse hallado\u201d,\u00a0un concepto antiguo que a\u00fan se usa en el sur \u00abpara expresar que una est\u00e1 a [&hellip;]","og_url":"http:\/\/vientosur.top\/museo\/este-sabado-vasti-michel-dara-inicio-al-ciclo-de-conciertos-ruta-de-violeta-parra-en-el-museo\/","og_site_name":"Museo Violeta Parra","article_published_time":"2017-01-27T11:00:37+00:00","og_image":[{"width":1444,"height":960,"url":"http:\/\/vientosur.top\/museo\/wp-content\/uploads\/2017\/01\/DSC_0944.jpg","type":"image\/jpeg"}],"author":"admin","twitter_card":"summary_large_image","twitter_misc":{"Escrito por":"admin","Tiempo de lectura":"1 minuto"},"schema":{"@context":"https:\/\/schema.org","@graph":[{"@type":"WebPage","@id":"http:\/\/vientosur.top\/museo\/este-sabado-vasti-michel-dara-inicio-al-ciclo-de-conciertos-ruta-de-violeta-parra-en-el-museo\/","url":"http:\/\/vientosur.top\/museo\/este-sabado-vasti-michel-dara-inicio-al-ciclo-de-conciertos-ruta-de-violeta-parra-en-el-museo\/","name":"Vasti Michel inici\u00f3 ciclo de conciertos de la \"Ruta de Violeta Parra\" en el Museo - Museo Violeta Parra","isPartOf":{"@id":"http:\/\/vientosur.top\/museo\/#website"},"primaryImageOfPage":{"@id":"http:\/\/vientosur.top\/museo\/este-sabado-vasti-michel-dara-inicio-al-ciclo-de-conciertos-ruta-de-violeta-parra-en-el-museo\/#primaryimage"},"image":{"@id":"http:\/\/vientosur.top\/museo\/este-sabado-vasti-michel-dara-inicio-al-ciclo-de-conciertos-ruta-de-violeta-parra-en-el-museo\/#primaryimage"},"thumbnailUrl":"http:\/\/vientosur.top\/museo\/wp-content\/uploads\/2017\/01\/DSC_0944.jpg","datePublished":"2017-01-27T11:00:37+00:00","author":{"@id":"http:\/\/vientosur.top\/museo\/#\/schema\/person\/20c79d3c38800971feec8c2693c3dd9c"},"breadcrumb":{"@id":"http:\/\/vientosur.top\/museo\/este-sabado-vasti-michel-dara-inicio-al-ciclo-de-conciertos-ruta-de-violeta-parra-en-el-museo\/#breadcrumb"},"inLanguage":"es","potentialAction":[{"@type":"ReadAction","target":["http:\/\/vientosur.top\/museo\/este-sabado-vasti-michel-dara-inicio-al-ciclo-de-conciertos-ruta-de-violeta-parra-en-el-museo\/"]}]},{"@type":"ImageObject","inLanguage":"es","@id":"http:\/\/vientosur.top\/museo\/este-sabado-vasti-michel-dara-inicio-al-ciclo-de-conciertos-ruta-de-violeta-parra-en-el-museo\/#primaryimage","url":"http:\/\/vientosur.top\/museo\/wp-content\/uploads\/2017\/01\/DSC_0944.jpg","contentUrl":"http:\/\/vientosur.top\/museo\/wp-content\/uploads\/2017\/01\/DSC_0944.jpg","width":1444,"height":960},{"@type":"BreadcrumbList","@id":"http:\/\/vientosur.top\/museo\/este-sabado-vasti-michel-dara-inicio-al-ciclo-de-conciertos-ruta-de-violeta-parra-en-el-museo\/#breadcrumb","itemListElement":[{"@type":"ListItem","position":1,"name":"Portada","item":"http:\/\/vientosur.top\/museo\/"},{"@type":"ListItem","position":2,"name":"Vasti Michel inici\u00f3 ciclo de conciertos de la \u00abRuta de Violeta Parra\u00bb en el Museo"}]},{"@type":"WebSite","@id":"http:\/\/vientosur.top\/museo\/#website","url":"http:\/\/vientosur.top\/museo\/","name":"Museo Violeta Parra","description":"Espacio que alberga tanto la memoria y legado creativo de la artista","potentialAction":[{"@type":"SearchAction","target":{"@type":"EntryPoint","urlTemplate":"http:\/\/vientosur.top\/museo\/?s={search_term_string}"},"query-input":{"@type":"PropertyValueSpecification","valueRequired":true,"valueName":"search_term_string"}}],"inLanguage":"es"},{"@type":"Person","@id":"http:\/\/vientosur.top\/museo\/#\/schema\/person\/20c79d3c38800971feec8c2693c3dd9c","name":"admin","image":{"@type":"ImageObject","inLanguage":"es","@id":"http:\/\/vientosur.top\/museo\/#\/schema\/person\/image\/","url":"https:\/\/secure.gravatar.com\/avatar\/713677ece3ffa642287213a80e5b773bce9ab81c269dd6d95102a990951c922f?s=96&d=mm&r=g","contentUrl":"https:\/\/secure.gravatar.com\/avatar\/713677ece3ffa642287213a80e5b773bce9ab81c269dd6d95102a990951c922f?s=96&d=mm&r=g","caption":"admin"},"sameAs":["http:\/\/vientosur.top\/museo"],"url":"http:\/\/vientosur.top\/museo\/author\/comunicacionesmvp\/"}]}},"_links":{"self":[{"href":"http:\/\/vientosur.top\/museo\/wp-json\/wp\/v2\/posts\/2583","targetHints":{"allow":["GET"]}}],"collection":[{"href":"http:\/\/vientosur.top\/museo\/wp-json\/wp\/v2\/posts"}],"about":[{"href":"http:\/\/vientosur.top\/museo\/wp-json\/wp\/v2\/types\/post"}],"author":[{"embeddable":true,"href":"http:\/\/vientosur.top\/museo\/wp-json\/wp\/v2\/users\/5"}],"replies":[{"embeddable":true,"href":"http:\/\/vientosur.top\/museo\/wp-json\/wp\/v2\/comments?post=2583"}],"version-history":[{"count":0,"href":"http:\/\/vientosur.top\/museo\/wp-json\/wp\/v2\/posts\/2583\/revisions"}],"wp:featuredmedia":[{"embeddable":true,"href":"http:\/\/vientosur.top\/museo\/wp-json\/wp\/v2\/media\/2711"}],"wp:attachment":[{"href":"http:\/\/vientosur.top\/museo\/wp-json\/wp\/v2\/media?parent=2583"}],"wp:term":[{"taxonomy":"category","embeddable":true,"href":"http:\/\/vientosur.top\/museo\/wp-json\/wp\/v2\/categories?post=2583"},{"taxonomy":"post_tag","embeddable":true,"href":"http:\/\/vientosur.top\/museo\/wp-json\/wp\/v2\/tags?post=2583"}],"curies":[{"name":"wp","href":"https:\/\/api.w.org\/{rel}","templated":true}]}}