{"id":2593,"date":"2017-01-23T15:12:04","date_gmt":"2017-01-23T15:12:04","guid":{"rendered":"http:\/\/vientosur.top\/museo\/\/?p=2593"},"modified":"2017-01-23T15:12:04","modified_gmt":"2017-01-23T15:12:04","slug":"isabel-parra-converso-con-el-programa-literario-ojo-en-tinta","status":"publish","type":"post","link":"http:\/\/vientosur.top\/museo\/isabel-parra-converso-con-el-programa-literario-ojo-en-tinta\/","title":{"rendered":"Isabel Parra convers\u00f3 con el programa literario \u201cOjo en Tinta\u201d"},"content":{"rendered":"<p>En su <a href=\"https:\/\/www.youtube.com\/watch?v=_5Py6eqkosU&amp;t=149s\" target=\"_blank\" rel=\"noopener noreferrer\">episodio dedicado a la m\u00fasica chilena<\/a>, el programa\u00a0<a href=\"http:\/\/www.ojoentinta.com\/\">\u201cOjo en Tinta\u201d\u00a0<\/a>de Canal 13C convers\u00f3 con Isabel Parra, autora del \u201cLibro Mayor de Violeta Parra\u201d y Presidenta de la Fundaci\u00f3n Violeta Parra. En la ocasi\u00f3n el periodista Nicol\u00e1s Rojas Inostroza convers\u00f3 con la cantautora sobre la escritura del texto y el viaje de las obras a Chile realizadas por su madre que est\u00e1n expuestas en el Museo Violeta Parra.<\/p>\n<p>&nbsp;<\/p>\n<p>El proyecto en el que participa Rojas, actual Jefe de Comunicaciones y Extensi\u00f3n del Museo Violeta Parra, se adjudic\u00f3 \u00a0el concurso p\u00fablico del Fondo del Libro del Consejo Nacional de la Cultura y las Artes, L\u00ednea Fomento de la Lectura y\/o Escritura, Convocatoria 2017.<\/p>\n<p>&nbsp;<\/p>\n<p>Los aportes del Consejo Nacional de la Cultura y las Artes permitir\u00e1n realizar la tercera temporada del programa de fomento lector <a href=\"http:\/\/www.ojoentinta.com\" target=\"_blank\" rel=\"noopener noreferrer\">\u201cOjo en Tinta\u201d<\/a> que ser\u00e1 emitido en 12 cap\u00edtulos de 25 minutos por UCV Televisi\u00f3n y en c\u00e1psulas de 1 minuto por el segmento cultural \u201cMientras tanto\u201d de TVN y su se\u00f1al internacional.<\/p>\n<p>&nbsp;<\/p>\n<p>La realizaci\u00f3n audiovisual estar\u00e1 a cargo del colectivo <a href=\"http:\/\/www.ojoentinta.com\/\">La Vitrola<\/a>, que recibi\u00f3 \u2014a fines de 2016\u2014 el <a href=\"http:\/\/www.gob.cl\/presidenta-entrego-premio-la-musica-nacional-presidente-la-republica-2016\/\">Premio Presidente de la Rep\u00fablica<\/a> por su aporte en la categor\u00eda mejor edici\u00f3n musical.<\/p>\n<p>&nbsp;<\/p>\n<p>&nbsp;<\/p>\n<p><iframe src=\"https:\/\/www.youtube.com\/embed\/AnbTNeOM7Rw\" width=\"560\" height=\"315\" frameborder=\"0\" allowfullscreen=\"allowfullscreen\"><\/iframe><\/p>\n<p>&nbsp;<\/p>\n<p>&nbsp;<\/p>\n","protected":false},"excerpt":{"rendered":"<p>En su episodio dedicado a la m\u00fasica chilena, el programa\u00a0\u201cOjo en Tinta\u201d\u00a0de Canal 13C convers\u00f3 con Isabel Parra, autora del \u201cLibro Mayor de Violeta Parra\u201d y Presidenta de la Fundaci\u00f3n Violeta Parra. En la ocasi\u00f3n el periodista Nicol\u00e1s Rojas Inostroza convers\u00f3 con la cantautora sobre la escritura del texto y el viaje de las obras [&hellip;]<\/p>\n","protected":false},"author":5,"featured_media":2611,"comment_status":"open","ping_status":"open","sticky":false,"template":"","format":"standard","meta":{"site-sidebar-layout":"default","site-content-layout":"","ast-site-content-layout":"default","site-content-style":"default","site-sidebar-style":"default","ast-global-header-display":"","ast-banner-title-visibility":"","ast-main-header-display":"","ast-hfb-above-header-display":"","ast-hfb-below-header-display":"","ast-hfb-mobile-header-display":"","site-post-title":"","ast-breadcrumbs-content":"","ast-featured-img":"","footer-sml-layout":"","theme-transparent-header-meta":"","adv-header-id-meta":"","stick-header-meta":"","header-above-stick-meta":"","header-main-stick-meta":"","header-below-stick-meta":"","astra-migrate-meta-layouts":"default","ast-page-background-enabled":"default","ast-page-background-meta":{"desktop":{"background-color":"var(--ast-global-color-4)","background-image":"","background-repeat":"repeat","background-position":"center center","background-size":"auto","background-attachment":"scroll","background-type":"","background-media":"","overlay-type":"","overlay-color":"","overlay-opacity":"","overlay-gradient":""},"tablet":{"background-color":"","background-image":"","background-repeat":"repeat","background-position":"center center","background-size":"auto","background-attachment":"scroll","background-type":"","background-media":"","overlay-type":"","overlay-color":"","overlay-opacity":"","overlay-gradient":""},"mobile":{"background-color":"","background-image":"","background-repeat":"repeat","background-position":"center center","background-size":"auto","background-attachment":"scroll","background-type":"","background-media":"","overlay-type":"","overlay-color":"","overlay-opacity":"","overlay-gradient":""}},"ast-content-background-meta":{"desktop":{"background-color":"var(--ast-global-color-5)","background-image":"","background-repeat":"repeat","background-position":"center center","background-size":"auto","background-attachment":"scroll","background-type":"","background-media":"","overlay-type":"","overlay-color":"","overlay-opacity":"","overlay-gradient":""},"tablet":{"background-color":"var(--ast-global-color-5)","background-image":"","background-repeat":"repeat","background-position":"center center","background-size":"auto","background-attachment":"scroll","background-type":"","background-media":"","overlay-type":"","overlay-color":"","overlay-opacity":"","overlay-gradient":""},"mobile":{"background-color":"var(--ast-global-color-5)","background-image":"","background-repeat":"repeat","background-position":"center center","background-size":"auto","background-attachment":"scroll","background-type":"","background-media":"","overlay-type":"","overlay-color":"","overlay-opacity":"","overlay-gradient":""}},"footnotes":""},"categories":[59,8,61],"tags":[],"class_list":["post-2593","post","type-post","status-publish","format-standard","has-post-thumbnail","hentry","category-destacado-noticia","category-noticias","category-novedades"],"yoast_head":"<!-- This site is optimized with the Yoast SEO plugin v25.4 - https:\/\/yoast.com\/wordpress\/plugins\/seo\/ -->\n<title>Isabel Parra convers\u00f3 con el programa literario \u201cOjo en Tinta\u201d - Museo Violeta Parra<\/title>\n<meta name=\"robots\" content=\"index, follow, max-snippet:-1, max-image-preview:large, max-video-preview:-1\" \/>\n<link rel=\"canonical\" href=\"http:\/\/vientosur.top\/museo\/isabel-parra-converso-con-el-programa-literario-ojo-en-tinta\/\" \/>\n<meta property=\"og:locale\" content=\"es_ES\" \/>\n<meta property=\"og:type\" content=\"article\" \/>\n<meta property=\"og:title\" content=\"Isabel Parra convers\u00f3 con el programa literario \u201cOjo en Tinta\u201d - Museo Violeta Parra\" \/>\n<meta property=\"og:description\" content=\"En su episodio dedicado a la m\u00fasica chilena, el programa\u00a0\u201cOjo en Tinta\u201d\u00a0de Canal 13C convers\u00f3 con Isabel Parra, autora del \u201cLibro Mayor de Violeta Parra\u201d y Presidenta de la Fundaci\u00f3n Violeta Parra. En la ocasi\u00f3n el periodista Nicol\u00e1s Rojas Inostroza convers\u00f3 con la cantautora sobre la escritura del texto y el viaje de las obras [&hellip;]\" \/>\n<meta property=\"og:url\" content=\"http:\/\/vientosur.top\/museo\/isabel-parra-converso-con-el-programa-literario-ojo-en-tinta\/\" \/>\n<meta property=\"og:site_name\" content=\"Museo Violeta Parra\" \/>\n<meta property=\"article:published_time\" content=\"2017-01-23T15:12:04+00:00\" \/>\n<meta property=\"og:image\" content=\"http:\/\/vientosur.top\/museo\/wp-content\/uploads\/2017\/01\/IsabelParra-1.jpg\" \/>\n\t<meta property=\"og:image:width\" content=\"1366\" \/>\n\t<meta property=\"og:image:height\" content=\"768\" \/>\n\t<meta property=\"og:image:type\" content=\"image\/jpeg\" \/>\n<meta name=\"author\" content=\"admin\" \/>\n<meta name=\"twitter:card\" content=\"summary_large_image\" \/>\n<meta name=\"twitter:label1\" content=\"Escrito por\" \/>\n\t<meta name=\"twitter:data1\" content=\"admin\" \/>\n\t<meta name=\"twitter:label2\" content=\"Tiempo de lectura\" \/>\n\t<meta name=\"twitter:data2\" content=\"1 minuto\" \/>\n<script type=\"application\/ld+json\" class=\"yoast-schema-graph\">{\"@context\":\"https:\/\/schema.org\",\"@graph\":[{\"@type\":\"WebPage\",\"@id\":\"http:\/\/vientosur.top\/museo\/isabel-parra-converso-con-el-programa-literario-ojo-en-tinta\/\",\"url\":\"http:\/\/vientosur.top\/museo\/isabel-parra-converso-con-el-programa-literario-ojo-en-tinta\/\",\"name\":\"Isabel Parra convers\u00f3 con el programa literario \u201cOjo en Tinta\u201d - Museo Violeta Parra\",\"isPartOf\":{\"@id\":\"http:\/\/vientosur.top\/museo\/#website\"},\"primaryImageOfPage\":{\"@id\":\"http:\/\/vientosur.top\/museo\/isabel-parra-converso-con-el-programa-literario-ojo-en-tinta\/#primaryimage\"},\"image\":{\"@id\":\"http:\/\/vientosur.top\/museo\/isabel-parra-converso-con-el-programa-literario-ojo-en-tinta\/#primaryimage\"},\"thumbnailUrl\":\"http:\/\/vientosur.top\/museo\/wp-content\/uploads\/2017\/01\/IsabelParra-1.jpg\",\"datePublished\":\"2017-01-23T15:12:04+00:00\",\"author\":{\"@id\":\"http:\/\/vientosur.top\/museo\/#\/schema\/person\/20c79d3c38800971feec8c2693c3dd9c\"},\"breadcrumb\":{\"@id\":\"http:\/\/vientosur.top\/museo\/isabel-parra-converso-con-el-programa-literario-ojo-en-tinta\/#breadcrumb\"},\"inLanguage\":\"es\",\"potentialAction\":[{\"@type\":\"ReadAction\",\"target\":[\"http:\/\/vientosur.top\/museo\/isabel-parra-converso-con-el-programa-literario-ojo-en-tinta\/\"]}]},{\"@type\":\"ImageObject\",\"inLanguage\":\"es\",\"@id\":\"http:\/\/vientosur.top\/museo\/isabel-parra-converso-con-el-programa-literario-ojo-en-tinta\/#primaryimage\",\"url\":\"http:\/\/vientosur.top\/museo\/wp-content\/uploads\/2017\/01\/IsabelParra-1.jpg\",\"contentUrl\":\"http:\/\/vientosur.top\/museo\/wp-content\/uploads\/2017\/01\/IsabelParra-1.jpg\",\"width\":1366,\"height\":768},{\"@type\":\"BreadcrumbList\",\"@id\":\"http:\/\/vientosur.top\/museo\/isabel-parra-converso-con-el-programa-literario-ojo-en-tinta\/#breadcrumb\",\"itemListElement\":[{\"@type\":\"ListItem\",\"position\":1,\"name\":\"Portada\",\"item\":\"http:\/\/vientosur.top\/museo\/\"},{\"@type\":\"ListItem\",\"position\":2,\"name\":\"Isabel Parra convers\u00f3 con el programa literario \u201cOjo en Tinta\u201d\"}]},{\"@type\":\"WebSite\",\"@id\":\"http:\/\/vientosur.top\/museo\/#website\",\"url\":\"http:\/\/vientosur.top\/museo\/\",\"name\":\"Museo Violeta Parra\",\"description\":\"Espacio que alberga tanto la memoria y legado creativo de la artista\",\"potentialAction\":[{\"@type\":\"SearchAction\",\"target\":{\"@type\":\"EntryPoint\",\"urlTemplate\":\"http:\/\/vientosur.top\/museo\/?s={search_term_string}\"},\"query-input\":{\"@type\":\"PropertyValueSpecification\",\"valueRequired\":true,\"valueName\":\"search_term_string\"}}],\"inLanguage\":\"es\"},{\"@type\":\"Person\",\"@id\":\"http:\/\/vientosur.top\/museo\/#\/schema\/person\/20c79d3c38800971feec8c2693c3dd9c\",\"name\":\"admin\",\"image\":{\"@type\":\"ImageObject\",\"inLanguage\":\"es\",\"@id\":\"http:\/\/vientosur.top\/museo\/#\/schema\/person\/image\/\",\"url\":\"https:\/\/secure.gravatar.com\/avatar\/713677ece3ffa642287213a80e5b773bce9ab81c269dd6d95102a990951c922f?s=96&d=mm&r=g\",\"contentUrl\":\"https:\/\/secure.gravatar.com\/avatar\/713677ece3ffa642287213a80e5b773bce9ab81c269dd6d95102a990951c922f?s=96&d=mm&r=g\",\"caption\":\"admin\"},\"sameAs\":[\"http:\/\/vientosur.top\/museo\"],\"url\":\"http:\/\/vientosur.top\/museo\/author\/comunicacionesmvp\/\"}]}<\/script>\n<!-- \/ Yoast SEO plugin. -->","yoast_head_json":{"title":"Isabel Parra convers\u00f3 con el programa literario \u201cOjo en Tinta\u201d - Museo Violeta Parra","robots":{"index":"index","follow":"follow","max-snippet":"max-snippet:-1","max-image-preview":"max-image-preview:large","max-video-preview":"max-video-preview:-1"},"canonical":"http:\/\/vientosur.top\/museo\/isabel-parra-converso-con-el-programa-literario-ojo-en-tinta\/","og_locale":"es_ES","og_type":"article","og_title":"Isabel Parra convers\u00f3 con el programa literario \u201cOjo en Tinta\u201d - Museo Violeta Parra","og_description":"En su episodio dedicado a la m\u00fasica chilena, el programa\u00a0\u201cOjo en Tinta\u201d\u00a0de Canal 13C convers\u00f3 con Isabel Parra, autora del \u201cLibro Mayor de Violeta Parra\u201d y Presidenta de la Fundaci\u00f3n Violeta Parra. En la ocasi\u00f3n el periodista Nicol\u00e1s Rojas Inostroza convers\u00f3 con la cantautora sobre la escritura del texto y el viaje de las obras [&hellip;]","og_url":"http:\/\/vientosur.top\/museo\/isabel-parra-converso-con-el-programa-literario-ojo-en-tinta\/","og_site_name":"Museo Violeta Parra","article_published_time":"2017-01-23T15:12:04+00:00","og_image":[{"width":1366,"height":768,"url":"http:\/\/vientosur.top\/museo\/wp-content\/uploads\/2017\/01\/IsabelParra-1.jpg","type":"image\/jpeg"}],"author":"admin","twitter_card":"summary_large_image","twitter_misc":{"Escrito por":"admin","Tiempo de lectura":"1 minuto"},"schema":{"@context":"https:\/\/schema.org","@graph":[{"@type":"WebPage","@id":"http:\/\/vientosur.top\/museo\/isabel-parra-converso-con-el-programa-literario-ojo-en-tinta\/","url":"http:\/\/vientosur.top\/museo\/isabel-parra-converso-con-el-programa-literario-ojo-en-tinta\/","name":"Isabel Parra convers\u00f3 con el programa literario \u201cOjo en Tinta\u201d - Museo Violeta Parra","isPartOf":{"@id":"http:\/\/vientosur.top\/museo\/#website"},"primaryImageOfPage":{"@id":"http:\/\/vientosur.top\/museo\/isabel-parra-converso-con-el-programa-literario-ojo-en-tinta\/#primaryimage"},"image":{"@id":"http:\/\/vientosur.top\/museo\/isabel-parra-converso-con-el-programa-literario-ojo-en-tinta\/#primaryimage"},"thumbnailUrl":"http:\/\/vientosur.top\/museo\/wp-content\/uploads\/2017\/01\/IsabelParra-1.jpg","datePublished":"2017-01-23T15:12:04+00:00","author":{"@id":"http:\/\/vientosur.top\/museo\/#\/schema\/person\/20c79d3c38800971feec8c2693c3dd9c"},"breadcrumb":{"@id":"http:\/\/vientosur.top\/museo\/isabel-parra-converso-con-el-programa-literario-ojo-en-tinta\/#breadcrumb"},"inLanguage":"es","potentialAction":[{"@type":"ReadAction","target":["http:\/\/vientosur.top\/museo\/isabel-parra-converso-con-el-programa-literario-ojo-en-tinta\/"]}]},{"@type":"ImageObject","inLanguage":"es","@id":"http:\/\/vientosur.top\/museo\/isabel-parra-converso-con-el-programa-literario-ojo-en-tinta\/#primaryimage","url":"http:\/\/vientosur.top\/museo\/wp-content\/uploads\/2017\/01\/IsabelParra-1.jpg","contentUrl":"http:\/\/vientosur.top\/museo\/wp-content\/uploads\/2017\/01\/IsabelParra-1.jpg","width":1366,"height":768},{"@type":"BreadcrumbList","@id":"http:\/\/vientosur.top\/museo\/isabel-parra-converso-con-el-programa-literario-ojo-en-tinta\/#breadcrumb","itemListElement":[{"@type":"ListItem","position":1,"name":"Portada","item":"http:\/\/vientosur.top\/museo\/"},{"@type":"ListItem","position":2,"name":"Isabel Parra convers\u00f3 con el programa literario \u201cOjo en Tinta\u201d"}]},{"@type":"WebSite","@id":"http:\/\/vientosur.top\/museo\/#website","url":"http:\/\/vientosur.top\/museo\/","name":"Museo Violeta Parra","description":"Espacio que alberga tanto la memoria y legado creativo de la artista","potentialAction":[{"@type":"SearchAction","target":{"@type":"EntryPoint","urlTemplate":"http:\/\/vientosur.top\/museo\/?s={search_term_string}"},"query-input":{"@type":"PropertyValueSpecification","valueRequired":true,"valueName":"search_term_string"}}],"inLanguage":"es"},{"@type":"Person","@id":"http:\/\/vientosur.top\/museo\/#\/schema\/person\/20c79d3c38800971feec8c2693c3dd9c","name":"admin","image":{"@type":"ImageObject","inLanguage":"es","@id":"http:\/\/vientosur.top\/museo\/#\/schema\/person\/image\/","url":"https:\/\/secure.gravatar.com\/avatar\/713677ece3ffa642287213a80e5b773bce9ab81c269dd6d95102a990951c922f?s=96&d=mm&r=g","contentUrl":"https:\/\/secure.gravatar.com\/avatar\/713677ece3ffa642287213a80e5b773bce9ab81c269dd6d95102a990951c922f?s=96&d=mm&r=g","caption":"admin"},"sameAs":["http:\/\/vientosur.top\/museo"],"url":"http:\/\/vientosur.top\/museo\/author\/comunicacionesmvp\/"}]}},"_links":{"self":[{"href":"http:\/\/vientosur.top\/museo\/wp-json\/wp\/v2\/posts\/2593","targetHints":{"allow":["GET"]}}],"collection":[{"href":"http:\/\/vientosur.top\/museo\/wp-json\/wp\/v2\/posts"}],"about":[{"href":"http:\/\/vientosur.top\/museo\/wp-json\/wp\/v2\/types\/post"}],"author":[{"embeddable":true,"href":"http:\/\/vientosur.top\/museo\/wp-json\/wp\/v2\/users\/5"}],"replies":[{"embeddable":true,"href":"http:\/\/vientosur.top\/museo\/wp-json\/wp\/v2\/comments?post=2593"}],"version-history":[{"count":0,"href":"http:\/\/vientosur.top\/museo\/wp-json\/wp\/v2\/posts\/2593\/revisions"}],"wp:featuredmedia":[{"embeddable":true,"href":"http:\/\/vientosur.top\/museo\/wp-json\/wp\/v2\/media\/2611"}],"wp:attachment":[{"href":"http:\/\/vientosur.top\/museo\/wp-json\/wp\/v2\/media?parent=2593"}],"wp:term":[{"taxonomy":"category","embeddable":true,"href":"http:\/\/vientosur.top\/museo\/wp-json\/wp\/v2\/categories?post=2593"},{"taxonomy":"post_tag","embeddable":true,"href":"http:\/\/vientosur.top\/museo\/wp-json\/wp\/v2\/tags?post=2593"}],"curies":[{"name":"wp","href":"https:\/\/api.w.org\/{rel}","templated":true}]}}