{"id":2612,"date":"2017-01-23T16:32:52","date_gmt":"2017-01-23T16:32:52","guid":{"rendered":"http:\/\/vientosur.top\/museo\/\/?p=2612"},"modified":"2017-01-23T16:32:52","modified_gmt":"2017-01-23T16:32:52","slug":"museo-violeta-parra-presentara-libro-nueve-cuentos-de-rafaela-contreras-de-dario-primera-escritora-modernista-centroamericana","status":"publish","type":"post","link":"http:\/\/vientosur.top\/museo\/museo-violeta-parra-presentara-libro-nueve-cuentos-de-rafaela-contreras-de-dario-primera-escritora-modernista-centroamericana\/","title":{"rendered":"Museo Violeta Parra present\u00f3 libro \u201cNueve cuentos\u201d de Rafaela Contreras de Dar\u00edo, primera escritora modernista centroamericana"},"content":{"rendered":"<p><em>El 25 de enero se realiz\u00f3 este lanzamiento en el marco de la conmemoraci\u00f3n de los 150 a\u00f1os del natalicio del poeta nicarag\u00fcense y de los 100 de la autora de \u201cGracias a la vida\u201d. <\/em><\/p>\n<p>&nbsp;<\/p>\n<p>F\u00e9lix Rub\u00e9n Garc\u00eda Sarmiento, mundialmente conocido como\u00a0Rub\u00e9n Dar\u00edo, naci\u00f3 el 18 de enero de 1867 en la ciudad de Metapa. Este poeta, periodista y diplom\u00e1tico nicarag\u00fcense es conocido como el m\u00e1ximo representante del modernismo literario en la lengua espa\u00f1ola y su primera esposa, Rafaela Contreras (Stella), destaca como la primera escritora modernista centroamericana. A 150 a\u00f1os del natalicio del autor de \u201cAzul\u201d, el Museo Violeta Parra realiz\u00f3 un homenaje el mi\u00e9rcoles 25 de enero a las 12:00 horas en el Auditorio Antar, ubicado en Vicu\u00f1a Mackenna 37.<\/p>\n<p>&nbsp;<\/p>\n<p>La actividad cont\u00f3 con la participaci\u00f3n de Cecilia Garc\u00eda-Huidobro, Directora del Museo Violeta Parra, y las Embajadoras Mar\u00eda Luisa Robleto, de Nicaragua, y Mar\u00eda Antonia Navarro, de Honduras. En la ocasi\u00f3n el escritor Thomas Harrris, Jefe de Ediciones Biblioteca Nacional de Chile, presentar\u00e1 el libro \u201cNueve cuentos\u201d, escrito por Rafaela Contreras (Stella). Finalmente Lorena Bruna, mediadora educativa del Museo, declamar\u00e1 \u201cPaisaje\u201d, texto en el que Rub\u00e9n Dar\u00edo describi\u00f3 la ciudad de Santiago.<\/p>\n<p>&nbsp;<\/p>\n<p><strong>La obra de una pionera <\/strong><\/p>\n<p>&nbsp;<\/p>\n<p>Rafaela Contreras naci\u00f3 el 21 de mayo de 1868 en San Jos\u00e9 de Costa Rica. Era hija del pol\u00edtico liberal hondure\u00f1o \u00c1lvaro Contreras Membre\u00f1o y de Manuela Ca\u00f1as Hidalgo. Vivi\u00f3 una vida corta, pero de vital importancia para la historia del modernismo. Comenz\u00f3 a publicar sus cuentos, con el pseud\u00f3nimo de Stella, en el peri\u00f3dico La Uni\u00f3n de El Salvador y, despu\u00e9s de su matrimonio con Rub\u00e9n Dar\u00edo en 1890, se traslad\u00f3 a Guatemala donde public\u00f3 en otros medios impresos. El nacimiento de su primer hijo la dej\u00f3 d\u00e9bil y enferma. Muri\u00f3 durante una operaci\u00f3n en 1893.<\/p>\n<p>&nbsp;<\/p>\n<p>Su producci\u00f3n literaria fue olvidada hasta que la investigadora Evelyn Uhrhan de Irving encontr\u00f3 en hemerotecas centroamericanas los siete cuentos que public\u00f3 en el libro \u201cShort Stories by Rafaela Contreras de Dar\u00edo\u201d (1965). Esta edici\u00f3n del libro \u201cNueve cuentos\u201d fue publicada gracias a un esfuerzo conjunto entre las embajadas de Honduras, Nicaragua, la Biblioteca Nacional de Chile y la Direcci\u00f3n de Bibliotecas, Archivos y Museos (DIBAM).<\/p>\n","protected":false},"excerpt":{"rendered":"<p>El 25 de enero se realiz\u00f3 este lanzamiento en el marco de la conmemoraci\u00f3n de los 150 a\u00f1os del natalicio del poeta nicarag\u00fcense y de los 100 de la autora de \u201cGracias a la vida\u201d. &nbsp; F\u00e9lix Rub\u00e9n Garc\u00eda Sarmiento, mundialmente conocido como\u00a0Rub\u00e9n Dar\u00edo, naci\u00f3 el 18 de enero de 1867 en la ciudad de [&hellip;]<\/p>\n","protected":false},"author":5,"featured_media":2618,"comment_status":"open","ping_status":"open","sticky":false,"template":"","format":"standard","meta":{"site-sidebar-layout":"default","site-content-layout":"","ast-site-content-layout":"default","site-content-style":"default","site-sidebar-style":"default","ast-global-header-display":"","ast-banner-title-visibility":"","ast-main-header-display":"","ast-hfb-above-header-display":"","ast-hfb-below-header-display":"","ast-hfb-mobile-header-display":"","site-post-title":"","ast-breadcrumbs-content":"","ast-featured-img":"","footer-sml-layout":"","theme-transparent-header-meta":"","adv-header-id-meta":"","stick-header-meta":"","header-above-stick-meta":"","header-main-stick-meta":"","header-below-stick-meta":"","astra-migrate-meta-layouts":"default","ast-page-background-enabled":"default","ast-page-background-meta":{"desktop":{"background-color":"var(--ast-global-color-4)","background-image":"","background-repeat":"repeat","background-position":"center center","background-size":"auto","background-attachment":"scroll","background-type":"","background-media":"","overlay-type":"","overlay-color":"","overlay-opacity":"","overlay-gradient":""},"tablet":{"background-color":"","background-image":"","background-repeat":"repeat","background-position":"center center","background-size":"auto","background-attachment":"scroll","background-type":"","background-media":"","overlay-type":"","overlay-color":"","overlay-opacity":"","overlay-gradient":""},"mobile":{"background-color":"","background-image":"","background-repeat":"repeat","background-position":"center center","background-size":"auto","background-attachment":"scroll","background-type":"","background-media":"","overlay-type":"","overlay-color":"","overlay-opacity":"","overlay-gradient":""}},"ast-content-background-meta":{"desktop":{"background-color":"var(--ast-global-color-5)","background-image":"","background-repeat":"repeat","background-position":"center center","background-size":"auto","background-attachment":"scroll","background-type":"","background-media":"","overlay-type":"","overlay-color":"","overlay-opacity":"","overlay-gradient":""},"tablet":{"background-color":"var(--ast-global-color-5)","background-image":"","background-repeat":"repeat","background-position":"center center","background-size":"auto","background-attachment":"scroll","background-type":"","background-media":"","overlay-type":"","overlay-color":"","overlay-opacity":"","overlay-gradient":""},"mobile":{"background-color":"var(--ast-global-color-5)","background-image":"","background-repeat":"repeat","background-position":"center center","background-size":"auto","background-attachment":"scroll","background-type":"","background-media":"","overlay-type":"","overlay-color":"","overlay-opacity":"","overlay-gradient":""}},"footnotes":""},"categories":[59,8,61],"tags":[],"class_list":["post-2612","post","type-post","status-publish","format-standard","has-post-thumbnail","hentry","category-destacado-noticia","category-noticias","category-novedades"],"yoast_head":"<!-- This site is optimized with the Yoast SEO plugin v25.4 - https:\/\/yoast.com\/wordpress\/plugins\/seo\/ -->\n<title>Museo Violeta Parra present\u00f3 libro \u201cNueve cuentos\u201d de Rafaela Contreras de Dar\u00edo, primera escritora modernista centroamericana - Museo Violeta Parra<\/title>\n<meta name=\"robots\" content=\"index, follow, max-snippet:-1, max-image-preview:large, max-video-preview:-1\" \/>\n<link rel=\"canonical\" href=\"http:\/\/vientosur.top\/museo\/museo-violeta-parra-presentara-libro-nueve-cuentos-de-rafaela-contreras-de-dario-primera-escritora-modernista-centroamericana\/\" \/>\n<meta property=\"og:locale\" content=\"es_ES\" \/>\n<meta property=\"og:type\" content=\"article\" \/>\n<meta property=\"og:title\" content=\"Museo Violeta Parra present\u00f3 libro \u201cNueve cuentos\u201d de Rafaela Contreras de Dar\u00edo, primera escritora modernista centroamericana - Museo Violeta Parra\" \/>\n<meta property=\"og:description\" content=\"El 25 de enero se realiz\u00f3 este lanzamiento en el marco de la conmemoraci\u00f3n de los 150 a\u00f1os del natalicio del poeta nicarag\u00fcense y de los 100 de la autora de \u201cGracias a la vida\u201d. &nbsp; F\u00e9lix Rub\u00e9n Garc\u00eda Sarmiento, mundialmente conocido como\u00a0Rub\u00e9n Dar\u00edo, naci\u00f3 el 18 de enero de 1867 en la ciudad de [&hellip;]\" \/>\n<meta property=\"og:url\" content=\"http:\/\/vientosur.top\/museo\/museo-violeta-parra-presentara-libro-nueve-cuentos-de-rafaela-contreras-de-dario-primera-escritora-modernista-centroamericana\/\" \/>\n<meta property=\"og:site_name\" content=\"Museo Violeta Parra\" \/>\n<meta property=\"article:published_time\" content=\"2017-01-23T16:32:52+00:00\" \/>\n<meta name=\"author\" content=\"admin\" \/>\n<meta name=\"twitter:card\" content=\"summary_large_image\" \/>\n<meta name=\"twitter:label1\" content=\"Escrito por\" \/>\n\t<meta name=\"twitter:data1\" content=\"admin\" \/>\n\t<meta name=\"twitter:label2\" content=\"Tiempo de lectura\" \/>\n\t<meta name=\"twitter:data2\" content=\"2 minutos\" \/>\n<script type=\"application\/ld+json\" class=\"yoast-schema-graph\">{\"@context\":\"https:\/\/schema.org\",\"@graph\":[{\"@type\":\"WebPage\",\"@id\":\"http:\/\/vientosur.top\/museo\/museo-violeta-parra-presentara-libro-nueve-cuentos-de-rafaela-contreras-de-dario-primera-escritora-modernista-centroamericana\/\",\"url\":\"http:\/\/vientosur.top\/museo\/museo-violeta-parra-presentara-libro-nueve-cuentos-de-rafaela-contreras-de-dario-primera-escritora-modernista-centroamericana\/\",\"name\":\"Museo Violeta Parra present\u00f3 libro \u201cNueve cuentos\u201d de Rafaela Contreras de Dar\u00edo, primera escritora modernista centroamericana - Museo Violeta Parra\",\"isPartOf\":{\"@id\":\"http:\/\/vientosur.top\/museo\/#website\"},\"primaryImageOfPage\":{\"@id\":\"http:\/\/vientosur.top\/museo\/museo-violeta-parra-presentara-libro-nueve-cuentos-de-rafaela-contreras-de-dario-primera-escritora-modernista-centroamericana\/#primaryimage\"},\"image\":{\"@id\":\"http:\/\/vientosur.top\/museo\/museo-violeta-parra-presentara-libro-nueve-cuentos-de-rafaela-contreras-de-dario-primera-escritora-modernista-centroamericana\/#primaryimage\"},\"thumbnailUrl\":\"\",\"datePublished\":\"2017-01-23T16:32:52+00:00\",\"author\":{\"@id\":\"http:\/\/vientosur.top\/museo\/#\/schema\/person\/20c79d3c38800971feec8c2693c3dd9c\"},\"breadcrumb\":{\"@id\":\"http:\/\/vientosur.top\/museo\/museo-violeta-parra-presentara-libro-nueve-cuentos-de-rafaela-contreras-de-dario-primera-escritora-modernista-centroamericana\/#breadcrumb\"},\"inLanguage\":\"es\",\"potentialAction\":[{\"@type\":\"ReadAction\",\"target\":[\"http:\/\/vientosur.top\/museo\/museo-violeta-parra-presentara-libro-nueve-cuentos-de-rafaela-contreras-de-dario-primera-escritora-modernista-centroamericana\/\"]}]},{\"@type\":\"ImageObject\",\"inLanguage\":\"es\",\"@id\":\"http:\/\/vientosur.top\/museo\/museo-violeta-parra-presentara-libro-nueve-cuentos-de-rafaela-contreras-de-dario-primera-escritora-modernista-centroamericana\/#primaryimage\",\"url\":\"\",\"contentUrl\":\"\"},{\"@type\":\"BreadcrumbList\",\"@id\":\"http:\/\/vientosur.top\/museo\/museo-violeta-parra-presentara-libro-nueve-cuentos-de-rafaela-contreras-de-dario-primera-escritora-modernista-centroamericana\/#breadcrumb\",\"itemListElement\":[{\"@type\":\"ListItem\",\"position\":1,\"name\":\"Portada\",\"item\":\"http:\/\/vientosur.top\/museo\/\"},{\"@type\":\"ListItem\",\"position\":2,\"name\":\"Museo Violeta Parra present\u00f3 libro \u201cNueve cuentos\u201d de Rafaela Contreras de Dar\u00edo, primera escritora modernista centroamericana\"}]},{\"@type\":\"WebSite\",\"@id\":\"http:\/\/vientosur.top\/museo\/#website\",\"url\":\"http:\/\/vientosur.top\/museo\/\",\"name\":\"Museo Violeta Parra\",\"description\":\"Espacio que alberga tanto la memoria y legado creativo de la artista\",\"potentialAction\":[{\"@type\":\"SearchAction\",\"target\":{\"@type\":\"EntryPoint\",\"urlTemplate\":\"http:\/\/vientosur.top\/museo\/?s={search_term_string}\"},\"query-input\":{\"@type\":\"PropertyValueSpecification\",\"valueRequired\":true,\"valueName\":\"search_term_string\"}}],\"inLanguage\":\"es\"},{\"@type\":\"Person\",\"@id\":\"http:\/\/vientosur.top\/museo\/#\/schema\/person\/20c79d3c38800971feec8c2693c3dd9c\",\"name\":\"admin\",\"image\":{\"@type\":\"ImageObject\",\"inLanguage\":\"es\",\"@id\":\"http:\/\/vientosur.top\/museo\/#\/schema\/person\/image\/\",\"url\":\"https:\/\/secure.gravatar.com\/avatar\/713677ece3ffa642287213a80e5b773bce9ab81c269dd6d95102a990951c922f?s=96&d=mm&r=g\",\"contentUrl\":\"https:\/\/secure.gravatar.com\/avatar\/713677ece3ffa642287213a80e5b773bce9ab81c269dd6d95102a990951c922f?s=96&d=mm&r=g\",\"caption\":\"admin\"},\"sameAs\":[\"http:\/\/vientosur.top\/museo\"],\"url\":\"http:\/\/vientosur.top\/museo\/author\/comunicacionesmvp\/\"}]}<\/script>\n<!-- \/ Yoast SEO plugin. -->","yoast_head_json":{"title":"Museo Violeta Parra present\u00f3 libro \u201cNueve cuentos\u201d de Rafaela Contreras de Dar\u00edo, primera escritora modernista centroamericana - Museo Violeta Parra","robots":{"index":"index","follow":"follow","max-snippet":"max-snippet:-1","max-image-preview":"max-image-preview:large","max-video-preview":"max-video-preview:-1"},"canonical":"http:\/\/vientosur.top\/museo\/museo-violeta-parra-presentara-libro-nueve-cuentos-de-rafaela-contreras-de-dario-primera-escritora-modernista-centroamericana\/","og_locale":"es_ES","og_type":"article","og_title":"Museo Violeta Parra present\u00f3 libro \u201cNueve cuentos\u201d de Rafaela Contreras de Dar\u00edo, primera escritora modernista centroamericana - Museo Violeta Parra","og_description":"El 25 de enero se realiz\u00f3 este lanzamiento en el marco de la conmemoraci\u00f3n de los 150 a\u00f1os del natalicio del poeta nicarag\u00fcense y de los 100 de la autora de \u201cGracias a la vida\u201d. &nbsp; F\u00e9lix Rub\u00e9n Garc\u00eda Sarmiento, mundialmente conocido como\u00a0Rub\u00e9n Dar\u00edo, naci\u00f3 el 18 de enero de 1867 en la ciudad de [&hellip;]","og_url":"http:\/\/vientosur.top\/museo\/museo-violeta-parra-presentara-libro-nueve-cuentos-de-rafaela-contreras-de-dario-primera-escritora-modernista-centroamericana\/","og_site_name":"Museo Violeta Parra","article_published_time":"2017-01-23T16:32:52+00:00","author":"admin","twitter_card":"summary_large_image","twitter_misc":{"Escrito por":"admin","Tiempo de lectura":"2 minutos"},"schema":{"@context":"https:\/\/schema.org","@graph":[{"@type":"WebPage","@id":"http:\/\/vientosur.top\/museo\/museo-violeta-parra-presentara-libro-nueve-cuentos-de-rafaela-contreras-de-dario-primera-escritora-modernista-centroamericana\/","url":"http:\/\/vientosur.top\/museo\/museo-violeta-parra-presentara-libro-nueve-cuentos-de-rafaela-contreras-de-dario-primera-escritora-modernista-centroamericana\/","name":"Museo Violeta Parra present\u00f3 libro \u201cNueve cuentos\u201d de Rafaela Contreras de Dar\u00edo, primera escritora modernista centroamericana - Museo Violeta Parra","isPartOf":{"@id":"http:\/\/vientosur.top\/museo\/#website"},"primaryImageOfPage":{"@id":"http:\/\/vientosur.top\/museo\/museo-violeta-parra-presentara-libro-nueve-cuentos-de-rafaela-contreras-de-dario-primera-escritora-modernista-centroamericana\/#primaryimage"},"image":{"@id":"http:\/\/vientosur.top\/museo\/museo-violeta-parra-presentara-libro-nueve-cuentos-de-rafaela-contreras-de-dario-primera-escritora-modernista-centroamericana\/#primaryimage"},"thumbnailUrl":"","datePublished":"2017-01-23T16:32:52+00:00","author":{"@id":"http:\/\/vientosur.top\/museo\/#\/schema\/person\/20c79d3c38800971feec8c2693c3dd9c"},"breadcrumb":{"@id":"http:\/\/vientosur.top\/museo\/museo-violeta-parra-presentara-libro-nueve-cuentos-de-rafaela-contreras-de-dario-primera-escritora-modernista-centroamericana\/#breadcrumb"},"inLanguage":"es","potentialAction":[{"@type":"ReadAction","target":["http:\/\/vientosur.top\/museo\/museo-violeta-parra-presentara-libro-nueve-cuentos-de-rafaela-contreras-de-dario-primera-escritora-modernista-centroamericana\/"]}]},{"@type":"ImageObject","inLanguage":"es","@id":"http:\/\/vientosur.top\/museo\/museo-violeta-parra-presentara-libro-nueve-cuentos-de-rafaela-contreras-de-dario-primera-escritora-modernista-centroamericana\/#primaryimage","url":"","contentUrl":""},{"@type":"BreadcrumbList","@id":"http:\/\/vientosur.top\/museo\/museo-violeta-parra-presentara-libro-nueve-cuentos-de-rafaela-contreras-de-dario-primera-escritora-modernista-centroamericana\/#breadcrumb","itemListElement":[{"@type":"ListItem","position":1,"name":"Portada","item":"http:\/\/vientosur.top\/museo\/"},{"@type":"ListItem","position":2,"name":"Museo Violeta Parra present\u00f3 libro \u201cNueve cuentos\u201d de Rafaela Contreras de Dar\u00edo, primera escritora modernista centroamericana"}]},{"@type":"WebSite","@id":"http:\/\/vientosur.top\/museo\/#website","url":"http:\/\/vientosur.top\/museo\/","name":"Museo Violeta Parra","description":"Espacio que alberga tanto la memoria y legado creativo de la artista","potentialAction":[{"@type":"SearchAction","target":{"@type":"EntryPoint","urlTemplate":"http:\/\/vientosur.top\/museo\/?s={search_term_string}"},"query-input":{"@type":"PropertyValueSpecification","valueRequired":true,"valueName":"search_term_string"}}],"inLanguage":"es"},{"@type":"Person","@id":"http:\/\/vientosur.top\/museo\/#\/schema\/person\/20c79d3c38800971feec8c2693c3dd9c","name":"admin","image":{"@type":"ImageObject","inLanguage":"es","@id":"http:\/\/vientosur.top\/museo\/#\/schema\/person\/image\/","url":"https:\/\/secure.gravatar.com\/avatar\/713677ece3ffa642287213a80e5b773bce9ab81c269dd6d95102a990951c922f?s=96&d=mm&r=g","contentUrl":"https:\/\/secure.gravatar.com\/avatar\/713677ece3ffa642287213a80e5b773bce9ab81c269dd6d95102a990951c922f?s=96&d=mm&r=g","caption":"admin"},"sameAs":["http:\/\/vientosur.top\/museo"],"url":"http:\/\/vientosur.top\/museo\/author\/comunicacionesmvp\/"}]}},"_links":{"self":[{"href":"http:\/\/vientosur.top\/museo\/wp-json\/wp\/v2\/posts\/2612","targetHints":{"allow":["GET"]}}],"collection":[{"href":"http:\/\/vientosur.top\/museo\/wp-json\/wp\/v2\/posts"}],"about":[{"href":"http:\/\/vientosur.top\/museo\/wp-json\/wp\/v2\/types\/post"}],"author":[{"embeddable":true,"href":"http:\/\/vientosur.top\/museo\/wp-json\/wp\/v2\/users\/5"}],"replies":[{"embeddable":true,"href":"http:\/\/vientosur.top\/museo\/wp-json\/wp\/v2\/comments?post=2612"}],"version-history":[{"count":0,"href":"http:\/\/vientosur.top\/museo\/wp-json\/wp\/v2\/posts\/2612\/revisions"}],"wp:featuredmedia":[{"embeddable":true,"href":"http:\/\/vientosur.top\/museo\/wp-json\/"}],"wp:attachment":[{"href":"http:\/\/vientosur.top\/museo\/wp-json\/wp\/v2\/media?parent=2612"}],"wp:term":[{"taxonomy":"category","embeddable":true,"href":"http:\/\/vientosur.top\/museo\/wp-json\/wp\/v2\/categories?post=2612"},{"taxonomy":"post_tag","embeddable":true,"href":"http:\/\/vientosur.top\/museo\/wp-json\/wp\/v2\/tags?post=2612"}],"curies":[{"name":"wp","href":"https:\/\/api.w.org\/{rel}","templated":true}]}}