{"id":2633,"date":"2017-01-24T18:53:43","date_gmt":"2017-01-24T18:53:43","guid":{"rendered":"http:\/\/vientosur.top\/museo\/\/?p=2633"},"modified":"2017-01-24T18:53:43","modified_gmt":"2017-01-24T18:53:43","slug":"presidente-francois-hollande-homenajea-a-isabel-y-angel-parra-en-el-palacio-de-la-moneda","status":"publish","type":"post","link":"http:\/\/vientosur.top\/museo\/presidente-francois-hollande-homenajea-a-isabel-y-angel-parra-en-el-palacio-de-la-moneda\/","title":{"rendered":"Presidente Francois Hollande homenajea a Isabel y \u00c1ngel Parra en el Palacio de La Moneda"},"content":{"rendered":"<p><strong><br \/>\n<\/strong>El s\u00e1bado 21 de enero por la noche, la Presidenta de la Rep\u00fablica Michelle Bachelet ofreci\u00f3 una cena con ocasi\u00f3n de la visita oficial del Presidente de Francia, Fran\u00e7ois Hollande, en el Palacio de La Moneda. El evento cont\u00f3 con la presencia del cuerpo diplom\u00e1tico y una delegaci\u00f3n francesa. Por parte de Chile asistieron diversos ministros de Estado, empresarios y representantes de la sociedad civil. El mundo de la cultura estuvo representado por el Ministro Presidente del Consejo Nacional de la Cultura y las Artes, Ernesto Ottone, junto a Isabel y \u00c1ngel Parra; Milena Rojas, Jefa de Colecci\u00f3n y Patrimonio del Museo Violeta Parra y Francisco Est\u00e9vez, director del Museo de la Memoria y los Derechos Humanos, entre otros asistentes.<\/p>\n<p>&nbsp;<br \/>\n\u201cCon Francia tenemos una relaci\u00f3n bilateral basada en el respeto y la amistad, que hoy se sigue proyectando gracias a un di\u00e1logo pol\u00edtico fraterno y trabajo conjunto en \u00e1reas centrales para el desarrollo de nuestros pa\u00edses. Con esta visita nuestro objetivo es avanzar y fortalecer la cooperaci\u00f3n en \u00e1reas como salud, cultura, g\u00e9nero, turismo, defensa y educaci\u00f3n\u201d, se\u00f1al\u00f3 la Presidenta Bachelet al iniciar de sus palabras.<\/p>\n<p><strong>\u00a0<\/strong><\/p>\n<p>Durante la ceremonia, el Presidente de Francia, destac\u00f3 el aporte a la cultura realizado por Violeta Parra y sus hijos Isabel y \u00c1ngel, quienes han tenido una estrecha relaci\u00f3n con el pa\u00eds europeo. En su discurso, Hollande record\u00f3 el v\u00ednculo solidario entre Francia y Chile en el per\u00edodo de la dictadura militar y el aporte cultural de los chilenos en el exilio. En la misma l\u00ednea, el Mandatario record\u00f3 a Violeta Parra,\u00a0 la primera artista latinoamericana que expuso individualmente en el Museo de Artes Decorativas del Palacio del Louvre de Par\u00eds en 1964, y a otros chilenos destacados como los escritores Pablo Neruda y Gabriela Mistral.<\/p>\n<p>&nbsp;<br \/>\nDurante la reuni\u00f3n se firmaron <a href=\"https:\/\/prensa.presidencia.cl\/comunicado.aspx?id=48130\">acuerdos de distintas \u00e1reas<\/a>. En materia de cultura, el Acuerdo de Cooperaci\u00f3n suscrito por el \u00a0ministro Ernesto Ottone, refiere a la promoci\u00f3n de la circulaci\u00f3n de artistas y profesionales de la cultura, la profundizaci\u00f3n del di\u00e1logo en torno a pol\u00edticas culturales, el establecimiento de redes entre industrias creativas y el fortalecimiento de la formaci\u00f3n art\u00edstica en los sistemas de educaci\u00f3n.<\/p>\n","protected":false},"excerpt":{"rendered":"<p>El s\u00e1bado 21 de enero por la noche, la Presidenta de la Rep\u00fablica Michelle Bachelet ofreci\u00f3 una cena con ocasi\u00f3n de la visita oficial del Presidente de Francia, Fran\u00e7ois Hollande, en el Palacio de La Moneda. El evento cont\u00f3 con la presencia del cuerpo diplom\u00e1tico y una delegaci\u00f3n francesa. Por parte de Chile asistieron diversos [&hellip;]<\/p>\n","protected":false},"author":5,"featured_media":2642,"comment_status":"open","ping_status":"open","sticky":false,"template":"","format":"standard","meta":{"site-sidebar-layout":"default","site-content-layout":"","ast-site-content-layout":"default","site-content-style":"default","site-sidebar-style":"default","ast-global-header-display":"","ast-banner-title-visibility":"","ast-main-header-display":"","ast-hfb-above-header-display":"","ast-hfb-below-header-display":"","ast-hfb-mobile-header-display":"","site-post-title":"","ast-breadcrumbs-content":"","ast-featured-img":"","footer-sml-layout":"","theme-transparent-header-meta":"","adv-header-id-meta":"","stick-header-meta":"","header-above-stick-meta":"","header-main-stick-meta":"","header-below-stick-meta":"","astra-migrate-meta-layouts":"default","ast-page-background-enabled":"default","ast-page-background-meta":{"desktop":{"background-color":"var(--ast-global-color-4)","background-image":"","background-repeat":"repeat","background-position":"center center","background-size":"auto","background-attachment":"scroll","background-type":"","background-media":"","overlay-type":"","overlay-color":"","overlay-opacity":"","overlay-gradient":""},"tablet":{"background-color":"","background-image":"","background-repeat":"repeat","background-position":"center center","background-size":"auto","background-attachment":"scroll","background-type":"","background-media":"","overlay-type":"","overlay-color":"","overlay-opacity":"","overlay-gradient":""},"mobile":{"background-color":"","background-image":"","background-repeat":"repeat","background-position":"center center","background-size":"auto","background-attachment":"scroll","background-type":"","background-media":"","overlay-type":"","overlay-color":"","overlay-opacity":"","overlay-gradient":""}},"ast-content-background-meta":{"desktop":{"background-color":"var(--ast-global-color-5)","background-image":"","background-repeat":"repeat","background-position":"center center","background-size":"auto","background-attachment":"scroll","background-type":"","background-media":"","overlay-type":"","overlay-color":"","overlay-opacity":"","overlay-gradient":""},"tablet":{"background-color":"var(--ast-global-color-5)","background-image":"","background-repeat":"repeat","background-position":"center center","background-size":"auto","background-attachment":"scroll","background-type":"","background-media":"","overlay-type":"","overlay-color":"","overlay-opacity":"","overlay-gradient":""},"mobile":{"background-color":"var(--ast-global-color-5)","background-image":"","background-repeat":"repeat","background-position":"center center","background-size":"auto","background-attachment":"scroll","background-type":"","background-media":"","overlay-type":"","overlay-color":"","overlay-opacity":"","overlay-gradient":""}},"footnotes":""},"categories":[59,8],"tags":[],"class_list":["post-2633","post","type-post","status-publish","format-standard","has-post-thumbnail","hentry","category-destacado-noticia","category-noticias"],"yoast_head":"<!-- This site is optimized with the Yoast SEO plugin v25.4 - https:\/\/yoast.com\/wordpress\/plugins\/seo\/ -->\n<title>Presidente Francois Hollande homenajea a Isabel y \u00c1ngel Parra en el Palacio de La Moneda - Museo Violeta Parra<\/title>\n<meta name=\"robots\" content=\"index, follow, max-snippet:-1, max-image-preview:large, max-video-preview:-1\" \/>\n<link rel=\"canonical\" href=\"http:\/\/vientosur.top\/museo\/presidente-francois-hollande-homenajea-a-isabel-y-angel-parra-en-el-palacio-de-la-moneda\/\" \/>\n<meta property=\"og:locale\" content=\"es_ES\" \/>\n<meta property=\"og:type\" content=\"article\" \/>\n<meta property=\"og:title\" content=\"Presidente Francois Hollande homenajea a Isabel y \u00c1ngel Parra en el Palacio de La Moneda - Museo Violeta Parra\" \/>\n<meta property=\"og:description\" content=\"El s\u00e1bado 21 de enero por la noche, la Presidenta de la Rep\u00fablica Michelle Bachelet ofreci\u00f3 una cena con ocasi\u00f3n de la visita oficial del Presidente de Francia, Fran\u00e7ois Hollande, en el Palacio de La Moneda. El evento cont\u00f3 con la presencia del cuerpo diplom\u00e1tico y una delegaci\u00f3n francesa. Por parte de Chile asistieron diversos [&hellip;]\" \/>\n<meta property=\"og:url\" content=\"http:\/\/vientosur.top\/museo\/presidente-francois-hollande-homenajea-a-isabel-y-angel-parra-en-el-palacio-de-la-moneda\/\" \/>\n<meta property=\"og:site_name\" content=\"Museo Violeta Parra\" \/>\n<meta property=\"article:published_time\" content=\"2017-01-24T18:53:43+00:00\" \/>\n<meta property=\"og:image\" content=\"http:\/\/vientosur.top\/museo\/wp-content\/uploads\/2017\/01\/H11.jpg\" \/>\n\t<meta property=\"og:image:width\" content=\"1280\" \/>\n\t<meta property=\"og:image:height\" content=\"500\" \/>\n\t<meta property=\"og:image:type\" content=\"image\/jpeg\" \/>\n<meta name=\"author\" content=\"admin\" \/>\n<meta name=\"twitter:card\" content=\"summary_large_image\" \/>\n<meta name=\"twitter:label1\" content=\"Escrito por\" \/>\n\t<meta name=\"twitter:data1\" content=\"admin\" \/>\n\t<meta name=\"twitter:label2\" content=\"Tiempo de lectura\" \/>\n\t<meta name=\"twitter:data2\" content=\"2 minutos\" \/>\n<script type=\"application\/ld+json\" class=\"yoast-schema-graph\">{\"@context\":\"https:\/\/schema.org\",\"@graph\":[{\"@type\":\"WebPage\",\"@id\":\"http:\/\/vientosur.top\/museo\/presidente-francois-hollande-homenajea-a-isabel-y-angel-parra-en-el-palacio-de-la-moneda\/\",\"url\":\"http:\/\/vientosur.top\/museo\/presidente-francois-hollande-homenajea-a-isabel-y-angel-parra-en-el-palacio-de-la-moneda\/\",\"name\":\"Presidente Francois Hollande homenajea a Isabel y \u00c1ngel Parra en el Palacio de La Moneda - Museo Violeta Parra\",\"isPartOf\":{\"@id\":\"http:\/\/vientosur.top\/museo\/#website\"},\"primaryImageOfPage\":{\"@id\":\"http:\/\/vientosur.top\/museo\/presidente-francois-hollande-homenajea-a-isabel-y-angel-parra-en-el-palacio-de-la-moneda\/#primaryimage\"},\"image\":{\"@id\":\"http:\/\/vientosur.top\/museo\/presidente-francois-hollande-homenajea-a-isabel-y-angel-parra-en-el-palacio-de-la-moneda\/#primaryimage\"},\"thumbnailUrl\":\"http:\/\/vientosur.top\/museo\/wp-content\/uploads\/2017\/01\/H11.jpg\",\"datePublished\":\"2017-01-24T18:53:43+00:00\",\"author\":{\"@id\":\"http:\/\/vientosur.top\/museo\/#\/schema\/person\/20c79d3c38800971feec8c2693c3dd9c\"},\"breadcrumb\":{\"@id\":\"http:\/\/vientosur.top\/museo\/presidente-francois-hollande-homenajea-a-isabel-y-angel-parra-en-el-palacio-de-la-moneda\/#breadcrumb\"},\"inLanguage\":\"es\",\"potentialAction\":[{\"@type\":\"ReadAction\",\"target\":[\"http:\/\/vientosur.top\/museo\/presidente-francois-hollande-homenajea-a-isabel-y-angel-parra-en-el-palacio-de-la-moneda\/\"]}]},{\"@type\":\"ImageObject\",\"inLanguage\":\"es\",\"@id\":\"http:\/\/vientosur.top\/museo\/presidente-francois-hollande-homenajea-a-isabel-y-angel-parra-en-el-palacio-de-la-moneda\/#primaryimage\",\"url\":\"http:\/\/vientosur.top\/museo\/wp-content\/uploads\/2017\/01\/H11.jpg\",\"contentUrl\":\"http:\/\/vientosur.top\/museo\/wp-content\/uploads\/2017\/01\/H11.jpg\",\"width\":1280,\"height\":500},{\"@type\":\"BreadcrumbList\",\"@id\":\"http:\/\/vientosur.top\/museo\/presidente-francois-hollande-homenajea-a-isabel-y-angel-parra-en-el-palacio-de-la-moneda\/#breadcrumb\",\"itemListElement\":[{\"@type\":\"ListItem\",\"position\":1,\"name\":\"Portada\",\"item\":\"http:\/\/vientosur.top\/museo\/\"},{\"@type\":\"ListItem\",\"position\":2,\"name\":\"Presidente Francois Hollande homenajea a Isabel y \u00c1ngel Parra en el Palacio de La Moneda\"}]},{\"@type\":\"WebSite\",\"@id\":\"http:\/\/vientosur.top\/museo\/#website\",\"url\":\"http:\/\/vientosur.top\/museo\/\",\"name\":\"Museo Violeta Parra\",\"description\":\"Espacio que alberga tanto la memoria y legado creativo de la artista\",\"potentialAction\":[{\"@type\":\"SearchAction\",\"target\":{\"@type\":\"EntryPoint\",\"urlTemplate\":\"http:\/\/vientosur.top\/museo\/?s={search_term_string}\"},\"query-input\":{\"@type\":\"PropertyValueSpecification\",\"valueRequired\":true,\"valueName\":\"search_term_string\"}}],\"inLanguage\":\"es\"},{\"@type\":\"Person\",\"@id\":\"http:\/\/vientosur.top\/museo\/#\/schema\/person\/20c79d3c38800971feec8c2693c3dd9c\",\"name\":\"admin\",\"image\":{\"@type\":\"ImageObject\",\"inLanguage\":\"es\",\"@id\":\"http:\/\/vientosur.top\/museo\/#\/schema\/person\/image\/\",\"url\":\"https:\/\/secure.gravatar.com\/avatar\/713677ece3ffa642287213a80e5b773bce9ab81c269dd6d95102a990951c922f?s=96&d=mm&r=g\",\"contentUrl\":\"https:\/\/secure.gravatar.com\/avatar\/713677ece3ffa642287213a80e5b773bce9ab81c269dd6d95102a990951c922f?s=96&d=mm&r=g\",\"caption\":\"admin\"},\"sameAs\":[\"http:\/\/vientosur.top\/museo\"],\"url\":\"http:\/\/vientosur.top\/museo\/author\/comunicacionesmvp\/\"}]}<\/script>\n<!-- \/ Yoast SEO plugin. -->","yoast_head_json":{"title":"Presidente Francois Hollande homenajea a Isabel y \u00c1ngel Parra en el Palacio de La Moneda - Museo Violeta Parra","robots":{"index":"index","follow":"follow","max-snippet":"max-snippet:-1","max-image-preview":"max-image-preview:large","max-video-preview":"max-video-preview:-1"},"canonical":"http:\/\/vientosur.top\/museo\/presidente-francois-hollande-homenajea-a-isabel-y-angel-parra-en-el-palacio-de-la-moneda\/","og_locale":"es_ES","og_type":"article","og_title":"Presidente Francois Hollande homenajea a Isabel y \u00c1ngel Parra en el Palacio de La Moneda - Museo Violeta Parra","og_description":"El s\u00e1bado 21 de enero por la noche, la Presidenta de la Rep\u00fablica Michelle Bachelet ofreci\u00f3 una cena con ocasi\u00f3n de la visita oficial del Presidente de Francia, Fran\u00e7ois Hollande, en el Palacio de La Moneda. El evento cont\u00f3 con la presencia del cuerpo diplom\u00e1tico y una delegaci\u00f3n francesa. Por parte de Chile asistieron diversos [&hellip;]","og_url":"http:\/\/vientosur.top\/museo\/presidente-francois-hollande-homenajea-a-isabel-y-angel-parra-en-el-palacio-de-la-moneda\/","og_site_name":"Museo Violeta Parra","article_published_time":"2017-01-24T18:53:43+00:00","og_image":[{"width":1280,"height":500,"url":"http:\/\/vientosur.top\/museo\/wp-content\/uploads\/2017\/01\/H11.jpg","type":"image\/jpeg"}],"author":"admin","twitter_card":"summary_large_image","twitter_misc":{"Escrito por":"admin","Tiempo de lectura":"2 minutos"},"schema":{"@context":"https:\/\/schema.org","@graph":[{"@type":"WebPage","@id":"http:\/\/vientosur.top\/museo\/presidente-francois-hollande-homenajea-a-isabel-y-angel-parra-en-el-palacio-de-la-moneda\/","url":"http:\/\/vientosur.top\/museo\/presidente-francois-hollande-homenajea-a-isabel-y-angel-parra-en-el-palacio-de-la-moneda\/","name":"Presidente Francois Hollande homenajea a Isabel y \u00c1ngel Parra en el Palacio de La Moneda - Museo Violeta Parra","isPartOf":{"@id":"http:\/\/vientosur.top\/museo\/#website"},"primaryImageOfPage":{"@id":"http:\/\/vientosur.top\/museo\/presidente-francois-hollande-homenajea-a-isabel-y-angel-parra-en-el-palacio-de-la-moneda\/#primaryimage"},"image":{"@id":"http:\/\/vientosur.top\/museo\/presidente-francois-hollande-homenajea-a-isabel-y-angel-parra-en-el-palacio-de-la-moneda\/#primaryimage"},"thumbnailUrl":"http:\/\/vientosur.top\/museo\/wp-content\/uploads\/2017\/01\/H11.jpg","datePublished":"2017-01-24T18:53:43+00:00","author":{"@id":"http:\/\/vientosur.top\/museo\/#\/schema\/person\/20c79d3c38800971feec8c2693c3dd9c"},"breadcrumb":{"@id":"http:\/\/vientosur.top\/museo\/presidente-francois-hollande-homenajea-a-isabel-y-angel-parra-en-el-palacio-de-la-moneda\/#breadcrumb"},"inLanguage":"es","potentialAction":[{"@type":"ReadAction","target":["http:\/\/vientosur.top\/museo\/presidente-francois-hollande-homenajea-a-isabel-y-angel-parra-en-el-palacio-de-la-moneda\/"]}]},{"@type":"ImageObject","inLanguage":"es","@id":"http:\/\/vientosur.top\/museo\/presidente-francois-hollande-homenajea-a-isabel-y-angel-parra-en-el-palacio-de-la-moneda\/#primaryimage","url":"http:\/\/vientosur.top\/museo\/wp-content\/uploads\/2017\/01\/H11.jpg","contentUrl":"http:\/\/vientosur.top\/museo\/wp-content\/uploads\/2017\/01\/H11.jpg","width":1280,"height":500},{"@type":"BreadcrumbList","@id":"http:\/\/vientosur.top\/museo\/presidente-francois-hollande-homenajea-a-isabel-y-angel-parra-en-el-palacio-de-la-moneda\/#breadcrumb","itemListElement":[{"@type":"ListItem","position":1,"name":"Portada","item":"http:\/\/vientosur.top\/museo\/"},{"@type":"ListItem","position":2,"name":"Presidente Francois Hollande homenajea a Isabel y \u00c1ngel Parra en el Palacio de La Moneda"}]},{"@type":"WebSite","@id":"http:\/\/vientosur.top\/museo\/#website","url":"http:\/\/vientosur.top\/museo\/","name":"Museo Violeta Parra","description":"Espacio que alberga tanto la memoria y legado creativo de la artista","potentialAction":[{"@type":"SearchAction","target":{"@type":"EntryPoint","urlTemplate":"http:\/\/vientosur.top\/museo\/?s={search_term_string}"},"query-input":{"@type":"PropertyValueSpecification","valueRequired":true,"valueName":"search_term_string"}}],"inLanguage":"es"},{"@type":"Person","@id":"http:\/\/vientosur.top\/museo\/#\/schema\/person\/20c79d3c38800971feec8c2693c3dd9c","name":"admin","image":{"@type":"ImageObject","inLanguage":"es","@id":"http:\/\/vientosur.top\/museo\/#\/schema\/person\/image\/","url":"https:\/\/secure.gravatar.com\/avatar\/713677ece3ffa642287213a80e5b773bce9ab81c269dd6d95102a990951c922f?s=96&d=mm&r=g","contentUrl":"https:\/\/secure.gravatar.com\/avatar\/713677ece3ffa642287213a80e5b773bce9ab81c269dd6d95102a990951c922f?s=96&d=mm&r=g","caption":"admin"},"sameAs":["http:\/\/vientosur.top\/museo"],"url":"http:\/\/vientosur.top\/museo\/author\/comunicacionesmvp\/"}]}},"_links":{"self":[{"href":"http:\/\/vientosur.top\/museo\/wp-json\/wp\/v2\/posts\/2633","targetHints":{"allow":["GET"]}}],"collection":[{"href":"http:\/\/vientosur.top\/museo\/wp-json\/wp\/v2\/posts"}],"about":[{"href":"http:\/\/vientosur.top\/museo\/wp-json\/wp\/v2\/types\/post"}],"author":[{"embeddable":true,"href":"http:\/\/vientosur.top\/museo\/wp-json\/wp\/v2\/users\/5"}],"replies":[{"embeddable":true,"href":"http:\/\/vientosur.top\/museo\/wp-json\/wp\/v2\/comments?post=2633"}],"version-history":[{"count":0,"href":"http:\/\/vientosur.top\/museo\/wp-json\/wp\/v2\/posts\/2633\/revisions"}],"wp:featuredmedia":[{"embeddable":true,"href":"http:\/\/vientosur.top\/museo\/wp-json\/wp\/v2\/media\/2642"}],"wp:attachment":[{"href":"http:\/\/vientosur.top\/museo\/wp-json\/wp\/v2\/media?parent=2633"}],"wp:term":[{"taxonomy":"category","embeddable":true,"href":"http:\/\/vientosur.top\/museo\/wp-json\/wp\/v2\/categories?post=2633"},{"taxonomy":"post_tag","embeddable":true,"href":"http:\/\/vientosur.top\/museo\/wp-json\/wp\/v2\/tags?post=2633"}],"curies":[{"name":"wp","href":"https:\/\/api.w.org\/{rel}","templated":true}]}}