{"id":2648,"date":"2017-01-24T21:47:49","date_gmt":"2017-01-24T21:47:49","guid":{"rendered":"http:\/\/vientosur.top\/museo\/\/?p=2648"},"modified":"2017-01-24T21:47:49","modified_gmt":"2017-01-24T21:47:49","slug":"ninos-de-teleton-invitan-a-conocer-mas-sobre-la-vida-de-violeta-parra-en-nueva-exposicion-del-museo","status":"publish","type":"post","link":"http:\/\/vientosur.top\/museo\/ninos-de-teleton-invitan-a-conocer-mas-sobre-la-vida-de-violeta-parra-en-nueva-exposicion-del-museo\/","title":{"rendered":"Ni\u00f1os de Telet\u00f3n invitan a conocer m\u00e1s sobre la vida de Violeta Parra en exposici\u00f3n \u00abRetazos de vida\u00bb"},"content":{"rendered":"<p>Este 4 de octubre se celebran los 100 a\u00f1os del natalicio de la cantautora y artista en distintas disciplinas, Violeta Parra, y varios han sido los homenajes que se han realizado en su memoria. Por su parte,\u00a0los ni\u00f1os y j\u00f3venes de Telet\u00f3n tambi\u00e9n se sumaron a los reconocimientos con un trabajo art\u00edstico, basado en el conocimiento de la vida de la artista denominado \u201cRetazos de vida\u201d.<\/p>\n<p>&nbsp;<\/p>\n<p>El trabajo fue realizado en un taller de las dependencias del Museo Violeta Parra lo que permiti\u00f3 un acercamiento a la vida y obra de Violeta Parra,\u00a0enriqueciendo el aspecto t\u00e9cnico donde conocieron m\u00e1s sobre el bordado en arpilleras que realizaba Parra y pudieron aplicar algunas t\u00e9cnicas en sus propias obras.<\/p>\n<p>&nbsp;<\/p>\n<p>La Directora Ejecutiva,\u00a0Ximena Casarejos destac\u00f3 que est\u00e1s instancias permiten un trabajo autobiogr\u00e1fico de madre e hijo siendo un aporte a la rehabilitaci\u00f3n, \u201cel arte terapia se desarrolla en una de las unidades terapeutas que tiene Telet\u00f3n, y esta vez la intenci\u00f3n fue acercarlos a la cultura, \u00a0saliendo del centro de rehabilitaci\u00f3n. El trabajo se bas\u00f3, al igual que las arpilleras de Violeta Parra, en la adversidad, la vida diaria y la necesidad de crear, cuando una enfermedad lo impide, otorg\u00e1ndole importancia y resignificado a las historias y testimonios de vida. Adem\u00e1s, vimos al grupo de coro que integra a mam\u00e1s y abuelas que comparten y participan junto a los pacientes\u201d,\u00a0dijo Casarejos.<\/p>\n<p>&nbsp;<\/p>\n<p>\u201cEstamos muy contentos de presentar este trabajo que da cuenta de la preocupaci\u00f3n del Museo por avanzar en inclusi\u00f3n. Ya tenemos programas de educaci\u00f3n espec\u00edficos para personas con capacidad auditiva, los que se suman al esfuerzo desarrollado junto a Telet\u00f3n que profundizaremos este a\u00f1o\u201d, dice Cecilia Garc\u00eda-Huidobro, Directora del Museo Violeta Parra.<\/p>\n<p>&nbsp;<\/p>\n<figure id=\"attachment_2660\" aria-describedby=\"caption-attachment-2660\" style=\"width: 850px\" class=\"wp-caption alignleft\"><a href=\"http:\/\/vientosur.top\/museo\/\/wp-content\/uploads\/2017\/01\/16178618_1874340672809345_1625961507272575506_o.jpg\"><img fetchpriority=\"high\" decoding=\"async\" class=\"wp-image-2660\" src=\"http:\/\/vientosur.top\/museo\/\/wp-content\/uploads\/2017\/01\/16178618_1874340672809345_1625961507272575506_o.jpg\" width=\"850\" height=\"565\" \/><\/a><figcaption id=\"caption-attachment-2660\" class=\"wp-caption-text\">Ximena Casarejos, Directora Ejecutiva de Fundaci\u00f3n Telet\u00f3n, junto a Cecilia Garc\u00eda-Huidobro, Directora del Museo Violeta Parra.<\/figcaption><\/figure>\n<p>&nbsp;<\/p>\n<p>El trabajo fue desarrollado en base a la mirada de la artista y su conocimiento cultural natural lo que motiva a otros autodidactas a desarrollar el arte desde sus experiencias, sentimientos y habilidades entendiendo que crear y hacer arte es patrimonio de todos, y que todos podemos ser parte.<\/p>\n<p>&nbsp;<\/p>\n<p>Durante el lanzamiento de la muestra tambi\u00e9n se present\u00f3 el coro de Telet\u00f3n,\u00a0donde mam\u00e1s, abuelas y pacientes interpretaron \u201cLa Jardinera\u201d, \u201cRun Run se fue pal norte\u201d y el \u201cEl Albert\u00edo\u201d, cl\u00e1sicos de Violeta.<\/p>\n<p>&nbsp;<\/p>\n<p>La muestra \u201cRetazos de vida\u201d permanecer\u00e1 hasta el domingo 29 de enero en la explanada del Museo Violeta Parra, con entrada liberada, invitando a conocer m\u00e1s sobre la vida y el desarrollo del arte aprovechando las vacaciones.<\/p>\n<p>&nbsp;<\/p>\n<p>El Taller de Artes de Telet\u00f3n y el coro son parte de la Unidad de Terapias Art\u00edsticas y Creativas que complementan las terapias de rehabilitaci\u00f3n integral que realiza la instituci\u00f3n.<\/p>\n<p>&nbsp;<\/p>\n<p>&nbsp;<\/p>\n","protected":false},"excerpt":{"rendered":"<p>Este 4 de octubre se celebran los 100 a\u00f1os del natalicio de la cantautora y artista en distintas disciplinas, Violeta Parra, y varios han sido los homenajes que se han realizado en su memoria. Por su parte,\u00a0los ni\u00f1os y j\u00f3venes de Telet\u00f3n tambi\u00e9n se sumaron a los reconocimientos con un trabajo art\u00edstico, basado en el [&hellip;]<\/p>\n","protected":false},"author":5,"featured_media":2649,"comment_status":"open","ping_status":"open","sticky":false,"template":"","format":"standard","meta":{"site-sidebar-layout":"default","site-content-layout":"","ast-site-content-layout":"default","site-content-style":"default","site-sidebar-style":"default","ast-global-header-display":"","ast-banner-title-visibility":"","ast-main-header-display":"","ast-hfb-above-header-display":"","ast-hfb-below-header-display":"","ast-hfb-mobile-header-display":"","site-post-title":"","ast-breadcrumbs-content":"","ast-featured-img":"","footer-sml-layout":"","theme-transparent-header-meta":"","adv-header-id-meta":"","stick-header-meta":"","header-above-stick-meta":"","header-main-stick-meta":"","header-below-stick-meta":"","astra-migrate-meta-layouts":"default","ast-page-background-enabled":"default","ast-page-background-meta":{"desktop":{"background-color":"var(--ast-global-color-4)","background-image":"","background-repeat":"repeat","background-position":"center center","background-size":"auto","background-attachment":"scroll","background-type":"","background-media":"","overlay-type":"","overlay-color":"","overlay-opacity":"","overlay-gradient":""},"tablet":{"background-color":"","background-image":"","background-repeat":"repeat","background-position":"center center","background-size":"auto","background-attachment":"scroll","background-type":"","background-media":"","overlay-type":"","overlay-color":"","overlay-opacity":"","overlay-gradient":""},"mobile":{"background-color":"","background-image":"","background-repeat":"repeat","background-position":"center center","background-size":"auto","background-attachment":"scroll","background-type":"","background-media":"","overlay-type":"","overlay-color":"","overlay-opacity":"","overlay-gradient":""}},"ast-content-background-meta":{"desktop":{"background-color":"var(--ast-global-color-5)","background-image":"","background-repeat":"repeat","background-position":"center center","background-size":"auto","background-attachment":"scroll","background-type":"","background-media":"","overlay-type":"","overlay-color":"","overlay-opacity":"","overlay-gradient":""},"tablet":{"background-color":"var(--ast-global-color-5)","background-image":"","background-repeat":"repeat","background-position":"center center","background-size":"auto","background-attachment":"scroll","background-type":"","background-media":"","overlay-type":"","overlay-color":"","overlay-opacity":"","overlay-gradient":""},"mobile":{"background-color":"var(--ast-global-color-5)","background-image":"","background-repeat":"repeat","background-position":"center center","background-size":"auto","background-attachment":"scroll","background-type":"","background-media":"","overlay-type":"","overlay-color":"","overlay-opacity":"","overlay-gradient":""}},"footnotes":""},"categories":[59,8,61],"tags":[],"class_list":["post-2648","post","type-post","status-publish","format-standard","has-post-thumbnail","hentry","category-destacado-noticia","category-noticias","category-novedades"],"yoast_head":"<!-- This site is optimized with the Yoast SEO plugin v25.4 - https:\/\/yoast.com\/wordpress\/plugins\/seo\/ -->\n<title>Ni\u00f1os de Telet\u00f3n invitan a conocer m\u00e1s sobre la vida de Violeta Parra en exposici\u00f3n &quot;Retazos de vida&quot; - Museo Violeta Parra<\/title>\n<meta name=\"robots\" content=\"index, follow, max-snippet:-1, max-image-preview:large, max-video-preview:-1\" \/>\n<link rel=\"canonical\" href=\"http:\/\/vientosur.top\/museo\/ninos-de-teleton-invitan-a-conocer-mas-sobre-la-vida-de-violeta-parra-en-nueva-exposicion-del-museo\/\" \/>\n<meta property=\"og:locale\" content=\"es_ES\" \/>\n<meta property=\"og:type\" content=\"article\" \/>\n<meta property=\"og:title\" content=\"Ni\u00f1os de Telet\u00f3n invitan a conocer m\u00e1s sobre la vida de Violeta Parra en exposici\u00f3n &quot;Retazos de vida&quot; - Museo Violeta Parra\" \/>\n<meta property=\"og:description\" content=\"Este 4 de octubre se celebran los 100 a\u00f1os del natalicio de la cantautora y artista en distintas disciplinas, Violeta Parra, y varios han sido los homenajes que se han realizado en su memoria. Por su parte,\u00a0los ni\u00f1os y j\u00f3venes de Telet\u00f3n tambi\u00e9n se sumaron a los reconocimientos con un trabajo art\u00edstico, basado en el [&hellip;]\" \/>\n<meta property=\"og:url\" content=\"http:\/\/vientosur.top\/museo\/ninos-de-teleton-invitan-a-conocer-mas-sobre-la-vida-de-violeta-parra-en-nueva-exposicion-del-museo\/\" \/>\n<meta property=\"og:site_name\" content=\"Museo Violeta Parra\" \/>\n<meta property=\"article:published_time\" content=\"2017-01-24T21:47:49+00:00\" \/>\n<meta property=\"og:image\" content=\"http:\/\/vientosur.top\/museo\/wp-content\/uploads\/2017\/01\/DSC_0656.jpg\" \/>\n\t<meta property=\"og:image:width\" content=\"1444\" \/>\n\t<meta property=\"og:image:height\" content=\"960\" \/>\n\t<meta property=\"og:image:type\" content=\"image\/jpeg\" \/>\n<meta name=\"author\" content=\"admin\" \/>\n<meta name=\"twitter:card\" content=\"summary_large_image\" \/>\n<meta name=\"twitter:label1\" content=\"Escrito por\" \/>\n\t<meta name=\"twitter:data1\" content=\"admin\" \/>\n\t<meta name=\"twitter:label2\" content=\"Tiempo de lectura\" \/>\n\t<meta name=\"twitter:data2\" content=\"3 minutos\" \/>\n<script type=\"application\/ld+json\" class=\"yoast-schema-graph\">{\"@context\":\"https:\/\/schema.org\",\"@graph\":[{\"@type\":\"WebPage\",\"@id\":\"http:\/\/vientosur.top\/museo\/ninos-de-teleton-invitan-a-conocer-mas-sobre-la-vida-de-violeta-parra-en-nueva-exposicion-del-museo\/\",\"url\":\"http:\/\/vientosur.top\/museo\/ninos-de-teleton-invitan-a-conocer-mas-sobre-la-vida-de-violeta-parra-en-nueva-exposicion-del-museo\/\",\"name\":\"Ni\u00f1os de Telet\u00f3n invitan a conocer m\u00e1s sobre la vida de Violeta Parra en exposici\u00f3n \\\"Retazos de vida\\\" - Museo Violeta Parra\",\"isPartOf\":{\"@id\":\"http:\/\/vientosur.top\/museo\/#website\"},\"primaryImageOfPage\":{\"@id\":\"http:\/\/vientosur.top\/museo\/ninos-de-teleton-invitan-a-conocer-mas-sobre-la-vida-de-violeta-parra-en-nueva-exposicion-del-museo\/#primaryimage\"},\"image\":{\"@id\":\"http:\/\/vientosur.top\/museo\/ninos-de-teleton-invitan-a-conocer-mas-sobre-la-vida-de-violeta-parra-en-nueva-exposicion-del-museo\/#primaryimage\"},\"thumbnailUrl\":\"http:\/\/vientosur.top\/museo\/wp-content\/uploads\/2017\/01\/DSC_0656.jpg\",\"datePublished\":\"2017-01-24T21:47:49+00:00\",\"author\":{\"@id\":\"http:\/\/vientosur.top\/museo\/#\/schema\/person\/20c79d3c38800971feec8c2693c3dd9c\"},\"breadcrumb\":{\"@id\":\"http:\/\/vientosur.top\/museo\/ninos-de-teleton-invitan-a-conocer-mas-sobre-la-vida-de-violeta-parra-en-nueva-exposicion-del-museo\/#breadcrumb\"},\"inLanguage\":\"es\",\"potentialAction\":[{\"@type\":\"ReadAction\",\"target\":[\"http:\/\/vientosur.top\/museo\/ninos-de-teleton-invitan-a-conocer-mas-sobre-la-vida-de-violeta-parra-en-nueva-exposicion-del-museo\/\"]}]},{\"@type\":\"ImageObject\",\"inLanguage\":\"es\",\"@id\":\"http:\/\/vientosur.top\/museo\/ninos-de-teleton-invitan-a-conocer-mas-sobre-la-vida-de-violeta-parra-en-nueva-exposicion-del-museo\/#primaryimage\",\"url\":\"http:\/\/vientosur.top\/museo\/wp-content\/uploads\/2017\/01\/DSC_0656.jpg\",\"contentUrl\":\"http:\/\/vientosur.top\/museo\/wp-content\/uploads\/2017\/01\/DSC_0656.jpg\",\"width\":1444,\"height\":960},{\"@type\":\"BreadcrumbList\",\"@id\":\"http:\/\/vientosur.top\/museo\/ninos-de-teleton-invitan-a-conocer-mas-sobre-la-vida-de-violeta-parra-en-nueva-exposicion-del-museo\/#breadcrumb\",\"itemListElement\":[{\"@type\":\"ListItem\",\"position\":1,\"name\":\"Portada\",\"item\":\"http:\/\/vientosur.top\/museo\/\"},{\"@type\":\"ListItem\",\"position\":2,\"name\":\"Ni\u00f1os de Telet\u00f3n invitan a conocer m\u00e1s sobre la vida de Violeta Parra en exposici\u00f3n \u00abRetazos de vida\u00bb\"}]},{\"@type\":\"WebSite\",\"@id\":\"http:\/\/vientosur.top\/museo\/#website\",\"url\":\"http:\/\/vientosur.top\/museo\/\",\"name\":\"Museo Violeta Parra\",\"description\":\"Espacio que alberga tanto la memoria y legado creativo de la artista\",\"potentialAction\":[{\"@type\":\"SearchAction\",\"target\":{\"@type\":\"EntryPoint\",\"urlTemplate\":\"http:\/\/vientosur.top\/museo\/?s={search_term_string}\"},\"query-input\":{\"@type\":\"PropertyValueSpecification\",\"valueRequired\":true,\"valueName\":\"search_term_string\"}}],\"inLanguage\":\"es\"},{\"@type\":\"Person\",\"@id\":\"http:\/\/vientosur.top\/museo\/#\/schema\/person\/20c79d3c38800971feec8c2693c3dd9c\",\"name\":\"admin\",\"image\":{\"@type\":\"ImageObject\",\"inLanguage\":\"es\",\"@id\":\"http:\/\/vientosur.top\/museo\/#\/schema\/person\/image\/\",\"url\":\"https:\/\/secure.gravatar.com\/avatar\/713677ece3ffa642287213a80e5b773bce9ab81c269dd6d95102a990951c922f?s=96&d=mm&r=g\",\"contentUrl\":\"https:\/\/secure.gravatar.com\/avatar\/713677ece3ffa642287213a80e5b773bce9ab81c269dd6d95102a990951c922f?s=96&d=mm&r=g\",\"caption\":\"admin\"},\"sameAs\":[\"http:\/\/vientosur.top\/museo\"],\"url\":\"http:\/\/vientosur.top\/museo\/author\/comunicacionesmvp\/\"}]}<\/script>\n<!-- \/ Yoast SEO plugin. -->","yoast_head_json":{"title":"Ni\u00f1os de Telet\u00f3n invitan a conocer m\u00e1s sobre la vida de Violeta Parra en exposici\u00f3n \"Retazos de vida\" - Museo Violeta Parra","robots":{"index":"index","follow":"follow","max-snippet":"max-snippet:-1","max-image-preview":"max-image-preview:large","max-video-preview":"max-video-preview:-1"},"canonical":"http:\/\/vientosur.top\/museo\/ninos-de-teleton-invitan-a-conocer-mas-sobre-la-vida-de-violeta-parra-en-nueva-exposicion-del-museo\/","og_locale":"es_ES","og_type":"article","og_title":"Ni\u00f1os de Telet\u00f3n invitan a conocer m\u00e1s sobre la vida de Violeta Parra en exposici\u00f3n \"Retazos de vida\" - Museo Violeta Parra","og_description":"Este 4 de octubre se celebran los 100 a\u00f1os del natalicio de la cantautora y artista en distintas disciplinas, Violeta Parra, y varios han sido los homenajes que se han realizado en su memoria. Por su parte,\u00a0los ni\u00f1os y j\u00f3venes de Telet\u00f3n tambi\u00e9n se sumaron a los reconocimientos con un trabajo art\u00edstico, basado en el [&hellip;]","og_url":"http:\/\/vientosur.top\/museo\/ninos-de-teleton-invitan-a-conocer-mas-sobre-la-vida-de-violeta-parra-en-nueva-exposicion-del-museo\/","og_site_name":"Museo Violeta Parra","article_published_time":"2017-01-24T21:47:49+00:00","og_image":[{"width":1444,"height":960,"url":"http:\/\/vientosur.top\/museo\/wp-content\/uploads\/2017\/01\/DSC_0656.jpg","type":"image\/jpeg"}],"author":"admin","twitter_card":"summary_large_image","twitter_misc":{"Escrito por":"admin","Tiempo de lectura":"3 minutos"},"schema":{"@context":"https:\/\/schema.org","@graph":[{"@type":"WebPage","@id":"http:\/\/vientosur.top\/museo\/ninos-de-teleton-invitan-a-conocer-mas-sobre-la-vida-de-violeta-parra-en-nueva-exposicion-del-museo\/","url":"http:\/\/vientosur.top\/museo\/ninos-de-teleton-invitan-a-conocer-mas-sobre-la-vida-de-violeta-parra-en-nueva-exposicion-del-museo\/","name":"Ni\u00f1os de Telet\u00f3n invitan a conocer m\u00e1s sobre la vida de Violeta Parra en exposici\u00f3n \"Retazos de vida\" - Museo Violeta Parra","isPartOf":{"@id":"http:\/\/vientosur.top\/museo\/#website"},"primaryImageOfPage":{"@id":"http:\/\/vientosur.top\/museo\/ninos-de-teleton-invitan-a-conocer-mas-sobre-la-vida-de-violeta-parra-en-nueva-exposicion-del-museo\/#primaryimage"},"image":{"@id":"http:\/\/vientosur.top\/museo\/ninos-de-teleton-invitan-a-conocer-mas-sobre-la-vida-de-violeta-parra-en-nueva-exposicion-del-museo\/#primaryimage"},"thumbnailUrl":"http:\/\/vientosur.top\/museo\/wp-content\/uploads\/2017\/01\/DSC_0656.jpg","datePublished":"2017-01-24T21:47:49+00:00","author":{"@id":"http:\/\/vientosur.top\/museo\/#\/schema\/person\/20c79d3c38800971feec8c2693c3dd9c"},"breadcrumb":{"@id":"http:\/\/vientosur.top\/museo\/ninos-de-teleton-invitan-a-conocer-mas-sobre-la-vida-de-violeta-parra-en-nueva-exposicion-del-museo\/#breadcrumb"},"inLanguage":"es","potentialAction":[{"@type":"ReadAction","target":["http:\/\/vientosur.top\/museo\/ninos-de-teleton-invitan-a-conocer-mas-sobre-la-vida-de-violeta-parra-en-nueva-exposicion-del-museo\/"]}]},{"@type":"ImageObject","inLanguage":"es","@id":"http:\/\/vientosur.top\/museo\/ninos-de-teleton-invitan-a-conocer-mas-sobre-la-vida-de-violeta-parra-en-nueva-exposicion-del-museo\/#primaryimage","url":"http:\/\/vientosur.top\/museo\/wp-content\/uploads\/2017\/01\/DSC_0656.jpg","contentUrl":"http:\/\/vientosur.top\/museo\/wp-content\/uploads\/2017\/01\/DSC_0656.jpg","width":1444,"height":960},{"@type":"BreadcrumbList","@id":"http:\/\/vientosur.top\/museo\/ninos-de-teleton-invitan-a-conocer-mas-sobre-la-vida-de-violeta-parra-en-nueva-exposicion-del-museo\/#breadcrumb","itemListElement":[{"@type":"ListItem","position":1,"name":"Portada","item":"http:\/\/vientosur.top\/museo\/"},{"@type":"ListItem","position":2,"name":"Ni\u00f1os de Telet\u00f3n invitan a conocer m\u00e1s sobre la vida de Violeta Parra en exposici\u00f3n \u00abRetazos de vida\u00bb"}]},{"@type":"WebSite","@id":"http:\/\/vientosur.top\/museo\/#website","url":"http:\/\/vientosur.top\/museo\/","name":"Museo Violeta Parra","description":"Espacio que alberga tanto la memoria y legado creativo de la artista","potentialAction":[{"@type":"SearchAction","target":{"@type":"EntryPoint","urlTemplate":"http:\/\/vientosur.top\/museo\/?s={search_term_string}"},"query-input":{"@type":"PropertyValueSpecification","valueRequired":true,"valueName":"search_term_string"}}],"inLanguage":"es"},{"@type":"Person","@id":"http:\/\/vientosur.top\/museo\/#\/schema\/person\/20c79d3c38800971feec8c2693c3dd9c","name":"admin","image":{"@type":"ImageObject","inLanguage":"es","@id":"http:\/\/vientosur.top\/museo\/#\/schema\/person\/image\/","url":"https:\/\/secure.gravatar.com\/avatar\/713677ece3ffa642287213a80e5b773bce9ab81c269dd6d95102a990951c922f?s=96&d=mm&r=g","contentUrl":"https:\/\/secure.gravatar.com\/avatar\/713677ece3ffa642287213a80e5b773bce9ab81c269dd6d95102a990951c922f?s=96&d=mm&r=g","caption":"admin"},"sameAs":["http:\/\/vientosur.top\/museo"],"url":"http:\/\/vientosur.top\/museo\/author\/comunicacionesmvp\/"}]}},"_links":{"self":[{"href":"http:\/\/vientosur.top\/museo\/wp-json\/wp\/v2\/posts\/2648","targetHints":{"allow":["GET"]}}],"collection":[{"href":"http:\/\/vientosur.top\/museo\/wp-json\/wp\/v2\/posts"}],"about":[{"href":"http:\/\/vientosur.top\/museo\/wp-json\/wp\/v2\/types\/post"}],"author":[{"embeddable":true,"href":"http:\/\/vientosur.top\/museo\/wp-json\/wp\/v2\/users\/5"}],"replies":[{"embeddable":true,"href":"http:\/\/vientosur.top\/museo\/wp-json\/wp\/v2\/comments?post=2648"}],"version-history":[{"count":0,"href":"http:\/\/vientosur.top\/museo\/wp-json\/wp\/v2\/posts\/2648\/revisions"}],"wp:featuredmedia":[{"embeddable":true,"href":"http:\/\/vientosur.top\/museo\/wp-json\/wp\/v2\/media\/2649"}],"wp:attachment":[{"href":"http:\/\/vientosur.top\/museo\/wp-json\/wp\/v2\/media?parent=2648"}],"wp:term":[{"taxonomy":"category","embeddable":true,"href":"http:\/\/vientosur.top\/museo\/wp-json\/wp\/v2\/categories?post=2648"},{"taxonomy":"post_tag","embeddable":true,"href":"http:\/\/vientosur.top\/museo\/wp-json\/wp\/v2\/tags?post=2648"}],"curies":[{"name":"wp","href":"https:\/\/api.w.org\/{rel}","templated":true}]}}