{"id":2663,"date":"2017-01-25T21:11:53","date_gmt":"2017-01-25T21:11:53","guid":{"rendered":"http:\/\/vientosur.top\/museo\/\/?p=2663"},"modified":"2017-01-25T21:11:53","modified_gmt":"2017-01-25T21:11:53","slug":"tercera-edicion-del-libro-nueve-cuentos-se-presento-con-homenaje-a-ruben-dario-y-rafaela-contreras-en-museo-violeta","status":"publish","type":"post","link":"http:\/\/vientosur.top\/museo\/tercera-edicion-del-libro-nueve-cuentos-se-presento-con-homenaje-a-ruben-dario-y-rafaela-contreras-en-museo-violeta\/","title":{"rendered":"Libro \u201cNueve cuentos\u201d se present\u00f3 con homenaje a Rub\u00e9n Dar\u00edo y Rafaela Contreras en Museo Violeta Parra"},"content":{"rendered":"<p><em>El evento conmemorativo cont\u00f3 con la presencia de representantes diplom\u00e1ticos de diversos pa\u00edses americanos y de la Biblioteca Nacional.<\/em><\/p>\n<p>El mi\u00e9rcoles 25 de enero a las 12:00 horas se realiz\u00f3 la presentaci\u00f3n del libro \u201cNueve cuentos\u201d de Rafaela Contreras de Dar\u00edo en el Auditorio Antar del Museo Violeta Parra. Esta edici\u00f3n del texto, la primera publicada en el pa\u00eds, fue publicada gracias a un esfuerzo conjunto entre las embajadas de Honduras, Nicaragua, la Biblioteca Nacional de Chile y la Direcci\u00f3n de Bibliotecas, Archivos y Museos (DIBAM).<\/p>\n<p>&nbsp;<\/p>\n<p>\u201cVioleta Parra se relaciona mucho con la m\u00fasica, pero en realidad ella es una gran poeta. Para nosotros es una prioridad abrir este espacio para la literatura y para la poes\u00eda. En este Museo celebramos el nacimiento de Rub\u00e9n Dar\u00edo, en esta ocasi\u00f3n a trav\u00e9s de una mujer fant\u00e1stica, que se fue muy tempranamente \u2013a los 23 a\u00f1os\u2013 con una profunda vocaci\u00f3n centroamericana, lo que se enmarca muy bien con Violeta Parra y su vocaci\u00f3n americanista\u201d, se\u00f1al\u00f3 Cecilia Garc\u00eda-Huidobro, Directora del Museo Violeta Parra, al iniciar el encuentro. Luego vinieron las palabras de Mart\u00edn Katz Dar\u00edo, bisnieto de Rub\u00e9n Dar\u00edo, quien agradeci\u00f3 este homenaje a su bisabuela y al autor denominado \u201cel pr\u00edncipe de las letras\u201d.<\/p>\n<p>&nbsp;<\/p>\n<p>Mar\u00eda Luisa Robleto, Embajadora de Nicaragua, se\u00f1al\u00f3: \u201cEsta es la tercera edici\u00f3n de los <em>Nueve cuentos<\/em> de Rafaela Contreras. Para m\u00ed ha sido de mucho orgullo que para nuestro gobierno la uni\u00f3n de dos embajadas de Centroam\u00e9rica ha sido pol\u00edticamente muy relevante. Porque Rafaelita naci\u00f3 en Costa Rica, hija de madre costarricense y padre hondure\u00f1o, vivi\u00f3 en todos los pa\u00edses de Centroam\u00e9rica, porque su padre sufri\u00f3 exilio pol\u00edtico por su defensa de la uni\u00f3n centroamericana\u201d.<\/p>\n<p>&nbsp;<br \/>\nPor su parte Mar\u00eda Antonia Navarro, Embajadora de Honduras, coment\u00f3 que \u201cel Museo Violeta Parra viene a representar esa riqueza de la vida y obra de una gran mujer chilena, buscando congruencias y conjunciones entre la obra de Rub\u00e9n Dar\u00edo, su primera esposa Rafaela Contreras y Violeta Parra. Nos complace estar ac\u00e1 gracias a un trabajo conjunto con la embajadora Robleto y la Directora del Museo\u201d.<\/p>\n<p>&nbsp;<\/p>\n<p>Finalmente Thomas Harris, Jefe de las Ediciones de la Biblioteca Nacional de Chile, cont\u00f3 sobre el proceso de edici\u00f3n de <em>Nueve cuentos<\/em>, en el que particip\u00f3 junto a Pedro Pablo Zegers, subdirector de la Biblioteca, quien tambi\u00e9n asisti\u00f3 a la ceremonia. \u201cRub\u00e9n Dar\u00edo y los modernistas ten\u00edan una suerte de t\u00f3pico que era el poeta distanciado o desde\u00f1ado por la sociedad burguesa naciente de fines de siglo XIX. El espacio literario de la \u00e9poca era bastante ingrato y contradictorio con lo que se planteaba del arte por el arte. En ese contexto ser la primera mujer modernista centroamericana era complejo\u201d, contextualiz\u00f3 el escritor.<\/p>\n<p>&nbsp;<\/p>\n<p>La ceremonia finaliz\u00f3 con una declamaci\u00f3n del poema Paisaje a cargo de Lorena Bruna, mediadora educativa\u00a0del Museo, y con un vino de honor.<\/p>\n<p>&nbsp;<\/p>\n<p><a href=\"https:\/\/www.facebook.com\/pg\/MuseoVioletaParra\/photos\/?tab=album&amp;album_id=1874854906091255\" target=\"_blank\" rel=\"noopener noreferrer\">Ver galer\u00eda de im\u00e1genes<\/a><\/p>\n<p>&nbsp;<\/p>\n<p><iframe src=\"https:\/\/www.youtube.com\/embed\/hfe4KvpoUEI\" width=\"560\" height=\"315\" frameborder=\"0\" allowfullscreen=\"allowfullscreen\"><\/iframe><\/p>\n<p>&nbsp;<\/p>\n","protected":false},"excerpt":{"rendered":"<p>El evento conmemorativo cont\u00f3 con la presencia de representantes diplom\u00e1ticos de diversos pa\u00edses americanos y de la Biblioteca Nacional. El mi\u00e9rcoles 25 de enero a las 12:00 horas se realiz\u00f3 la presentaci\u00f3n del libro \u201cNueve cuentos\u201d de Rafaela Contreras de Dar\u00edo en el Auditorio Antar del Museo Violeta Parra. Esta edici\u00f3n del texto, la primera [&hellip;]<\/p>\n","protected":false},"author":5,"featured_media":2665,"comment_status":"open","ping_status":"open","sticky":false,"template":"","format":"standard","meta":{"site-sidebar-layout":"default","site-content-layout":"","ast-site-content-layout":"default","site-content-style":"default","site-sidebar-style":"default","ast-global-header-display":"","ast-banner-title-visibility":"","ast-main-header-display":"","ast-hfb-above-header-display":"","ast-hfb-below-header-display":"","ast-hfb-mobile-header-display":"","site-post-title":"","ast-breadcrumbs-content":"","ast-featured-img":"","footer-sml-layout":"","theme-transparent-header-meta":"","adv-header-id-meta":"","stick-header-meta":"","header-above-stick-meta":"","header-main-stick-meta":"","header-below-stick-meta":"","astra-migrate-meta-layouts":"default","ast-page-background-enabled":"default","ast-page-background-meta":{"desktop":{"background-color":"var(--ast-global-color-4)","background-image":"","background-repeat":"repeat","background-position":"center center","background-size":"auto","background-attachment":"scroll","background-type":"","background-media":"","overlay-type":"","overlay-color":"","overlay-opacity":"","overlay-gradient":""},"tablet":{"background-color":"","background-image":"","background-repeat":"repeat","background-position":"center center","background-size":"auto","background-attachment":"scroll","background-type":"","background-media":"","overlay-type":"","overlay-color":"","overlay-opacity":"","overlay-gradient":""},"mobile":{"background-color":"","background-image":"","background-repeat":"repeat","background-position":"center center","background-size":"auto","background-attachment":"scroll","background-type":"","background-media":"","overlay-type":"","overlay-color":"","overlay-opacity":"","overlay-gradient":""}},"ast-content-background-meta":{"desktop":{"background-color":"var(--ast-global-color-5)","background-image":"","background-repeat":"repeat","background-position":"center center","background-size":"auto","background-attachment":"scroll","background-type":"","background-media":"","overlay-type":"","overlay-color":"","overlay-opacity":"","overlay-gradient":""},"tablet":{"background-color":"var(--ast-global-color-5)","background-image":"","background-repeat":"repeat","background-position":"center center","background-size":"auto","background-attachment":"scroll","background-type":"","background-media":"","overlay-type":"","overlay-color":"","overlay-opacity":"","overlay-gradient":""},"mobile":{"background-color":"var(--ast-global-color-5)","background-image":"","background-repeat":"repeat","background-position":"center center","background-size":"auto","background-attachment":"scroll","background-type":"","background-media":"","overlay-type":"","overlay-color":"","overlay-opacity":"","overlay-gradient":""}},"footnotes":""},"categories":[59,8,61],"tags":[],"class_list":["post-2663","post","type-post","status-publish","format-standard","has-post-thumbnail","hentry","category-destacado-noticia","category-noticias","category-novedades"],"yoast_head":"<!-- This site is optimized with the Yoast SEO plugin v25.4 - https:\/\/yoast.com\/wordpress\/plugins\/seo\/ -->\n<title>Libro \u201cNueve cuentos\u201d se present\u00f3 con homenaje a Rub\u00e9n Dar\u00edo y Rafaela Contreras en Museo Violeta Parra - Museo Violeta Parra<\/title>\n<meta name=\"robots\" content=\"index, follow, max-snippet:-1, max-image-preview:large, max-video-preview:-1\" \/>\n<link rel=\"canonical\" href=\"http:\/\/vientosur.top\/museo\/tercera-edicion-del-libro-nueve-cuentos-se-presento-con-homenaje-a-ruben-dario-y-rafaela-contreras-en-museo-violeta\/\" \/>\n<meta property=\"og:locale\" content=\"es_ES\" \/>\n<meta property=\"og:type\" content=\"article\" \/>\n<meta property=\"og:title\" content=\"Libro \u201cNueve cuentos\u201d se present\u00f3 con homenaje a Rub\u00e9n Dar\u00edo y Rafaela Contreras en Museo Violeta Parra - Museo Violeta Parra\" \/>\n<meta property=\"og:description\" content=\"El evento conmemorativo cont\u00f3 con la presencia de representantes diplom\u00e1ticos de diversos pa\u00edses americanos y de la Biblioteca Nacional. El mi\u00e9rcoles 25 de enero a las 12:00 horas se realiz\u00f3 la presentaci\u00f3n del libro \u201cNueve cuentos\u201d de Rafaela Contreras de Dar\u00edo en el Auditorio Antar del Museo Violeta Parra. Esta edici\u00f3n del texto, la primera [&hellip;]\" \/>\n<meta property=\"og:url\" content=\"http:\/\/vientosur.top\/museo\/tercera-edicion-del-libro-nueve-cuentos-se-presento-con-homenaje-a-ruben-dario-y-rafaela-contreras-en-museo-violeta\/\" \/>\n<meta property=\"og:site_name\" content=\"Museo Violeta Parra\" \/>\n<meta property=\"article:published_time\" content=\"2017-01-25T21:11:53+00:00\" \/>\n<meta property=\"og:image\" content=\"http:\/\/vientosur.top\/museo\/wp-content\/uploads\/2017\/01\/DSC_0756.jpg\" \/>\n\t<meta property=\"og:image:width\" content=\"1444\" \/>\n\t<meta property=\"og:image:height\" content=\"960\" \/>\n\t<meta property=\"og:image:type\" content=\"image\/jpeg\" \/>\n<meta name=\"author\" content=\"admin\" \/>\n<meta name=\"twitter:card\" content=\"summary_large_image\" \/>\n<meta name=\"twitter:label1\" content=\"Escrito por\" \/>\n\t<meta name=\"twitter:data1\" content=\"admin\" \/>\n\t<meta name=\"twitter:label2\" content=\"Tiempo de lectura\" \/>\n\t<meta name=\"twitter:data2\" content=\"3 minutos\" \/>\n<script type=\"application\/ld+json\" class=\"yoast-schema-graph\">{\"@context\":\"https:\/\/schema.org\",\"@graph\":[{\"@type\":\"WebPage\",\"@id\":\"http:\/\/vientosur.top\/museo\/tercera-edicion-del-libro-nueve-cuentos-se-presento-con-homenaje-a-ruben-dario-y-rafaela-contreras-en-museo-violeta\/\",\"url\":\"http:\/\/vientosur.top\/museo\/tercera-edicion-del-libro-nueve-cuentos-se-presento-con-homenaje-a-ruben-dario-y-rafaela-contreras-en-museo-violeta\/\",\"name\":\"Libro \u201cNueve cuentos\u201d se present\u00f3 con homenaje a Rub\u00e9n Dar\u00edo y Rafaela Contreras en Museo Violeta Parra - Museo Violeta Parra\",\"isPartOf\":{\"@id\":\"http:\/\/vientosur.top\/museo\/#website\"},\"primaryImageOfPage\":{\"@id\":\"http:\/\/vientosur.top\/museo\/tercera-edicion-del-libro-nueve-cuentos-se-presento-con-homenaje-a-ruben-dario-y-rafaela-contreras-en-museo-violeta\/#primaryimage\"},\"image\":{\"@id\":\"http:\/\/vientosur.top\/museo\/tercera-edicion-del-libro-nueve-cuentos-se-presento-con-homenaje-a-ruben-dario-y-rafaela-contreras-en-museo-violeta\/#primaryimage\"},\"thumbnailUrl\":\"http:\/\/vientosur.top\/museo\/wp-content\/uploads\/2017\/01\/DSC_0756.jpg\",\"datePublished\":\"2017-01-25T21:11:53+00:00\",\"author\":{\"@id\":\"http:\/\/vientosur.top\/museo\/#\/schema\/person\/20c79d3c38800971feec8c2693c3dd9c\"},\"breadcrumb\":{\"@id\":\"http:\/\/vientosur.top\/museo\/tercera-edicion-del-libro-nueve-cuentos-se-presento-con-homenaje-a-ruben-dario-y-rafaela-contreras-en-museo-violeta\/#breadcrumb\"},\"inLanguage\":\"es\",\"potentialAction\":[{\"@type\":\"ReadAction\",\"target\":[\"http:\/\/vientosur.top\/museo\/tercera-edicion-del-libro-nueve-cuentos-se-presento-con-homenaje-a-ruben-dario-y-rafaela-contreras-en-museo-violeta\/\"]}]},{\"@type\":\"ImageObject\",\"inLanguage\":\"es\",\"@id\":\"http:\/\/vientosur.top\/museo\/tercera-edicion-del-libro-nueve-cuentos-se-presento-con-homenaje-a-ruben-dario-y-rafaela-contreras-en-museo-violeta\/#primaryimage\",\"url\":\"http:\/\/vientosur.top\/museo\/wp-content\/uploads\/2017\/01\/DSC_0756.jpg\",\"contentUrl\":\"http:\/\/vientosur.top\/museo\/wp-content\/uploads\/2017\/01\/DSC_0756.jpg\",\"width\":1444,\"height\":960},{\"@type\":\"BreadcrumbList\",\"@id\":\"http:\/\/vientosur.top\/museo\/tercera-edicion-del-libro-nueve-cuentos-se-presento-con-homenaje-a-ruben-dario-y-rafaela-contreras-en-museo-violeta\/#breadcrumb\",\"itemListElement\":[{\"@type\":\"ListItem\",\"position\":1,\"name\":\"Portada\",\"item\":\"http:\/\/vientosur.top\/museo\/\"},{\"@type\":\"ListItem\",\"position\":2,\"name\":\"Libro \u201cNueve cuentos\u201d se present\u00f3 con homenaje a Rub\u00e9n Dar\u00edo y Rafaela Contreras en Museo Violeta Parra\"}]},{\"@type\":\"WebSite\",\"@id\":\"http:\/\/vientosur.top\/museo\/#website\",\"url\":\"http:\/\/vientosur.top\/museo\/\",\"name\":\"Museo Violeta Parra\",\"description\":\"Espacio que alberga tanto la memoria y legado creativo de la artista\",\"potentialAction\":[{\"@type\":\"SearchAction\",\"target\":{\"@type\":\"EntryPoint\",\"urlTemplate\":\"http:\/\/vientosur.top\/museo\/?s={search_term_string}\"},\"query-input\":{\"@type\":\"PropertyValueSpecification\",\"valueRequired\":true,\"valueName\":\"search_term_string\"}}],\"inLanguage\":\"es\"},{\"@type\":\"Person\",\"@id\":\"http:\/\/vientosur.top\/museo\/#\/schema\/person\/20c79d3c38800971feec8c2693c3dd9c\",\"name\":\"admin\",\"image\":{\"@type\":\"ImageObject\",\"inLanguage\":\"es\",\"@id\":\"http:\/\/vientosur.top\/museo\/#\/schema\/person\/image\/\",\"url\":\"https:\/\/secure.gravatar.com\/avatar\/713677ece3ffa642287213a80e5b773bce9ab81c269dd6d95102a990951c922f?s=96&d=mm&r=g\",\"contentUrl\":\"https:\/\/secure.gravatar.com\/avatar\/713677ece3ffa642287213a80e5b773bce9ab81c269dd6d95102a990951c922f?s=96&d=mm&r=g\",\"caption\":\"admin\"},\"sameAs\":[\"http:\/\/vientosur.top\/museo\"],\"url\":\"http:\/\/vientosur.top\/museo\/author\/comunicacionesmvp\/\"}]}<\/script>\n<!-- \/ Yoast SEO plugin. -->","yoast_head_json":{"title":"Libro \u201cNueve cuentos\u201d se present\u00f3 con homenaje a Rub\u00e9n Dar\u00edo y Rafaela Contreras en Museo Violeta Parra - Museo Violeta Parra","robots":{"index":"index","follow":"follow","max-snippet":"max-snippet:-1","max-image-preview":"max-image-preview:large","max-video-preview":"max-video-preview:-1"},"canonical":"http:\/\/vientosur.top\/museo\/tercera-edicion-del-libro-nueve-cuentos-se-presento-con-homenaje-a-ruben-dario-y-rafaela-contreras-en-museo-violeta\/","og_locale":"es_ES","og_type":"article","og_title":"Libro \u201cNueve cuentos\u201d se present\u00f3 con homenaje a Rub\u00e9n Dar\u00edo y Rafaela Contreras en Museo Violeta Parra - Museo Violeta Parra","og_description":"El evento conmemorativo cont\u00f3 con la presencia de representantes diplom\u00e1ticos de diversos pa\u00edses americanos y de la Biblioteca Nacional. El mi\u00e9rcoles 25 de enero a las 12:00 horas se realiz\u00f3 la presentaci\u00f3n del libro \u201cNueve cuentos\u201d de Rafaela Contreras de Dar\u00edo en el Auditorio Antar del Museo Violeta Parra. Esta edici\u00f3n del texto, la primera [&hellip;]","og_url":"http:\/\/vientosur.top\/museo\/tercera-edicion-del-libro-nueve-cuentos-se-presento-con-homenaje-a-ruben-dario-y-rafaela-contreras-en-museo-violeta\/","og_site_name":"Museo Violeta Parra","article_published_time":"2017-01-25T21:11:53+00:00","og_image":[{"width":1444,"height":960,"url":"http:\/\/vientosur.top\/museo\/wp-content\/uploads\/2017\/01\/DSC_0756.jpg","type":"image\/jpeg"}],"author":"admin","twitter_card":"summary_large_image","twitter_misc":{"Escrito por":"admin","Tiempo de lectura":"3 minutos"},"schema":{"@context":"https:\/\/schema.org","@graph":[{"@type":"WebPage","@id":"http:\/\/vientosur.top\/museo\/tercera-edicion-del-libro-nueve-cuentos-se-presento-con-homenaje-a-ruben-dario-y-rafaela-contreras-en-museo-violeta\/","url":"http:\/\/vientosur.top\/museo\/tercera-edicion-del-libro-nueve-cuentos-se-presento-con-homenaje-a-ruben-dario-y-rafaela-contreras-en-museo-violeta\/","name":"Libro \u201cNueve cuentos\u201d se present\u00f3 con homenaje a Rub\u00e9n Dar\u00edo y Rafaela Contreras en Museo Violeta Parra - Museo Violeta Parra","isPartOf":{"@id":"http:\/\/vientosur.top\/museo\/#website"},"primaryImageOfPage":{"@id":"http:\/\/vientosur.top\/museo\/tercera-edicion-del-libro-nueve-cuentos-se-presento-con-homenaje-a-ruben-dario-y-rafaela-contreras-en-museo-violeta\/#primaryimage"},"image":{"@id":"http:\/\/vientosur.top\/museo\/tercera-edicion-del-libro-nueve-cuentos-se-presento-con-homenaje-a-ruben-dario-y-rafaela-contreras-en-museo-violeta\/#primaryimage"},"thumbnailUrl":"http:\/\/vientosur.top\/museo\/wp-content\/uploads\/2017\/01\/DSC_0756.jpg","datePublished":"2017-01-25T21:11:53+00:00","author":{"@id":"http:\/\/vientosur.top\/museo\/#\/schema\/person\/20c79d3c38800971feec8c2693c3dd9c"},"breadcrumb":{"@id":"http:\/\/vientosur.top\/museo\/tercera-edicion-del-libro-nueve-cuentos-se-presento-con-homenaje-a-ruben-dario-y-rafaela-contreras-en-museo-violeta\/#breadcrumb"},"inLanguage":"es","potentialAction":[{"@type":"ReadAction","target":["http:\/\/vientosur.top\/museo\/tercera-edicion-del-libro-nueve-cuentos-se-presento-con-homenaje-a-ruben-dario-y-rafaela-contreras-en-museo-violeta\/"]}]},{"@type":"ImageObject","inLanguage":"es","@id":"http:\/\/vientosur.top\/museo\/tercera-edicion-del-libro-nueve-cuentos-se-presento-con-homenaje-a-ruben-dario-y-rafaela-contreras-en-museo-violeta\/#primaryimage","url":"http:\/\/vientosur.top\/museo\/wp-content\/uploads\/2017\/01\/DSC_0756.jpg","contentUrl":"http:\/\/vientosur.top\/museo\/wp-content\/uploads\/2017\/01\/DSC_0756.jpg","width":1444,"height":960},{"@type":"BreadcrumbList","@id":"http:\/\/vientosur.top\/museo\/tercera-edicion-del-libro-nueve-cuentos-se-presento-con-homenaje-a-ruben-dario-y-rafaela-contreras-en-museo-violeta\/#breadcrumb","itemListElement":[{"@type":"ListItem","position":1,"name":"Portada","item":"http:\/\/vientosur.top\/museo\/"},{"@type":"ListItem","position":2,"name":"Libro \u201cNueve cuentos\u201d se present\u00f3 con homenaje a Rub\u00e9n Dar\u00edo y Rafaela Contreras en Museo Violeta Parra"}]},{"@type":"WebSite","@id":"http:\/\/vientosur.top\/museo\/#website","url":"http:\/\/vientosur.top\/museo\/","name":"Museo Violeta Parra","description":"Espacio que alberga tanto la memoria y legado creativo de la artista","potentialAction":[{"@type":"SearchAction","target":{"@type":"EntryPoint","urlTemplate":"http:\/\/vientosur.top\/museo\/?s={search_term_string}"},"query-input":{"@type":"PropertyValueSpecification","valueRequired":true,"valueName":"search_term_string"}}],"inLanguage":"es"},{"@type":"Person","@id":"http:\/\/vientosur.top\/museo\/#\/schema\/person\/20c79d3c38800971feec8c2693c3dd9c","name":"admin","image":{"@type":"ImageObject","inLanguage":"es","@id":"http:\/\/vientosur.top\/museo\/#\/schema\/person\/image\/","url":"https:\/\/secure.gravatar.com\/avatar\/713677ece3ffa642287213a80e5b773bce9ab81c269dd6d95102a990951c922f?s=96&d=mm&r=g","contentUrl":"https:\/\/secure.gravatar.com\/avatar\/713677ece3ffa642287213a80e5b773bce9ab81c269dd6d95102a990951c922f?s=96&d=mm&r=g","caption":"admin"},"sameAs":["http:\/\/vientosur.top\/museo"],"url":"http:\/\/vientosur.top\/museo\/author\/comunicacionesmvp\/"}]}},"_links":{"self":[{"href":"http:\/\/vientosur.top\/museo\/wp-json\/wp\/v2\/posts\/2663","targetHints":{"allow":["GET"]}}],"collection":[{"href":"http:\/\/vientosur.top\/museo\/wp-json\/wp\/v2\/posts"}],"about":[{"href":"http:\/\/vientosur.top\/museo\/wp-json\/wp\/v2\/types\/post"}],"author":[{"embeddable":true,"href":"http:\/\/vientosur.top\/museo\/wp-json\/wp\/v2\/users\/5"}],"replies":[{"embeddable":true,"href":"http:\/\/vientosur.top\/museo\/wp-json\/wp\/v2\/comments?post=2663"}],"version-history":[{"count":0,"href":"http:\/\/vientosur.top\/museo\/wp-json\/wp\/v2\/posts\/2663\/revisions"}],"wp:featuredmedia":[{"embeddable":true,"href":"http:\/\/vientosur.top\/museo\/wp-json\/wp\/v2\/media\/2665"}],"wp:attachment":[{"href":"http:\/\/vientosur.top\/museo\/wp-json\/wp\/v2\/media?parent=2663"}],"wp:term":[{"taxonomy":"category","embeddable":true,"href":"http:\/\/vientosur.top\/museo\/wp-json\/wp\/v2\/categories?post=2663"},{"taxonomy":"post_tag","embeddable":true,"href":"http:\/\/vientosur.top\/museo\/wp-json\/wp\/v2\/tags?post=2663"}],"curies":[{"name":"wp","href":"https:\/\/api.w.org\/{rel}","templated":true}]}}