{"id":2679,"date":"2017-01-27T14:21:11","date_gmt":"2017-01-27T14:21:11","guid":{"rendered":"http:\/\/vientosur.top\/museo\/\/?p=2679"},"modified":"2017-01-27T14:21:11","modified_gmt":"2017-01-27T14:21:11","slug":"violeta-volcanica-revista-universitaria-de-la-uc-celebra-los-100-anos-del-natalicio-de-violeta-parra","status":"publish","type":"post","link":"http:\/\/vientosur.top\/museo\/violeta-volcanica-revista-universitaria-de-la-uc-celebra-los-100-anos-del-natalicio-de-violeta-parra\/","title":{"rendered":"Violeta volc\u00e1nica: Revista Universitaria de la UC celebra los 100 a\u00f1os del natalicio de Violeta Parra"},"content":{"rendered":"<p>&nbsp;<\/p>\n<p>Con la presencia del Rector de la UC, Ignacio S\u00e1nchez; la Directora del Museo Violeta Parra, Cecilia Garc\u00eda-Huidobro e Isabel Parra, Presidenta de la Fundaci\u00f3n Violeta Parra, se realiz\u00f3 el 26 de enero, en el Auditorio Antar del Museo, el lanzamiento de la <a href=\"http:\/\/www.uc.cl\/revista-universitaria\" target=\"_blank\" rel=\"noopener noreferrer\">edici\u00f3n especial de esta publicaci\u00f3n que conmemora el nacimiento de la artista<\/a>. \u201cLa Violeta est\u00e1 aqu\u00ed para recordarnos qui\u00e9nes somos\u201d, afirma Isabel Parra al reflexionar sobre su necesaria presencia en la memoria de los chilenos.<\/p>\n<p>&nbsp;<\/p>\n<p>Creadora vers\u00e1til, artista integral. Su aporte a la identidad nacional es de un incalculable valor y este a\u00f1o <em>Revista Universitaria<\/em> quiso plasmar en su edici\u00f3n un reconocimiento a su obra y su herencia cultural. Destacados autores y entrevistados revelan \u00e1mbitos desconocidos y profundizan en aspectos de esta mujer sin l\u00edmites, cuya potencia creativa desbord\u00f3 el alma nacional y se proyect\u00f3 al mundo.<\/p>\n<p>&nbsp;<\/p>\n<p>\u201cLa Violeta est\u00e1 aqu\u00ed para recordarnos qui\u00e9nes somos\u201d, afirma Isabel Parra, al reflexionar sobre su necesaria presencia en la memoria del pueblo chileno y agrega: \u201cYo creo que no est\u00e1 en el lugar que debe en los colegios, en las universidades. Ahora hay una preocupaci\u00f3n por los 100 a\u00f1os, pero tengo el temor de que despu\u00e9s estos proyectos se los lleve el viento\u201d. La destacada cantautora e hija de Violeta Parra, entrega pasajes exclusivos de la relaci\u00f3n con su madre y describe facetas de su personalidad: \u201cElla ten\u00eda una seguridad en s\u00ed misma que no conozco en otra persona\u201d. Tambi\u00e9n se refiere a su temprano final: \u201cEl destino se equivoc\u00f3 con ella y la meti\u00f3 en un laberinto que no hab\u00eda para qu\u00e9. T\u00fa te imaginas la cantidad de veces que yo he pensado en ese \u00faltimo tiempo, cuando ella estaba en la carpa, desolada\u201d, confiesa.<\/p>\n<p>&nbsp;<\/p>\n<p>Cecilia Garc\u00eda-Huidobro, Directora del Museo Violeta Parra, resalta la importancia de que la Universidad Cat\u00f3lica se haya aliado a la Fundaci\u00f3n Violeta Parra y al Museo, para la elaboraci\u00f3n de este importante n\u00famero especial. \u201cPara este Museo es relevante el trabajo mancomunado con la academia\u201d, acota, resaltando que la l\u00ednea investigativa que se abri\u00f3 con la realizaci\u00f3n de la revista es muy valiosa para la instituci\u00f3n.<\/p>\n<p>&nbsp;<\/p>\n<p>En la publicaci\u00f3n, el historiador Claudio Rolle revisa la cr\u00edtica social y el an\u00e1lisis de la contingencia nacional de aquella \u00e9poca a trav\u00e9s de sus letras. La acad\u00e9mica y curadora de la Colecci\u00f3n Gandarillas de la UC, Isabel Cruz, realiza un repaso a la obra visual de Violeta; los cantautores nacionales actuales que siguen su huella son descritos por el periodista Pablo M\u00e1rquez. A trav\u00e9s de los ojos del director de cine Andr\u00e9s Wood podemos conocer una mirada cinematogr\u00e1fica de la artista. A su vez, Gast\u00f3n Soublette relata el viaje de la creadora chilena por el pa\u00eds, descubriendo a cantores y cantoras y desarrollando una labor de rescate patrimonial de incalculable valor.<\/p>\n<p>&nbsp;<\/p>\n<p>Por otra parte, entre los art\u00edculos se encuentra el de la historiadora UC Carolina Loyola, quien explica el rol de la Universidad Cat\u00f3lica en conservar parte de su legado, al publicar en 1970 las <em>D\u00e9cimas<\/em> a trav\u00e9s de su editorial, una de las principales obras de la poes\u00eda latinoamericana<em>. <\/em>Adem\u00e1s de ellos, tambi\u00e9n escribieron en esta edici\u00f3n el sacerdote Joaqu\u00edn Alliende; Cecilia Garc\u00eda-Huidobro; las acad\u00e9micas Olivia Concha y Paula Miranda y la arquitecta Rayna Razmilic.<\/p>\n<p>&nbsp;<\/p>\n<p>\u201cLos 100 a\u00f1os de Violeta Parra llaman a festejar en grande. Tan s\u00f3lida y tan seria, nos abre una puerta que es portal de trascendencia. Responsable como artista, capaz de padecer los dolores de un pueblo que sent\u00eda suyo, fuerte en la cr\u00edtica y la denuncia. Con ancestral sabidur\u00eda entreg\u00f3 lo suyo en una \u00e9poca intensa de la historia nacional, llamando a la transformaci\u00f3n pero no a la violencia. Por todo esto, dedicarle un n\u00famero completo de <em>Revista Universitaria<\/em> result\u00f3 ser un compromiso con nuestra identidad nacional\u201d, afirma el rector de la Universidad Cat\u00f3lica, Ignacio S\u00e1nchez.<\/p>\n<p>&nbsp;<\/p>\n<p><a href=\"https:\/\/www.facebook.com\/pg\/MuseoVioletaParra\/photos\/?tab=album&amp;album_id=1875044296072316\" target=\"_blank\" rel=\"noopener noreferrer\">Ver galer\u00eda de im\u00e1genes<\/a><br \/>\n<a href=\"http:\/\/www.uc.cl\/revista-universitaria\" target=\"_blank\" rel=\"noopener noreferrer\">Leer Revista Universitaria en homenaje a Violeta Parra<\/a><\/p>\n<p><iframe width=\"560\" height=\"315\" src=\"https:\/\/www.youtube.com\/embed\/zme_J90_48k\" frameborder=\"0\" allowfullscreen><\/iframe><\/p>\n","protected":false},"excerpt":{"rendered":"<p>&nbsp; Con la presencia del Rector de la UC, Ignacio S\u00e1nchez; la Directora del Museo Violeta Parra, Cecilia Garc\u00eda-Huidobro e Isabel Parra, Presidenta de la Fundaci\u00f3n Violeta Parra, se realiz\u00f3 el 26 de enero, en el Auditorio Antar del Museo, el lanzamiento de la edici\u00f3n especial de esta publicaci\u00f3n que conmemora el nacimiento de la [&hellip;]<\/p>\n","protected":false},"author":5,"featured_media":2680,"comment_status":"open","ping_status":"open","sticky":false,"template":"","format":"standard","meta":{"site-sidebar-layout":"default","site-content-layout":"","ast-site-content-layout":"default","site-content-style":"default","site-sidebar-style":"default","ast-global-header-display":"","ast-banner-title-visibility":"","ast-main-header-display":"","ast-hfb-above-header-display":"","ast-hfb-below-header-display":"","ast-hfb-mobile-header-display":"","site-post-title":"","ast-breadcrumbs-content":"","ast-featured-img":"","footer-sml-layout":"","theme-transparent-header-meta":"","adv-header-id-meta":"","stick-header-meta":"","header-above-stick-meta":"","header-main-stick-meta":"","header-below-stick-meta":"","astra-migrate-meta-layouts":"default","ast-page-background-enabled":"default","ast-page-background-meta":{"desktop":{"background-color":"var(--ast-global-color-4)","background-image":"","background-repeat":"repeat","background-position":"center center","background-size":"auto","background-attachment":"scroll","background-type":"","background-media":"","overlay-type":"","overlay-color":"","overlay-opacity":"","overlay-gradient":""},"tablet":{"background-color":"","background-image":"","background-repeat":"repeat","background-position":"center center","background-size":"auto","background-attachment":"scroll","background-type":"","background-media":"","overlay-type":"","overlay-color":"","overlay-opacity":"","overlay-gradient":""},"mobile":{"background-color":"","background-image":"","background-repeat":"repeat","background-position":"center center","background-size":"auto","background-attachment":"scroll","background-type":"","background-media":"","overlay-type":"","overlay-color":"","overlay-opacity":"","overlay-gradient":""}},"ast-content-background-meta":{"desktop":{"background-color":"var(--ast-global-color-5)","background-image":"","background-repeat":"repeat","background-position":"center center","background-size":"auto","background-attachment":"scroll","background-type":"","background-media":"","overlay-type":"","overlay-color":"","overlay-opacity":"","overlay-gradient":""},"tablet":{"background-color":"var(--ast-global-color-5)","background-image":"","background-repeat":"repeat","background-position":"center center","background-size":"auto","background-attachment":"scroll","background-type":"","background-media":"","overlay-type":"","overlay-color":"","overlay-opacity":"","overlay-gradient":""},"mobile":{"background-color":"var(--ast-global-color-5)","background-image":"","background-repeat":"repeat","background-position":"center center","background-size":"auto","background-attachment":"scroll","background-type":"","background-media":"","overlay-type":"","overlay-color":"","overlay-opacity":"","overlay-gradient":""}},"footnotes":""},"categories":[59,8,61],"tags":[],"class_list":["post-2679","post","type-post","status-publish","format-standard","has-post-thumbnail","hentry","category-destacado-noticia","category-noticias","category-novedades"],"yoast_head":"<!-- This site is optimized with the Yoast SEO plugin v25.4 - https:\/\/yoast.com\/wordpress\/plugins\/seo\/ -->\n<title>Violeta volc\u00e1nica: Revista Universitaria de la UC celebra los 100 a\u00f1os del natalicio de Violeta Parra - Museo Violeta Parra<\/title>\n<meta name=\"robots\" content=\"index, follow, max-snippet:-1, max-image-preview:large, max-video-preview:-1\" \/>\n<link rel=\"canonical\" href=\"http:\/\/vientosur.top\/museo\/violeta-volcanica-revista-universitaria-de-la-uc-celebra-los-100-anos-del-natalicio-de-violeta-parra\/\" \/>\n<meta property=\"og:locale\" content=\"es_ES\" \/>\n<meta property=\"og:type\" content=\"article\" \/>\n<meta property=\"og:title\" content=\"Violeta volc\u00e1nica: Revista Universitaria de la UC celebra los 100 a\u00f1os del natalicio de Violeta Parra - Museo Violeta Parra\" \/>\n<meta property=\"og:description\" content=\"&nbsp; Con la presencia del Rector de la UC, Ignacio S\u00e1nchez; la Directora del Museo Violeta Parra, Cecilia Garc\u00eda-Huidobro e Isabel Parra, Presidenta de la Fundaci\u00f3n Violeta Parra, se realiz\u00f3 el 26 de enero, en el Auditorio Antar del Museo, el lanzamiento de la edici\u00f3n especial de esta publicaci\u00f3n que conmemora el nacimiento de la [&hellip;]\" \/>\n<meta property=\"og:url\" content=\"http:\/\/vientosur.top\/museo\/violeta-volcanica-revista-universitaria-de-la-uc-celebra-los-100-anos-del-natalicio-de-violeta-parra\/\" \/>\n<meta property=\"og:site_name\" content=\"Museo Violeta Parra\" \/>\n<meta property=\"article:published_time\" content=\"2017-01-27T14:21:11+00:00\" \/>\n<meta property=\"og:image\" content=\"http:\/\/vientosur.top\/museo\/wp-content\/uploads\/2017\/01\/MG_1101.jpg\" \/>\n\t<meta property=\"og:image:width\" content=\"1600\" \/>\n\t<meta property=\"og:image:height\" content=\"1067\" \/>\n\t<meta property=\"og:image:type\" content=\"image\/jpeg\" \/>\n<meta name=\"author\" content=\"admin\" \/>\n<meta name=\"twitter:card\" content=\"summary_large_image\" \/>\n<meta name=\"twitter:label1\" content=\"Escrito por\" \/>\n\t<meta name=\"twitter:data1\" content=\"admin\" \/>\n\t<meta name=\"twitter:label2\" content=\"Tiempo de lectura\" \/>\n\t<meta name=\"twitter:data2\" content=\"4 minutos\" \/>\n<script type=\"application\/ld+json\" class=\"yoast-schema-graph\">{\"@context\":\"https:\/\/schema.org\",\"@graph\":[{\"@type\":\"WebPage\",\"@id\":\"http:\/\/vientosur.top\/museo\/violeta-volcanica-revista-universitaria-de-la-uc-celebra-los-100-anos-del-natalicio-de-violeta-parra\/\",\"url\":\"http:\/\/vientosur.top\/museo\/violeta-volcanica-revista-universitaria-de-la-uc-celebra-los-100-anos-del-natalicio-de-violeta-parra\/\",\"name\":\"Violeta volc\u00e1nica: Revista Universitaria de la UC celebra los 100 a\u00f1os del natalicio de Violeta Parra - Museo Violeta Parra\",\"isPartOf\":{\"@id\":\"http:\/\/vientosur.top\/museo\/#website\"},\"primaryImageOfPage\":{\"@id\":\"http:\/\/vientosur.top\/museo\/violeta-volcanica-revista-universitaria-de-la-uc-celebra-los-100-anos-del-natalicio-de-violeta-parra\/#primaryimage\"},\"image\":{\"@id\":\"http:\/\/vientosur.top\/museo\/violeta-volcanica-revista-universitaria-de-la-uc-celebra-los-100-anos-del-natalicio-de-violeta-parra\/#primaryimage\"},\"thumbnailUrl\":\"http:\/\/vientosur.top\/museo\/wp-content\/uploads\/2017\/01\/MG_1101.jpg\",\"datePublished\":\"2017-01-27T14:21:11+00:00\",\"author\":{\"@id\":\"http:\/\/vientosur.top\/museo\/#\/schema\/person\/20c79d3c38800971feec8c2693c3dd9c\"},\"breadcrumb\":{\"@id\":\"http:\/\/vientosur.top\/museo\/violeta-volcanica-revista-universitaria-de-la-uc-celebra-los-100-anos-del-natalicio-de-violeta-parra\/#breadcrumb\"},\"inLanguage\":\"es\",\"potentialAction\":[{\"@type\":\"ReadAction\",\"target\":[\"http:\/\/vientosur.top\/museo\/violeta-volcanica-revista-universitaria-de-la-uc-celebra-los-100-anos-del-natalicio-de-violeta-parra\/\"]}]},{\"@type\":\"ImageObject\",\"inLanguage\":\"es\",\"@id\":\"http:\/\/vientosur.top\/museo\/violeta-volcanica-revista-universitaria-de-la-uc-celebra-los-100-anos-del-natalicio-de-violeta-parra\/#primaryimage\",\"url\":\"http:\/\/vientosur.top\/museo\/wp-content\/uploads\/2017\/01\/MG_1101.jpg\",\"contentUrl\":\"http:\/\/vientosur.top\/museo\/wp-content\/uploads\/2017\/01\/MG_1101.jpg\",\"width\":1600,\"height\":1067},{\"@type\":\"BreadcrumbList\",\"@id\":\"http:\/\/vientosur.top\/museo\/violeta-volcanica-revista-universitaria-de-la-uc-celebra-los-100-anos-del-natalicio-de-violeta-parra\/#breadcrumb\",\"itemListElement\":[{\"@type\":\"ListItem\",\"position\":1,\"name\":\"Portada\",\"item\":\"http:\/\/vientosur.top\/museo\/\"},{\"@type\":\"ListItem\",\"position\":2,\"name\":\"Violeta volc\u00e1nica: Revista Universitaria de la UC celebra los 100 a\u00f1os del natalicio de Violeta Parra\"}]},{\"@type\":\"WebSite\",\"@id\":\"http:\/\/vientosur.top\/museo\/#website\",\"url\":\"http:\/\/vientosur.top\/museo\/\",\"name\":\"Museo Violeta Parra\",\"description\":\"Espacio que alberga tanto la memoria y legado creativo de la artista\",\"potentialAction\":[{\"@type\":\"SearchAction\",\"target\":{\"@type\":\"EntryPoint\",\"urlTemplate\":\"http:\/\/vientosur.top\/museo\/?s={search_term_string}\"},\"query-input\":{\"@type\":\"PropertyValueSpecification\",\"valueRequired\":true,\"valueName\":\"search_term_string\"}}],\"inLanguage\":\"es\"},{\"@type\":\"Person\",\"@id\":\"http:\/\/vientosur.top\/museo\/#\/schema\/person\/20c79d3c38800971feec8c2693c3dd9c\",\"name\":\"admin\",\"image\":{\"@type\":\"ImageObject\",\"inLanguage\":\"es\",\"@id\":\"http:\/\/vientosur.top\/museo\/#\/schema\/person\/image\/\",\"url\":\"https:\/\/secure.gravatar.com\/avatar\/713677ece3ffa642287213a80e5b773bce9ab81c269dd6d95102a990951c922f?s=96&d=mm&r=g\",\"contentUrl\":\"https:\/\/secure.gravatar.com\/avatar\/713677ece3ffa642287213a80e5b773bce9ab81c269dd6d95102a990951c922f?s=96&d=mm&r=g\",\"caption\":\"admin\"},\"sameAs\":[\"http:\/\/vientosur.top\/museo\"],\"url\":\"http:\/\/vientosur.top\/museo\/author\/comunicacionesmvp\/\"}]}<\/script>\n<!-- \/ Yoast SEO plugin. -->","yoast_head_json":{"title":"Violeta volc\u00e1nica: Revista Universitaria de la UC celebra los 100 a\u00f1os del natalicio de Violeta Parra - Museo Violeta Parra","robots":{"index":"index","follow":"follow","max-snippet":"max-snippet:-1","max-image-preview":"max-image-preview:large","max-video-preview":"max-video-preview:-1"},"canonical":"http:\/\/vientosur.top\/museo\/violeta-volcanica-revista-universitaria-de-la-uc-celebra-los-100-anos-del-natalicio-de-violeta-parra\/","og_locale":"es_ES","og_type":"article","og_title":"Violeta volc\u00e1nica: Revista Universitaria de la UC celebra los 100 a\u00f1os del natalicio de Violeta Parra - Museo Violeta Parra","og_description":"&nbsp; Con la presencia del Rector de la UC, Ignacio S\u00e1nchez; la Directora del Museo Violeta Parra, Cecilia Garc\u00eda-Huidobro e Isabel Parra, Presidenta de la Fundaci\u00f3n Violeta Parra, se realiz\u00f3 el 26 de enero, en el Auditorio Antar del Museo, el lanzamiento de la edici\u00f3n especial de esta publicaci\u00f3n que conmemora el nacimiento de la [&hellip;]","og_url":"http:\/\/vientosur.top\/museo\/violeta-volcanica-revista-universitaria-de-la-uc-celebra-los-100-anos-del-natalicio-de-violeta-parra\/","og_site_name":"Museo Violeta Parra","article_published_time":"2017-01-27T14:21:11+00:00","og_image":[{"width":1600,"height":1067,"url":"http:\/\/vientosur.top\/museo\/wp-content\/uploads\/2017\/01\/MG_1101.jpg","type":"image\/jpeg"}],"author":"admin","twitter_card":"summary_large_image","twitter_misc":{"Escrito por":"admin","Tiempo de lectura":"4 minutos"},"schema":{"@context":"https:\/\/schema.org","@graph":[{"@type":"WebPage","@id":"http:\/\/vientosur.top\/museo\/violeta-volcanica-revista-universitaria-de-la-uc-celebra-los-100-anos-del-natalicio-de-violeta-parra\/","url":"http:\/\/vientosur.top\/museo\/violeta-volcanica-revista-universitaria-de-la-uc-celebra-los-100-anos-del-natalicio-de-violeta-parra\/","name":"Violeta volc\u00e1nica: Revista Universitaria de la UC celebra los 100 a\u00f1os del natalicio de Violeta Parra - Museo Violeta Parra","isPartOf":{"@id":"http:\/\/vientosur.top\/museo\/#website"},"primaryImageOfPage":{"@id":"http:\/\/vientosur.top\/museo\/violeta-volcanica-revista-universitaria-de-la-uc-celebra-los-100-anos-del-natalicio-de-violeta-parra\/#primaryimage"},"image":{"@id":"http:\/\/vientosur.top\/museo\/violeta-volcanica-revista-universitaria-de-la-uc-celebra-los-100-anos-del-natalicio-de-violeta-parra\/#primaryimage"},"thumbnailUrl":"http:\/\/vientosur.top\/museo\/wp-content\/uploads\/2017\/01\/MG_1101.jpg","datePublished":"2017-01-27T14:21:11+00:00","author":{"@id":"http:\/\/vientosur.top\/museo\/#\/schema\/person\/20c79d3c38800971feec8c2693c3dd9c"},"breadcrumb":{"@id":"http:\/\/vientosur.top\/museo\/violeta-volcanica-revista-universitaria-de-la-uc-celebra-los-100-anos-del-natalicio-de-violeta-parra\/#breadcrumb"},"inLanguage":"es","potentialAction":[{"@type":"ReadAction","target":["http:\/\/vientosur.top\/museo\/violeta-volcanica-revista-universitaria-de-la-uc-celebra-los-100-anos-del-natalicio-de-violeta-parra\/"]}]},{"@type":"ImageObject","inLanguage":"es","@id":"http:\/\/vientosur.top\/museo\/violeta-volcanica-revista-universitaria-de-la-uc-celebra-los-100-anos-del-natalicio-de-violeta-parra\/#primaryimage","url":"http:\/\/vientosur.top\/museo\/wp-content\/uploads\/2017\/01\/MG_1101.jpg","contentUrl":"http:\/\/vientosur.top\/museo\/wp-content\/uploads\/2017\/01\/MG_1101.jpg","width":1600,"height":1067},{"@type":"BreadcrumbList","@id":"http:\/\/vientosur.top\/museo\/violeta-volcanica-revista-universitaria-de-la-uc-celebra-los-100-anos-del-natalicio-de-violeta-parra\/#breadcrumb","itemListElement":[{"@type":"ListItem","position":1,"name":"Portada","item":"http:\/\/vientosur.top\/museo\/"},{"@type":"ListItem","position":2,"name":"Violeta volc\u00e1nica: Revista Universitaria de la UC celebra los 100 a\u00f1os del natalicio de Violeta Parra"}]},{"@type":"WebSite","@id":"http:\/\/vientosur.top\/museo\/#website","url":"http:\/\/vientosur.top\/museo\/","name":"Museo Violeta Parra","description":"Espacio que alberga tanto la memoria y legado creativo de la artista","potentialAction":[{"@type":"SearchAction","target":{"@type":"EntryPoint","urlTemplate":"http:\/\/vientosur.top\/museo\/?s={search_term_string}"},"query-input":{"@type":"PropertyValueSpecification","valueRequired":true,"valueName":"search_term_string"}}],"inLanguage":"es"},{"@type":"Person","@id":"http:\/\/vientosur.top\/museo\/#\/schema\/person\/20c79d3c38800971feec8c2693c3dd9c","name":"admin","image":{"@type":"ImageObject","inLanguage":"es","@id":"http:\/\/vientosur.top\/museo\/#\/schema\/person\/image\/","url":"https:\/\/secure.gravatar.com\/avatar\/713677ece3ffa642287213a80e5b773bce9ab81c269dd6d95102a990951c922f?s=96&d=mm&r=g","contentUrl":"https:\/\/secure.gravatar.com\/avatar\/713677ece3ffa642287213a80e5b773bce9ab81c269dd6d95102a990951c922f?s=96&d=mm&r=g","caption":"admin"},"sameAs":["http:\/\/vientosur.top\/museo"],"url":"http:\/\/vientosur.top\/museo\/author\/comunicacionesmvp\/"}]}},"_links":{"self":[{"href":"http:\/\/vientosur.top\/museo\/wp-json\/wp\/v2\/posts\/2679","targetHints":{"allow":["GET"]}}],"collection":[{"href":"http:\/\/vientosur.top\/museo\/wp-json\/wp\/v2\/posts"}],"about":[{"href":"http:\/\/vientosur.top\/museo\/wp-json\/wp\/v2\/types\/post"}],"author":[{"embeddable":true,"href":"http:\/\/vientosur.top\/museo\/wp-json\/wp\/v2\/users\/5"}],"replies":[{"embeddable":true,"href":"http:\/\/vientosur.top\/museo\/wp-json\/wp\/v2\/comments?post=2679"}],"version-history":[{"count":0,"href":"http:\/\/vientosur.top\/museo\/wp-json\/wp\/v2\/posts\/2679\/revisions"}],"wp:featuredmedia":[{"embeddable":true,"href":"http:\/\/vientosur.top\/museo\/wp-json\/wp\/v2\/media\/2680"}],"wp:attachment":[{"href":"http:\/\/vientosur.top\/museo\/wp-json\/wp\/v2\/media?parent=2679"}],"wp:term":[{"taxonomy":"category","embeddable":true,"href":"http:\/\/vientosur.top\/museo\/wp-json\/wp\/v2\/categories?post=2679"},{"taxonomy":"post_tag","embeddable":true,"href":"http:\/\/vientosur.top\/museo\/wp-json\/wp\/v2\/tags?post=2679"}],"curies":[{"name":"wp","href":"https:\/\/api.w.org\/{rel}","templated":true}]}}