{"id":2685,"date":"2017-02-08T01:42:53","date_gmt":"2017-02-08T01:42:53","guid":{"rendered":"http:\/\/vientosur.top\/museo\/\/?p=2685"},"modified":"2017-02-08T01:42:53","modified_gmt":"2017-02-08T01:42:53","slug":"concierto-duo-sankara-se-presentara-en-museo-violeta-parra","status":"publish","type":"post","link":"http:\/\/vientosur.top\/museo\/concierto-duo-sankara-se-presentara-en-museo-violeta-parra\/","title":{"rendered":"D\u00fao Sankara present\u00f3 \u00abSankara canta Violeta\u00bb en Sala Antar"},"content":{"rendered":"<p>&nbsp;<\/p>\n<p>Sankara es el d\u00fao chileno de Fernanda Mosqueda (charango y voz) y Felipe Vald\u00e9s (guitarra y voz). Con 7 a\u00f1os de vida ya cuentan con tres producciones\u00a0discogr\u00e1ficas y son los organizadores y productores del \u00abEncuentro de Charango y otras hierbas\u00bb.<\/p>\n<p>&nbsp;<\/p>\n<p>En noviembre del 2016 nace \u201cParcerias\u201d, su tercera placa, grabada junto a m\u00e1s de una\u00a0veintena de destacados m\u00fasicos chilenos.\u00a0En portugu\u00e9s<em> parceria<\/em> significa asociaci\u00f3n y es tambi\u00e9n una junta distendida, mientras que en espa\u00f1ol la aparcer\u00eda es un acuerdo que se hace en el campo para cultivar la tierra en conjunto. De alg\u00fan modo todos esos conceptos est\u00e1n en \u201cParcerias\u201d, el tercer disco del d\u00fao Sankara, como una expresi\u00f3n de lo dual, desde el hecho de ser un d\u00fao de guitarra y charango hasta por estar conformado por un hombre y una mujer. \u201cHay una contraposici\u00f3n de fuerzas desde los extremos que en el disco se manifiesta en las canciones que abordan temas opuestos como el fuego y el agua, los ni\u00f1os y los ancianos, lo terrenal y lo c\u00f3smico\u00bb.<\/p>\n<p>&nbsp;<\/p>\n<p>En el concierto del 12 de febrero, el d\u00fao hizo una ofrenda a los amantes de Violeta Parra.<\/p>\n<p>&nbsp;<\/p>\n<p>&nbsp;<\/p>\n<p>&nbsp;<\/p>\n<p><a href=\"https:\/\/www.facebook.com\/pg\/MuseoVioletaParra\/photos\/?tab=album&amp;album_id=1882978668612212\" target=\"_blank\" rel=\"noopener noreferrer\">Ver galer\u00eda de im\u00e1genes\u00a0<\/a><\/p>\n","protected":false},"excerpt":{"rendered":"<p>&nbsp; Sankara es el d\u00fao chileno de Fernanda Mosqueda (charango y voz) y Felipe Vald\u00e9s (guitarra y voz). Con 7 a\u00f1os de vida ya cuentan con tres producciones\u00a0discogr\u00e1ficas y son los organizadores y productores del \u00abEncuentro de Charango y otras hierbas\u00bb. &nbsp; En noviembre del 2016 nace \u201cParcerias\u201d, su tercera placa, grabada junto a m\u00e1s [&hellip;]<\/p>\n","protected":false},"author":5,"featured_media":2864,"comment_status":"open","ping_status":"open","sticky":false,"template":"","format":"standard","meta":{"site-sidebar-layout":"default","site-content-layout":"","ast-site-content-layout":"default","site-content-style":"default","site-sidebar-style":"default","ast-global-header-display":"","ast-banner-title-visibility":"","ast-main-header-display":"","ast-hfb-above-header-display":"","ast-hfb-below-header-display":"","ast-hfb-mobile-header-display":"","site-post-title":"","ast-breadcrumbs-content":"","ast-featured-img":"","footer-sml-layout":"","theme-transparent-header-meta":"","adv-header-id-meta":"","stick-header-meta":"","header-above-stick-meta":"","header-main-stick-meta":"","header-below-stick-meta":"","astra-migrate-meta-layouts":"default","ast-page-background-enabled":"default","ast-page-background-meta":{"desktop":{"background-color":"var(--ast-global-color-4)","background-image":"","background-repeat":"repeat","background-position":"center center","background-size":"auto","background-attachment":"scroll","background-type":"","background-media":"","overlay-type":"","overlay-color":"","overlay-opacity":"","overlay-gradient":""},"tablet":{"background-color":"","background-image":"","background-repeat":"repeat","background-position":"center center","background-size":"auto","background-attachment":"scroll","background-type":"","background-media":"","overlay-type":"","overlay-color":"","overlay-opacity":"","overlay-gradient":""},"mobile":{"background-color":"","background-image":"","background-repeat":"repeat","background-position":"center center","background-size":"auto","background-attachment":"scroll","background-type":"","background-media":"","overlay-type":"","overlay-color":"","overlay-opacity":"","overlay-gradient":""}},"ast-content-background-meta":{"desktop":{"background-color":"var(--ast-global-color-5)","background-image":"","background-repeat":"repeat","background-position":"center center","background-size":"auto","background-attachment":"scroll","background-type":"","background-media":"","overlay-type":"","overlay-color":"","overlay-opacity":"","overlay-gradient":""},"tablet":{"background-color":"var(--ast-global-color-5)","background-image":"","background-repeat":"repeat","background-position":"center center","background-size":"auto","background-attachment":"scroll","background-type":"","background-media":"","overlay-type":"","overlay-color":"","overlay-opacity":"","overlay-gradient":""},"mobile":{"background-color":"var(--ast-global-color-5)","background-image":"","background-repeat":"repeat","background-position":"center center","background-size":"auto","background-attachment":"scroll","background-type":"","background-media":"","overlay-type":"","overlay-color":"","overlay-opacity":"","overlay-gradient":""}},"footnotes":""},"categories":[59,8],"tags":[],"class_list":["post-2685","post","type-post","status-publish","format-standard","has-post-thumbnail","hentry","category-destacado-noticia","category-noticias"],"yoast_head":"<!-- This site is optimized with the Yoast SEO plugin v25.4 - https:\/\/yoast.com\/wordpress\/plugins\/seo\/ -->\n<title>D\u00fao Sankara present\u00f3 &quot;Sankara canta Violeta&quot; en Sala Antar - Museo Violeta Parra<\/title>\n<meta name=\"robots\" content=\"index, follow, max-snippet:-1, max-image-preview:large, max-video-preview:-1\" \/>\n<link rel=\"canonical\" href=\"http:\/\/vientosur.top\/museo\/concierto-duo-sankara-se-presentara-en-museo-violeta-parra\/\" \/>\n<meta property=\"og:locale\" content=\"es_ES\" \/>\n<meta property=\"og:type\" content=\"article\" \/>\n<meta property=\"og:title\" content=\"D\u00fao Sankara present\u00f3 &quot;Sankara canta Violeta&quot; en Sala Antar - Museo Violeta Parra\" \/>\n<meta property=\"og:description\" content=\"&nbsp; Sankara es el d\u00fao chileno de Fernanda Mosqueda (charango y voz) y Felipe Vald\u00e9s (guitarra y voz). Con 7 a\u00f1os de vida ya cuentan con tres producciones\u00a0discogr\u00e1ficas y son los organizadores y productores del \u00abEncuentro de Charango y otras hierbas\u00bb. &nbsp; En noviembre del 2016 nace \u201cParcerias\u201d, su tercera placa, grabada junto a m\u00e1s [&hellip;]\" \/>\n<meta property=\"og:url\" content=\"http:\/\/vientosur.top\/museo\/concierto-duo-sankara-se-presentara-en-museo-violeta-parra\/\" \/>\n<meta property=\"og:site_name\" content=\"Museo Violeta Parra\" \/>\n<meta property=\"article:published_time\" content=\"2017-02-08T01:42:53+00:00\" \/>\n<meta property=\"og:image\" content=\"http:\/\/vientosur.top\/museo\/wp-content\/uploads\/2017\/02\/DSC_0142.jpg\" \/>\n\t<meta property=\"og:image:width\" content=\"1444\" \/>\n\t<meta property=\"og:image:height\" content=\"960\" \/>\n\t<meta property=\"og:image:type\" content=\"image\/jpeg\" \/>\n<meta name=\"author\" content=\"admin\" \/>\n<meta name=\"twitter:card\" content=\"summary_large_image\" \/>\n<meta name=\"twitter:label1\" content=\"Escrito por\" \/>\n\t<meta name=\"twitter:data1\" content=\"admin\" \/>\n\t<meta name=\"twitter:label2\" content=\"Tiempo de lectura\" \/>\n\t<meta name=\"twitter:data2\" content=\"1 minuto\" \/>\n<script type=\"application\/ld+json\" class=\"yoast-schema-graph\">{\"@context\":\"https:\/\/schema.org\",\"@graph\":[{\"@type\":\"WebPage\",\"@id\":\"http:\/\/vientosur.top\/museo\/concierto-duo-sankara-se-presentara-en-museo-violeta-parra\/\",\"url\":\"http:\/\/vientosur.top\/museo\/concierto-duo-sankara-se-presentara-en-museo-violeta-parra\/\",\"name\":\"D\u00fao Sankara present\u00f3 \\\"Sankara canta Violeta\\\" en Sala Antar - Museo Violeta Parra\",\"isPartOf\":{\"@id\":\"http:\/\/vientosur.top\/museo\/#website\"},\"primaryImageOfPage\":{\"@id\":\"http:\/\/vientosur.top\/museo\/concierto-duo-sankara-se-presentara-en-museo-violeta-parra\/#primaryimage\"},\"image\":{\"@id\":\"http:\/\/vientosur.top\/museo\/concierto-duo-sankara-se-presentara-en-museo-violeta-parra\/#primaryimage\"},\"thumbnailUrl\":\"http:\/\/vientosur.top\/museo\/wp-content\/uploads\/2017\/02\/DSC_0142.jpg\",\"datePublished\":\"2017-02-08T01:42:53+00:00\",\"author\":{\"@id\":\"http:\/\/vientosur.top\/museo\/#\/schema\/person\/20c79d3c38800971feec8c2693c3dd9c\"},\"breadcrumb\":{\"@id\":\"http:\/\/vientosur.top\/museo\/concierto-duo-sankara-se-presentara-en-museo-violeta-parra\/#breadcrumb\"},\"inLanguage\":\"es\",\"potentialAction\":[{\"@type\":\"ReadAction\",\"target\":[\"http:\/\/vientosur.top\/museo\/concierto-duo-sankara-se-presentara-en-museo-violeta-parra\/\"]}]},{\"@type\":\"ImageObject\",\"inLanguage\":\"es\",\"@id\":\"http:\/\/vientosur.top\/museo\/concierto-duo-sankara-se-presentara-en-museo-violeta-parra\/#primaryimage\",\"url\":\"http:\/\/vientosur.top\/museo\/wp-content\/uploads\/2017\/02\/DSC_0142.jpg\",\"contentUrl\":\"http:\/\/vientosur.top\/museo\/wp-content\/uploads\/2017\/02\/DSC_0142.jpg\",\"width\":1444,\"height\":960},{\"@type\":\"BreadcrumbList\",\"@id\":\"http:\/\/vientosur.top\/museo\/concierto-duo-sankara-se-presentara-en-museo-violeta-parra\/#breadcrumb\",\"itemListElement\":[{\"@type\":\"ListItem\",\"position\":1,\"name\":\"Portada\",\"item\":\"http:\/\/vientosur.top\/museo\/\"},{\"@type\":\"ListItem\",\"position\":2,\"name\":\"D\u00fao Sankara present\u00f3 \u00abSankara canta Violeta\u00bb en Sala Antar\"}]},{\"@type\":\"WebSite\",\"@id\":\"http:\/\/vientosur.top\/museo\/#website\",\"url\":\"http:\/\/vientosur.top\/museo\/\",\"name\":\"Museo Violeta Parra\",\"description\":\"Espacio que alberga tanto la memoria y legado creativo de la artista\",\"potentialAction\":[{\"@type\":\"SearchAction\",\"target\":{\"@type\":\"EntryPoint\",\"urlTemplate\":\"http:\/\/vientosur.top\/museo\/?s={search_term_string}\"},\"query-input\":{\"@type\":\"PropertyValueSpecification\",\"valueRequired\":true,\"valueName\":\"search_term_string\"}}],\"inLanguage\":\"es\"},{\"@type\":\"Person\",\"@id\":\"http:\/\/vientosur.top\/museo\/#\/schema\/person\/20c79d3c38800971feec8c2693c3dd9c\",\"name\":\"admin\",\"image\":{\"@type\":\"ImageObject\",\"inLanguage\":\"es\",\"@id\":\"http:\/\/vientosur.top\/museo\/#\/schema\/person\/image\/\",\"url\":\"https:\/\/secure.gravatar.com\/avatar\/713677ece3ffa642287213a80e5b773bce9ab81c269dd6d95102a990951c922f?s=96&d=mm&r=g\",\"contentUrl\":\"https:\/\/secure.gravatar.com\/avatar\/713677ece3ffa642287213a80e5b773bce9ab81c269dd6d95102a990951c922f?s=96&d=mm&r=g\",\"caption\":\"admin\"},\"sameAs\":[\"http:\/\/vientosur.top\/museo\"],\"url\":\"http:\/\/vientosur.top\/museo\/author\/comunicacionesmvp\/\"}]}<\/script>\n<!-- \/ Yoast SEO plugin. -->","yoast_head_json":{"title":"D\u00fao Sankara present\u00f3 \"Sankara canta Violeta\" en Sala Antar - Museo Violeta Parra","robots":{"index":"index","follow":"follow","max-snippet":"max-snippet:-1","max-image-preview":"max-image-preview:large","max-video-preview":"max-video-preview:-1"},"canonical":"http:\/\/vientosur.top\/museo\/concierto-duo-sankara-se-presentara-en-museo-violeta-parra\/","og_locale":"es_ES","og_type":"article","og_title":"D\u00fao Sankara present\u00f3 \"Sankara canta Violeta\" en Sala Antar - Museo Violeta Parra","og_description":"&nbsp; Sankara es el d\u00fao chileno de Fernanda Mosqueda (charango y voz) y Felipe Vald\u00e9s (guitarra y voz). Con 7 a\u00f1os de vida ya cuentan con tres producciones\u00a0discogr\u00e1ficas y son los organizadores y productores del \u00abEncuentro de Charango y otras hierbas\u00bb. &nbsp; En noviembre del 2016 nace \u201cParcerias\u201d, su tercera placa, grabada junto a m\u00e1s [&hellip;]","og_url":"http:\/\/vientosur.top\/museo\/concierto-duo-sankara-se-presentara-en-museo-violeta-parra\/","og_site_name":"Museo Violeta Parra","article_published_time":"2017-02-08T01:42:53+00:00","og_image":[{"width":1444,"height":960,"url":"http:\/\/vientosur.top\/museo\/wp-content\/uploads\/2017\/02\/DSC_0142.jpg","type":"image\/jpeg"}],"author":"admin","twitter_card":"summary_large_image","twitter_misc":{"Escrito por":"admin","Tiempo de lectura":"1 minuto"},"schema":{"@context":"https:\/\/schema.org","@graph":[{"@type":"WebPage","@id":"http:\/\/vientosur.top\/museo\/concierto-duo-sankara-se-presentara-en-museo-violeta-parra\/","url":"http:\/\/vientosur.top\/museo\/concierto-duo-sankara-se-presentara-en-museo-violeta-parra\/","name":"D\u00fao Sankara present\u00f3 \"Sankara canta Violeta\" en Sala Antar - Museo Violeta Parra","isPartOf":{"@id":"http:\/\/vientosur.top\/museo\/#website"},"primaryImageOfPage":{"@id":"http:\/\/vientosur.top\/museo\/concierto-duo-sankara-se-presentara-en-museo-violeta-parra\/#primaryimage"},"image":{"@id":"http:\/\/vientosur.top\/museo\/concierto-duo-sankara-se-presentara-en-museo-violeta-parra\/#primaryimage"},"thumbnailUrl":"http:\/\/vientosur.top\/museo\/wp-content\/uploads\/2017\/02\/DSC_0142.jpg","datePublished":"2017-02-08T01:42:53+00:00","author":{"@id":"http:\/\/vientosur.top\/museo\/#\/schema\/person\/20c79d3c38800971feec8c2693c3dd9c"},"breadcrumb":{"@id":"http:\/\/vientosur.top\/museo\/concierto-duo-sankara-se-presentara-en-museo-violeta-parra\/#breadcrumb"},"inLanguage":"es","potentialAction":[{"@type":"ReadAction","target":["http:\/\/vientosur.top\/museo\/concierto-duo-sankara-se-presentara-en-museo-violeta-parra\/"]}]},{"@type":"ImageObject","inLanguage":"es","@id":"http:\/\/vientosur.top\/museo\/concierto-duo-sankara-se-presentara-en-museo-violeta-parra\/#primaryimage","url":"http:\/\/vientosur.top\/museo\/wp-content\/uploads\/2017\/02\/DSC_0142.jpg","contentUrl":"http:\/\/vientosur.top\/museo\/wp-content\/uploads\/2017\/02\/DSC_0142.jpg","width":1444,"height":960},{"@type":"BreadcrumbList","@id":"http:\/\/vientosur.top\/museo\/concierto-duo-sankara-se-presentara-en-museo-violeta-parra\/#breadcrumb","itemListElement":[{"@type":"ListItem","position":1,"name":"Portada","item":"http:\/\/vientosur.top\/museo\/"},{"@type":"ListItem","position":2,"name":"D\u00fao Sankara present\u00f3 \u00abSankara canta Violeta\u00bb en Sala Antar"}]},{"@type":"WebSite","@id":"http:\/\/vientosur.top\/museo\/#website","url":"http:\/\/vientosur.top\/museo\/","name":"Museo Violeta Parra","description":"Espacio que alberga tanto la memoria y legado creativo de la artista","potentialAction":[{"@type":"SearchAction","target":{"@type":"EntryPoint","urlTemplate":"http:\/\/vientosur.top\/museo\/?s={search_term_string}"},"query-input":{"@type":"PropertyValueSpecification","valueRequired":true,"valueName":"search_term_string"}}],"inLanguage":"es"},{"@type":"Person","@id":"http:\/\/vientosur.top\/museo\/#\/schema\/person\/20c79d3c38800971feec8c2693c3dd9c","name":"admin","image":{"@type":"ImageObject","inLanguage":"es","@id":"http:\/\/vientosur.top\/museo\/#\/schema\/person\/image\/","url":"https:\/\/secure.gravatar.com\/avatar\/713677ece3ffa642287213a80e5b773bce9ab81c269dd6d95102a990951c922f?s=96&d=mm&r=g","contentUrl":"https:\/\/secure.gravatar.com\/avatar\/713677ece3ffa642287213a80e5b773bce9ab81c269dd6d95102a990951c922f?s=96&d=mm&r=g","caption":"admin"},"sameAs":["http:\/\/vientosur.top\/museo"],"url":"http:\/\/vientosur.top\/museo\/author\/comunicacionesmvp\/"}]}},"_links":{"self":[{"href":"http:\/\/vientosur.top\/museo\/wp-json\/wp\/v2\/posts\/2685","targetHints":{"allow":["GET"]}}],"collection":[{"href":"http:\/\/vientosur.top\/museo\/wp-json\/wp\/v2\/posts"}],"about":[{"href":"http:\/\/vientosur.top\/museo\/wp-json\/wp\/v2\/types\/post"}],"author":[{"embeddable":true,"href":"http:\/\/vientosur.top\/museo\/wp-json\/wp\/v2\/users\/5"}],"replies":[{"embeddable":true,"href":"http:\/\/vientosur.top\/museo\/wp-json\/wp\/v2\/comments?post=2685"}],"version-history":[{"count":0,"href":"http:\/\/vientosur.top\/museo\/wp-json\/wp\/v2\/posts\/2685\/revisions"}],"wp:featuredmedia":[{"embeddable":true,"href":"http:\/\/vientosur.top\/museo\/wp-json\/wp\/v2\/media\/2864"}],"wp:attachment":[{"href":"http:\/\/vientosur.top\/museo\/wp-json\/wp\/v2\/media?parent=2685"}],"wp:term":[{"taxonomy":"category","embeddable":true,"href":"http:\/\/vientosur.top\/museo\/wp-json\/wp\/v2\/categories?post=2685"},{"taxonomy":"post_tag","embeddable":true,"href":"http:\/\/vientosur.top\/museo\/wp-json\/wp\/v2\/tags?post=2685"}],"curies":[{"name":"wp","href":"https:\/\/api.w.org\/{rel}","templated":true}]}}