{"id":2725,"date":"2017-01-30T19:00:17","date_gmt":"2017-01-30T19:00:17","guid":{"rendered":"http:\/\/vientosur.top\/museo\/\/?p=2725"},"modified":"2017-01-30T19:00:17","modified_gmt":"2017-01-30T19:00:17","slug":"conservadora-del-museo-violeta-parra-participo-de-curso-de-especializacion-del-tate-y-expuso-su-trabajo-en-madrid","status":"publish","type":"post","link":"http:\/\/vientosur.top\/museo\/conservadora-del-museo-violeta-parra-participo-de-curso-de-especializacion-del-tate-y-expuso-su-trabajo-en-madrid\/","title":{"rendered":"Conservadora del Museo Violeta Parra particip\u00f3 de curso de especializaci\u00f3n de la Tate Gallery y expuso su trabajo en Madrid"},"content":{"rendered":"<p>La conservadora del Museo Violeta Parra, Ana Elisa Anselmo, fue seleccionada en noviembre de 2016 para participar del curso internacional \u00abConservaci\u00f3n de Pintura Moderna y Contempor\u00e1nea\u00bb, realizado en la sede del Parque Forestal del Museo de Arte Contempor\u00e1neo.<\/p>\n<p>&nbsp;<\/p>\n<p>La actividad se realiz\u00f3 entre los d\u00edas 15 y 18 de noviembre de 2016. El curso fue organizado por la organizaci\u00f3n chilena Conservarts y fue dictado por las especialistas Rachel Barker, Paintings Conservator, y la doctora Bronwyn Ormsby, Principal Conservation Scientist, ambas pertenecientes a la Tate Gallery, instituci\u00f3n con sede en el Reino Unido.<\/p>\n<p>&nbsp;<\/p>\n<p>El curso de desarrollo profesional estuvo especialmente dirigido a conservadores, restauradores y profesionales de museos, quienes trabajan directamente con pinturas modernas y contempor\u00e1neas. El taller tambi\u00e9n estaba dirigido a acad\u00e9micos y estudiantes de programas de conservaci\u00f3n con especial inter\u00e9s en la materia.<\/p>\n<p>&nbsp;<\/p>\n<p>A prop\u00f3sito de su constante quehacer profesional, la conservadora Ana Elisa Anselmo tambi\u00e9n viaj\u00f3 a Madrid para presentar un art\u00edculo acad\u00e9mico sobre su trabajo de restauraci\u00f3n en escultura policromada, realizado en las Im\u00e1genes de la Iglesia de Ch\u00e9pica de la Regi\u00f3n del Libertador Bernardo O&#8217;Higgins. Todas las esculturas de la Iglesia fueron gravemente da\u00f1adas debido al colapso y desplome de parte importante del templo durante el terremoto del 27 de febrero de 2010.<\/p>\n<p>&nbsp;<\/p>\n<p>La reuni\u00f3n convoc\u00f3 a especialistas espa\u00f1oles en escultura policromada y retablos, en donde se presentaron distintas experiencias de trabajo, generando una instancia de colaboraci\u00f3n, discusi\u00f3n de criterios y reflexi\u00f3n en torno a la conservaci\u00f3n y restauraci\u00f3n de este tipo de obras.<\/p>\n<p>&nbsp;<\/p>\n<p><a href=\"http:\/\/vientosur.top\/museo\/\/wp-content\/uploads\/2017\/01\/123-2.jpg\"><img fetchpriority=\"high\" decoding=\"async\" class=\"alignnone wp-image-2728\" src=\"http:\/\/vientosur.top\/museo\/\/wp-content\/uploads\/2017\/01\/123-2-300x224.jpg\" alt=\"123\" width=\"312\" height=\"233\" \/><\/a><a href=\"http:\/\/vientosur.top\/museo\/\/wp-content\/uploads\/2017\/01\/321.jpg\"><img decoding=\"async\" class=\"alignnone wp-image-2729\" src=\"http:\/\/vientosur.top\/museo\/\/wp-content\/uploads\/2017\/01\/321-300x224.jpg\" alt=\"321\" width=\"313\" height=\"233\" \/><\/a><a href=\"http:\/\/vientosur.top\/museo\/\/wp-content\/uploads\/2017\/01\/423.jpg\"><img decoding=\"async\" class=\"alignnone wp-image-2727\" src=\"http:\/\/vientosur.top\/museo\/\/wp-content\/uploads\/2017\/01\/423-198x300.jpg\" alt=\"423\" width=\"154\" height=\"233\" \/><\/a><\/p>\n","protected":false},"excerpt":{"rendered":"<p>La conservadora del Museo Violeta Parra, Ana Elisa Anselmo, fue seleccionada en noviembre de 2016 para participar del curso internacional \u00abConservaci\u00f3n de Pintura Moderna y Contempor\u00e1nea\u00bb, realizado en la sede del Parque Forestal del Museo de Arte Contempor\u00e1neo. &nbsp; La actividad se realiz\u00f3 entre los d\u00edas 15 y 18 de noviembre de 2016. El curso [&hellip;]<\/p>\n","protected":false},"author":5,"featured_media":2733,"comment_status":"open","ping_status":"open","sticky":false,"template":"","format":"standard","meta":{"site-sidebar-layout":"default","site-content-layout":"","ast-site-content-layout":"default","site-content-style":"default","site-sidebar-style":"default","ast-global-header-display":"","ast-banner-title-visibility":"","ast-main-header-display":"","ast-hfb-above-header-display":"","ast-hfb-below-header-display":"","ast-hfb-mobile-header-display":"","site-post-title":"","ast-breadcrumbs-content":"","ast-featured-img":"","footer-sml-layout":"","theme-transparent-header-meta":"","adv-header-id-meta":"","stick-header-meta":"","header-above-stick-meta":"","header-main-stick-meta":"","header-below-stick-meta":"","astra-migrate-meta-layouts":"default","ast-page-background-enabled":"default","ast-page-background-meta":{"desktop":{"background-color":"var(--ast-global-color-4)","background-image":"","background-repeat":"repeat","background-position":"center center","background-size":"auto","background-attachment":"scroll","background-type":"","background-media":"","overlay-type":"","overlay-color":"","overlay-opacity":"","overlay-gradient":""},"tablet":{"background-color":"","background-image":"","background-repeat":"repeat","background-position":"center center","background-size":"auto","background-attachment":"scroll","background-type":"","background-media":"","overlay-type":"","overlay-color":"","overlay-opacity":"","overlay-gradient":""},"mobile":{"background-color":"","background-image":"","background-repeat":"repeat","background-position":"center center","background-size":"auto","background-attachment":"scroll","background-type":"","background-media":"","overlay-type":"","overlay-color":"","overlay-opacity":"","overlay-gradient":""}},"ast-content-background-meta":{"desktop":{"background-color":"var(--ast-global-color-5)","background-image":"","background-repeat":"repeat","background-position":"center center","background-size":"auto","background-attachment":"scroll","background-type":"","background-media":"","overlay-type":"","overlay-color":"","overlay-opacity":"","overlay-gradient":""},"tablet":{"background-color":"var(--ast-global-color-5)","background-image":"","background-repeat":"repeat","background-position":"center center","background-size":"auto","background-attachment":"scroll","background-type":"","background-media":"","overlay-type":"","overlay-color":"","overlay-opacity":"","overlay-gradient":""},"mobile":{"background-color":"var(--ast-global-color-5)","background-image":"","background-repeat":"repeat","background-position":"center center","background-size":"auto","background-attachment":"scroll","background-type":"","background-media":"","overlay-type":"","overlay-color":"","overlay-opacity":"","overlay-gradient":""}},"footnotes":""},"categories":[59,8,61],"tags":[],"class_list":["post-2725","post","type-post","status-publish","format-standard","has-post-thumbnail","hentry","category-destacado-noticia","category-noticias","category-novedades"],"yoast_head":"<!-- This site is optimized with the Yoast SEO plugin v25.4 - https:\/\/yoast.com\/wordpress\/plugins\/seo\/ -->\n<title>Conservadora del Museo Violeta Parra particip\u00f3 de curso de especializaci\u00f3n de la Tate Gallery y expuso su trabajo en Madrid - Museo Violeta Parra<\/title>\n<meta name=\"robots\" content=\"index, follow, max-snippet:-1, max-image-preview:large, max-video-preview:-1\" \/>\n<link rel=\"canonical\" href=\"http:\/\/vientosur.top\/museo\/conservadora-del-museo-violeta-parra-participo-de-curso-de-especializacion-del-tate-y-expuso-su-trabajo-en-madrid\/\" \/>\n<meta property=\"og:locale\" content=\"es_ES\" \/>\n<meta property=\"og:type\" content=\"article\" \/>\n<meta property=\"og:title\" content=\"Conservadora del Museo Violeta Parra particip\u00f3 de curso de especializaci\u00f3n de la Tate Gallery y expuso su trabajo en Madrid - Museo Violeta Parra\" \/>\n<meta property=\"og:description\" content=\"La conservadora del Museo Violeta Parra, Ana Elisa Anselmo, fue seleccionada en noviembre de 2016 para participar del curso internacional \u00abConservaci\u00f3n de Pintura Moderna y Contempor\u00e1nea\u00bb, realizado en la sede del Parque Forestal del Museo de Arte Contempor\u00e1neo. &nbsp; La actividad se realiz\u00f3 entre los d\u00edas 15 y 18 de noviembre de 2016. El curso [&hellip;]\" \/>\n<meta property=\"og:url\" content=\"http:\/\/vientosur.top\/museo\/conservadora-del-museo-violeta-parra-participo-de-curso-de-especializacion-del-tate-y-expuso-su-trabajo-en-madrid\/\" \/>\n<meta property=\"og:site_name\" content=\"Museo Violeta Parra\" \/>\n<meta property=\"article:published_time\" content=\"2017-01-30T19:00:17+00:00\" \/>\n<meta property=\"og:image\" content=\"http:\/\/vientosur.top\/museo\/wp-content\/uploads\/2017\/01\/DSC_1012.jpg\" \/>\n\t<meta property=\"og:image:width\" content=\"1444\" \/>\n\t<meta property=\"og:image:height\" content=\"960\" \/>\n\t<meta property=\"og:image:type\" content=\"image\/jpeg\" \/>\n<meta name=\"author\" content=\"admin\" \/>\n<meta name=\"twitter:card\" content=\"summary_large_image\" \/>\n<meta name=\"twitter:label1\" content=\"Escrito por\" \/>\n\t<meta name=\"twitter:data1\" content=\"admin\" \/>\n\t<meta name=\"twitter:label2\" content=\"Tiempo de lectura\" \/>\n\t<meta name=\"twitter:data2\" content=\"1 minuto\" \/>\n<script type=\"application\/ld+json\" class=\"yoast-schema-graph\">{\"@context\":\"https:\/\/schema.org\",\"@graph\":[{\"@type\":\"WebPage\",\"@id\":\"http:\/\/vientosur.top\/museo\/conservadora-del-museo-violeta-parra-participo-de-curso-de-especializacion-del-tate-y-expuso-su-trabajo-en-madrid\/\",\"url\":\"http:\/\/vientosur.top\/museo\/conservadora-del-museo-violeta-parra-participo-de-curso-de-especializacion-del-tate-y-expuso-su-trabajo-en-madrid\/\",\"name\":\"Conservadora del Museo Violeta Parra particip\u00f3 de curso de especializaci\u00f3n de la Tate Gallery y expuso su trabajo en Madrid - Museo Violeta Parra\",\"isPartOf\":{\"@id\":\"http:\/\/vientosur.top\/museo\/#website\"},\"primaryImageOfPage\":{\"@id\":\"http:\/\/vientosur.top\/museo\/conservadora-del-museo-violeta-parra-participo-de-curso-de-especializacion-del-tate-y-expuso-su-trabajo-en-madrid\/#primaryimage\"},\"image\":{\"@id\":\"http:\/\/vientosur.top\/museo\/conservadora-del-museo-violeta-parra-participo-de-curso-de-especializacion-del-tate-y-expuso-su-trabajo-en-madrid\/#primaryimage\"},\"thumbnailUrl\":\"http:\/\/vientosur.top\/museo\/wp-content\/uploads\/2017\/01\/DSC_1012.jpg\",\"datePublished\":\"2017-01-30T19:00:17+00:00\",\"author\":{\"@id\":\"http:\/\/vientosur.top\/museo\/#\/schema\/person\/20c79d3c38800971feec8c2693c3dd9c\"},\"breadcrumb\":{\"@id\":\"http:\/\/vientosur.top\/museo\/conservadora-del-museo-violeta-parra-participo-de-curso-de-especializacion-del-tate-y-expuso-su-trabajo-en-madrid\/#breadcrumb\"},\"inLanguage\":\"es\",\"potentialAction\":[{\"@type\":\"ReadAction\",\"target\":[\"http:\/\/vientosur.top\/museo\/conservadora-del-museo-violeta-parra-participo-de-curso-de-especializacion-del-tate-y-expuso-su-trabajo-en-madrid\/\"]}]},{\"@type\":\"ImageObject\",\"inLanguage\":\"es\",\"@id\":\"http:\/\/vientosur.top\/museo\/conservadora-del-museo-violeta-parra-participo-de-curso-de-especializacion-del-tate-y-expuso-su-trabajo-en-madrid\/#primaryimage\",\"url\":\"http:\/\/vientosur.top\/museo\/wp-content\/uploads\/2017\/01\/DSC_1012.jpg\",\"contentUrl\":\"http:\/\/vientosur.top\/museo\/wp-content\/uploads\/2017\/01\/DSC_1012.jpg\",\"width\":1444,\"height\":960},{\"@type\":\"BreadcrumbList\",\"@id\":\"http:\/\/vientosur.top\/museo\/conservadora-del-museo-violeta-parra-participo-de-curso-de-especializacion-del-tate-y-expuso-su-trabajo-en-madrid\/#breadcrumb\",\"itemListElement\":[{\"@type\":\"ListItem\",\"position\":1,\"name\":\"Portada\",\"item\":\"http:\/\/vientosur.top\/museo\/\"},{\"@type\":\"ListItem\",\"position\":2,\"name\":\"Conservadora del Museo Violeta Parra particip\u00f3 de curso de especializaci\u00f3n de la Tate Gallery y expuso su trabajo en Madrid\"}]},{\"@type\":\"WebSite\",\"@id\":\"http:\/\/vientosur.top\/museo\/#website\",\"url\":\"http:\/\/vientosur.top\/museo\/\",\"name\":\"Museo Violeta Parra\",\"description\":\"Espacio que alberga tanto la memoria y legado creativo de la artista\",\"potentialAction\":[{\"@type\":\"SearchAction\",\"target\":{\"@type\":\"EntryPoint\",\"urlTemplate\":\"http:\/\/vientosur.top\/museo\/?s={search_term_string}\"},\"query-input\":{\"@type\":\"PropertyValueSpecification\",\"valueRequired\":true,\"valueName\":\"search_term_string\"}}],\"inLanguage\":\"es\"},{\"@type\":\"Person\",\"@id\":\"http:\/\/vientosur.top\/museo\/#\/schema\/person\/20c79d3c38800971feec8c2693c3dd9c\",\"name\":\"admin\",\"image\":{\"@type\":\"ImageObject\",\"inLanguage\":\"es\",\"@id\":\"http:\/\/vientosur.top\/museo\/#\/schema\/person\/image\/\",\"url\":\"https:\/\/secure.gravatar.com\/avatar\/713677ece3ffa642287213a80e5b773bce9ab81c269dd6d95102a990951c922f?s=96&d=mm&r=g\",\"contentUrl\":\"https:\/\/secure.gravatar.com\/avatar\/713677ece3ffa642287213a80e5b773bce9ab81c269dd6d95102a990951c922f?s=96&d=mm&r=g\",\"caption\":\"admin\"},\"sameAs\":[\"http:\/\/vientosur.top\/museo\"],\"url\":\"http:\/\/vientosur.top\/museo\/author\/comunicacionesmvp\/\"}]}<\/script>\n<!-- \/ Yoast SEO plugin. -->","yoast_head_json":{"title":"Conservadora del Museo Violeta Parra particip\u00f3 de curso de especializaci\u00f3n de la Tate Gallery y expuso su trabajo en Madrid - Museo Violeta Parra","robots":{"index":"index","follow":"follow","max-snippet":"max-snippet:-1","max-image-preview":"max-image-preview:large","max-video-preview":"max-video-preview:-1"},"canonical":"http:\/\/vientosur.top\/museo\/conservadora-del-museo-violeta-parra-participo-de-curso-de-especializacion-del-tate-y-expuso-su-trabajo-en-madrid\/","og_locale":"es_ES","og_type":"article","og_title":"Conservadora del Museo Violeta Parra particip\u00f3 de curso de especializaci\u00f3n de la Tate Gallery y expuso su trabajo en Madrid - Museo Violeta Parra","og_description":"La conservadora del Museo Violeta Parra, Ana Elisa Anselmo, fue seleccionada en noviembre de 2016 para participar del curso internacional \u00abConservaci\u00f3n de Pintura Moderna y Contempor\u00e1nea\u00bb, realizado en la sede del Parque Forestal del Museo de Arte Contempor\u00e1neo. &nbsp; La actividad se realiz\u00f3 entre los d\u00edas 15 y 18 de noviembre de 2016. El curso [&hellip;]","og_url":"http:\/\/vientosur.top\/museo\/conservadora-del-museo-violeta-parra-participo-de-curso-de-especializacion-del-tate-y-expuso-su-trabajo-en-madrid\/","og_site_name":"Museo Violeta Parra","article_published_time":"2017-01-30T19:00:17+00:00","og_image":[{"width":1444,"height":960,"url":"http:\/\/vientosur.top\/museo\/wp-content\/uploads\/2017\/01\/DSC_1012.jpg","type":"image\/jpeg"}],"author":"admin","twitter_card":"summary_large_image","twitter_misc":{"Escrito por":"admin","Tiempo de lectura":"1 minuto"},"schema":{"@context":"https:\/\/schema.org","@graph":[{"@type":"WebPage","@id":"http:\/\/vientosur.top\/museo\/conservadora-del-museo-violeta-parra-participo-de-curso-de-especializacion-del-tate-y-expuso-su-trabajo-en-madrid\/","url":"http:\/\/vientosur.top\/museo\/conservadora-del-museo-violeta-parra-participo-de-curso-de-especializacion-del-tate-y-expuso-su-trabajo-en-madrid\/","name":"Conservadora del Museo Violeta Parra particip\u00f3 de curso de especializaci\u00f3n de la Tate Gallery y expuso su trabajo en Madrid - Museo Violeta Parra","isPartOf":{"@id":"http:\/\/vientosur.top\/museo\/#website"},"primaryImageOfPage":{"@id":"http:\/\/vientosur.top\/museo\/conservadora-del-museo-violeta-parra-participo-de-curso-de-especializacion-del-tate-y-expuso-su-trabajo-en-madrid\/#primaryimage"},"image":{"@id":"http:\/\/vientosur.top\/museo\/conservadora-del-museo-violeta-parra-participo-de-curso-de-especializacion-del-tate-y-expuso-su-trabajo-en-madrid\/#primaryimage"},"thumbnailUrl":"http:\/\/vientosur.top\/museo\/wp-content\/uploads\/2017\/01\/DSC_1012.jpg","datePublished":"2017-01-30T19:00:17+00:00","author":{"@id":"http:\/\/vientosur.top\/museo\/#\/schema\/person\/20c79d3c38800971feec8c2693c3dd9c"},"breadcrumb":{"@id":"http:\/\/vientosur.top\/museo\/conservadora-del-museo-violeta-parra-participo-de-curso-de-especializacion-del-tate-y-expuso-su-trabajo-en-madrid\/#breadcrumb"},"inLanguage":"es","potentialAction":[{"@type":"ReadAction","target":["http:\/\/vientosur.top\/museo\/conservadora-del-museo-violeta-parra-participo-de-curso-de-especializacion-del-tate-y-expuso-su-trabajo-en-madrid\/"]}]},{"@type":"ImageObject","inLanguage":"es","@id":"http:\/\/vientosur.top\/museo\/conservadora-del-museo-violeta-parra-participo-de-curso-de-especializacion-del-tate-y-expuso-su-trabajo-en-madrid\/#primaryimage","url":"http:\/\/vientosur.top\/museo\/wp-content\/uploads\/2017\/01\/DSC_1012.jpg","contentUrl":"http:\/\/vientosur.top\/museo\/wp-content\/uploads\/2017\/01\/DSC_1012.jpg","width":1444,"height":960},{"@type":"BreadcrumbList","@id":"http:\/\/vientosur.top\/museo\/conservadora-del-museo-violeta-parra-participo-de-curso-de-especializacion-del-tate-y-expuso-su-trabajo-en-madrid\/#breadcrumb","itemListElement":[{"@type":"ListItem","position":1,"name":"Portada","item":"http:\/\/vientosur.top\/museo\/"},{"@type":"ListItem","position":2,"name":"Conservadora del Museo Violeta Parra particip\u00f3 de curso de especializaci\u00f3n de la Tate Gallery y expuso su trabajo en Madrid"}]},{"@type":"WebSite","@id":"http:\/\/vientosur.top\/museo\/#website","url":"http:\/\/vientosur.top\/museo\/","name":"Museo Violeta Parra","description":"Espacio que alberga tanto la memoria y legado creativo de la artista","potentialAction":[{"@type":"SearchAction","target":{"@type":"EntryPoint","urlTemplate":"http:\/\/vientosur.top\/museo\/?s={search_term_string}"},"query-input":{"@type":"PropertyValueSpecification","valueRequired":true,"valueName":"search_term_string"}}],"inLanguage":"es"},{"@type":"Person","@id":"http:\/\/vientosur.top\/museo\/#\/schema\/person\/20c79d3c38800971feec8c2693c3dd9c","name":"admin","image":{"@type":"ImageObject","inLanguage":"es","@id":"http:\/\/vientosur.top\/museo\/#\/schema\/person\/image\/","url":"https:\/\/secure.gravatar.com\/avatar\/713677ece3ffa642287213a80e5b773bce9ab81c269dd6d95102a990951c922f?s=96&d=mm&r=g","contentUrl":"https:\/\/secure.gravatar.com\/avatar\/713677ece3ffa642287213a80e5b773bce9ab81c269dd6d95102a990951c922f?s=96&d=mm&r=g","caption":"admin"},"sameAs":["http:\/\/vientosur.top\/museo"],"url":"http:\/\/vientosur.top\/museo\/author\/comunicacionesmvp\/"}]}},"_links":{"self":[{"href":"http:\/\/vientosur.top\/museo\/wp-json\/wp\/v2\/posts\/2725","targetHints":{"allow":["GET"]}}],"collection":[{"href":"http:\/\/vientosur.top\/museo\/wp-json\/wp\/v2\/posts"}],"about":[{"href":"http:\/\/vientosur.top\/museo\/wp-json\/wp\/v2\/types\/post"}],"author":[{"embeddable":true,"href":"http:\/\/vientosur.top\/museo\/wp-json\/wp\/v2\/users\/5"}],"replies":[{"embeddable":true,"href":"http:\/\/vientosur.top\/museo\/wp-json\/wp\/v2\/comments?post=2725"}],"version-history":[{"count":0,"href":"http:\/\/vientosur.top\/museo\/wp-json\/wp\/v2\/posts\/2725\/revisions"}],"wp:featuredmedia":[{"embeddable":true,"href":"http:\/\/vientosur.top\/museo\/wp-json\/wp\/v2\/media\/2733"}],"wp:attachment":[{"href":"http:\/\/vientosur.top\/museo\/wp-json\/wp\/v2\/media?parent=2725"}],"wp:term":[{"taxonomy":"category","embeddable":true,"href":"http:\/\/vientosur.top\/museo\/wp-json\/wp\/v2\/categories?post=2725"},{"taxonomy":"post_tag","embeddable":true,"href":"http:\/\/vientosur.top\/museo\/wp-json\/wp\/v2\/tags?post=2725"}],"curies":[{"name":"wp","href":"https:\/\/api.w.org\/{rel}","templated":true}]}}