{"id":2753,"date":"2017-01-30T20:56:22","date_gmt":"2017-01-30T20:56:22","guid":{"rendered":"http:\/\/vientosur.top\/museo\/\/?p=2753"},"modified":"2017-01-30T20:56:22","modified_gmt":"2017-01-30T20:56:22","slug":"museo-violeta-parra-invita-a-docentes-del-pais-a-participar-de-los-desarrollos-pedagogicos-participativos","status":"publish","type":"post","link":"http:\/\/vientosur.top\/museo\/museo-violeta-parra-invita-a-docentes-del-pais-a-participar-de-los-desarrollos-pedagogicos-participativos\/","title":{"rendered":"Museo Violeta Parra invita a docentes del pa\u00eds a los Desarrollos Pedag\u00f3gicos Participativos en febrero"},"content":{"rendered":"<p>El \u00c1rea de Educaci\u00f3n del Museo Violeta Parra invita a docentes del pa\u00eds de diferentes niveles y asignaturas como arte, lenguaje, historia y m\u00fasica a conocer las pr\u00e1cticas que realiza para mediar con su p\u00fablico, con el objetivo de recibir sus apreciaciones y atender las necesidades espec\u00edficas de sus estudiantes en torno a los planes y programas educativos.<\/p>\n<p>&nbsp;<\/p>\n<p>Queremos vincularlos participativamente en el desarrollo de nuestra propuesta pedag\u00f3gica para el a\u00f1o 2017, permitiendo que las futuras visitas al museo con sus cursos sean \u00fatiles y realmente significativas.<\/p>\n<p>&nbsp;<\/p>\n<p><strong>Dirigido a:\u00a0<\/strong>Docentes titulados que realicen clases en educaci\u00f3n inicial o parvulario, primer y segundo ciclo ense\u00f1anza b\u00e1sica y media, que adem\u00e1s posean inter\u00e9s por colaborar en el desarrollo de los nuevos programas educativos para el a\u00f1o 2017.<\/p>\n<p>&nbsp;<\/p>\n<p><strong>Cupos:<\/strong> 15 por d\u00eda.<\/p>\n<p>&nbsp;<\/p>\n<p><strong>Duraci\u00f3n de la Actividad:<\/strong> 2.30 horas cronol\u00f3gicas.<\/p>\n<p>&nbsp;<\/p>\n<p><strong>Martes 7 de febrero<\/strong>: Educaci\u00f3n Inicial \/ Parvularia.<br \/>\n<strong>Mi\u00e9rcoles 8 de febrero:<\/strong> Educaci\u00f3n B\u00e1sica Segundo Ciclo (5\u00b0 a 8\u00b0 b\u00e1sico).<br \/>\n<strong>Jueves 9 de febrero:<\/strong> Educaci\u00f3n Media.<br \/>\n<strong>Viernes 10 de febrero:<\/strong> Educaci\u00f3n Media (Integraci\u00f3n).<\/p>\n<p>&nbsp;<\/p>\n<p><strong>Programa<\/strong><\/p>\n<p><strong>9:30 \u2013 9:45<\/strong>\u00a0 \u00a0 \u00a0Recepci\u00f3n y presentaci\u00f3n de participantes.<br \/>\n<strong>9:45 \u2013 10:00<\/strong>\u00a0 \u00a0Presentaci\u00f3n lineamientos generales \u00c1rea de Educaci\u00f3n Museo Violeta Parra.<br \/>\n<strong>10:15 \u2013 10:30<\/strong>\u00a0 Presentaci\u00f3n propuesta de programa educativo.<br \/>\n<strong>10.45 \u2013 12.00\u00a0<\/strong>Conversatorio, comentarios y propuestas de los docentes participantes (Caf\u00e9).<\/p>\n<p>&nbsp;<\/p>\n<p>Inscripciones: + 56 2 23554600 \/ +56 2 23554626 o al correo <a href=\"mailto:estebantorres@museovioletaparra.cl\">estebantorres@museovioletaparra.cl<\/a><br \/>\n*Los participantes en la actividad recibir\u00e1n un certificado que acredita su aporte educativo al Museo Violeta Parra.<br \/>\n*Se solicita puntualidad.<\/p>\n<p>&nbsp;<\/p>\n","protected":false},"excerpt":{"rendered":"<p>El \u00c1rea de Educaci\u00f3n del Museo Violeta Parra invita a docentes del pa\u00eds de diferentes niveles y asignaturas como arte, lenguaje, historia y m\u00fasica a conocer las pr\u00e1cticas que realiza para mediar con su p\u00fablico, con el objetivo de recibir sus apreciaciones y atender las necesidades espec\u00edficas de sus estudiantes en torno a los planes [&hellip;]<\/p>\n","protected":false},"author":5,"featured_media":2757,"comment_status":"open","ping_status":"open","sticky":false,"template":"","format":"standard","meta":{"site-sidebar-layout":"default","site-content-layout":"","ast-site-content-layout":"default","site-content-style":"default","site-sidebar-style":"default","ast-global-header-display":"","ast-banner-title-visibility":"","ast-main-header-display":"","ast-hfb-above-header-display":"","ast-hfb-below-header-display":"","ast-hfb-mobile-header-display":"","site-post-title":"","ast-breadcrumbs-content":"","ast-featured-img":"","footer-sml-layout":"","theme-transparent-header-meta":"","adv-header-id-meta":"","stick-header-meta":"","header-above-stick-meta":"","header-main-stick-meta":"","header-below-stick-meta":"","astra-migrate-meta-layouts":"default","ast-page-background-enabled":"default","ast-page-background-meta":{"desktop":{"background-color":"var(--ast-global-color-4)","background-image":"","background-repeat":"repeat","background-position":"center center","background-size":"auto","background-attachment":"scroll","background-type":"","background-media":"","overlay-type":"","overlay-color":"","overlay-opacity":"","overlay-gradient":""},"tablet":{"background-color":"","background-image":"","background-repeat":"repeat","background-position":"center center","background-size":"auto","background-attachment":"scroll","background-type":"","background-media":"","overlay-type":"","overlay-color":"","overlay-opacity":"","overlay-gradient":""},"mobile":{"background-color":"","background-image":"","background-repeat":"repeat","background-position":"center center","background-size":"auto","background-attachment":"scroll","background-type":"","background-media":"","overlay-type":"","overlay-color":"","overlay-opacity":"","overlay-gradient":""}},"ast-content-background-meta":{"desktop":{"background-color":"var(--ast-global-color-5)","background-image":"","background-repeat":"repeat","background-position":"center center","background-size":"auto","background-attachment":"scroll","background-type":"","background-media":"","overlay-type":"","overlay-color":"","overlay-opacity":"","overlay-gradient":""},"tablet":{"background-color":"var(--ast-global-color-5)","background-image":"","background-repeat":"repeat","background-position":"center center","background-size":"auto","background-attachment":"scroll","background-type":"","background-media":"","overlay-type":"","overlay-color":"","overlay-opacity":"","overlay-gradient":""},"mobile":{"background-color":"var(--ast-global-color-5)","background-image":"","background-repeat":"repeat","background-position":"center center","background-size":"auto","background-attachment":"scroll","background-type":"","background-media":"","overlay-type":"","overlay-color":"","overlay-opacity":"","overlay-gradient":""}},"footnotes":""},"categories":[59,8,61],"tags":[],"class_list":["post-2753","post","type-post","status-publish","format-standard","has-post-thumbnail","hentry","category-destacado-noticia","category-noticias","category-novedades"],"yoast_head":"<!-- This site is optimized with the Yoast SEO plugin v25.4 - https:\/\/yoast.com\/wordpress\/plugins\/seo\/ -->\n<title>Museo Violeta Parra invita a docentes del pa\u00eds a los Desarrollos Pedag\u00f3gicos Participativos en febrero - Museo Violeta Parra<\/title>\n<meta name=\"robots\" content=\"index, follow, max-snippet:-1, max-image-preview:large, max-video-preview:-1\" \/>\n<link rel=\"canonical\" href=\"http:\/\/vientosur.top\/museo\/museo-violeta-parra-invita-a-docentes-del-pais-a-participar-de-los-desarrollos-pedagogicos-participativos\/\" \/>\n<meta property=\"og:locale\" content=\"es_ES\" \/>\n<meta property=\"og:type\" content=\"article\" \/>\n<meta property=\"og:title\" content=\"Museo Violeta Parra invita a docentes del pa\u00eds a los Desarrollos Pedag\u00f3gicos Participativos en febrero - Museo Violeta Parra\" \/>\n<meta property=\"og:description\" content=\"El \u00c1rea de Educaci\u00f3n del Museo Violeta Parra invita a docentes del pa\u00eds de diferentes niveles y asignaturas como arte, lenguaje, historia y m\u00fasica a conocer las pr\u00e1cticas que realiza para mediar con su p\u00fablico, con el objetivo de recibir sus apreciaciones y atender las necesidades espec\u00edficas de sus estudiantes en torno a los planes [&hellip;]\" \/>\n<meta property=\"og:url\" content=\"http:\/\/vientosur.top\/museo\/museo-violeta-parra-invita-a-docentes-del-pais-a-participar-de-los-desarrollos-pedagogicos-participativos\/\" \/>\n<meta property=\"og:site_name\" content=\"Museo Violeta Parra\" \/>\n<meta property=\"article:published_time\" content=\"2017-01-30T20:56:22+00:00\" \/>\n<meta property=\"og:image\" content=\"http:\/\/vientosur.top\/museo\/wp-content\/uploads\/2017\/01\/DSC_0129.jpg\" \/>\n\t<meta property=\"og:image:width\" content=\"1444\" \/>\n\t<meta property=\"og:image:height\" content=\"960\" \/>\n\t<meta property=\"og:image:type\" content=\"image\/jpeg\" \/>\n<meta name=\"author\" content=\"admin\" \/>\n<meta name=\"twitter:card\" content=\"summary_large_image\" \/>\n<meta name=\"twitter:label1\" content=\"Escrito por\" \/>\n\t<meta name=\"twitter:data1\" content=\"admin\" \/>\n\t<meta name=\"twitter:label2\" content=\"Tiempo de lectura\" \/>\n\t<meta name=\"twitter:data2\" content=\"1 minuto\" \/>\n<script type=\"application\/ld+json\" class=\"yoast-schema-graph\">{\"@context\":\"https:\/\/schema.org\",\"@graph\":[{\"@type\":\"WebPage\",\"@id\":\"http:\/\/vientosur.top\/museo\/museo-violeta-parra-invita-a-docentes-del-pais-a-participar-de-los-desarrollos-pedagogicos-participativos\/\",\"url\":\"http:\/\/vientosur.top\/museo\/museo-violeta-parra-invita-a-docentes-del-pais-a-participar-de-los-desarrollos-pedagogicos-participativos\/\",\"name\":\"Museo Violeta Parra invita a docentes del pa\u00eds a los Desarrollos Pedag\u00f3gicos Participativos en febrero - Museo Violeta Parra\",\"isPartOf\":{\"@id\":\"http:\/\/vientosur.top\/museo\/#website\"},\"primaryImageOfPage\":{\"@id\":\"http:\/\/vientosur.top\/museo\/museo-violeta-parra-invita-a-docentes-del-pais-a-participar-de-los-desarrollos-pedagogicos-participativos\/#primaryimage\"},\"image\":{\"@id\":\"http:\/\/vientosur.top\/museo\/museo-violeta-parra-invita-a-docentes-del-pais-a-participar-de-los-desarrollos-pedagogicos-participativos\/#primaryimage\"},\"thumbnailUrl\":\"http:\/\/vientosur.top\/museo\/wp-content\/uploads\/2017\/01\/DSC_0129.jpg\",\"datePublished\":\"2017-01-30T20:56:22+00:00\",\"author\":{\"@id\":\"http:\/\/vientosur.top\/museo\/#\/schema\/person\/20c79d3c38800971feec8c2693c3dd9c\"},\"breadcrumb\":{\"@id\":\"http:\/\/vientosur.top\/museo\/museo-violeta-parra-invita-a-docentes-del-pais-a-participar-de-los-desarrollos-pedagogicos-participativos\/#breadcrumb\"},\"inLanguage\":\"es\",\"potentialAction\":[{\"@type\":\"ReadAction\",\"target\":[\"http:\/\/vientosur.top\/museo\/museo-violeta-parra-invita-a-docentes-del-pais-a-participar-de-los-desarrollos-pedagogicos-participativos\/\"]}]},{\"@type\":\"ImageObject\",\"inLanguage\":\"es\",\"@id\":\"http:\/\/vientosur.top\/museo\/museo-violeta-parra-invita-a-docentes-del-pais-a-participar-de-los-desarrollos-pedagogicos-participativos\/#primaryimage\",\"url\":\"http:\/\/vientosur.top\/museo\/wp-content\/uploads\/2017\/01\/DSC_0129.jpg\",\"contentUrl\":\"http:\/\/vientosur.top\/museo\/wp-content\/uploads\/2017\/01\/DSC_0129.jpg\",\"width\":1444,\"height\":960},{\"@type\":\"BreadcrumbList\",\"@id\":\"http:\/\/vientosur.top\/museo\/museo-violeta-parra-invita-a-docentes-del-pais-a-participar-de-los-desarrollos-pedagogicos-participativos\/#breadcrumb\",\"itemListElement\":[{\"@type\":\"ListItem\",\"position\":1,\"name\":\"Portada\",\"item\":\"http:\/\/vientosur.top\/museo\/\"},{\"@type\":\"ListItem\",\"position\":2,\"name\":\"Museo Violeta Parra invita a docentes del pa\u00eds a los Desarrollos Pedag\u00f3gicos Participativos en febrero\"}]},{\"@type\":\"WebSite\",\"@id\":\"http:\/\/vientosur.top\/museo\/#website\",\"url\":\"http:\/\/vientosur.top\/museo\/\",\"name\":\"Museo Violeta Parra\",\"description\":\"Espacio que alberga tanto la memoria y legado creativo de la artista\",\"potentialAction\":[{\"@type\":\"SearchAction\",\"target\":{\"@type\":\"EntryPoint\",\"urlTemplate\":\"http:\/\/vientosur.top\/museo\/?s={search_term_string}\"},\"query-input\":{\"@type\":\"PropertyValueSpecification\",\"valueRequired\":true,\"valueName\":\"search_term_string\"}}],\"inLanguage\":\"es\"},{\"@type\":\"Person\",\"@id\":\"http:\/\/vientosur.top\/museo\/#\/schema\/person\/20c79d3c38800971feec8c2693c3dd9c\",\"name\":\"admin\",\"image\":{\"@type\":\"ImageObject\",\"inLanguage\":\"es\",\"@id\":\"http:\/\/vientosur.top\/museo\/#\/schema\/person\/image\/\",\"url\":\"https:\/\/secure.gravatar.com\/avatar\/713677ece3ffa642287213a80e5b773bce9ab81c269dd6d95102a990951c922f?s=96&d=mm&r=g\",\"contentUrl\":\"https:\/\/secure.gravatar.com\/avatar\/713677ece3ffa642287213a80e5b773bce9ab81c269dd6d95102a990951c922f?s=96&d=mm&r=g\",\"caption\":\"admin\"},\"sameAs\":[\"http:\/\/vientosur.top\/museo\"],\"url\":\"http:\/\/vientosur.top\/museo\/author\/comunicacionesmvp\/\"}]}<\/script>\n<!-- \/ Yoast SEO plugin. -->","yoast_head_json":{"title":"Museo Violeta Parra invita a docentes del pa\u00eds a los Desarrollos Pedag\u00f3gicos Participativos en febrero - Museo Violeta Parra","robots":{"index":"index","follow":"follow","max-snippet":"max-snippet:-1","max-image-preview":"max-image-preview:large","max-video-preview":"max-video-preview:-1"},"canonical":"http:\/\/vientosur.top\/museo\/museo-violeta-parra-invita-a-docentes-del-pais-a-participar-de-los-desarrollos-pedagogicos-participativos\/","og_locale":"es_ES","og_type":"article","og_title":"Museo Violeta Parra invita a docentes del pa\u00eds a los Desarrollos Pedag\u00f3gicos Participativos en febrero - Museo Violeta Parra","og_description":"El \u00c1rea de Educaci\u00f3n del Museo Violeta Parra invita a docentes del pa\u00eds de diferentes niveles y asignaturas como arte, lenguaje, historia y m\u00fasica a conocer las pr\u00e1cticas que realiza para mediar con su p\u00fablico, con el objetivo de recibir sus apreciaciones y atender las necesidades espec\u00edficas de sus estudiantes en torno a los planes [&hellip;]","og_url":"http:\/\/vientosur.top\/museo\/museo-violeta-parra-invita-a-docentes-del-pais-a-participar-de-los-desarrollos-pedagogicos-participativos\/","og_site_name":"Museo Violeta Parra","article_published_time":"2017-01-30T20:56:22+00:00","og_image":[{"width":1444,"height":960,"url":"http:\/\/vientosur.top\/museo\/wp-content\/uploads\/2017\/01\/DSC_0129.jpg","type":"image\/jpeg"}],"author":"admin","twitter_card":"summary_large_image","twitter_misc":{"Escrito por":"admin","Tiempo de lectura":"1 minuto"},"schema":{"@context":"https:\/\/schema.org","@graph":[{"@type":"WebPage","@id":"http:\/\/vientosur.top\/museo\/museo-violeta-parra-invita-a-docentes-del-pais-a-participar-de-los-desarrollos-pedagogicos-participativos\/","url":"http:\/\/vientosur.top\/museo\/museo-violeta-parra-invita-a-docentes-del-pais-a-participar-de-los-desarrollos-pedagogicos-participativos\/","name":"Museo Violeta Parra invita a docentes del pa\u00eds a los Desarrollos Pedag\u00f3gicos Participativos en febrero - Museo Violeta Parra","isPartOf":{"@id":"http:\/\/vientosur.top\/museo\/#website"},"primaryImageOfPage":{"@id":"http:\/\/vientosur.top\/museo\/museo-violeta-parra-invita-a-docentes-del-pais-a-participar-de-los-desarrollos-pedagogicos-participativos\/#primaryimage"},"image":{"@id":"http:\/\/vientosur.top\/museo\/museo-violeta-parra-invita-a-docentes-del-pais-a-participar-de-los-desarrollos-pedagogicos-participativos\/#primaryimage"},"thumbnailUrl":"http:\/\/vientosur.top\/museo\/wp-content\/uploads\/2017\/01\/DSC_0129.jpg","datePublished":"2017-01-30T20:56:22+00:00","author":{"@id":"http:\/\/vientosur.top\/museo\/#\/schema\/person\/20c79d3c38800971feec8c2693c3dd9c"},"breadcrumb":{"@id":"http:\/\/vientosur.top\/museo\/museo-violeta-parra-invita-a-docentes-del-pais-a-participar-de-los-desarrollos-pedagogicos-participativos\/#breadcrumb"},"inLanguage":"es","potentialAction":[{"@type":"ReadAction","target":["http:\/\/vientosur.top\/museo\/museo-violeta-parra-invita-a-docentes-del-pais-a-participar-de-los-desarrollos-pedagogicos-participativos\/"]}]},{"@type":"ImageObject","inLanguage":"es","@id":"http:\/\/vientosur.top\/museo\/museo-violeta-parra-invita-a-docentes-del-pais-a-participar-de-los-desarrollos-pedagogicos-participativos\/#primaryimage","url":"http:\/\/vientosur.top\/museo\/wp-content\/uploads\/2017\/01\/DSC_0129.jpg","contentUrl":"http:\/\/vientosur.top\/museo\/wp-content\/uploads\/2017\/01\/DSC_0129.jpg","width":1444,"height":960},{"@type":"BreadcrumbList","@id":"http:\/\/vientosur.top\/museo\/museo-violeta-parra-invita-a-docentes-del-pais-a-participar-de-los-desarrollos-pedagogicos-participativos\/#breadcrumb","itemListElement":[{"@type":"ListItem","position":1,"name":"Portada","item":"http:\/\/vientosur.top\/museo\/"},{"@type":"ListItem","position":2,"name":"Museo Violeta Parra invita a docentes del pa\u00eds a los Desarrollos Pedag\u00f3gicos Participativos en febrero"}]},{"@type":"WebSite","@id":"http:\/\/vientosur.top\/museo\/#website","url":"http:\/\/vientosur.top\/museo\/","name":"Museo Violeta Parra","description":"Espacio que alberga tanto la memoria y legado creativo de la artista","potentialAction":[{"@type":"SearchAction","target":{"@type":"EntryPoint","urlTemplate":"http:\/\/vientosur.top\/museo\/?s={search_term_string}"},"query-input":{"@type":"PropertyValueSpecification","valueRequired":true,"valueName":"search_term_string"}}],"inLanguage":"es"},{"@type":"Person","@id":"http:\/\/vientosur.top\/museo\/#\/schema\/person\/20c79d3c38800971feec8c2693c3dd9c","name":"admin","image":{"@type":"ImageObject","inLanguage":"es","@id":"http:\/\/vientosur.top\/museo\/#\/schema\/person\/image\/","url":"https:\/\/secure.gravatar.com\/avatar\/713677ece3ffa642287213a80e5b773bce9ab81c269dd6d95102a990951c922f?s=96&d=mm&r=g","contentUrl":"https:\/\/secure.gravatar.com\/avatar\/713677ece3ffa642287213a80e5b773bce9ab81c269dd6d95102a990951c922f?s=96&d=mm&r=g","caption":"admin"},"sameAs":["http:\/\/vientosur.top\/museo"],"url":"http:\/\/vientosur.top\/museo\/author\/comunicacionesmvp\/"}]}},"_links":{"self":[{"href":"http:\/\/vientosur.top\/museo\/wp-json\/wp\/v2\/posts\/2753","targetHints":{"allow":["GET"]}}],"collection":[{"href":"http:\/\/vientosur.top\/museo\/wp-json\/wp\/v2\/posts"}],"about":[{"href":"http:\/\/vientosur.top\/museo\/wp-json\/wp\/v2\/types\/post"}],"author":[{"embeddable":true,"href":"http:\/\/vientosur.top\/museo\/wp-json\/wp\/v2\/users\/5"}],"replies":[{"embeddable":true,"href":"http:\/\/vientosur.top\/museo\/wp-json\/wp\/v2\/comments?post=2753"}],"version-history":[{"count":0,"href":"http:\/\/vientosur.top\/museo\/wp-json\/wp\/v2\/posts\/2753\/revisions"}],"wp:featuredmedia":[{"embeddable":true,"href":"http:\/\/vientosur.top\/museo\/wp-json\/wp\/v2\/media\/2757"}],"wp:attachment":[{"href":"http:\/\/vientosur.top\/museo\/wp-json\/wp\/v2\/media?parent=2753"}],"wp:term":[{"taxonomy":"category","embeddable":true,"href":"http:\/\/vientosur.top\/museo\/wp-json\/wp\/v2\/categories?post=2753"},{"taxonomy":"post_tag","embeddable":true,"href":"http:\/\/vientosur.top\/museo\/wp-json\/wp\/v2\/tags?post=2753"}],"curies":[{"name":"wp","href":"https:\/\/api.w.org\/{rel}","templated":true}]}}