{"id":2779,"date":"2017-02-01T12:49:30","date_gmt":"2017-02-01T12:49:30","guid":{"rendered":"http:\/\/vientosur.top\/museo\/\/?p=2779"},"modified":"2017-02-01T12:49:30","modified_gmt":"2017-02-01T12:49:30","slug":"coro-de-camara-de-la-serena-presentara-cantos-a-violeta-el-22-de-julio-en-el-museo","status":"publish","type":"post","link":"http:\/\/vientosur.top\/museo\/coro-de-camara-de-la-serena-presentara-cantos-a-violeta-el-22-de-julio-en-el-museo\/","title":{"rendered":"Coro de C\u00e1mara de La Serena presentar\u00e1 \u201cCantos a Violeta\u201d el 22 de julio en el Museo"},"content":{"rendered":"<p>El Coro de C\u00e1mara de La Serena es una agrupaci\u00f3n musical integrada por licenciados y profesores de m\u00fasica. Fue formado en 2010 y actualmente lo integran 19 personas, bajo la direcci\u00f3n de Eduardo Gajardo. Cuenta con repertorios de m\u00fasica chilena e iberoamericana, polifon\u00eda inglesa y americana, m\u00fasica sacra, poemas musicalizados y\u00a0 programas de Navidad.<\/p>\n<p>&nbsp;<\/p>\n<p>Para 2017, el Coro ha sido seleccionado en el Festival de las Artes de Coquimbo (ARC) para itinerar en las provincias de Elqui, Limar\u00ed y Choapa y en diversas localidades con el proyecto \u201cCantos a Violeta\u201d, que incluye una decena de obras de la artista nacional musicalizadas por Gajardo para coro mixto y solistas. El espect\u00e1culo se presentar\u00e1 gratuitamente el s\u00e1bado 22 de julio a las 16:00 horas en la Sala Antar del Museo Violeta Parra.<\/p>\n<p>&nbsp;<\/p>\n<p>Carmen Zamora, encargada de Gesti\u00f3n y Comunicaciones de la agrupaci\u00f3n, cuenta que \u201cel Coro de C\u00e1mara est\u00e1 sumamente ilusionado con realizar este concierto ac\u00e1, porque de alguna manera es el cierre del ciclo que implica la itinerancia de llevar los <em>Cantos a Violeta<\/em>\u00a0\u2014proyecto financiado por el Fondo de la M\u00fasica Nacional 2017 del Consejo Nacional de la Cultura y las Artes\u2014 por muchos lugares de la regi\u00f3n de Coquimbo, venir a Santiago y compartir la felicidad de interpretar las canciones y dar una nueva mirada sonora sobre lo que fueron sus creaciones originales a trav\u00e9s de los arreglos corales\u201d.<\/p>\n<p>&nbsp;<\/p>\n<p>\u201cNuestro director, Eduardo Gajardo, se ha dedicado por muchas d\u00e9cadas al estudio y al cultivo de la m\u00fasica desde el folclor chileno. \u00c9l proviene de Arauco y las canciones e interpretaciones de Violeta, a quien \u00e9l vio en escena cuando era m\u00e1s joven, es una fuente de inspiraci\u00f3n permanente. Hay una importancia simb\u00f3lica, emocional, patrimonial y un desaf\u00edo art\u00edstico. Para nosotros como coro poder ampliar el repertorio y darle un \u00e9nfasis especial a la m\u00fasica chilena es una satisfacci\u00f3n, especialmente en 2017, a\u00f1o en que se cumplen 100 a\u00f1os del nacimiento de la artista\u201d, a\u00f1ade Zamora.<\/p>\n","protected":false},"excerpt":{"rendered":"<p>El Coro de C\u00e1mara de La Serena es una agrupaci\u00f3n musical integrada por licenciados y profesores de m\u00fasica. Fue formado en 2010 y actualmente lo integran 19 personas, bajo la direcci\u00f3n de Eduardo Gajardo. Cuenta con repertorios de m\u00fasica chilena e iberoamericana, polifon\u00eda inglesa y americana, m\u00fasica sacra, poemas musicalizados y\u00a0 programas de Navidad. &nbsp; [&hellip;]<\/p>\n","protected":false},"author":5,"featured_media":2780,"comment_status":"open","ping_status":"open","sticky":false,"template":"","format":"standard","meta":{"site-sidebar-layout":"default","site-content-layout":"","ast-site-content-layout":"default","site-content-style":"default","site-sidebar-style":"default","ast-global-header-display":"","ast-banner-title-visibility":"","ast-main-header-display":"","ast-hfb-above-header-display":"","ast-hfb-below-header-display":"","ast-hfb-mobile-header-display":"","site-post-title":"","ast-breadcrumbs-content":"","ast-featured-img":"","footer-sml-layout":"","theme-transparent-header-meta":"","adv-header-id-meta":"","stick-header-meta":"","header-above-stick-meta":"","header-main-stick-meta":"","header-below-stick-meta":"","astra-migrate-meta-layouts":"default","ast-page-background-enabled":"default","ast-page-background-meta":{"desktop":{"background-color":"var(--ast-global-color-4)","background-image":"","background-repeat":"repeat","background-position":"center center","background-size":"auto","background-attachment":"scroll","background-type":"","background-media":"","overlay-type":"","overlay-color":"","overlay-opacity":"","overlay-gradient":""},"tablet":{"background-color":"","background-image":"","background-repeat":"repeat","background-position":"center center","background-size":"auto","background-attachment":"scroll","background-type":"","background-media":"","overlay-type":"","overlay-color":"","overlay-opacity":"","overlay-gradient":""},"mobile":{"background-color":"","background-image":"","background-repeat":"repeat","background-position":"center center","background-size":"auto","background-attachment":"scroll","background-type":"","background-media":"","overlay-type":"","overlay-color":"","overlay-opacity":"","overlay-gradient":""}},"ast-content-background-meta":{"desktop":{"background-color":"var(--ast-global-color-5)","background-image":"","background-repeat":"repeat","background-position":"center center","background-size":"auto","background-attachment":"scroll","background-type":"","background-media":"","overlay-type":"","overlay-color":"","overlay-opacity":"","overlay-gradient":""},"tablet":{"background-color":"var(--ast-global-color-5)","background-image":"","background-repeat":"repeat","background-position":"center center","background-size":"auto","background-attachment":"scroll","background-type":"","background-media":"","overlay-type":"","overlay-color":"","overlay-opacity":"","overlay-gradient":""},"mobile":{"background-color":"var(--ast-global-color-5)","background-image":"","background-repeat":"repeat","background-position":"center center","background-size":"auto","background-attachment":"scroll","background-type":"","background-media":"","overlay-type":"","overlay-color":"","overlay-opacity":"","overlay-gradient":""}},"footnotes":""},"categories":[59,8,61],"tags":[],"class_list":["post-2779","post","type-post","status-publish","format-standard","has-post-thumbnail","hentry","category-destacado-noticia","category-noticias","category-novedades"],"yoast_head":"<!-- This site is optimized with the Yoast SEO plugin v25.4 - https:\/\/yoast.com\/wordpress\/plugins\/seo\/ -->\n<title>Coro de C\u00e1mara de La Serena presentar\u00e1 \u201cCantos a Violeta\u201d el 22 de julio en el Museo - Museo Violeta Parra<\/title>\n<meta name=\"robots\" content=\"index, follow, max-snippet:-1, max-image-preview:large, max-video-preview:-1\" \/>\n<link rel=\"canonical\" href=\"http:\/\/vientosur.top\/museo\/coro-de-camara-de-la-serena-presentara-cantos-a-violeta-el-22-de-julio-en-el-museo\/\" \/>\n<meta property=\"og:locale\" content=\"es_ES\" \/>\n<meta property=\"og:type\" content=\"article\" \/>\n<meta property=\"og:title\" content=\"Coro de C\u00e1mara de La Serena presentar\u00e1 \u201cCantos a Violeta\u201d el 22 de julio en el Museo - Museo Violeta Parra\" \/>\n<meta property=\"og:description\" content=\"El Coro de C\u00e1mara de La Serena es una agrupaci\u00f3n musical integrada por licenciados y profesores de m\u00fasica. Fue formado en 2010 y actualmente lo integran 19 personas, bajo la direcci\u00f3n de Eduardo Gajardo. Cuenta con repertorios de m\u00fasica chilena e iberoamericana, polifon\u00eda inglesa y americana, m\u00fasica sacra, poemas musicalizados y\u00a0 programas de Navidad. &nbsp; [&hellip;]\" \/>\n<meta property=\"og:url\" content=\"http:\/\/vientosur.top\/museo\/coro-de-camara-de-la-serena-presentara-cantos-a-violeta-el-22-de-julio-en-el-museo\/\" \/>\n<meta property=\"og:site_name\" content=\"Museo Violeta Parra\" \/>\n<meta property=\"article:published_time\" content=\"2017-02-01T12:49:30+00:00\" \/>\n<meta property=\"og:image\" content=\"http:\/\/vientosur.top\/museo\/wp-content\/uploads\/2017\/02\/CARMENZAMORA.jpg\" \/>\n\t<meta property=\"og:image:width\" content=\"960\" \/>\n\t<meta property=\"og:image:height\" content=\"638\" \/>\n\t<meta property=\"og:image:type\" content=\"image\/jpeg\" \/>\n<meta name=\"author\" content=\"admin\" \/>\n<meta name=\"twitter:card\" content=\"summary_large_image\" \/>\n<meta name=\"twitter:label1\" content=\"Escrito por\" \/>\n\t<meta name=\"twitter:data1\" content=\"admin\" \/>\n\t<meta name=\"twitter:label2\" content=\"Tiempo de lectura\" \/>\n\t<meta name=\"twitter:data2\" content=\"2 minutos\" \/>\n<script type=\"application\/ld+json\" class=\"yoast-schema-graph\">{\"@context\":\"https:\/\/schema.org\",\"@graph\":[{\"@type\":\"WebPage\",\"@id\":\"http:\/\/vientosur.top\/museo\/coro-de-camara-de-la-serena-presentara-cantos-a-violeta-el-22-de-julio-en-el-museo\/\",\"url\":\"http:\/\/vientosur.top\/museo\/coro-de-camara-de-la-serena-presentara-cantos-a-violeta-el-22-de-julio-en-el-museo\/\",\"name\":\"Coro de C\u00e1mara de La Serena presentar\u00e1 \u201cCantos a Violeta\u201d el 22 de julio en el Museo - Museo Violeta Parra\",\"isPartOf\":{\"@id\":\"http:\/\/vientosur.top\/museo\/#website\"},\"primaryImageOfPage\":{\"@id\":\"http:\/\/vientosur.top\/museo\/coro-de-camara-de-la-serena-presentara-cantos-a-violeta-el-22-de-julio-en-el-museo\/#primaryimage\"},\"image\":{\"@id\":\"http:\/\/vientosur.top\/museo\/coro-de-camara-de-la-serena-presentara-cantos-a-violeta-el-22-de-julio-en-el-museo\/#primaryimage\"},\"thumbnailUrl\":\"http:\/\/vientosur.top\/museo\/wp-content\/uploads\/2017\/02\/CARMENZAMORA.jpg\",\"datePublished\":\"2017-02-01T12:49:30+00:00\",\"author\":{\"@id\":\"http:\/\/vientosur.top\/museo\/#\/schema\/person\/20c79d3c38800971feec8c2693c3dd9c\"},\"breadcrumb\":{\"@id\":\"http:\/\/vientosur.top\/museo\/coro-de-camara-de-la-serena-presentara-cantos-a-violeta-el-22-de-julio-en-el-museo\/#breadcrumb\"},\"inLanguage\":\"es\",\"potentialAction\":[{\"@type\":\"ReadAction\",\"target\":[\"http:\/\/vientosur.top\/museo\/coro-de-camara-de-la-serena-presentara-cantos-a-violeta-el-22-de-julio-en-el-museo\/\"]}]},{\"@type\":\"ImageObject\",\"inLanguage\":\"es\",\"@id\":\"http:\/\/vientosur.top\/museo\/coro-de-camara-de-la-serena-presentara-cantos-a-violeta-el-22-de-julio-en-el-museo\/#primaryimage\",\"url\":\"http:\/\/vientosur.top\/museo\/wp-content\/uploads\/2017\/02\/CARMENZAMORA.jpg\",\"contentUrl\":\"http:\/\/vientosur.top\/museo\/wp-content\/uploads\/2017\/02\/CARMENZAMORA.jpg\",\"width\":960,\"height\":638},{\"@type\":\"BreadcrumbList\",\"@id\":\"http:\/\/vientosur.top\/museo\/coro-de-camara-de-la-serena-presentara-cantos-a-violeta-el-22-de-julio-en-el-museo\/#breadcrumb\",\"itemListElement\":[{\"@type\":\"ListItem\",\"position\":1,\"name\":\"Portada\",\"item\":\"http:\/\/vientosur.top\/museo\/\"},{\"@type\":\"ListItem\",\"position\":2,\"name\":\"Coro de C\u00e1mara de La Serena presentar\u00e1 \u201cCantos a Violeta\u201d el 22 de julio en el Museo\"}]},{\"@type\":\"WebSite\",\"@id\":\"http:\/\/vientosur.top\/museo\/#website\",\"url\":\"http:\/\/vientosur.top\/museo\/\",\"name\":\"Museo Violeta Parra\",\"description\":\"Espacio que alberga tanto la memoria y legado creativo de la artista\",\"potentialAction\":[{\"@type\":\"SearchAction\",\"target\":{\"@type\":\"EntryPoint\",\"urlTemplate\":\"http:\/\/vientosur.top\/museo\/?s={search_term_string}\"},\"query-input\":{\"@type\":\"PropertyValueSpecification\",\"valueRequired\":true,\"valueName\":\"search_term_string\"}}],\"inLanguage\":\"es\"},{\"@type\":\"Person\",\"@id\":\"http:\/\/vientosur.top\/museo\/#\/schema\/person\/20c79d3c38800971feec8c2693c3dd9c\",\"name\":\"admin\",\"image\":{\"@type\":\"ImageObject\",\"inLanguage\":\"es\",\"@id\":\"http:\/\/vientosur.top\/museo\/#\/schema\/person\/image\/\",\"url\":\"https:\/\/secure.gravatar.com\/avatar\/713677ece3ffa642287213a80e5b773bce9ab81c269dd6d95102a990951c922f?s=96&d=mm&r=g\",\"contentUrl\":\"https:\/\/secure.gravatar.com\/avatar\/713677ece3ffa642287213a80e5b773bce9ab81c269dd6d95102a990951c922f?s=96&d=mm&r=g\",\"caption\":\"admin\"},\"sameAs\":[\"http:\/\/vientosur.top\/museo\"],\"url\":\"http:\/\/vientosur.top\/museo\/author\/comunicacionesmvp\/\"}]}<\/script>\n<!-- \/ Yoast SEO plugin. -->","yoast_head_json":{"title":"Coro de C\u00e1mara de La Serena presentar\u00e1 \u201cCantos a Violeta\u201d el 22 de julio en el Museo - Museo Violeta Parra","robots":{"index":"index","follow":"follow","max-snippet":"max-snippet:-1","max-image-preview":"max-image-preview:large","max-video-preview":"max-video-preview:-1"},"canonical":"http:\/\/vientosur.top\/museo\/coro-de-camara-de-la-serena-presentara-cantos-a-violeta-el-22-de-julio-en-el-museo\/","og_locale":"es_ES","og_type":"article","og_title":"Coro de C\u00e1mara de La Serena presentar\u00e1 \u201cCantos a Violeta\u201d el 22 de julio en el Museo - Museo Violeta Parra","og_description":"El Coro de C\u00e1mara de La Serena es una agrupaci\u00f3n musical integrada por licenciados y profesores de m\u00fasica. Fue formado en 2010 y actualmente lo integran 19 personas, bajo la direcci\u00f3n de Eduardo Gajardo. Cuenta con repertorios de m\u00fasica chilena e iberoamericana, polifon\u00eda inglesa y americana, m\u00fasica sacra, poemas musicalizados y\u00a0 programas de Navidad. &nbsp; [&hellip;]","og_url":"http:\/\/vientosur.top\/museo\/coro-de-camara-de-la-serena-presentara-cantos-a-violeta-el-22-de-julio-en-el-museo\/","og_site_name":"Museo Violeta Parra","article_published_time":"2017-02-01T12:49:30+00:00","og_image":[{"width":960,"height":638,"url":"http:\/\/vientosur.top\/museo\/wp-content\/uploads\/2017\/02\/CARMENZAMORA.jpg","type":"image\/jpeg"}],"author":"admin","twitter_card":"summary_large_image","twitter_misc":{"Escrito por":"admin","Tiempo de lectura":"2 minutos"},"schema":{"@context":"https:\/\/schema.org","@graph":[{"@type":"WebPage","@id":"http:\/\/vientosur.top\/museo\/coro-de-camara-de-la-serena-presentara-cantos-a-violeta-el-22-de-julio-en-el-museo\/","url":"http:\/\/vientosur.top\/museo\/coro-de-camara-de-la-serena-presentara-cantos-a-violeta-el-22-de-julio-en-el-museo\/","name":"Coro de C\u00e1mara de La Serena presentar\u00e1 \u201cCantos a Violeta\u201d el 22 de julio en el Museo - Museo Violeta Parra","isPartOf":{"@id":"http:\/\/vientosur.top\/museo\/#website"},"primaryImageOfPage":{"@id":"http:\/\/vientosur.top\/museo\/coro-de-camara-de-la-serena-presentara-cantos-a-violeta-el-22-de-julio-en-el-museo\/#primaryimage"},"image":{"@id":"http:\/\/vientosur.top\/museo\/coro-de-camara-de-la-serena-presentara-cantos-a-violeta-el-22-de-julio-en-el-museo\/#primaryimage"},"thumbnailUrl":"http:\/\/vientosur.top\/museo\/wp-content\/uploads\/2017\/02\/CARMENZAMORA.jpg","datePublished":"2017-02-01T12:49:30+00:00","author":{"@id":"http:\/\/vientosur.top\/museo\/#\/schema\/person\/20c79d3c38800971feec8c2693c3dd9c"},"breadcrumb":{"@id":"http:\/\/vientosur.top\/museo\/coro-de-camara-de-la-serena-presentara-cantos-a-violeta-el-22-de-julio-en-el-museo\/#breadcrumb"},"inLanguage":"es","potentialAction":[{"@type":"ReadAction","target":["http:\/\/vientosur.top\/museo\/coro-de-camara-de-la-serena-presentara-cantos-a-violeta-el-22-de-julio-en-el-museo\/"]}]},{"@type":"ImageObject","inLanguage":"es","@id":"http:\/\/vientosur.top\/museo\/coro-de-camara-de-la-serena-presentara-cantos-a-violeta-el-22-de-julio-en-el-museo\/#primaryimage","url":"http:\/\/vientosur.top\/museo\/wp-content\/uploads\/2017\/02\/CARMENZAMORA.jpg","contentUrl":"http:\/\/vientosur.top\/museo\/wp-content\/uploads\/2017\/02\/CARMENZAMORA.jpg","width":960,"height":638},{"@type":"BreadcrumbList","@id":"http:\/\/vientosur.top\/museo\/coro-de-camara-de-la-serena-presentara-cantos-a-violeta-el-22-de-julio-en-el-museo\/#breadcrumb","itemListElement":[{"@type":"ListItem","position":1,"name":"Portada","item":"http:\/\/vientosur.top\/museo\/"},{"@type":"ListItem","position":2,"name":"Coro de C\u00e1mara de La Serena presentar\u00e1 \u201cCantos a Violeta\u201d el 22 de julio en el Museo"}]},{"@type":"WebSite","@id":"http:\/\/vientosur.top\/museo\/#website","url":"http:\/\/vientosur.top\/museo\/","name":"Museo Violeta Parra","description":"Espacio que alberga tanto la memoria y legado creativo de la artista","potentialAction":[{"@type":"SearchAction","target":{"@type":"EntryPoint","urlTemplate":"http:\/\/vientosur.top\/museo\/?s={search_term_string}"},"query-input":{"@type":"PropertyValueSpecification","valueRequired":true,"valueName":"search_term_string"}}],"inLanguage":"es"},{"@type":"Person","@id":"http:\/\/vientosur.top\/museo\/#\/schema\/person\/20c79d3c38800971feec8c2693c3dd9c","name":"admin","image":{"@type":"ImageObject","inLanguage":"es","@id":"http:\/\/vientosur.top\/museo\/#\/schema\/person\/image\/","url":"https:\/\/secure.gravatar.com\/avatar\/713677ece3ffa642287213a80e5b773bce9ab81c269dd6d95102a990951c922f?s=96&d=mm&r=g","contentUrl":"https:\/\/secure.gravatar.com\/avatar\/713677ece3ffa642287213a80e5b773bce9ab81c269dd6d95102a990951c922f?s=96&d=mm&r=g","caption":"admin"},"sameAs":["http:\/\/vientosur.top\/museo"],"url":"http:\/\/vientosur.top\/museo\/author\/comunicacionesmvp\/"}]}},"_links":{"self":[{"href":"http:\/\/vientosur.top\/museo\/wp-json\/wp\/v2\/posts\/2779","targetHints":{"allow":["GET"]}}],"collection":[{"href":"http:\/\/vientosur.top\/museo\/wp-json\/wp\/v2\/posts"}],"about":[{"href":"http:\/\/vientosur.top\/museo\/wp-json\/wp\/v2\/types\/post"}],"author":[{"embeddable":true,"href":"http:\/\/vientosur.top\/museo\/wp-json\/wp\/v2\/users\/5"}],"replies":[{"embeddable":true,"href":"http:\/\/vientosur.top\/museo\/wp-json\/wp\/v2\/comments?post=2779"}],"version-history":[{"count":0,"href":"http:\/\/vientosur.top\/museo\/wp-json\/wp\/v2\/posts\/2779\/revisions"}],"wp:featuredmedia":[{"embeddable":true,"href":"http:\/\/vientosur.top\/museo\/wp-json\/wp\/v2\/media\/2780"}],"wp:attachment":[{"href":"http:\/\/vientosur.top\/museo\/wp-json\/wp\/v2\/media?parent=2779"}],"wp:term":[{"taxonomy":"category","embeddable":true,"href":"http:\/\/vientosur.top\/museo\/wp-json\/wp\/v2\/categories?post=2779"},{"taxonomy":"post_tag","embeddable":true,"href":"http:\/\/vientosur.top\/museo\/wp-json\/wp\/v2\/tags?post=2779"}],"curies":[{"name":"wp","href":"https:\/\/api.w.org\/{rel}","templated":true}]}}