{"id":2795,"date":"2017-02-03T15:42:10","date_gmt":"2017-02-03T15:42:10","guid":{"rendered":"http:\/\/vientosur.top\/museo\/\/?p=2795"},"modified":"2017-02-03T15:42:10","modified_gmt":"2017-02-03T15:42:10","slug":"museo-violeta-parra-prepara-visitas-a-zonas-afectadas-por-los-incendios-forestales","status":"publish","type":"post","link":"http:\/\/vientosur.top\/museo\/museo-violeta-parra-prepara-visitas-a-zonas-afectadas-por-los-incendios-forestales\/","title":{"rendered":"Museo Violeta Parra prepara visitas a zonas afectadas por los incendios forestales"},"content":{"rendered":"<p>Ante los incendios forestales que han afectado a la zona centro sur de Chile, la Direcci\u00f3n de Bibliotecas, Archivos y Museos (DIBAM) y el Museo Violeta Parra han decidido trabajar en conjunto con el objetivo de realizar un aporte an\u00edmico y cultural a la zona afectada.<\/p>\n<p>&nbsp;<\/p>\n<p>Actualmente estas instituciones se encuentran diagnosticando, planificando y coordinando las visitas que se realizar\u00edan entre marzo y abril en distintas ciudades afectadas. Este trabajo conjunto pretende aunar programas de visitas, como por ejemplo, la Maleta de Violeta y la red de Bibliom\u00f3viles de la DIBAM.<\/p>\n<p>&nbsp;<\/p>\n<p>El Jefe del \u00c1rea de Educaci\u00f3n, Audiencias y Mediaci\u00f3n del Museo Violeta Parra, Esteban Torres, coment\u00f3: \u201cEstamos planificando las pr\u00f3ximas salidas con la Maleta de Violeta a las zonas afectadas por los incendios en el sur del pa\u00eds, las mismas donde naci\u00f3 y se cri\u00f3 Violeta Parra, porque creemos en el rol social del museo, tomando su ejemplo de compromiso como referencia. Queremos llevar un aporte an\u00edmico y cultural a las personas que han sufrido tanto con esta tragedia por medio de la educaci\u00f3n y la difusi\u00f3n de su legado\u201d.<\/p>\n<p>&nbsp;<\/p>\n<p>La cantautora Tita Parra realizar\u00e1 recitales \u2013en el marco de La Ruta de Violeta Parra- en las regiones del Maule y de O\u2019Higgins en los meses de abril y mayo, espec\u00edficamente en zonas rurales y ciudades del interior afectadas por el incendio. Los lugares y fechas est\u00e1n en periodo de planificaci\u00f3n.<\/p>\n","protected":false},"excerpt":{"rendered":"<p>Ante los incendios forestales que han afectado a la zona centro sur de Chile, la Direcci\u00f3n de Bibliotecas, Archivos y Museos (DIBAM) y el Museo Violeta Parra han decidido trabajar en conjunto con el objetivo de realizar un aporte an\u00edmico y cultural a la zona afectada. &nbsp; Actualmente estas instituciones se encuentran diagnosticando, planificando y [&hellip;]<\/p>\n","protected":false},"author":5,"featured_media":2796,"comment_status":"open","ping_status":"open","sticky":false,"template":"","format":"standard","meta":{"site-sidebar-layout":"default","site-content-layout":"","ast-site-content-layout":"default","site-content-style":"default","site-sidebar-style":"default","ast-global-header-display":"","ast-banner-title-visibility":"","ast-main-header-display":"","ast-hfb-above-header-display":"","ast-hfb-below-header-display":"","ast-hfb-mobile-header-display":"","site-post-title":"","ast-breadcrumbs-content":"","ast-featured-img":"","footer-sml-layout":"","theme-transparent-header-meta":"","adv-header-id-meta":"","stick-header-meta":"","header-above-stick-meta":"","header-main-stick-meta":"","header-below-stick-meta":"","astra-migrate-meta-layouts":"default","ast-page-background-enabled":"default","ast-page-background-meta":{"desktop":{"background-color":"var(--ast-global-color-4)","background-image":"","background-repeat":"repeat","background-position":"center center","background-size":"auto","background-attachment":"scroll","background-type":"","background-media":"","overlay-type":"","overlay-color":"","overlay-opacity":"","overlay-gradient":""},"tablet":{"background-color":"","background-image":"","background-repeat":"repeat","background-position":"center center","background-size":"auto","background-attachment":"scroll","background-type":"","background-media":"","overlay-type":"","overlay-color":"","overlay-opacity":"","overlay-gradient":""},"mobile":{"background-color":"","background-image":"","background-repeat":"repeat","background-position":"center center","background-size":"auto","background-attachment":"scroll","background-type":"","background-media":"","overlay-type":"","overlay-color":"","overlay-opacity":"","overlay-gradient":""}},"ast-content-background-meta":{"desktop":{"background-color":"var(--ast-global-color-5)","background-image":"","background-repeat":"repeat","background-position":"center center","background-size":"auto","background-attachment":"scroll","background-type":"","background-media":"","overlay-type":"","overlay-color":"","overlay-opacity":"","overlay-gradient":""},"tablet":{"background-color":"var(--ast-global-color-5)","background-image":"","background-repeat":"repeat","background-position":"center center","background-size":"auto","background-attachment":"scroll","background-type":"","background-media":"","overlay-type":"","overlay-color":"","overlay-opacity":"","overlay-gradient":""},"mobile":{"background-color":"var(--ast-global-color-5)","background-image":"","background-repeat":"repeat","background-position":"center center","background-size":"auto","background-attachment":"scroll","background-type":"","background-media":"","overlay-type":"","overlay-color":"","overlay-opacity":"","overlay-gradient":""}},"footnotes":""},"categories":[59,8],"tags":[],"class_list":["post-2795","post","type-post","status-publish","format-standard","has-post-thumbnail","hentry","category-destacado-noticia","category-noticias"],"yoast_head":"<!-- This site is optimized with the Yoast SEO plugin v25.4 - https:\/\/yoast.com\/wordpress\/plugins\/seo\/ -->\n<title>Museo Violeta Parra prepara visitas a zonas afectadas por los incendios forestales - Museo Violeta Parra<\/title>\n<meta name=\"robots\" content=\"index, follow, max-snippet:-1, max-image-preview:large, max-video-preview:-1\" \/>\n<link rel=\"canonical\" href=\"http:\/\/vientosur.top\/museo\/museo-violeta-parra-prepara-visitas-a-zonas-afectadas-por-los-incendios-forestales\/\" \/>\n<meta property=\"og:locale\" content=\"es_ES\" \/>\n<meta property=\"og:type\" content=\"article\" \/>\n<meta property=\"og:title\" content=\"Museo Violeta Parra prepara visitas a zonas afectadas por los incendios forestales - Museo Violeta Parra\" \/>\n<meta property=\"og:description\" content=\"Ante los incendios forestales que han afectado a la zona centro sur de Chile, la Direcci\u00f3n de Bibliotecas, Archivos y Museos (DIBAM) y el Museo Violeta Parra han decidido trabajar en conjunto con el objetivo de realizar un aporte an\u00edmico y cultural a la zona afectada. &nbsp; Actualmente estas instituciones se encuentran diagnosticando, planificando y [&hellip;]\" \/>\n<meta property=\"og:url\" content=\"http:\/\/vientosur.top\/museo\/museo-violeta-parra-prepara-visitas-a-zonas-afectadas-por-los-incendios-forestales\/\" \/>\n<meta property=\"og:site_name\" content=\"Museo Violeta Parra\" \/>\n<meta property=\"article:published_time\" content=\"2017-02-03T15:42:10+00:00\" \/>\n<meta property=\"og:image\" content=\"http:\/\/vientosur.top\/museo\/wp-content\/uploads\/2017\/02\/Foto-maleta-2.jpg\" \/>\n\t<meta property=\"og:image:width\" content=\"1244\" \/>\n\t<meta property=\"og:image:height\" content=\"906\" \/>\n\t<meta property=\"og:image:type\" content=\"image\/jpeg\" \/>\n<meta name=\"author\" content=\"admin\" \/>\n<meta name=\"twitter:card\" content=\"summary_large_image\" \/>\n<meta name=\"twitter:label1\" content=\"Escrito por\" \/>\n\t<meta name=\"twitter:data1\" content=\"admin\" \/>\n\t<meta name=\"twitter:label2\" content=\"Tiempo de lectura\" \/>\n\t<meta name=\"twitter:data2\" content=\"1 minuto\" \/>\n<script type=\"application\/ld+json\" class=\"yoast-schema-graph\">{\"@context\":\"https:\/\/schema.org\",\"@graph\":[{\"@type\":\"WebPage\",\"@id\":\"http:\/\/vientosur.top\/museo\/museo-violeta-parra-prepara-visitas-a-zonas-afectadas-por-los-incendios-forestales\/\",\"url\":\"http:\/\/vientosur.top\/museo\/museo-violeta-parra-prepara-visitas-a-zonas-afectadas-por-los-incendios-forestales\/\",\"name\":\"Museo Violeta Parra prepara visitas a zonas afectadas por los incendios forestales - Museo Violeta Parra\",\"isPartOf\":{\"@id\":\"http:\/\/vientosur.top\/museo\/#website\"},\"primaryImageOfPage\":{\"@id\":\"http:\/\/vientosur.top\/museo\/museo-violeta-parra-prepara-visitas-a-zonas-afectadas-por-los-incendios-forestales\/#primaryimage\"},\"image\":{\"@id\":\"http:\/\/vientosur.top\/museo\/museo-violeta-parra-prepara-visitas-a-zonas-afectadas-por-los-incendios-forestales\/#primaryimage\"},\"thumbnailUrl\":\"http:\/\/vientosur.top\/museo\/wp-content\/uploads\/2017\/02\/Foto-maleta-2.jpg\",\"datePublished\":\"2017-02-03T15:42:10+00:00\",\"author\":{\"@id\":\"http:\/\/vientosur.top\/museo\/#\/schema\/person\/20c79d3c38800971feec8c2693c3dd9c\"},\"breadcrumb\":{\"@id\":\"http:\/\/vientosur.top\/museo\/museo-violeta-parra-prepara-visitas-a-zonas-afectadas-por-los-incendios-forestales\/#breadcrumb\"},\"inLanguage\":\"es\",\"potentialAction\":[{\"@type\":\"ReadAction\",\"target\":[\"http:\/\/vientosur.top\/museo\/museo-violeta-parra-prepara-visitas-a-zonas-afectadas-por-los-incendios-forestales\/\"]}]},{\"@type\":\"ImageObject\",\"inLanguage\":\"es\",\"@id\":\"http:\/\/vientosur.top\/museo\/museo-violeta-parra-prepara-visitas-a-zonas-afectadas-por-los-incendios-forestales\/#primaryimage\",\"url\":\"http:\/\/vientosur.top\/museo\/wp-content\/uploads\/2017\/02\/Foto-maleta-2.jpg\",\"contentUrl\":\"http:\/\/vientosur.top\/museo\/wp-content\/uploads\/2017\/02\/Foto-maleta-2.jpg\",\"width\":1244,\"height\":906},{\"@type\":\"BreadcrumbList\",\"@id\":\"http:\/\/vientosur.top\/museo\/museo-violeta-parra-prepara-visitas-a-zonas-afectadas-por-los-incendios-forestales\/#breadcrumb\",\"itemListElement\":[{\"@type\":\"ListItem\",\"position\":1,\"name\":\"Portada\",\"item\":\"http:\/\/vientosur.top\/museo\/\"},{\"@type\":\"ListItem\",\"position\":2,\"name\":\"Museo Violeta Parra prepara visitas a zonas afectadas por los incendios forestales\"}]},{\"@type\":\"WebSite\",\"@id\":\"http:\/\/vientosur.top\/museo\/#website\",\"url\":\"http:\/\/vientosur.top\/museo\/\",\"name\":\"Museo Violeta Parra\",\"description\":\"Espacio que alberga tanto la memoria y legado creativo de la artista\",\"potentialAction\":[{\"@type\":\"SearchAction\",\"target\":{\"@type\":\"EntryPoint\",\"urlTemplate\":\"http:\/\/vientosur.top\/museo\/?s={search_term_string}\"},\"query-input\":{\"@type\":\"PropertyValueSpecification\",\"valueRequired\":true,\"valueName\":\"search_term_string\"}}],\"inLanguage\":\"es\"},{\"@type\":\"Person\",\"@id\":\"http:\/\/vientosur.top\/museo\/#\/schema\/person\/20c79d3c38800971feec8c2693c3dd9c\",\"name\":\"admin\",\"image\":{\"@type\":\"ImageObject\",\"inLanguage\":\"es\",\"@id\":\"http:\/\/vientosur.top\/museo\/#\/schema\/person\/image\/\",\"url\":\"https:\/\/secure.gravatar.com\/avatar\/713677ece3ffa642287213a80e5b773bce9ab81c269dd6d95102a990951c922f?s=96&d=mm&r=g\",\"contentUrl\":\"https:\/\/secure.gravatar.com\/avatar\/713677ece3ffa642287213a80e5b773bce9ab81c269dd6d95102a990951c922f?s=96&d=mm&r=g\",\"caption\":\"admin\"},\"sameAs\":[\"http:\/\/vientosur.top\/museo\"],\"url\":\"http:\/\/vientosur.top\/museo\/author\/comunicacionesmvp\/\"}]}<\/script>\n<!-- \/ Yoast SEO plugin. -->","yoast_head_json":{"title":"Museo Violeta Parra prepara visitas a zonas afectadas por los incendios forestales - Museo Violeta Parra","robots":{"index":"index","follow":"follow","max-snippet":"max-snippet:-1","max-image-preview":"max-image-preview:large","max-video-preview":"max-video-preview:-1"},"canonical":"http:\/\/vientosur.top\/museo\/museo-violeta-parra-prepara-visitas-a-zonas-afectadas-por-los-incendios-forestales\/","og_locale":"es_ES","og_type":"article","og_title":"Museo Violeta Parra prepara visitas a zonas afectadas por los incendios forestales - Museo Violeta Parra","og_description":"Ante los incendios forestales que han afectado a la zona centro sur de Chile, la Direcci\u00f3n de Bibliotecas, Archivos y Museos (DIBAM) y el Museo Violeta Parra han decidido trabajar en conjunto con el objetivo de realizar un aporte an\u00edmico y cultural a la zona afectada. &nbsp; Actualmente estas instituciones se encuentran diagnosticando, planificando y [&hellip;]","og_url":"http:\/\/vientosur.top\/museo\/museo-violeta-parra-prepara-visitas-a-zonas-afectadas-por-los-incendios-forestales\/","og_site_name":"Museo Violeta Parra","article_published_time":"2017-02-03T15:42:10+00:00","og_image":[{"width":1244,"height":906,"url":"http:\/\/vientosur.top\/museo\/wp-content\/uploads\/2017\/02\/Foto-maleta-2.jpg","type":"image\/jpeg"}],"author":"admin","twitter_card":"summary_large_image","twitter_misc":{"Escrito por":"admin","Tiempo de lectura":"1 minuto"},"schema":{"@context":"https:\/\/schema.org","@graph":[{"@type":"WebPage","@id":"http:\/\/vientosur.top\/museo\/museo-violeta-parra-prepara-visitas-a-zonas-afectadas-por-los-incendios-forestales\/","url":"http:\/\/vientosur.top\/museo\/museo-violeta-parra-prepara-visitas-a-zonas-afectadas-por-los-incendios-forestales\/","name":"Museo Violeta Parra prepara visitas a zonas afectadas por los incendios forestales - Museo Violeta Parra","isPartOf":{"@id":"http:\/\/vientosur.top\/museo\/#website"},"primaryImageOfPage":{"@id":"http:\/\/vientosur.top\/museo\/museo-violeta-parra-prepara-visitas-a-zonas-afectadas-por-los-incendios-forestales\/#primaryimage"},"image":{"@id":"http:\/\/vientosur.top\/museo\/museo-violeta-parra-prepara-visitas-a-zonas-afectadas-por-los-incendios-forestales\/#primaryimage"},"thumbnailUrl":"http:\/\/vientosur.top\/museo\/wp-content\/uploads\/2017\/02\/Foto-maleta-2.jpg","datePublished":"2017-02-03T15:42:10+00:00","author":{"@id":"http:\/\/vientosur.top\/museo\/#\/schema\/person\/20c79d3c38800971feec8c2693c3dd9c"},"breadcrumb":{"@id":"http:\/\/vientosur.top\/museo\/museo-violeta-parra-prepara-visitas-a-zonas-afectadas-por-los-incendios-forestales\/#breadcrumb"},"inLanguage":"es","potentialAction":[{"@type":"ReadAction","target":["http:\/\/vientosur.top\/museo\/museo-violeta-parra-prepara-visitas-a-zonas-afectadas-por-los-incendios-forestales\/"]}]},{"@type":"ImageObject","inLanguage":"es","@id":"http:\/\/vientosur.top\/museo\/museo-violeta-parra-prepara-visitas-a-zonas-afectadas-por-los-incendios-forestales\/#primaryimage","url":"http:\/\/vientosur.top\/museo\/wp-content\/uploads\/2017\/02\/Foto-maleta-2.jpg","contentUrl":"http:\/\/vientosur.top\/museo\/wp-content\/uploads\/2017\/02\/Foto-maleta-2.jpg","width":1244,"height":906},{"@type":"BreadcrumbList","@id":"http:\/\/vientosur.top\/museo\/museo-violeta-parra-prepara-visitas-a-zonas-afectadas-por-los-incendios-forestales\/#breadcrumb","itemListElement":[{"@type":"ListItem","position":1,"name":"Portada","item":"http:\/\/vientosur.top\/museo\/"},{"@type":"ListItem","position":2,"name":"Museo Violeta Parra prepara visitas a zonas afectadas por los incendios forestales"}]},{"@type":"WebSite","@id":"http:\/\/vientosur.top\/museo\/#website","url":"http:\/\/vientosur.top\/museo\/","name":"Museo Violeta Parra","description":"Espacio que alberga tanto la memoria y legado creativo de la artista","potentialAction":[{"@type":"SearchAction","target":{"@type":"EntryPoint","urlTemplate":"http:\/\/vientosur.top\/museo\/?s={search_term_string}"},"query-input":{"@type":"PropertyValueSpecification","valueRequired":true,"valueName":"search_term_string"}}],"inLanguage":"es"},{"@type":"Person","@id":"http:\/\/vientosur.top\/museo\/#\/schema\/person\/20c79d3c38800971feec8c2693c3dd9c","name":"admin","image":{"@type":"ImageObject","inLanguage":"es","@id":"http:\/\/vientosur.top\/museo\/#\/schema\/person\/image\/","url":"https:\/\/secure.gravatar.com\/avatar\/713677ece3ffa642287213a80e5b773bce9ab81c269dd6d95102a990951c922f?s=96&d=mm&r=g","contentUrl":"https:\/\/secure.gravatar.com\/avatar\/713677ece3ffa642287213a80e5b773bce9ab81c269dd6d95102a990951c922f?s=96&d=mm&r=g","caption":"admin"},"sameAs":["http:\/\/vientosur.top\/museo"],"url":"http:\/\/vientosur.top\/museo\/author\/comunicacionesmvp\/"}]}},"_links":{"self":[{"href":"http:\/\/vientosur.top\/museo\/wp-json\/wp\/v2\/posts\/2795","targetHints":{"allow":["GET"]}}],"collection":[{"href":"http:\/\/vientosur.top\/museo\/wp-json\/wp\/v2\/posts"}],"about":[{"href":"http:\/\/vientosur.top\/museo\/wp-json\/wp\/v2\/types\/post"}],"author":[{"embeddable":true,"href":"http:\/\/vientosur.top\/museo\/wp-json\/wp\/v2\/users\/5"}],"replies":[{"embeddable":true,"href":"http:\/\/vientosur.top\/museo\/wp-json\/wp\/v2\/comments?post=2795"}],"version-history":[{"count":0,"href":"http:\/\/vientosur.top\/museo\/wp-json\/wp\/v2\/posts\/2795\/revisions"}],"wp:featuredmedia":[{"embeddable":true,"href":"http:\/\/vientosur.top\/museo\/wp-json\/wp\/v2\/media\/2796"}],"wp:attachment":[{"href":"http:\/\/vientosur.top\/museo\/wp-json\/wp\/v2\/media?parent=2795"}],"wp:term":[{"taxonomy":"category","embeddable":true,"href":"http:\/\/vientosur.top\/museo\/wp-json\/wp\/v2\/categories?post=2795"},{"taxonomy":"post_tag","embeddable":true,"href":"http:\/\/vientosur.top\/museo\/wp-json\/wp\/v2\/tags?post=2795"}],"curies":[{"name":"wp","href":"https:\/\/api.w.org\/{rel}","templated":true}]}}