{"id":2815,"date":"2017-02-08T13:13:23","date_gmt":"2017-02-08T13:13:23","guid":{"rendered":"http:\/\/vientosur.top\/museo\/\/?p=2815"},"modified":"2017-02-08T13:13:23","modified_gmt":"2017-02-08T13:13:23","slug":"documental-neruda-en-el-corazon-inicia-el-ciclo-de-cine-de-los-poetas-en-museo-violeta-parra","status":"publish","type":"post","link":"http:\/\/vientosur.top\/museo\/documental-neruda-en-el-corazon-inicia-el-ciclo-de-cine-de-los-poetas-en-museo-violeta-parra\/","title":{"rendered":"Documental \u00abNeruda en el Coraz\u00f3n\u00bb inici\u00f3 Ciclo de los Poetas en Museo Violeta Parra"},"content":{"rendered":"<p>El documental \u201cNeruda en el Coraz\u00f3n\u201d de los directores\u00a0<a href=\"http:\/\/www.cinechile.cl\/persona-868\">Pedro Chaskel<\/a>, <a href=\"http:\/\/www.cinechile.cl\/persona-3433\">Gast\u00f3n Ancelovici<\/a> y <a href=\"http:\/\/www.cinechile.cl\/persona-11439\">Jaime Barrios<\/a>\u00a0fue\u00a0el encargado de inaugurar el \u201cCiclo de los Poetas\u201d, desarrollado en conjunto con la Cineteca de la Universidad de Chile, en el cual se exhibir\u00e1n distintas pel\u00edculas y documentales acerca de los autores m\u00e1s relevantes de Chile.<\/p>\n<p>El documental retrata al Premio Nobel Pablo Neruda desde un punto de vista humano, ya sea por su cercan\u00eda con los pescadores o por su entusiasmo por la simpleza.<\/p>\n<p>&nbsp;<\/p>\n<p>El ciclo continuar\u00e1 con el largometraje <a href=\"http:\/\/vientosur.top\/museo\/\/actividades\/actividad\/exhibicion-del-documental-pablo-de-rokha-el-amigo-piedra\/\" target=\"_blank\" rel=\"noopener noreferrer\">\u201cPablo de Rokha, El Amigo Piedra\u201d<\/a> del director nacional Diego Meza, el d\u00eda s\u00e1bado 18 de febrero en el mismo horario y de manera gratuita en las dependencias del Museo Violeta Para.<\/p>\n<p>&nbsp;<\/p>\n","protected":false},"excerpt":{"rendered":"<p>El documental \u201cNeruda en el Coraz\u00f3n\u201d de los directores\u00a0Pedro Chaskel, Gast\u00f3n Ancelovici y Jaime Barrios\u00a0fue\u00a0el encargado de inaugurar el \u201cCiclo de los Poetas\u201d, desarrollado en conjunto con la Cineteca de la Universidad de Chile, en el cual se exhibir\u00e1n distintas pel\u00edculas y documentales acerca de los autores m\u00e1s relevantes de Chile. El documental retrata al [&hellip;]<\/p>\n","protected":false},"author":5,"featured_media":2821,"comment_status":"open","ping_status":"open","sticky":false,"template":"","format":"standard","meta":{"site-sidebar-layout":"default","site-content-layout":"","ast-site-content-layout":"default","site-content-style":"default","site-sidebar-style":"default","ast-global-header-display":"","ast-banner-title-visibility":"","ast-main-header-display":"","ast-hfb-above-header-display":"","ast-hfb-below-header-display":"","ast-hfb-mobile-header-display":"","site-post-title":"","ast-breadcrumbs-content":"","ast-featured-img":"","footer-sml-layout":"","theme-transparent-header-meta":"","adv-header-id-meta":"","stick-header-meta":"","header-above-stick-meta":"","header-main-stick-meta":"","header-below-stick-meta":"","astra-migrate-meta-layouts":"default","ast-page-background-enabled":"default","ast-page-background-meta":{"desktop":{"background-color":"var(--ast-global-color-4)","background-image":"","background-repeat":"repeat","background-position":"center center","background-size":"auto","background-attachment":"scroll","background-type":"","background-media":"","overlay-type":"","overlay-color":"","overlay-opacity":"","overlay-gradient":""},"tablet":{"background-color":"","background-image":"","background-repeat":"repeat","background-position":"center center","background-size":"auto","background-attachment":"scroll","background-type":"","background-media":"","overlay-type":"","overlay-color":"","overlay-opacity":"","overlay-gradient":""},"mobile":{"background-color":"","background-image":"","background-repeat":"repeat","background-position":"center center","background-size":"auto","background-attachment":"scroll","background-type":"","background-media":"","overlay-type":"","overlay-color":"","overlay-opacity":"","overlay-gradient":""}},"ast-content-background-meta":{"desktop":{"background-color":"var(--ast-global-color-5)","background-image":"","background-repeat":"repeat","background-position":"center center","background-size":"auto","background-attachment":"scroll","background-type":"","background-media":"","overlay-type":"","overlay-color":"","overlay-opacity":"","overlay-gradient":""},"tablet":{"background-color":"var(--ast-global-color-5)","background-image":"","background-repeat":"repeat","background-position":"center center","background-size":"auto","background-attachment":"scroll","background-type":"","background-media":"","overlay-type":"","overlay-color":"","overlay-opacity":"","overlay-gradient":""},"mobile":{"background-color":"var(--ast-global-color-5)","background-image":"","background-repeat":"repeat","background-position":"center center","background-size":"auto","background-attachment":"scroll","background-type":"","background-media":"","overlay-type":"","overlay-color":"","overlay-opacity":"","overlay-gradient":""}},"footnotes":""},"categories":[59,8],"tags":[],"class_list":["post-2815","post","type-post","status-publish","format-standard","has-post-thumbnail","hentry","category-destacado-noticia","category-noticias"],"yoast_head":"<!-- This site is optimized with the Yoast SEO plugin v25.4 - https:\/\/yoast.com\/wordpress\/plugins\/seo\/ -->\n<title>Documental &quot;Neruda en el Coraz\u00f3n&quot; inici\u00f3 Ciclo de los Poetas en Museo Violeta Parra - Museo Violeta Parra<\/title>\n<meta name=\"robots\" content=\"index, follow, max-snippet:-1, max-image-preview:large, max-video-preview:-1\" \/>\n<link rel=\"canonical\" href=\"http:\/\/vientosur.top\/museo\/documental-neruda-en-el-corazon-inicia-el-ciclo-de-cine-de-los-poetas-en-museo-violeta-parra\/\" \/>\n<meta property=\"og:locale\" content=\"es_ES\" \/>\n<meta property=\"og:type\" content=\"article\" \/>\n<meta property=\"og:title\" content=\"Documental &quot;Neruda en el Coraz\u00f3n&quot; inici\u00f3 Ciclo de los Poetas en Museo Violeta Parra - Museo Violeta Parra\" \/>\n<meta property=\"og:description\" content=\"El documental \u201cNeruda en el Coraz\u00f3n\u201d de los directores\u00a0Pedro Chaskel, Gast\u00f3n Ancelovici y Jaime Barrios\u00a0fue\u00a0el encargado de inaugurar el \u201cCiclo de los Poetas\u201d, desarrollado en conjunto con la Cineteca de la Universidad de Chile, en el cual se exhibir\u00e1n distintas pel\u00edculas y documentales acerca de los autores m\u00e1s relevantes de Chile. El documental retrata al [&hellip;]\" \/>\n<meta property=\"og:url\" content=\"http:\/\/vientosur.top\/museo\/documental-neruda-en-el-corazon-inicia-el-ciclo-de-cine-de-los-poetas-en-museo-violeta-parra\/\" \/>\n<meta property=\"og:site_name\" content=\"Museo Violeta Parra\" \/>\n<meta property=\"article:published_time\" content=\"2017-02-08T13:13:23+00:00\" \/>\n<meta property=\"og:image\" content=\"http:\/\/vientosur.top\/museo\/wp-content\/uploads\/2017\/02\/Pablo_Neruda_en_la_URSS_cropped-3.jpg\" \/>\n\t<meta property=\"og:image:width\" content=\"1800\" \/>\n\t<meta property=\"og:image:height\" content=\"858\" \/>\n\t<meta property=\"og:image:type\" content=\"image\/jpeg\" \/>\n<meta name=\"author\" content=\"admin\" \/>\n<meta name=\"twitter:card\" content=\"summary_large_image\" \/>\n<meta name=\"twitter:label1\" content=\"Escrito por\" \/>\n\t<meta name=\"twitter:data1\" content=\"admin\" \/>\n\t<meta name=\"twitter:label2\" content=\"Tiempo de lectura\" \/>\n\t<meta name=\"twitter:data2\" content=\"1 minuto\" \/>\n<script type=\"application\/ld+json\" class=\"yoast-schema-graph\">{\"@context\":\"https:\/\/schema.org\",\"@graph\":[{\"@type\":\"WebPage\",\"@id\":\"http:\/\/vientosur.top\/museo\/documental-neruda-en-el-corazon-inicia-el-ciclo-de-cine-de-los-poetas-en-museo-violeta-parra\/\",\"url\":\"http:\/\/vientosur.top\/museo\/documental-neruda-en-el-corazon-inicia-el-ciclo-de-cine-de-los-poetas-en-museo-violeta-parra\/\",\"name\":\"Documental \\\"Neruda en el Coraz\u00f3n\\\" inici\u00f3 Ciclo de los Poetas en Museo Violeta Parra - Museo Violeta Parra\",\"isPartOf\":{\"@id\":\"http:\/\/vientosur.top\/museo\/#website\"},\"primaryImageOfPage\":{\"@id\":\"http:\/\/vientosur.top\/museo\/documental-neruda-en-el-corazon-inicia-el-ciclo-de-cine-de-los-poetas-en-museo-violeta-parra\/#primaryimage\"},\"image\":{\"@id\":\"http:\/\/vientosur.top\/museo\/documental-neruda-en-el-corazon-inicia-el-ciclo-de-cine-de-los-poetas-en-museo-violeta-parra\/#primaryimage\"},\"thumbnailUrl\":\"http:\/\/vientosur.top\/museo\/wp-content\/uploads\/2017\/02\/Pablo_Neruda_en_la_URSS_cropped-3.jpg\",\"datePublished\":\"2017-02-08T13:13:23+00:00\",\"author\":{\"@id\":\"http:\/\/vientosur.top\/museo\/#\/schema\/person\/20c79d3c38800971feec8c2693c3dd9c\"},\"breadcrumb\":{\"@id\":\"http:\/\/vientosur.top\/museo\/documental-neruda-en-el-corazon-inicia-el-ciclo-de-cine-de-los-poetas-en-museo-violeta-parra\/#breadcrumb\"},\"inLanguage\":\"es\",\"potentialAction\":[{\"@type\":\"ReadAction\",\"target\":[\"http:\/\/vientosur.top\/museo\/documental-neruda-en-el-corazon-inicia-el-ciclo-de-cine-de-los-poetas-en-museo-violeta-parra\/\"]}]},{\"@type\":\"ImageObject\",\"inLanguage\":\"es\",\"@id\":\"http:\/\/vientosur.top\/museo\/documental-neruda-en-el-corazon-inicia-el-ciclo-de-cine-de-los-poetas-en-museo-violeta-parra\/#primaryimage\",\"url\":\"http:\/\/vientosur.top\/museo\/wp-content\/uploads\/2017\/02\/Pablo_Neruda_en_la_URSS_cropped-3.jpg\",\"contentUrl\":\"http:\/\/vientosur.top\/museo\/wp-content\/uploads\/2017\/02\/Pablo_Neruda_en_la_URSS_cropped-3.jpg\",\"width\":1800,\"height\":858},{\"@type\":\"BreadcrumbList\",\"@id\":\"http:\/\/vientosur.top\/museo\/documental-neruda-en-el-corazon-inicia-el-ciclo-de-cine-de-los-poetas-en-museo-violeta-parra\/#breadcrumb\",\"itemListElement\":[{\"@type\":\"ListItem\",\"position\":1,\"name\":\"Portada\",\"item\":\"http:\/\/vientosur.top\/museo\/\"},{\"@type\":\"ListItem\",\"position\":2,\"name\":\"Documental \u00abNeruda en el Coraz\u00f3n\u00bb inici\u00f3 Ciclo de los Poetas en Museo Violeta Parra\"}]},{\"@type\":\"WebSite\",\"@id\":\"http:\/\/vientosur.top\/museo\/#website\",\"url\":\"http:\/\/vientosur.top\/museo\/\",\"name\":\"Museo Violeta Parra\",\"description\":\"Espacio que alberga tanto la memoria y legado creativo de la artista\",\"potentialAction\":[{\"@type\":\"SearchAction\",\"target\":{\"@type\":\"EntryPoint\",\"urlTemplate\":\"http:\/\/vientosur.top\/museo\/?s={search_term_string}\"},\"query-input\":{\"@type\":\"PropertyValueSpecification\",\"valueRequired\":true,\"valueName\":\"search_term_string\"}}],\"inLanguage\":\"es\"},{\"@type\":\"Person\",\"@id\":\"http:\/\/vientosur.top\/museo\/#\/schema\/person\/20c79d3c38800971feec8c2693c3dd9c\",\"name\":\"admin\",\"image\":{\"@type\":\"ImageObject\",\"inLanguage\":\"es\",\"@id\":\"http:\/\/vientosur.top\/museo\/#\/schema\/person\/image\/\",\"url\":\"https:\/\/secure.gravatar.com\/avatar\/713677ece3ffa642287213a80e5b773bce9ab81c269dd6d95102a990951c922f?s=96&d=mm&r=g\",\"contentUrl\":\"https:\/\/secure.gravatar.com\/avatar\/713677ece3ffa642287213a80e5b773bce9ab81c269dd6d95102a990951c922f?s=96&d=mm&r=g\",\"caption\":\"admin\"},\"sameAs\":[\"http:\/\/vientosur.top\/museo\"],\"url\":\"http:\/\/vientosur.top\/museo\/author\/comunicacionesmvp\/\"}]}<\/script>\n<!-- \/ Yoast SEO plugin. -->","yoast_head_json":{"title":"Documental \"Neruda en el Coraz\u00f3n\" inici\u00f3 Ciclo de los Poetas en Museo Violeta Parra - Museo Violeta Parra","robots":{"index":"index","follow":"follow","max-snippet":"max-snippet:-1","max-image-preview":"max-image-preview:large","max-video-preview":"max-video-preview:-1"},"canonical":"http:\/\/vientosur.top\/museo\/documental-neruda-en-el-corazon-inicia-el-ciclo-de-cine-de-los-poetas-en-museo-violeta-parra\/","og_locale":"es_ES","og_type":"article","og_title":"Documental \"Neruda en el Coraz\u00f3n\" inici\u00f3 Ciclo de los Poetas en Museo Violeta Parra - Museo Violeta Parra","og_description":"El documental \u201cNeruda en el Coraz\u00f3n\u201d de los directores\u00a0Pedro Chaskel, Gast\u00f3n Ancelovici y Jaime Barrios\u00a0fue\u00a0el encargado de inaugurar el \u201cCiclo de los Poetas\u201d, desarrollado en conjunto con la Cineteca de la Universidad de Chile, en el cual se exhibir\u00e1n distintas pel\u00edculas y documentales acerca de los autores m\u00e1s relevantes de Chile. El documental retrata al [&hellip;]","og_url":"http:\/\/vientosur.top\/museo\/documental-neruda-en-el-corazon-inicia-el-ciclo-de-cine-de-los-poetas-en-museo-violeta-parra\/","og_site_name":"Museo Violeta Parra","article_published_time":"2017-02-08T13:13:23+00:00","og_image":[{"width":1800,"height":858,"url":"http:\/\/vientosur.top\/museo\/wp-content\/uploads\/2017\/02\/Pablo_Neruda_en_la_URSS_cropped-3.jpg","type":"image\/jpeg"}],"author":"admin","twitter_card":"summary_large_image","twitter_misc":{"Escrito por":"admin","Tiempo de lectura":"1 minuto"},"schema":{"@context":"https:\/\/schema.org","@graph":[{"@type":"WebPage","@id":"http:\/\/vientosur.top\/museo\/documental-neruda-en-el-corazon-inicia-el-ciclo-de-cine-de-los-poetas-en-museo-violeta-parra\/","url":"http:\/\/vientosur.top\/museo\/documental-neruda-en-el-corazon-inicia-el-ciclo-de-cine-de-los-poetas-en-museo-violeta-parra\/","name":"Documental \"Neruda en el Coraz\u00f3n\" inici\u00f3 Ciclo de los Poetas en Museo Violeta Parra - Museo Violeta Parra","isPartOf":{"@id":"http:\/\/vientosur.top\/museo\/#website"},"primaryImageOfPage":{"@id":"http:\/\/vientosur.top\/museo\/documental-neruda-en-el-corazon-inicia-el-ciclo-de-cine-de-los-poetas-en-museo-violeta-parra\/#primaryimage"},"image":{"@id":"http:\/\/vientosur.top\/museo\/documental-neruda-en-el-corazon-inicia-el-ciclo-de-cine-de-los-poetas-en-museo-violeta-parra\/#primaryimage"},"thumbnailUrl":"http:\/\/vientosur.top\/museo\/wp-content\/uploads\/2017\/02\/Pablo_Neruda_en_la_URSS_cropped-3.jpg","datePublished":"2017-02-08T13:13:23+00:00","author":{"@id":"http:\/\/vientosur.top\/museo\/#\/schema\/person\/20c79d3c38800971feec8c2693c3dd9c"},"breadcrumb":{"@id":"http:\/\/vientosur.top\/museo\/documental-neruda-en-el-corazon-inicia-el-ciclo-de-cine-de-los-poetas-en-museo-violeta-parra\/#breadcrumb"},"inLanguage":"es","potentialAction":[{"@type":"ReadAction","target":["http:\/\/vientosur.top\/museo\/documental-neruda-en-el-corazon-inicia-el-ciclo-de-cine-de-los-poetas-en-museo-violeta-parra\/"]}]},{"@type":"ImageObject","inLanguage":"es","@id":"http:\/\/vientosur.top\/museo\/documental-neruda-en-el-corazon-inicia-el-ciclo-de-cine-de-los-poetas-en-museo-violeta-parra\/#primaryimage","url":"http:\/\/vientosur.top\/museo\/wp-content\/uploads\/2017\/02\/Pablo_Neruda_en_la_URSS_cropped-3.jpg","contentUrl":"http:\/\/vientosur.top\/museo\/wp-content\/uploads\/2017\/02\/Pablo_Neruda_en_la_URSS_cropped-3.jpg","width":1800,"height":858},{"@type":"BreadcrumbList","@id":"http:\/\/vientosur.top\/museo\/documental-neruda-en-el-corazon-inicia-el-ciclo-de-cine-de-los-poetas-en-museo-violeta-parra\/#breadcrumb","itemListElement":[{"@type":"ListItem","position":1,"name":"Portada","item":"http:\/\/vientosur.top\/museo\/"},{"@type":"ListItem","position":2,"name":"Documental \u00abNeruda en el Coraz\u00f3n\u00bb inici\u00f3 Ciclo de los Poetas en Museo Violeta Parra"}]},{"@type":"WebSite","@id":"http:\/\/vientosur.top\/museo\/#website","url":"http:\/\/vientosur.top\/museo\/","name":"Museo Violeta Parra","description":"Espacio que alberga tanto la memoria y legado creativo de la artista","potentialAction":[{"@type":"SearchAction","target":{"@type":"EntryPoint","urlTemplate":"http:\/\/vientosur.top\/museo\/?s={search_term_string}"},"query-input":{"@type":"PropertyValueSpecification","valueRequired":true,"valueName":"search_term_string"}}],"inLanguage":"es"},{"@type":"Person","@id":"http:\/\/vientosur.top\/museo\/#\/schema\/person\/20c79d3c38800971feec8c2693c3dd9c","name":"admin","image":{"@type":"ImageObject","inLanguage":"es","@id":"http:\/\/vientosur.top\/museo\/#\/schema\/person\/image\/","url":"https:\/\/secure.gravatar.com\/avatar\/713677ece3ffa642287213a80e5b773bce9ab81c269dd6d95102a990951c922f?s=96&d=mm&r=g","contentUrl":"https:\/\/secure.gravatar.com\/avatar\/713677ece3ffa642287213a80e5b773bce9ab81c269dd6d95102a990951c922f?s=96&d=mm&r=g","caption":"admin"},"sameAs":["http:\/\/vientosur.top\/museo"],"url":"http:\/\/vientosur.top\/museo\/author\/comunicacionesmvp\/"}]}},"_links":{"self":[{"href":"http:\/\/vientosur.top\/museo\/wp-json\/wp\/v2\/posts\/2815","targetHints":{"allow":["GET"]}}],"collection":[{"href":"http:\/\/vientosur.top\/museo\/wp-json\/wp\/v2\/posts"}],"about":[{"href":"http:\/\/vientosur.top\/museo\/wp-json\/wp\/v2\/types\/post"}],"author":[{"embeddable":true,"href":"http:\/\/vientosur.top\/museo\/wp-json\/wp\/v2\/users\/5"}],"replies":[{"embeddable":true,"href":"http:\/\/vientosur.top\/museo\/wp-json\/wp\/v2\/comments?post=2815"}],"version-history":[{"count":0,"href":"http:\/\/vientosur.top\/museo\/wp-json\/wp\/v2\/posts\/2815\/revisions"}],"wp:featuredmedia":[{"embeddable":true,"href":"http:\/\/vientosur.top\/museo\/wp-json\/wp\/v2\/media\/2821"}],"wp:attachment":[{"href":"http:\/\/vientosur.top\/museo\/wp-json\/wp\/v2\/media?parent=2815"}],"wp:term":[{"taxonomy":"category","embeddable":true,"href":"http:\/\/vientosur.top\/museo\/wp-json\/wp\/v2\/categories?post=2815"},{"taxonomy":"post_tag","embeddable":true,"href":"http:\/\/vientosur.top\/museo\/wp-json\/wp\/v2\/tags?post=2815"}],"curies":[{"name":"wp","href":"https:\/\/api.w.org\/{rel}","templated":true}]}}