{"id":2833,"date":"2017-03-01T09:00:21","date_gmt":"2017-03-01T09:00:21","guid":{"rendered":"http:\/\/vientosur.top\/museo\/\/?p=2833"},"modified":"2017-03-01T09:00:21","modified_gmt":"2017-03-01T09:00:21","slug":"isabel-parra-tita-parra-e-inti-illimani-presentaran-canto-para-una-semilla-en-el-teatro-municipal-de-santiago","status":"publish","type":"post","link":"http:\/\/vientosur.top\/museo\/isabel-parra-tita-parra-e-inti-illimani-presentaran-canto-para-una-semilla-en-el-teatro-municipal-de-santiago\/","title":{"rendered":"Entradas agotadas para \u00abCanto para una semilla\u00bb en el Teatro Municipal de Santiago"},"content":{"rendered":"<p class=\"entradilla\"><strong>Informamos que las entradas para la presentaci\u00f3n del \u00abCanto para una semilla\u00bb, a realizarse el lunes 6 de marzo a las 20:00 horas en el Teatro Municipal, se encuentran agotadas. Agradecemos el inter\u00e9s del p\u00fablico.<\/p>\n<p><\/strong><\/p>\n<p class=\"entradilla\">Compositora, recopiladora folcl\u00f3rica, cantante, poeta y artista visual, Violeta Parra se ha transformado en un referente mundial. A a cien a\u00f1os de su nacimiento, el \u00a0Teatro\u00a0Municipal de Santiago presenta \u00abCanto para una semilla\u00bb (1972), obra creada por el compositor Luis Advis, que recoge las d\u00e9cimas autobiogr\u00e1ficas de Violeta Parra en un concierto que rescata su personalidad creadora y que ser\u00e1 interpretada por su hija, Isabel Parra, junto a Tita Parra, Consuelo Schuster, Paz Binimelis, Manuel Garc\u00eda e \u00a0Inti Illimani. La narradora ser\u00e1 Tamara Acosta.<\/p>\n<p>&nbsp;<\/p>\n<p>Poes\u00eda: Violeta Parra<br \/>\nTextos: adaptaci\u00f3n del libro \u00abD\u00e9cimas\u00bb de Violeta Parra<br \/>\nM\u00fasica: Luis Advis<br \/>\nInt\u00e9rpretes: Isabel Parra, Tita Parra, Inti Illimani<br \/>\nRelatora: Tamara Acosta<\/p>\n<p>&nbsp;<\/p>\n<p class=\"title-page\"><a href=\"http:\/\/mas.municipal.cl\/conversatorio-violeta-parra-y-canto-para-una-semilla\/\" target=\"_blank\" rel=\"noopener noreferrer\">Audio del Conversatorio \u00abVioleta Parra y Canto para una semilla\u00bb<\/a><\/p>\n<p>&nbsp;<\/p>\n","protected":false},"excerpt":{"rendered":"<p>Informamos que las entradas para la presentaci\u00f3n del \u00abCanto para una semilla\u00bb, a realizarse el lunes 6 de marzo a las 20:00 horas en el Teatro Municipal, se encuentran agotadas. Agradecemos el inter\u00e9s del p\u00fablico. Compositora, recopiladora folcl\u00f3rica, cantante, poeta y artista visual, Violeta Parra se ha transformado en un referente mundial. A a cien [&hellip;]<\/p>\n","protected":false},"author":5,"featured_media":2837,"comment_status":"open","ping_status":"open","sticky":false,"template":"","format":"standard","meta":{"site-sidebar-layout":"default","site-content-layout":"","ast-site-content-layout":"default","site-content-style":"default","site-sidebar-style":"default","ast-global-header-display":"","ast-banner-title-visibility":"","ast-main-header-display":"","ast-hfb-above-header-display":"","ast-hfb-below-header-display":"","ast-hfb-mobile-header-display":"","site-post-title":"","ast-breadcrumbs-content":"","ast-featured-img":"","footer-sml-layout":"","theme-transparent-header-meta":"","adv-header-id-meta":"","stick-header-meta":"","header-above-stick-meta":"","header-main-stick-meta":"","header-below-stick-meta":"","astra-migrate-meta-layouts":"default","ast-page-background-enabled":"default","ast-page-background-meta":{"desktop":{"background-color":"var(--ast-global-color-4)","background-image":"","background-repeat":"repeat","background-position":"center center","background-size":"auto","background-attachment":"scroll","background-type":"","background-media":"","overlay-type":"","overlay-color":"","overlay-opacity":"","overlay-gradient":""},"tablet":{"background-color":"","background-image":"","background-repeat":"repeat","background-position":"center center","background-size":"auto","background-attachment":"scroll","background-type":"","background-media":"","overlay-type":"","overlay-color":"","overlay-opacity":"","overlay-gradient":""},"mobile":{"background-color":"","background-image":"","background-repeat":"repeat","background-position":"center center","background-size":"auto","background-attachment":"scroll","background-type":"","background-media":"","overlay-type":"","overlay-color":"","overlay-opacity":"","overlay-gradient":""}},"ast-content-background-meta":{"desktop":{"background-color":"var(--ast-global-color-5)","background-image":"","background-repeat":"repeat","background-position":"center center","background-size":"auto","background-attachment":"scroll","background-type":"","background-media":"","overlay-type":"","overlay-color":"","overlay-opacity":"","overlay-gradient":""},"tablet":{"background-color":"var(--ast-global-color-5)","background-image":"","background-repeat":"repeat","background-position":"center center","background-size":"auto","background-attachment":"scroll","background-type":"","background-media":"","overlay-type":"","overlay-color":"","overlay-opacity":"","overlay-gradient":""},"mobile":{"background-color":"var(--ast-global-color-5)","background-image":"","background-repeat":"repeat","background-position":"center center","background-size":"auto","background-attachment":"scroll","background-type":"","background-media":"","overlay-type":"","overlay-color":"","overlay-opacity":"","overlay-gradient":""}},"footnotes":""},"categories":[59,8,61],"tags":[],"class_list":["post-2833","post","type-post","status-publish","format-standard","has-post-thumbnail","hentry","category-destacado-noticia","category-noticias","category-novedades"],"yoast_head":"<!-- This site is optimized with the Yoast SEO plugin v25.4 - https:\/\/yoast.com\/wordpress\/plugins\/seo\/ -->\n<title>Entradas agotadas para &quot;Canto para una semilla&quot; en el Teatro Municipal de Santiago - Museo Violeta Parra<\/title>\n<meta name=\"robots\" content=\"index, follow, max-snippet:-1, max-image-preview:large, max-video-preview:-1\" \/>\n<link rel=\"canonical\" href=\"http:\/\/vientosur.top\/museo\/isabel-parra-tita-parra-e-inti-illimani-presentaran-canto-para-una-semilla-en-el-teatro-municipal-de-santiago\/\" \/>\n<meta property=\"og:locale\" content=\"es_ES\" \/>\n<meta property=\"og:type\" content=\"article\" \/>\n<meta property=\"og:title\" content=\"Entradas agotadas para &quot;Canto para una semilla&quot; en el Teatro Municipal de Santiago - Museo Violeta Parra\" \/>\n<meta property=\"og:description\" content=\"Informamos que las entradas para la presentaci\u00f3n del \u00abCanto para una semilla\u00bb, a realizarse el lunes 6 de marzo a las 20:00 horas en el Teatro Municipal, se encuentran agotadas. Agradecemos el inter\u00e9s del p\u00fablico. Compositora, recopiladora folcl\u00f3rica, cantante, poeta y artista visual, Violeta Parra se ha transformado en un referente mundial. A a cien [&hellip;]\" \/>\n<meta property=\"og:url\" content=\"http:\/\/vientosur.top\/museo\/isabel-parra-tita-parra-e-inti-illimani-presentaran-canto-para-una-semilla-en-el-teatro-municipal-de-santiago\/\" \/>\n<meta property=\"og:site_name\" content=\"Museo Violeta Parra\" \/>\n<meta property=\"article:published_time\" content=\"2017-03-01T09:00:21+00:00\" \/>\n<meta property=\"og:image\" content=\"http:\/\/vientosur.top\/museo\/wp-content\/uploads\/2017\/02\/canto2.png\" \/>\n\t<meta property=\"og:image:width\" content=\"1628\" \/>\n\t<meta property=\"og:image:height\" content=\"600\" \/>\n\t<meta property=\"og:image:type\" content=\"image\/png\" \/>\n<meta name=\"author\" content=\"admin\" \/>\n<meta name=\"twitter:card\" content=\"summary_large_image\" \/>\n<meta name=\"twitter:label1\" content=\"Escrito por\" \/>\n\t<meta name=\"twitter:data1\" content=\"admin\" \/>\n\t<meta name=\"twitter:label2\" content=\"Tiempo de lectura\" \/>\n\t<meta name=\"twitter:data2\" content=\"1 minuto\" \/>\n<script type=\"application\/ld+json\" class=\"yoast-schema-graph\">{\"@context\":\"https:\/\/schema.org\",\"@graph\":[{\"@type\":\"WebPage\",\"@id\":\"http:\/\/vientosur.top\/museo\/isabel-parra-tita-parra-e-inti-illimani-presentaran-canto-para-una-semilla-en-el-teatro-municipal-de-santiago\/\",\"url\":\"http:\/\/vientosur.top\/museo\/isabel-parra-tita-parra-e-inti-illimani-presentaran-canto-para-una-semilla-en-el-teatro-municipal-de-santiago\/\",\"name\":\"Entradas agotadas para \\\"Canto para una semilla\\\" en el Teatro Municipal de Santiago - Museo Violeta Parra\",\"isPartOf\":{\"@id\":\"http:\/\/vientosur.top\/museo\/#website\"},\"primaryImageOfPage\":{\"@id\":\"http:\/\/vientosur.top\/museo\/isabel-parra-tita-parra-e-inti-illimani-presentaran-canto-para-una-semilla-en-el-teatro-municipal-de-santiago\/#primaryimage\"},\"image\":{\"@id\":\"http:\/\/vientosur.top\/museo\/isabel-parra-tita-parra-e-inti-illimani-presentaran-canto-para-una-semilla-en-el-teatro-municipal-de-santiago\/#primaryimage\"},\"thumbnailUrl\":\"http:\/\/vientosur.top\/museo\/wp-content\/uploads\/2017\/02\/canto2.png\",\"datePublished\":\"2017-03-01T09:00:21+00:00\",\"author\":{\"@id\":\"http:\/\/vientosur.top\/museo\/#\/schema\/person\/20c79d3c38800971feec8c2693c3dd9c\"},\"breadcrumb\":{\"@id\":\"http:\/\/vientosur.top\/museo\/isabel-parra-tita-parra-e-inti-illimani-presentaran-canto-para-una-semilla-en-el-teatro-municipal-de-santiago\/#breadcrumb\"},\"inLanguage\":\"es\",\"potentialAction\":[{\"@type\":\"ReadAction\",\"target\":[\"http:\/\/vientosur.top\/museo\/isabel-parra-tita-parra-e-inti-illimani-presentaran-canto-para-una-semilla-en-el-teatro-municipal-de-santiago\/\"]}]},{\"@type\":\"ImageObject\",\"inLanguage\":\"es\",\"@id\":\"http:\/\/vientosur.top\/museo\/isabel-parra-tita-parra-e-inti-illimani-presentaran-canto-para-una-semilla-en-el-teatro-municipal-de-santiago\/#primaryimage\",\"url\":\"http:\/\/vientosur.top\/museo\/wp-content\/uploads\/2017\/02\/canto2.png\",\"contentUrl\":\"http:\/\/vientosur.top\/museo\/wp-content\/uploads\/2017\/02\/canto2.png\",\"width\":1628,\"height\":600},{\"@type\":\"BreadcrumbList\",\"@id\":\"http:\/\/vientosur.top\/museo\/isabel-parra-tita-parra-e-inti-illimani-presentaran-canto-para-una-semilla-en-el-teatro-municipal-de-santiago\/#breadcrumb\",\"itemListElement\":[{\"@type\":\"ListItem\",\"position\":1,\"name\":\"Portada\",\"item\":\"http:\/\/vientosur.top\/museo\/\"},{\"@type\":\"ListItem\",\"position\":2,\"name\":\"Entradas agotadas para \u00abCanto para una semilla\u00bb en el Teatro Municipal de Santiago\"}]},{\"@type\":\"WebSite\",\"@id\":\"http:\/\/vientosur.top\/museo\/#website\",\"url\":\"http:\/\/vientosur.top\/museo\/\",\"name\":\"Museo Violeta Parra\",\"description\":\"Espacio que alberga tanto la memoria y legado creativo de la artista\",\"potentialAction\":[{\"@type\":\"SearchAction\",\"target\":{\"@type\":\"EntryPoint\",\"urlTemplate\":\"http:\/\/vientosur.top\/museo\/?s={search_term_string}\"},\"query-input\":{\"@type\":\"PropertyValueSpecification\",\"valueRequired\":true,\"valueName\":\"search_term_string\"}}],\"inLanguage\":\"es\"},{\"@type\":\"Person\",\"@id\":\"http:\/\/vientosur.top\/museo\/#\/schema\/person\/20c79d3c38800971feec8c2693c3dd9c\",\"name\":\"admin\",\"image\":{\"@type\":\"ImageObject\",\"inLanguage\":\"es\",\"@id\":\"http:\/\/vientosur.top\/museo\/#\/schema\/person\/image\/\",\"url\":\"https:\/\/secure.gravatar.com\/avatar\/713677ece3ffa642287213a80e5b773bce9ab81c269dd6d95102a990951c922f?s=96&d=mm&r=g\",\"contentUrl\":\"https:\/\/secure.gravatar.com\/avatar\/713677ece3ffa642287213a80e5b773bce9ab81c269dd6d95102a990951c922f?s=96&d=mm&r=g\",\"caption\":\"admin\"},\"sameAs\":[\"http:\/\/vientosur.top\/museo\"],\"url\":\"http:\/\/vientosur.top\/museo\/author\/comunicacionesmvp\/\"}]}<\/script>\n<!-- \/ Yoast SEO plugin. -->","yoast_head_json":{"title":"Entradas agotadas para \"Canto para una semilla\" en el Teatro Municipal de Santiago - Museo Violeta Parra","robots":{"index":"index","follow":"follow","max-snippet":"max-snippet:-1","max-image-preview":"max-image-preview:large","max-video-preview":"max-video-preview:-1"},"canonical":"http:\/\/vientosur.top\/museo\/isabel-parra-tita-parra-e-inti-illimani-presentaran-canto-para-una-semilla-en-el-teatro-municipal-de-santiago\/","og_locale":"es_ES","og_type":"article","og_title":"Entradas agotadas para \"Canto para una semilla\" en el Teatro Municipal de Santiago - Museo Violeta Parra","og_description":"Informamos que las entradas para la presentaci\u00f3n del \u00abCanto para una semilla\u00bb, a realizarse el lunes 6 de marzo a las 20:00 horas en el Teatro Municipal, se encuentran agotadas. Agradecemos el inter\u00e9s del p\u00fablico. Compositora, recopiladora folcl\u00f3rica, cantante, poeta y artista visual, Violeta Parra se ha transformado en un referente mundial. A a cien [&hellip;]","og_url":"http:\/\/vientosur.top\/museo\/isabel-parra-tita-parra-e-inti-illimani-presentaran-canto-para-una-semilla-en-el-teatro-municipal-de-santiago\/","og_site_name":"Museo Violeta Parra","article_published_time":"2017-03-01T09:00:21+00:00","og_image":[{"width":1628,"height":600,"url":"http:\/\/vientosur.top\/museo\/wp-content\/uploads\/2017\/02\/canto2.png","type":"image\/png"}],"author":"admin","twitter_card":"summary_large_image","twitter_misc":{"Escrito por":"admin","Tiempo de lectura":"1 minuto"},"schema":{"@context":"https:\/\/schema.org","@graph":[{"@type":"WebPage","@id":"http:\/\/vientosur.top\/museo\/isabel-parra-tita-parra-e-inti-illimani-presentaran-canto-para-una-semilla-en-el-teatro-municipal-de-santiago\/","url":"http:\/\/vientosur.top\/museo\/isabel-parra-tita-parra-e-inti-illimani-presentaran-canto-para-una-semilla-en-el-teatro-municipal-de-santiago\/","name":"Entradas agotadas para \"Canto para una semilla\" en el Teatro Municipal de Santiago - Museo Violeta Parra","isPartOf":{"@id":"http:\/\/vientosur.top\/museo\/#website"},"primaryImageOfPage":{"@id":"http:\/\/vientosur.top\/museo\/isabel-parra-tita-parra-e-inti-illimani-presentaran-canto-para-una-semilla-en-el-teatro-municipal-de-santiago\/#primaryimage"},"image":{"@id":"http:\/\/vientosur.top\/museo\/isabel-parra-tita-parra-e-inti-illimani-presentaran-canto-para-una-semilla-en-el-teatro-municipal-de-santiago\/#primaryimage"},"thumbnailUrl":"http:\/\/vientosur.top\/museo\/wp-content\/uploads\/2017\/02\/canto2.png","datePublished":"2017-03-01T09:00:21+00:00","author":{"@id":"http:\/\/vientosur.top\/museo\/#\/schema\/person\/20c79d3c38800971feec8c2693c3dd9c"},"breadcrumb":{"@id":"http:\/\/vientosur.top\/museo\/isabel-parra-tita-parra-e-inti-illimani-presentaran-canto-para-una-semilla-en-el-teatro-municipal-de-santiago\/#breadcrumb"},"inLanguage":"es","potentialAction":[{"@type":"ReadAction","target":["http:\/\/vientosur.top\/museo\/isabel-parra-tita-parra-e-inti-illimani-presentaran-canto-para-una-semilla-en-el-teatro-municipal-de-santiago\/"]}]},{"@type":"ImageObject","inLanguage":"es","@id":"http:\/\/vientosur.top\/museo\/isabel-parra-tita-parra-e-inti-illimani-presentaran-canto-para-una-semilla-en-el-teatro-municipal-de-santiago\/#primaryimage","url":"http:\/\/vientosur.top\/museo\/wp-content\/uploads\/2017\/02\/canto2.png","contentUrl":"http:\/\/vientosur.top\/museo\/wp-content\/uploads\/2017\/02\/canto2.png","width":1628,"height":600},{"@type":"BreadcrumbList","@id":"http:\/\/vientosur.top\/museo\/isabel-parra-tita-parra-e-inti-illimani-presentaran-canto-para-una-semilla-en-el-teatro-municipal-de-santiago\/#breadcrumb","itemListElement":[{"@type":"ListItem","position":1,"name":"Portada","item":"http:\/\/vientosur.top\/museo\/"},{"@type":"ListItem","position":2,"name":"Entradas agotadas para \u00abCanto para una semilla\u00bb en el Teatro Municipal de Santiago"}]},{"@type":"WebSite","@id":"http:\/\/vientosur.top\/museo\/#website","url":"http:\/\/vientosur.top\/museo\/","name":"Museo Violeta Parra","description":"Espacio que alberga tanto la memoria y legado creativo de la artista","potentialAction":[{"@type":"SearchAction","target":{"@type":"EntryPoint","urlTemplate":"http:\/\/vientosur.top\/museo\/?s={search_term_string}"},"query-input":{"@type":"PropertyValueSpecification","valueRequired":true,"valueName":"search_term_string"}}],"inLanguage":"es"},{"@type":"Person","@id":"http:\/\/vientosur.top\/museo\/#\/schema\/person\/20c79d3c38800971feec8c2693c3dd9c","name":"admin","image":{"@type":"ImageObject","inLanguage":"es","@id":"http:\/\/vientosur.top\/museo\/#\/schema\/person\/image\/","url":"https:\/\/secure.gravatar.com\/avatar\/713677ece3ffa642287213a80e5b773bce9ab81c269dd6d95102a990951c922f?s=96&d=mm&r=g","contentUrl":"https:\/\/secure.gravatar.com\/avatar\/713677ece3ffa642287213a80e5b773bce9ab81c269dd6d95102a990951c922f?s=96&d=mm&r=g","caption":"admin"},"sameAs":["http:\/\/vientosur.top\/museo"],"url":"http:\/\/vientosur.top\/museo\/author\/comunicacionesmvp\/"}]}},"_links":{"self":[{"href":"http:\/\/vientosur.top\/museo\/wp-json\/wp\/v2\/posts\/2833","targetHints":{"allow":["GET"]}}],"collection":[{"href":"http:\/\/vientosur.top\/museo\/wp-json\/wp\/v2\/posts"}],"about":[{"href":"http:\/\/vientosur.top\/museo\/wp-json\/wp\/v2\/types\/post"}],"author":[{"embeddable":true,"href":"http:\/\/vientosur.top\/museo\/wp-json\/wp\/v2\/users\/5"}],"replies":[{"embeddable":true,"href":"http:\/\/vientosur.top\/museo\/wp-json\/wp\/v2\/comments?post=2833"}],"version-history":[{"count":0,"href":"http:\/\/vientosur.top\/museo\/wp-json\/wp\/v2\/posts\/2833\/revisions"}],"wp:featuredmedia":[{"embeddable":true,"href":"http:\/\/vientosur.top\/museo\/wp-json\/wp\/v2\/media\/2837"}],"wp:attachment":[{"href":"http:\/\/vientosur.top\/museo\/wp-json\/wp\/v2\/media?parent=2833"}],"wp:term":[{"taxonomy":"category","embeddable":true,"href":"http:\/\/vientosur.top\/museo\/wp-json\/wp\/v2\/categories?post=2833"},{"taxonomy":"post_tag","embeddable":true,"href":"http:\/\/vientosur.top\/museo\/wp-json\/wp\/v2\/tags?post=2833"}],"curies":[{"name":"wp","href":"https:\/\/api.w.org\/{rel}","templated":true}]}}