{"id":2840,"date":"2017-02-09T14:46:09","date_gmt":"2017-02-09T14:46:09","guid":{"rendered":"http:\/\/vientosur.top\/museo\/\/?p=2840"},"modified":"2017-02-09T14:46:09","modified_gmt":"2017-02-09T14:46:09","slug":"museo-violeta-parra-implementa-archivo-y-centro-de-documentacion-sobre-la-artista","status":"publish","type":"post","link":"http:\/\/vientosur.top\/museo\/museo-violeta-parra-implementa-archivo-y-centro-de-documentacion-sobre-la-artista\/","title":{"rendered":"Museo Violeta Parra est\u00e1 implementando Archivo y Centro de Documentaci\u00f3n sobre la artista"},"content":{"rendered":"<p>Una de las acciones trazadas este a\u00f1o, en que se conmemoran 100 del nacimiento de la creadora, por el Museo es el desarrollo del Archivo y Centro de Documentaci\u00f3n que centralizar\u00e1 la producci\u00f3n realizada por Violeta junto a lo que se ha escrito o investigado sobre su obra.<br \/>\nIsabel Garc\u00eda P\u00e9rez de Arce es licenciada en artes por la U. de Chile y mag\u00edster en Patrimonio Cultural por la U. Cat\u00f3lica, con estudios de Doctorado en Arquitectura y Estudios Urbanos de la UC. \u00a0Se desempe\u00f1\u00f3 como directora del Centro de Documentaci\u00f3n de las Artes del Centro Cultural Palacio La Moneda, desde su fundaci\u00f3n en 2006 hasta 2010. Es miembro de la Red Conceptualismos del Sur , donde ha desarrollado diversos proyectos de creaci\u00f3n de archivos y colecciones\u00a0 para institucionalizarlas en museos de Am\u00e9rica Latina y, adem\u00e1s, est\u00e1 a cargo del Archivo de Nemesio Ant\u00fanez. Garc\u00eda actualmente realiza una asesor\u00eda para la constituci\u00f3n del Archivo y Centro de Documentaci\u00f3n (CEDOC).<\/p>\n<p>&nbsp;<\/p>\n<p>\u00abEl Centro de Documentaci\u00f3n Violeta Parra busca visibilizar y potenciar la investigaci\u00f3n que realza el legado art\u00edstico de Violeta Parra, catalogando el material relacionado a su persona y obra, poni\u00e9ndolo a disposici\u00f3n del p\u00fablico\u00bb, explica Garc\u00eda, quien trabaja en el proyecto junto a la pasante Isidora Barriga, de la U. Cat\u00f3lica.<\/p>\n<p>&nbsp;<\/p>\n<p>El CEDOC estar\u00e1 compuesto por las siguientes l\u00edneas de investigaci\u00f3n: Sobre Violeta, Historia del Museo, Red de Amistades, De Violeta, Espacios de Violeta e Historia de las Exposiciones. El Archivo \u00a0del Museo contar\u00e1 con tres fondos documentales: el archivo bibliogr\u00e1fico, el audiovisual y el iconogr\u00e1fico.<\/p>\n<p>&nbsp;<\/p>\n<p>Por estos d\u00edas el equipo de trabajo realiza un catastro nacional e internacional sobre lo que se ha escrito de la artista. Con este levantamiento de informaci\u00f3n se establecer\u00e1n convenios con universidades y bibliotecas que permitir\u00e1n centralizar esa informaci\u00f3n en las dependencias del Museo. Ya se ha avanzado en este trabajo colaborativo con la Biblioteca Nacional y la Universidad de Concepci\u00f3n. \u201cA nivel local hay mucha investigaci\u00f3n en torno al folclore y a su producci\u00f3n musical, pero hay pocas lecturas en torno a su obra como artista visual\u201d, indica la investigadora.<\/p>\n<p>&nbsp;<\/p>\n<p>\u201cEl Museo busca un lugar donde se investigue sobre Violeta Parra. Por eso es tan importante la producci\u00f3n de documentaci\u00f3n del Museo. Est\u00e1 el seminario de conservaci\u00f3n sobre la obra de Violeta, que ser\u00e1 parte del archivo. Tambi\u00e9n hay una l\u00ednea sobre Violeta Parra y sus exposiciones. Los contextos locales e internacionales sobre la artista tambi\u00e9n estar\u00e1n en el archivo\u201d, adelanta Garc\u00eda, quien a\u00f1ade que el CEDOC ser\u00e1 un espacio pensado fundamentalmente para la consulta de investigadores en sala que contar\u00e1n con el apoyo de una asistencia especializada. Durante el primer semestre estar\u00e1 disponible el fondo bibliogr\u00e1fico a disposici\u00f3n, a trav\u00e9s de una base de datos en l\u00ednea para la b\u00fasqueda de materiales.<\/p>\n<p>&nbsp;<\/p>\n<p>\u201cEs interesante que sea un centro de documentaci\u00f3n al interior de un museo, distinto a lo que podr\u00eda ser si estuviese en una biblioteca, por ejemplo. Eso implica que se estar\u00e1 activando permanentemente y crea un antecedente importante para los museos nacionales sobre el rol de investigaci\u00f3n que deben tener los museos\u201d, enfatiza quien tambi\u00e9n conform\u00f3 el archivo Colectivo de\u00a0 Acciones de Arte (CADA), que estar\u00e1 a disposici\u00f3n en el Museo de la Memoria y los Derechos Humanos.<\/p>\n<p>&nbsp;<\/p>\n<p>La curadora y\u00a0 acad\u00e9mica de la U. Diego Portales finaliza la conversaci\u00f3n describiendo a Violeta Parra como \u201cla artista chilena m\u00e1s importante. Puede lograr poner en acci\u00f3n, con lenguajes propios que comunican internacionalmente, una reflexi\u00f3n cr\u00edtica en torno a la identidad nacional. Es una artista investigadora, interdisciplinaria, una figura muy contempor\u00e1nea\u201d.<\/p>\n<p>&nbsp;<\/p>\n","protected":false},"excerpt":{"rendered":"<p>Una de las acciones trazadas este a\u00f1o, en que se conmemoran 100 del nacimiento de la creadora, por el Museo es el desarrollo del Archivo y Centro de Documentaci\u00f3n que centralizar\u00e1 la producci\u00f3n realizada por Violeta junto a lo que se ha escrito o investigado sobre su obra. Isabel Garc\u00eda P\u00e9rez de Arce es licenciada [&hellip;]<\/p>\n","protected":false},"author":5,"featured_media":2841,"comment_status":"open","ping_status":"open","sticky":false,"template":"","format":"standard","meta":{"site-sidebar-layout":"default","site-content-layout":"","ast-site-content-layout":"default","site-content-style":"default","site-sidebar-style":"default","ast-global-header-display":"","ast-banner-title-visibility":"","ast-main-header-display":"","ast-hfb-above-header-display":"","ast-hfb-below-header-display":"","ast-hfb-mobile-header-display":"","site-post-title":"","ast-breadcrumbs-content":"","ast-featured-img":"","footer-sml-layout":"","theme-transparent-header-meta":"","adv-header-id-meta":"","stick-header-meta":"","header-above-stick-meta":"","header-main-stick-meta":"","header-below-stick-meta":"","astra-migrate-meta-layouts":"default","ast-page-background-enabled":"default","ast-page-background-meta":{"desktop":{"background-color":"var(--ast-global-color-4)","background-image":"","background-repeat":"repeat","background-position":"center center","background-size":"auto","background-attachment":"scroll","background-type":"","background-media":"","overlay-type":"","overlay-color":"","overlay-opacity":"","overlay-gradient":""},"tablet":{"background-color":"","background-image":"","background-repeat":"repeat","background-position":"center center","background-size":"auto","background-attachment":"scroll","background-type":"","background-media":"","overlay-type":"","overlay-color":"","overlay-opacity":"","overlay-gradient":""},"mobile":{"background-color":"","background-image":"","background-repeat":"repeat","background-position":"center center","background-size":"auto","background-attachment":"scroll","background-type":"","background-media":"","overlay-type":"","overlay-color":"","overlay-opacity":"","overlay-gradient":""}},"ast-content-background-meta":{"desktop":{"background-color":"var(--ast-global-color-5)","background-image":"","background-repeat":"repeat","background-position":"center center","background-size":"auto","background-attachment":"scroll","background-type":"","background-media":"","overlay-type":"","overlay-color":"","overlay-opacity":"","overlay-gradient":""},"tablet":{"background-color":"var(--ast-global-color-5)","background-image":"","background-repeat":"repeat","background-position":"center center","background-size":"auto","background-attachment":"scroll","background-type":"","background-media":"","overlay-type":"","overlay-color":"","overlay-opacity":"","overlay-gradient":""},"mobile":{"background-color":"var(--ast-global-color-5)","background-image":"","background-repeat":"repeat","background-position":"center center","background-size":"auto","background-attachment":"scroll","background-type":"","background-media":"","overlay-type":"","overlay-color":"","overlay-opacity":"","overlay-gradient":""}},"footnotes":""},"categories":[59,8,61],"tags":[],"class_list":["post-2840","post","type-post","status-publish","format-standard","has-post-thumbnail","hentry","category-destacado-noticia","category-noticias","category-novedades"],"yoast_head":"<!-- This site is optimized with the Yoast SEO plugin v25.4 - https:\/\/yoast.com\/wordpress\/plugins\/seo\/ -->\n<title>Museo Violeta Parra est\u00e1 implementando Archivo y Centro de Documentaci\u00f3n sobre la artista - Museo Violeta Parra<\/title>\n<meta name=\"robots\" content=\"index, follow, max-snippet:-1, max-image-preview:large, max-video-preview:-1\" \/>\n<link rel=\"canonical\" href=\"http:\/\/vientosur.top\/museo\/museo-violeta-parra-implementa-archivo-y-centro-de-documentacion-sobre-la-artista\/\" \/>\n<meta property=\"og:locale\" content=\"es_ES\" \/>\n<meta property=\"og:type\" content=\"article\" \/>\n<meta property=\"og:title\" content=\"Museo Violeta Parra est\u00e1 implementando Archivo y Centro de Documentaci\u00f3n sobre la artista - Museo Violeta Parra\" \/>\n<meta property=\"og:description\" content=\"Una de las acciones trazadas este a\u00f1o, en que se conmemoran 100 del nacimiento de la creadora, por el Museo es el desarrollo del Archivo y Centro de Documentaci\u00f3n que centralizar\u00e1 la producci\u00f3n realizada por Violeta junto a lo que se ha escrito o investigado sobre su obra. Isabel Garc\u00eda P\u00e9rez de Arce es licenciada [&hellip;]\" \/>\n<meta property=\"og:url\" content=\"http:\/\/vientosur.top\/museo\/museo-violeta-parra-implementa-archivo-y-centro-de-documentacion-sobre-la-artista\/\" \/>\n<meta property=\"og:site_name\" content=\"Museo Violeta Parra\" \/>\n<meta property=\"article:published_time\" content=\"2017-02-09T14:46:09+00:00\" \/>\n<meta property=\"og:image\" content=\"http:\/\/vientosur.top\/museo\/wp-content\/uploads\/2017\/02\/DSC_1043.jpg\" \/>\n\t<meta property=\"og:image:width\" content=\"1444\" \/>\n\t<meta property=\"og:image:height\" content=\"960\" \/>\n\t<meta property=\"og:image:type\" content=\"image\/jpeg\" \/>\n<meta name=\"author\" content=\"admin\" \/>\n<meta name=\"twitter:card\" content=\"summary_large_image\" \/>\n<meta name=\"twitter:label1\" content=\"Escrito por\" \/>\n\t<meta name=\"twitter:data1\" content=\"admin\" \/>\n\t<meta name=\"twitter:label2\" content=\"Tiempo de lectura\" \/>\n\t<meta name=\"twitter:data2\" content=\"3 minutos\" \/>\n<script type=\"application\/ld+json\" class=\"yoast-schema-graph\">{\"@context\":\"https:\/\/schema.org\",\"@graph\":[{\"@type\":\"WebPage\",\"@id\":\"http:\/\/vientosur.top\/museo\/museo-violeta-parra-implementa-archivo-y-centro-de-documentacion-sobre-la-artista\/\",\"url\":\"http:\/\/vientosur.top\/museo\/museo-violeta-parra-implementa-archivo-y-centro-de-documentacion-sobre-la-artista\/\",\"name\":\"Museo Violeta Parra est\u00e1 implementando Archivo y Centro de Documentaci\u00f3n sobre la artista - Museo Violeta Parra\",\"isPartOf\":{\"@id\":\"http:\/\/vientosur.top\/museo\/#website\"},\"primaryImageOfPage\":{\"@id\":\"http:\/\/vientosur.top\/museo\/museo-violeta-parra-implementa-archivo-y-centro-de-documentacion-sobre-la-artista\/#primaryimage\"},\"image\":{\"@id\":\"http:\/\/vientosur.top\/museo\/museo-violeta-parra-implementa-archivo-y-centro-de-documentacion-sobre-la-artista\/#primaryimage\"},\"thumbnailUrl\":\"http:\/\/vientosur.top\/museo\/wp-content\/uploads\/2017\/02\/DSC_1043.jpg\",\"datePublished\":\"2017-02-09T14:46:09+00:00\",\"author\":{\"@id\":\"http:\/\/vientosur.top\/museo\/#\/schema\/person\/20c79d3c38800971feec8c2693c3dd9c\"},\"breadcrumb\":{\"@id\":\"http:\/\/vientosur.top\/museo\/museo-violeta-parra-implementa-archivo-y-centro-de-documentacion-sobre-la-artista\/#breadcrumb\"},\"inLanguage\":\"es\",\"potentialAction\":[{\"@type\":\"ReadAction\",\"target\":[\"http:\/\/vientosur.top\/museo\/museo-violeta-parra-implementa-archivo-y-centro-de-documentacion-sobre-la-artista\/\"]}]},{\"@type\":\"ImageObject\",\"inLanguage\":\"es\",\"@id\":\"http:\/\/vientosur.top\/museo\/museo-violeta-parra-implementa-archivo-y-centro-de-documentacion-sobre-la-artista\/#primaryimage\",\"url\":\"http:\/\/vientosur.top\/museo\/wp-content\/uploads\/2017\/02\/DSC_1043.jpg\",\"contentUrl\":\"http:\/\/vientosur.top\/museo\/wp-content\/uploads\/2017\/02\/DSC_1043.jpg\",\"width\":1444,\"height\":960},{\"@type\":\"BreadcrumbList\",\"@id\":\"http:\/\/vientosur.top\/museo\/museo-violeta-parra-implementa-archivo-y-centro-de-documentacion-sobre-la-artista\/#breadcrumb\",\"itemListElement\":[{\"@type\":\"ListItem\",\"position\":1,\"name\":\"Portada\",\"item\":\"http:\/\/vientosur.top\/museo\/\"},{\"@type\":\"ListItem\",\"position\":2,\"name\":\"Museo Violeta Parra est\u00e1 implementando Archivo y Centro de Documentaci\u00f3n sobre la artista\"}]},{\"@type\":\"WebSite\",\"@id\":\"http:\/\/vientosur.top\/museo\/#website\",\"url\":\"http:\/\/vientosur.top\/museo\/\",\"name\":\"Museo Violeta Parra\",\"description\":\"Espacio que alberga tanto la memoria y legado creativo de la artista\",\"potentialAction\":[{\"@type\":\"SearchAction\",\"target\":{\"@type\":\"EntryPoint\",\"urlTemplate\":\"http:\/\/vientosur.top\/museo\/?s={search_term_string}\"},\"query-input\":{\"@type\":\"PropertyValueSpecification\",\"valueRequired\":true,\"valueName\":\"search_term_string\"}}],\"inLanguage\":\"es\"},{\"@type\":\"Person\",\"@id\":\"http:\/\/vientosur.top\/museo\/#\/schema\/person\/20c79d3c38800971feec8c2693c3dd9c\",\"name\":\"admin\",\"image\":{\"@type\":\"ImageObject\",\"inLanguage\":\"es\",\"@id\":\"http:\/\/vientosur.top\/museo\/#\/schema\/person\/image\/\",\"url\":\"https:\/\/secure.gravatar.com\/avatar\/713677ece3ffa642287213a80e5b773bce9ab81c269dd6d95102a990951c922f?s=96&d=mm&r=g\",\"contentUrl\":\"https:\/\/secure.gravatar.com\/avatar\/713677ece3ffa642287213a80e5b773bce9ab81c269dd6d95102a990951c922f?s=96&d=mm&r=g\",\"caption\":\"admin\"},\"sameAs\":[\"http:\/\/vientosur.top\/museo\"],\"url\":\"http:\/\/vientosur.top\/museo\/author\/comunicacionesmvp\/\"}]}<\/script>\n<!-- \/ Yoast SEO plugin. -->","yoast_head_json":{"title":"Museo Violeta Parra est\u00e1 implementando Archivo y Centro de Documentaci\u00f3n sobre la artista - Museo Violeta Parra","robots":{"index":"index","follow":"follow","max-snippet":"max-snippet:-1","max-image-preview":"max-image-preview:large","max-video-preview":"max-video-preview:-1"},"canonical":"http:\/\/vientosur.top\/museo\/museo-violeta-parra-implementa-archivo-y-centro-de-documentacion-sobre-la-artista\/","og_locale":"es_ES","og_type":"article","og_title":"Museo Violeta Parra est\u00e1 implementando Archivo y Centro de Documentaci\u00f3n sobre la artista - Museo Violeta Parra","og_description":"Una de las acciones trazadas este a\u00f1o, en que se conmemoran 100 del nacimiento de la creadora, por el Museo es el desarrollo del Archivo y Centro de Documentaci\u00f3n que centralizar\u00e1 la producci\u00f3n realizada por Violeta junto a lo que se ha escrito o investigado sobre su obra. Isabel Garc\u00eda P\u00e9rez de Arce es licenciada [&hellip;]","og_url":"http:\/\/vientosur.top\/museo\/museo-violeta-parra-implementa-archivo-y-centro-de-documentacion-sobre-la-artista\/","og_site_name":"Museo Violeta Parra","article_published_time":"2017-02-09T14:46:09+00:00","og_image":[{"width":1444,"height":960,"url":"http:\/\/vientosur.top\/museo\/wp-content\/uploads\/2017\/02\/DSC_1043.jpg","type":"image\/jpeg"}],"author":"admin","twitter_card":"summary_large_image","twitter_misc":{"Escrito por":"admin","Tiempo de lectura":"3 minutos"},"schema":{"@context":"https:\/\/schema.org","@graph":[{"@type":"WebPage","@id":"http:\/\/vientosur.top\/museo\/museo-violeta-parra-implementa-archivo-y-centro-de-documentacion-sobre-la-artista\/","url":"http:\/\/vientosur.top\/museo\/museo-violeta-parra-implementa-archivo-y-centro-de-documentacion-sobre-la-artista\/","name":"Museo Violeta Parra est\u00e1 implementando Archivo y Centro de Documentaci\u00f3n sobre la artista - Museo Violeta Parra","isPartOf":{"@id":"http:\/\/vientosur.top\/museo\/#website"},"primaryImageOfPage":{"@id":"http:\/\/vientosur.top\/museo\/museo-violeta-parra-implementa-archivo-y-centro-de-documentacion-sobre-la-artista\/#primaryimage"},"image":{"@id":"http:\/\/vientosur.top\/museo\/museo-violeta-parra-implementa-archivo-y-centro-de-documentacion-sobre-la-artista\/#primaryimage"},"thumbnailUrl":"http:\/\/vientosur.top\/museo\/wp-content\/uploads\/2017\/02\/DSC_1043.jpg","datePublished":"2017-02-09T14:46:09+00:00","author":{"@id":"http:\/\/vientosur.top\/museo\/#\/schema\/person\/20c79d3c38800971feec8c2693c3dd9c"},"breadcrumb":{"@id":"http:\/\/vientosur.top\/museo\/museo-violeta-parra-implementa-archivo-y-centro-de-documentacion-sobre-la-artista\/#breadcrumb"},"inLanguage":"es","potentialAction":[{"@type":"ReadAction","target":["http:\/\/vientosur.top\/museo\/museo-violeta-parra-implementa-archivo-y-centro-de-documentacion-sobre-la-artista\/"]}]},{"@type":"ImageObject","inLanguage":"es","@id":"http:\/\/vientosur.top\/museo\/museo-violeta-parra-implementa-archivo-y-centro-de-documentacion-sobre-la-artista\/#primaryimage","url":"http:\/\/vientosur.top\/museo\/wp-content\/uploads\/2017\/02\/DSC_1043.jpg","contentUrl":"http:\/\/vientosur.top\/museo\/wp-content\/uploads\/2017\/02\/DSC_1043.jpg","width":1444,"height":960},{"@type":"BreadcrumbList","@id":"http:\/\/vientosur.top\/museo\/museo-violeta-parra-implementa-archivo-y-centro-de-documentacion-sobre-la-artista\/#breadcrumb","itemListElement":[{"@type":"ListItem","position":1,"name":"Portada","item":"http:\/\/vientosur.top\/museo\/"},{"@type":"ListItem","position":2,"name":"Museo Violeta Parra est\u00e1 implementando Archivo y Centro de Documentaci\u00f3n sobre la artista"}]},{"@type":"WebSite","@id":"http:\/\/vientosur.top\/museo\/#website","url":"http:\/\/vientosur.top\/museo\/","name":"Museo Violeta Parra","description":"Espacio que alberga tanto la memoria y legado creativo de la artista","potentialAction":[{"@type":"SearchAction","target":{"@type":"EntryPoint","urlTemplate":"http:\/\/vientosur.top\/museo\/?s={search_term_string}"},"query-input":{"@type":"PropertyValueSpecification","valueRequired":true,"valueName":"search_term_string"}}],"inLanguage":"es"},{"@type":"Person","@id":"http:\/\/vientosur.top\/museo\/#\/schema\/person\/20c79d3c38800971feec8c2693c3dd9c","name":"admin","image":{"@type":"ImageObject","inLanguage":"es","@id":"http:\/\/vientosur.top\/museo\/#\/schema\/person\/image\/","url":"https:\/\/secure.gravatar.com\/avatar\/713677ece3ffa642287213a80e5b773bce9ab81c269dd6d95102a990951c922f?s=96&d=mm&r=g","contentUrl":"https:\/\/secure.gravatar.com\/avatar\/713677ece3ffa642287213a80e5b773bce9ab81c269dd6d95102a990951c922f?s=96&d=mm&r=g","caption":"admin"},"sameAs":["http:\/\/vientosur.top\/museo"],"url":"http:\/\/vientosur.top\/museo\/author\/comunicacionesmvp\/"}]}},"_links":{"self":[{"href":"http:\/\/vientosur.top\/museo\/wp-json\/wp\/v2\/posts\/2840","targetHints":{"allow":["GET"]}}],"collection":[{"href":"http:\/\/vientosur.top\/museo\/wp-json\/wp\/v2\/posts"}],"about":[{"href":"http:\/\/vientosur.top\/museo\/wp-json\/wp\/v2\/types\/post"}],"author":[{"embeddable":true,"href":"http:\/\/vientosur.top\/museo\/wp-json\/wp\/v2\/users\/5"}],"replies":[{"embeddable":true,"href":"http:\/\/vientosur.top\/museo\/wp-json\/wp\/v2\/comments?post=2840"}],"version-history":[{"count":0,"href":"http:\/\/vientosur.top\/museo\/wp-json\/wp\/v2\/posts\/2840\/revisions"}],"wp:featuredmedia":[{"embeddable":true,"href":"http:\/\/vientosur.top\/museo\/wp-json\/wp\/v2\/media\/2841"}],"wp:attachment":[{"href":"http:\/\/vientosur.top\/museo\/wp-json\/wp\/v2\/media?parent=2840"}],"wp:term":[{"taxonomy":"category","embeddable":true,"href":"http:\/\/vientosur.top\/museo\/wp-json\/wp\/v2\/categories?post=2840"},{"taxonomy":"post_tag","embeddable":true,"href":"http:\/\/vientosur.top\/museo\/wp-json\/wp\/v2\/tags?post=2840"}],"curies":[{"name":"wp","href":"https:\/\/api.w.org\/{rel}","templated":true}]}}