{"id":2870,"date":"2017-02-13T13:10:09","date_gmt":"2017-02-13T13:10:09","guid":{"rendered":"http:\/\/vientosur.top\/museo\/\/?p=2870"},"modified":"2017-02-13T13:10:09","modified_gmt":"2017-02-13T13:10:09","slug":"este-sabado-se-exhibira-el-documental-pablo-de-rokha-el-amigo-piedra-en-museo-violeta-parra","status":"publish","type":"post","link":"http:\/\/vientosur.top\/museo\/este-sabado-se-exhibira-el-documental-pablo-de-rokha-el-amigo-piedra-en-museo-violeta-parra\/","title":{"rendered":"Museo Violeta Parra exhibi\u00f3 el documental \u00abPablo de Rokha. El Amigo Piedra\u00bb"},"content":{"rendered":"<p>\u00abSaludo a Violeta, como a una \u00abcantora\u00bb americana de todo lo chileno, chilen\u00edsimo y popular, entra\u00f1ablemente popular, sudado y ensangrentado y su gran enigma, y como a una heroica mujer chilena\u00bb, escribi\u00f3 Pablo de Rokha el 1 de junio de 1964 en Par\u00eds. Este fin de semana el Museo record\u00f3 al poeta con la exhibici\u00f3n del documental \u201cPablo de Rokha. El Amigo Piedra\u201d (2010), dirigido por Diego Meza.<\/p>\n<p>Este film fue el segundo del \u00abCiclo de los Poetas\u00bb desarrollado en conjunto con la <a href=\"http:\/\/www.cinetecavirtual.cl\" target=\"_blank\" rel=\"noopener noreferrer\">Cineteca de la Universidad de Chile.<\/a><\/p>\n<p>Con entrevistas a familiares y artistas que conocieron a Pablo de Rokha, el documental recorre y explora el desconocido mundo de este personaje m\u00edtico de las letras chilenas. Su vida y su obra, met\u00e1fora de un Chile desconocido, es la puerta de entrada a un relato est\u00e9tico, pol\u00edtico y humano del Premio Nacional de Literatura (1965).<\/p>\n","protected":false},"excerpt":{"rendered":"<p>\u00abSaludo a Violeta, como a una \u00abcantora\u00bb americana de todo lo chileno, chilen\u00edsimo y popular, entra\u00f1ablemente popular, sudado y ensangrentado y su gran enigma, y como a una heroica mujer chilena\u00bb, escribi\u00f3 Pablo de Rokha el 1 de junio de 1964 en Par\u00eds. Este fin de semana el Museo record\u00f3 al poeta con la exhibici\u00f3n [&hellip;]<\/p>\n","protected":false},"author":5,"featured_media":2871,"comment_status":"open","ping_status":"open","sticky":false,"template":"","format":"standard","meta":{"site-sidebar-layout":"default","site-content-layout":"","ast-site-content-layout":"default","site-content-style":"default","site-sidebar-style":"default","ast-global-header-display":"","ast-banner-title-visibility":"","ast-main-header-display":"","ast-hfb-above-header-display":"","ast-hfb-below-header-display":"","ast-hfb-mobile-header-display":"","site-post-title":"","ast-breadcrumbs-content":"","ast-featured-img":"","footer-sml-layout":"","theme-transparent-header-meta":"","adv-header-id-meta":"","stick-header-meta":"","header-above-stick-meta":"","header-main-stick-meta":"","header-below-stick-meta":"","astra-migrate-meta-layouts":"default","ast-page-background-enabled":"default","ast-page-background-meta":{"desktop":{"background-color":"var(--ast-global-color-4)","background-image":"","background-repeat":"repeat","background-position":"center center","background-size":"auto","background-attachment":"scroll","background-type":"","background-media":"","overlay-type":"","overlay-color":"","overlay-opacity":"","overlay-gradient":""},"tablet":{"background-color":"","background-image":"","background-repeat":"repeat","background-position":"center center","background-size":"auto","background-attachment":"scroll","background-type":"","background-media":"","overlay-type":"","overlay-color":"","overlay-opacity":"","overlay-gradient":""},"mobile":{"background-color":"","background-image":"","background-repeat":"repeat","background-position":"center center","background-size":"auto","background-attachment":"scroll","background-type":"","background-media":"","overlay-type":"","overlay-color":"","overlay-opacity":"","overlay-gradient":""}},"ast-content-background-meta":{"desktop":{"background-color":"var(--ast-global-color-5)","background-image":"","background-repeat":"repeat","background-position":"center center","background-size":"auto","background-attachment":"scroll","background-type":"","background-media":"","overlay-type":"","overlay-color":"","overlay-opacity":"","overlay-gradient":""},"tablet":{"background-color":"var(--ast-global-color-5)","background-image":"","background-repeat":"repeat","background-position":"center center","background-size":"auto","background-attachment":"scroll","background-type":"","background-media":"","overlay-type":"","overlay-color":"","overlay-opacity":"","overlay-gradient":""},"mobile":{"background-color":"var(--ast-global-color-5)","background-image":"","background-repeat":"repeat","background-position":"center center","background-size":"auto","background-attachment":"scroll","background-type":"","background-media":"","overlay-type":"","overlay-color":"","overlay-opacity":"","overlay-gradient":""}},"footnotes":""},"categories":[59,8,61],"tags":[],"class_list":["post-2870","post","type-post","status-publish","format-standard","has-post-thumbnail","hentry","category-destacado-noticia","category-noticias","category-novedades"],"yoast_head":"<!-- This site is optimized with the Yoast SEO plugin v25.4 - https:\/\/yoast.com\/wordpress\/plugins\/seo\/ -->\n<title>Museo Violeta Parra exhibi\u00f3 el documental &quot;Pablo de Rokha. El Amigo Piedra&quot; - Museo Violeta Parra<\/title>\n<meta name=\"robots\" content=\"index, follow, max-snippet:-1, max-image-preview:large, max-video-preview:-1\" \/>\n<link rel=\"canonical\" href=\"http:\/\/vientosur.top\/museo\/este-sabado-se-exhibira-el-documental-pablo-de-rokha-el-amigo-piedra-en-museo-violeta-parra\/\" \/>\n<meta property=\"og:locale\" content=\"es_ES\" \/>\n<meta property=\"og:type\" content=\"article\" \/>\n<meta property=\"og:title\" content=\"Museo Violeta Parra exhibi\u00f3 el documental &quot;Pablo de Rokha. El Amigo Piedra&quot; - Museo Violeta Parra\" \/>\n<meta property=\"og:description\" content=\"\u00abSaludo a Violeta, como a una \u00abcantora\u00bb americana de todo lo chileno, chilen\u00edsimo y popular, entra\u00f1ablemente popular, sudado y ensangrentado y su gran enigma, y como a una heroica mujer chilena\u00bb, escribi\u00f3 Pablo de Rokha el 1 de junio de 1964 en Par\u00eds. Este fin de semana el Museo record\u00f3 al poeta con la exhibici\u00f3n [&hellip;]\" \/>\n<meta property=\"og:url\" content=\"http:\/\/vientosur.top\/museo\/este-sabado-se-exhibira-el-documental-pablo-de-rokha-el-amigo-piedra-en-museo-violeta-parra\/\" \/>\n<meta property=\"og:site_name\" content=\"Museo Violeta Parra\" \/>\n<meta property=\"article:published_time\" content=\"2017-02-13T13:10:09+00:00\" \/>\n<meta property=\"og:image\" content=\"http:\/\/vientosur.top\/museo\/wp-content\/uploads\/2017\/02\/pablo-2.png\" \/>\n\t<meta property=\"og:image:width\" content=\"1159\" \/>\n\t<meta property=\"og:image:height\" content=\"729\" \/>\n\t<meta property=\"og:image:type\" content=\"image\/png\" \/>\n<meta name=\"author\" content=\"admin\" \/>\n<meta name=\"twitter:card\" content=\"summary_large_image\" \/>\n<meta name=\"twitter:label1\" content=\"Escrito por\" \/>\n\t<meta name=\"twitter:data1\" content=\"admin\" \/>\n\t<meta name=\"twitter:label2\" content=\"Tiempo de lectura\" \/>\n\t<meta name=\"twitter:data2\" content=\"1 minuto\" \/>\n<script type=\"application\/ld+json\" class=\"yoast-schema-graph\">{\"@context\":\"https:\/\/schema.org\",\"@graph\":[{\"@type\":\"WebPage\",\"@id\":\"http:\/\/vientosur.top\/museo\/este-sabado-se-exhibira-el-documental-pablo-de-rokha-el-amigo-piedra-en-museo-violeta-parra\/\",\"url\":\"http:\/\/vientosur.top\/museo\/este-sabado-se-exhibira-el-documental-pablo-de-rokha-el-amigo-piedra-en-museo-violeta-parra\/\",\"name\":\"Museo Violeta Parra exhibi\u00f3 el documental \\\"Pablo de Rokha. El Amigo Piedra\\\" - Museo Violeta Parra\",\"isPartOf\":{\"@id\":\"http:\/\/vientosur.top\/museo\/#website\"},\"primaryImageOfPage\":{\"@id\":\"http:\/\/vientosur.top\/museo\/este-sabado-se-exhibira-el-documental-pablo-de-rokha-el-amigo-piedra-en-museo-violeta-parra\/#primaryimage\"},\"image\":{\"@id\":\"http:\/\/vientosur.top\/museo\/este-sabado-se-exhibira-el-documental-pablo-de-rokha-el-amigo-piedra-en-museo-violeta-parra\/#primaryimage\"},\"thumbnailUrl\":\"http:\/\/vientosur.top\/museo\/wp-content\/uploads\/2017\/02\/pablo-2.png\",\"datePublished\":\"2017-02-13T13:10:09+00:00\",\"author\":{\"@id\":\"http:\/\/vientosur.top\/museo\/#\/schema\/person\/20c79d3c38800971feec8c2693c3dd9c\"},\"breadcrumb\":{\"@id\":\"http:\/\/vientosur.top\/museo\/este-sabado-se-exhibira-el-documental-pablo-de-rokha-el-amigo-piedra-en-museo-violeta-parra\/#breadcrumb\"},\"inLanguage\":\"es\",\"potentialAction\":[{\"@type\":\"ReadAction\",\"target\":[\"http:\/\/vientosur.top\/museo\/este-sabado-se-exhibira-el-documental-pablo-de-rokha-el-amigo-piedra-en-museo-violeta-parra\/\"]}]},{\"@type\":\"ImageObject\",\"inLanguage\":\"es\",\"@id\":\"http:\/\/vientosur.top\/museo\/este-sabado-se-exhibira-el-documental-pablo-de-rokha-el-amigo-piedra-en-museo-violeta-parra\/#primaryimage\",\"url\":\"http:\/\/vientosur.top\/museo\/wp-content\/uploads\/2017\/02\/pablo-2.png\",\"contentUrl\":\"http:\/\/vientosur.top\/museo\/wp-content\/uploads\/2017\/02\/pablo-2.png\",\"width\":1159,\"height\":729},{\"@type\":\"BreadcrumbList\",\"@id\":\"http:\/\/vientosur.top\/museo\/este-sabado-se-exhibira-el-documental-pablo-de-rokha-el-amigo-piedra-en-museo-violeta-parra\/#breadcrumb\",\"itemListElement\":[{\"@type\":\"ListItem\",\"position\":1,\"name\":\"Portada\",\"item\":\"http:\/\/vientosur.top\/museo\/\"},{\"@type\":\"ListItem\",\"position\":2,\"name\":\"Museo Violeta Parra exhibi\u00f3 el documental \u00abPablo de Rokha. El Amigo Piedra\u00bb\"}]},{\"@type\":\"WebSite\",\"@id\":\"http:\/\/vientosur.top\/museo\/#website\",\"url\":\"http:\/\/vientosur.top\/museo\/\",\"name\":\"Museo Violeta Parra\",\"description\":\"Espacio que alberga tanto la memoria y legado creativo de la artista\",\"potentialAction\":[{\"@type\":\"SearchAction\",\"target\":{\"@type\":\"EntryPoint\",\"urlTemplate\":\"http:\/\/vientosur.top\/museo\/?s={search_term_string}\"},\"query-input\":{\"@type\":\"PropertyValueSpecification\",\"valueRequired\":true,\"valueName\":\"search_term_string\"}}],\"inLanguage\":\"es\"},{\"@type\":\"Person\",\"@id\":\"http:\/\/vientosur.top\/museo\/#\/schema\/person\/20c79d3c38800971feec8c2693c3dd9c\",\"name\":\"admin\",\"image\":{\"@type\":\"ImageObject\",\"inLanguage\":\"es\",\"@id\":\"http:\/\/vientosur.top\/museo\/#\/schema\/person\/image\/\",\"url\":\"https:\/\/secure.gravatar.com\/avatar\/713677ece3ffa642287213a80e5b773bce9ab81c269dd6d95102a990951c922f?s=96&d=mm&r=g\",\"contentUrl\":\"https:\/\/secure.gravatar.com\/avatar\/713677ece3ffa642287213a80e5b773bce9ab81c269dd6d95102a990951c922f?s=96&d=mm&r=g\",\"caption\":\"admin\"},\"sameAs\":[\"http:\/\/vientosur.top\/museo\"],\"url\":\"http:\/\/vientosur.top\/museo\/author\/comunicacionesmvp\/\"}]}<\/script>\n<!-- \/ Yoast SEO plugin. -->","yoast_head_json":{"title":"Museo Violeta Parra exhibi\u00f3 el documental \"Pablo de Rokha. El Amigo Piedra\" - Museo Violeta Parra","robots":{"index":"index","follow":"follow","max-snippet":"max-snippet:-1","max-image-preview":"max-image-preview:large","max-video-preview":"max-video-preview:-1"},"canonical":"http:\/\/vientosur.top\/museo\/este-sabado-se-exhibira-el-documental-pablo-de-rokha-el-amigo-piedra-en-museo-violeta-parra\/","og_locale":"es_ES","og_type":"article","og_title":"Museo Violeta Parra exhibi\u00f3 el documental \"Pablo de Rokha. El Amigo Piedra\" - Museo Violeta Parra","og_description":"\u00abSaludo a Violeta, como a una \u00abcantora\u00bb americana de todo lo chileno, chilen\u00edsimo y popular, entra\u00f1ablemente popular, sudado y ensangrentado y su gran enigma, y como a una heroica mujer chilena\u00bb, escribi\u00f3 Pablo de Rokha el 1 de junio de 1964 en Par\u00eds. Este fin de semana el Museo record\u00f3 al poeta con la exhibici\u00f3n [&hellip;]","og_url":"http:\/\/vientosur.top\/museo\/este-sabado-se-exhibira-el-documental-pablo-de-rokha-el-amigo-piedra-en-museo-violeta-parra\/","og_site_name":"Museo Violeta Parra","article_published_time":"2017-02-13T13:10:09+00:00","og_image":[{"width":1159,"height":729,"url":"http:\/\/vientosur.top\/museo\/wp-content\/uploads\/2017\/02\/pablo-2.png","type":"image\/png"}],"author":"admin","twitter_card":"summary_large_image","twitter_misc":{"Escrito por":"admin","Tiempo de lectura":"1 minuto"},"schema":{"@context":"https:\/\/schema.org","@graph":[{"@type":"WebPage","@id":"http:\/\/vientosur.top\/museo\/este-sabado-se-exhibira-el-documental-pablo-de-rokha-el-amigo-piedra-en-museo-violeta-parra\/","url":"http:\/\/vientosur.top\/museo\/este-sabado-se-exhibira-el-documental-pablo-de-rokha-el-amigo-piedra-en-museo-violeta-parra\/","name":"Museo Violeta Parra exhibi\u00f3 el documental \"Pablo de Rokha. El Amigo Piedra\" - Museo Violeta Parra","isPartOf":{"@id":"http:\/\/vientosur.top\/museo\/#website"},"primaryImageOfPage":{"@id":"http:\/\/vientosur.top\/museo\/este-sabado-se-exhibira-el-documental-pablo-de-rokha-el-amigo-piedra-en-museo-violeta-parra\/#primaryimage"},"image":{"@id":"http:\/\/vientosur.top\/museo\/este-sabado-se-exhibira-el-documental-pablo-de-rokha-el-amigo-piedra-en-museo-violeta-parra\/#primaryimage"},"thumbnailUrl":"http:\/\/vientosur.top\/museo\/wp-content\/uploads\/2017\/02\/pablo-2.png","datePublished":"2017-02-13T13:10:09+00:00","author":{"@id":"http:\/\/vientosur.top\/museo\/#\/schema\/person\/20c79d3c38800971feec8c2693c3dd9c"},"breadcrumb":{"@id":"http:\/\/vientosur.top\/museo\/este-sabado-se-exhibira-el-documental-pablo-de-rokha-el-amigo-piedra-en-museo-violeta-parra\/#breadcrumb"},"inLanguage":"es","potentialAction":[{"@type":"ReadAction","target":["http:\/\/vientosur.top\/museo\/este-sabado-se-exhibira-el-documental-pablo-de-rokha-el-amigo-piedra-en-museo-violeta-parra\/"]}]},{"@type":"ImageObject","inLanguage":"es","@id":"http:\/\/vientosur.top\/museo\/este-sabado-se-exhibira-el-documental-pablo-de-rokha-el-amigo-piedra-en-museo-violeta-parra\/#primaryimage","url":"http:\/\/vientosur.top\/museo\/wp-content\/uploads\/2017\/02\/pablo-2.png","contentUrl":"http:\/\/vientosur.top\/museo\/wp-content\/uploads\/2017\/02\/pablo-2.png","width":1159,"height":729},{"@type":"BreadcrumbList","@id":"http:\/\/vientosur.top\/museo\/este-sabado-se-exhibira-el-documental-pablo-de-rokha-el-amigo-piedra-en-museo-violeta-parra\/#breadcrumb","itemListElement":[{"@type":"ListItem","position":1,"name":"Portada","item":"http:\/\/vientosur.top\/museo\/"},{"@type":"ListItem","position":2,"name":"Museo Violeta Parra exhibi\u00f3 el documental \u00abPablo de Rokha. El Amigo Piedra\u00bb"}]},{"@type":"WebSite","@id":"http:\/\/vientosur.top\/museo\/#website","url":"http:\/\/vientosur.top\/museo\/","name":"Museo Violeta Parra","description":"Espacio que alberga tanto la memoria y legado creativo de la artista","potentialAction":[{"@type":"SearchAction","target":{"@type":"EntryPoint","urlTemplate":"http:\/\/vientosur.top\/museo\/?s={search_term_string}"},"query-input":{"@type":"PropertyValueSpecification","valueRequired":true,"valueName":"search_term_string"}}],"inLanguage":"es"},{"@type":"Person","@id":"http:\/\/vientosur.top\/museo\/#\/schema\/person\/20c79d3c38800971feec8c2693c3dd9c","name":"admin","image":{"@type":"ImageObject","inLanguage":"es","@id":"http:\/\/vientosur.top\/museo\/#\/schema\/person\/image\/","url":"https:\/\/secure.gravatar.com\/avatar\/713677ece3ffa642287213a80e5b773bce9ab81c269dd6d95102a990951c922f?s=96&d=mm&r=g","contentUrl":"https:\/\/secure.gravatar.com\/avatar\/713677ece3ffa642287213a80e5b773bce9ab81c269dd6d95102a990951c922f?s=96&d=mm&r=g","caption":"admin"},"sameAs":["http:\/\/vientosur.top\/museo"],"url":"http:\/\/vientosur.top\/museo\/author\/comunicacionesmvp\/"}]}},"_links":{"self":[{"href":"http:\/\/vientosur.top\/museo\/wp-json\/wp\/v2\/posts\/2870","targetHints":{"allow":["GET"]}}],"collection":[{"href":"http:\/\/vientosur.top\/museo\/wp-json\/wp\/v2\/posts"}],"about":[{"href":"http:\/\/vientosur.top\/museo\/wp-json\/wp\/v2\/types\/post"}],"author":[{"embeddable":true,"href":"http:\/\/vientosur.top\/museo\/wp-json\/wp\/v2\/users\/5"}],"replies":[{"embeddable":true,"href":"http:\/\/vientosur.top\/museo\/wp-json\/wp\/v2\/comments?post=2870"}],"version-history":[{"count":0,"href":"http:\/\/vientosur.top\/museo\/wp-json\/wp\/v2\/posts\/2870\/revisions"}],"wp:featuredmedia":[{"embeddable":true,"href":"http:\/\/vientosur.top\/museo\/wp-json\/wp\/v2\/media\/2871"}],"wp:attachment":[{"href":"http:\/\/vientosur.top\/museo\/wp-json\/wp\/v2\/media?parent=2870"}],"wp:term":[{"taxonomy":"category","embeddable":true,"href":"http:\/\/vientosur.top\/museo\/wp-json\/wp\/v2\/categories?post=2870"},{"taxonomy":"post_tag","embeddable":true,"href":"http:\/\/vientosur.top\/museo\/wp-json\/wp\/v2\/tags?post=2870"}],"curies":[{"name":"wp","href":"https:\/\/api.w.org\/{rel}","templated":true}]}}