{"id":2895,"date":"2017-02-15T21:21:45","date_gmt":"2017-02-15T21:21:45","guid":{"rendered":"http:\/\/vientosur.top\/museo\/\/?p=2895"},"modified":"2017-02-15T21:21:45","modified_gmt":"2017-02-15T21:21:45","slug":"alcalde-de-san-fabian-de-alico-visita-museo-violeta-parra","status":"publish","type":"post","link":"http:\/\/vientosur.top\/museo\/alcalde-de-san-fabian-de-alico-visita-museo-violeta-parra\/","title":{"rendered":"Alcalde de San Fabi\u00e1n de Alico visita Museo Violeta Parra"},"content":{"rendered":"<p>Claudio Almuna Garrido, Alcalde de la comuna de San Fabi\u00e1n de Alico, visit\u00f3 el Museo Violeta Parra el martes 15 de febrero. En la ocasi\u00f3n se reuni\u00f3 con Cecilia Garc\u00eda-Huidobro, Directora del Museo, y con Esteban Torres, Jefe de Educaci\u00f3n, Mediaci\u00f3n y Audiencias, con quienes dialogaron sobre la pr\u00f3xima visita de la \u00abMaleta de Violeta\u00bb a algunos establecimientos educacionales de la comuna y un convenio para que material documental sobre de la zona pase al Centro de Documentaci\u00f3n del Museo, que se encuentra en proceso de implementaci\u00f3n.<\/p>\n<p>&nbsp;<\/p>\n<p>La delegaci\u00f3n de la comuna natal de Violeta y Nicanor Parra visit\u00f3 la Sala Educativa y la exhibici\u00f3n. Luego los visitantes donaron unos maquis al Museo.<\/p>\n<p>&nbsp;<\/p>\n<p><a href=\"http:\/\/vientosur.top\/museo\/\/wp-content\/uploads\/2017\/02\/fotovisita.jpg\"><img fetchpriority=\"high\" decoding=\"async\" class=\"alignnone wp-image-2913\" src=\"http:\/\/vientosur.top\/museo\/\/wp-content\/uploads\/2017\/02\/fotovisita-1024x617.jpg\" alt=\"fotovisita\" width=\"870\" height=\"525\" \/><\/a><\/p>\n<h3><\/h3>\n<h3>Una relaci\u00f3n que\u00a0se fortalece<\/h3>\n<p>&nbsp;<\/p>\n<p>Isabel Parra y Tita Parra participaron el fin de semana pasado en el<a href=\"http:\/\/www.sanfabian.cl\/1354-2-isabel-tita-parra-en-san-fabian\/\" target=\"_blank\" rel=\"noopener noreferrer\"> Festival Cultural organizado por el Comit\u00e9 Cultural Nido de Parras<\/a>\u00a0de San Fabi\u00e1n de Alico.\u00a0\u201cEstamos muy emocionadas por estar por segunda vez en la tierra de los Parra, en la tierra de mi madre y en la tierra de mis t\u00edos. Es para nosotras un motivo de mucha emoci\u00f3n estar en los lugares donde ellos nacieron, donde ellos existieron con su pap\u00e1, con su mam\u00e1, con esta familia numerosa que son los Parra. Entonces es muy emocionante y hemos tenido la suerte de ser invitadas a trabajar y cantar para ustedes\u201d, se\u00f1al\u00f3 Isabel.<\/p>\n<p>&nbsp;<\/p>\n<p>Por su parte Tita Parra dijo: \u00abHay aqu\u00ed una magia muy especial que tiene que ver con la infancia de nuestra familia, de mis abuelos y mis t\u00edo abuelos. Por lo tanto, el hecho de poder hacer aqu\u00ed la Ruta de Violeta Parra es s\u00faper importante y quiero invitar a todos los artesanos, agricultores, campesinos y la gente que trabaja con la cultura popular, a ser parte de la Ruta de la Violeta y ser parte de las actividades que vamos a ir organizando y coordinando en los 100 a\u00f1os de la Violeta porque esto va a quedar para siempre\u00bb.<\/p>\n<p>&nbsp;<\/p>\n<p>En la siguiente entrevista el Alcalde Almuna describe la tierra natal de Violeta y Nicanor Parra.<\/p>\n<p><iframe src=\"https:\/\/www.youtube.com\/embed\/mtmSzkPFSIk\" width=\"560\" height=\"315\" frameborder=\"0\" allowfullscreen=\"allowfullscreen\"><\/iframe><\/p>\n","protected":false},"excerpt":{"rendered":"<p>Claudio Almuna Garrido, Alcalde de la comuna de San Fabi\u00e1n de Alico, visit\u00f3 el Museo Violeta Parra el martes 15 de febrero. En la ocasi\u00f3n se reuni\u00f3 con Cecilia Garc\u00eda-Huidobro, Directora del Museo, y con Esteban Torres, Jefe de Educaci\u00f3n, Mediaci\u00f3n y Audiencias, con quienes dialogaron sobre la pr\u00f3xima visita de la \u00abMaleta de Violeta\u00bb [&hellip;]<\/p>\n","protected":false},"author":5,"featured_media":2896,"comment_status":"open","ping_status":"open","sticky":false,"template":"","format":"standard","meta":{"site-sidebar-layout":"default","site-content-layout":"","ast-site-content-layout":"default","site-content-style":"default","site-sidebar-style":"default","ast-global-header-display":"","ast-banner-title-visibility":"","ast-main-header-display":"","ast-hfb-above-header-display":"","ast-hfb-below-header-display":"","ast-hfb-mobile-header-display":"","site-post-title":"","ast-breadcrumbs-content":"","ast-featured-img":"","footer-sml-layout":"","theme-transparent-header-meta":"","adv-header-id-meta":"","stick-header-meta":"","header-above-stick-meta":"","header-main-stick-meta":"","header-below-stick-meta":"","astra-migrate-meta-layouts":"default","ast-page-background-enabled":"default","ast-page-background-meta":{"desktop":{"background-color":"var(--ast-global-color-4)","background-image":"","background-repeat":"repeat","background-position":"center center","background-size":"auto","background-attachment":"scroll","background-type":"","background-media":"","overlay-type":"","overlay-color":"","overlay-opacity":"","overlay-gradient":""},"tablet":{"background-color":"","background-image":"","background-repeat":"repeat","background-position":"center center","background-size":"auto","background-attachment":"scroll","background-type":"","background-media":"","overlay-type":"","overlay-color":"","overlay-opacity":"","overlay-gradient":""},"mobile":{"background-color":"","background-image":"","background-repeat":"repeat","background-position":"center center","background-size":"auto","background-attachment":"scroll","background-type":"","background-media":"","overlay-type":"","overlay-color":"","overlay-opacity":"","overlay-gradient":""}},"ast-content-background-meta":{"desktop":{"background-color":"var(--ast-global-color-5)","background-image":"","background-repeat":"repeat","background-position":"center center","background-size":"auto","background-attachment":"scroll","background-type":"","background-media":"","overlay-type":"","overlay-color":"","overlay-opacity":"","overlay-gradient":""},"tablet":{"background-color":"var(--ast-global-color-5)","background-image":"","background-repeat":"repeat","background-position":"center center","background-size":"auto","background-attachment":"scroll","background-type":"","background-media":"","overlay-type":"","overlay-color":"","overlay-opacity":"","overlay-gradient":""},"mobile":{"background-color":"var(--ast-global-color-5)","background-image":"","background-repeat":"repeat","background-position":"center center","background-size":"auto","background-attachment":"scroll","background-type":"","background-media":"","overlay-type":"","overlay-color":"","overlay-opacity":"","overlay-gradient":""}},"footnotes":""},"categories":[59,8,61],"tags":[],"class_list":["post-2895","post","type-post","status-publish","format-standard","has-post-thumbnail","hentry","category-destacado-noticia","category-noticias","category-novedades"],"yoast_head":"<!-- This site is optimized with the Yoast SEO plugin v25.4 - https:\/\/yoast.com\/wordpress\/plugins\/seo\/ -->\n<title>Alcalde de San Fabi\u00e1n de Alico visita Museo Violeta Parra - Museo Violeta Parra<\/title>\n<meta name=\"robots\" content=\"index, follow, max-snippet:-1, max-image-preview:large, max-video-preview:-1\" \/>\n<link rel=\"canonical\" href=\"http:\/\/vientosur.top\/museo\/alcalde-de-san-fabian-de-alico-visita-museo-violeta-parra\/\" \/>\n<meta property=\"og:locale\" content=\"es_ES\" \/>\n<meta property=\"og:type\" content=\"article\" \/>\n<meta property=\"og:title\" content=\"Alcalde de San Fabi\u00e1n de Alico visita Museo Violeta Parra - Museo Violeta Parra\" \/>\n<meta property=\"og:description\" content=\"Claudio Almuna Garrido, Alcalde de la comuna de San Fabi\u00e1n de Alico, visit\u00f3 el Museo Violeta Parra el martes 15 de febrero. En la ocasi\u00f3n se reuni\u00f3 con Cecilia Garc\u00eda-Huidobro, Directora del Museo, y con Esteban Torres, Jefe de Educaci\u00f3n, Mediaci\u00f3n y Audiencias, con quienes dialogaron sobre la pr\u00f3xima visita de la \u00abMaleta de Violeta\u00bb [&hellip;]\" \/>\n<meta property=\"og:url\" content=\"http:\/\/vientosur.top\/museo\/alcalde-de-san-fabian-de-alico-visita-museo-violeta-parra\/\" \/>\n<meta property=\"og:site_name\" content=\"Museo Violeta Parra\" \/>\n<meta property=\"article:published_time\" content=\"2017-02-15T21:21:45+00:00\" \/>\n<meta property=\"og:image\" content=\"http:\/\/vientosur.top\/museo\/wp-content\/uploads\/2017\/02\/DSC_0230.jpg\" \/>\n\t<meta property=\"og:image:width\" content=\"1444\" \/>\n\t<meta property=\"og:image:height\" content=\"960\" \/>\n\t<meta property=\"og:image:type\" content=\"image\/jpeg\" \/>\n<meta name=\"author\" content=\"admin\" \/>\n<meta name=\"twitter:card\" content=\"summary_large_image\" \/>\n<meta name=\"twitter:label1\" content=\"Escrito por\" \/>\n\t<meta name=\"twitter:data1\" content=\"admin\" \/>\n\t<meta name=\"twitter:label2\" content=\"Tiempo de lectura\" \/>\n\t<meta name=\"twitter:data2\" content=\"2 minutos\" \/>\n<script type=\"application\/ld+json\" class=\"yoast-schema-graph\">{\"@context\":\"https:\/\/schema.org\",\"@graph\":[{\"@type\":\"WebPage\",\"@id\":\"http:\/\/vientosur.top\/museo\/alcalde-de-san-fabian-de-alico-visita-museo-violeta-parra\/\",\"url\":\"http:\/\/vientosur.top\/museo\/alcalde-de-san-fabian-de-alico-visita-museo-violeta-parra\/\",\"name\":\"Alcalde de San Fabi\u00e1n de Alico visita Museo Violeta Parra - Museo Violeta Parra\",\"isPartOf\":{\"@id\":\"http:\/\/vientosur.top\/museo\/#website\"},\"primaryImageOfPage\":{\"@id\":\"http:\/\/vientosur.top\/museo\/alcalde-de-san-fabian-de-alico-visita-museo-violeta-parra\/#primaryimage\"},\"image\":{\"@id\":\"http:\/\/vientosur.top\/museo\/alcalde-de-san-fabian-de-alico-visita-museo-violeta-parra\/#primaryimage\"},\"thumbnailUrl\":\"http:\/\/vientosur.top\/museo\/wp-content\/uploads\/2017\/02\/DSC_0230.jpg\",\"datePublished\":\"2017-02-15T21:21:45+00:00\",\"author\":{\"@id\":\"http:\/\/vientosur.top\/museo\/#\/schema\/person\/20c79d3c38800971feec8c2693c3dd9c\"},\"breadcrumb\":{\"@id\":\"http:\/\/vientosur.top\/museo\/alcalde-de-san-fabian-de-alico-visita-museo-violeta-parra\/#breadcrumb\"},\"inLanguage\":\"es\",\"potentialAction\":[{\"@type\":\"ReadAction\",\"target\":[\"http:\/\/vientosur.top\/museo\/alcalde-de-san-fabian-de-alico-visita-museo-violeta-parra\/\"]}]},{\"@type\":\"ImageObject\",\"inLanguage\":\"es\",\"@id\":\"http:\/\/vientosur.top\/museo\/alcalde-de-san-fabian-de-alico-visita-museo-violeta-parra\/#primaryimage\",\"url\":\"http:\/\/vientosur.top\/museo\/wp-content\/uploads\/2017\/02\/DSC_0230.jpg\",\"contentUrl\":\"http:\/\/vientosur.top\/museo\/wp-content\/uploads\/2017\/02\/DSC_0230.jpg\",\"width\":1444,\"height\":960},{\"@type\":\"BreadcrumbList\",\"@id\":\"http:\/\/vientosur.top\/museo\/alcalde-de-san-fabian-de-alico-visita-museo-violeta-parra\/#breadcrumb\",\"itemListElement\":[{\"@type\":\"ListItem\",\"position\":1,\"name\":\"Portada\",\"item\":\"http:\/\/vientosur.top\/museo\/\"},{\"@type\":\"ListItem\",\"position\":2,\"name\":\"Alcalde de San Fabi\u00e1n de Alico visita Museo Violeta Parra\"}]},{\"@type\":\"WebSite\",\"@id\":\"http:\/\/vientosur.top\/museo\/#website\",\"url\":\"http:\/\/vientosur.top\/museo\/\",\"name\":\"Museo Violeta Parra\",\"description\":\"Espacio que alberga tanto la memoria y legado creativo de la artista\",\"potentialAction\":[{\"@type\":\"SearchAction\",\"target\":{\"@type\":\"EntryPoint\",\"urlTemplate\":\"http:\/\/vientosur.top\/museo\/?s={search_term_string}\"},\"query-input\":{\"@type\":\"PropertyValueSpecification\",\"valueRequired\":true,\"valueName\":\"search_term_string\"}}],\"inLanguage\":\"es\"},{\"@type\":\"Person\",\"@id\":\"http:\/\/vientosur.top\/museo\/#\/schema\/person\/20c79d3c38800971feec8c2693c3dd9c\",\"name\":\"admin\",\"image\":{\"@type\":\"ImageObject\",\"inLanguage\":\"es\",\"@id\":\"http:\/\/vientosur.top\/museo\/#\/schema\/person\/image\/\",\"url\":\"https:\/\/secure.gravatar.com\/avatar\/713677ece3ffa642287213a80e5b773bce9ab81c269dd6d95102a990951c922f?s=96&d=mm&r=g\",\"contentUrl\":\"https:\/\/secure.gravatar.com\/avatar\/713677ece3ffa642287213a80e5b773bce9ab81c269dd6d95102a990951c922f?s=96&d=mm&r=g\",\"caption\":\"admin\"},\"sameAs\":[\"http:\/\/vientosur.top\/museo\"],\"url\":\"http:\/\/vientosur.top\/museo\/author\/comunicacionesmvp\/\"}]}<\/script>\n<!-- \/ Yoast SEO plugin. -->","yoast_head_json":{"title":"Alcalde de San Fabi\u00e1n de Alico visita Museo Violeta Parra - Museo Violeta Parra","robots":{"index":"index","follow":"follow","max-snippet":"max-snippet:-1","max-image-preview":"max-image-preview:large","max-video-preview":"max-video-preview:-1"},"canonical":"http:\/\/vientosur.top\/museo\/alcalde-de-san-fabian-de-alico-visita-museo-violeta-parra\/","og_locale":"es_ES","og_type":"article","og_title":"Alcalde de San Fabi\u00e1n de Alico visita Museo Violeta Parra - Museo Violeta Parra","og_description":"Claudio Almuna Garrido, Alcalde de la comuna de San Fabi\u00e1n de Alico, visit\u00f3 el Museo Violeta Parra el martes 15 de febrero. En la ocasi\u00f3n se reuni\u00f3 con Cecilia Garc\u00eda-Huidobro, Directora del Museo, y con Esteban Torres, Jefe de Educaci\u00f3n, Mediaci\u00f3n y Audiencias, con quienes dialogaron sobre la pr\u00f3xima visita de la \u00abMaleta de Violeta\u00bb [&hellip;]","og_url":"http:\/\/vientosur.top\/museo\/alcalde-de-san-fabian-de-alico-visita-museo-violeta-parra\/","og_site_name":"Museo Violeta Parra","article_published_time":"2017-02-15T21:21:45+00:00","og_image":[{"width":1444,"height":960,"url":"http:\/\/vientosur.top\/museo\/wp-content\/uploads\/2017\/02\/DSC_0230.jpg","type":"image\/jpeg"}],"author":"admin","twitter_card":"summary_large_image","twitter_misc":{"Escrito por":"admin","Tiempo de lectura":"2 minutos"},"schema":{"@context":"https:\/\/schema.org","@graph":[{"@type":"WebPage","@id":"http:\/\/vientosur.top\/museo\/alcalde-de-san-fabian-de-alico-visita-museo-violeta-parra\/","url":"http:\/\/vientosur.top\/museo\/alcalde-de-san-fabian-de-alico-visita-museo-violeta-parra\/","name":"Alcalde de San Fabi\u00e1n de Alico visita Museo Violeta Parra - Museo Violeta Parra","isPartOf":{"@id":"http:\/\/vientosur.top\/museo\/#website"},"primaryImageOfPage":{"@id":"http:\/\/vientosur.top\/museo\/alcalde-de-san-fabian-de-alico-visita-museo-violeta-parra\/#primaryimage"},"image":{"@id":"http:\/\/vientosur.top\/museo\/alcalde-de-san-fabian-de-alico-visita-museo-violeta-parra\/#primaryimage"},"thumbnailUrl":"http:\/\/vientosur.top\/museo\/wp-content\/uploads\/2017\/02\/DSC_0230.jpg","datePublished":"2017-02-15T21:21:45+00:00","author":{"@id":"http:\/\/vientosur.top\/museo\/#\/schema\/person\/20c79d3c38800971feec8c2693c3dd9c"},"breadcrumb":{"@id":"http:\/\/vientosur.top\/museo\/alcalde-de-san-fabian-de-alico-visita-museo-violeta-parra\/#breadcrumb"},"inLanguage":"es","potentialAction":[{"@type":"ReadAction","target":["http:\/\/vientosur.top\/museo\/alcalde-de-san-fabian-de-alico-visita-museo-violeta-parra\/"]}]},{"@type":"ImageObject","inLanguage":"es","@id":"http:\/\/vientosur.top\/museo\/alcalde-de-san-fabian-de-alico-visita-museo-violeta-parra\/#primaryimage","url":"http:\/\/vientosur.top\/museo\/wp-content\/uploads\/2017\/02\/DSC_0230.jpg","contentUrl":"http:\/\/vientosur.top\/museo\/wp-content\/uploads\/2017\/02\/DSC_0230.jpg","width":1444,"height":960},{"@type":"BreadcrumbList","@id":"http:\/\/vientosur.top\/museo\/alcalde-de-san-fabian-de-alico-visita-museo-violeta-parra\/#breadcrumb","itemListElement":[{"@type":"ListItem","position":1,"name":"Portada","item":"http:\/\/vientosur.top\/museo\/"},{"@type":"ListItem","position":2,"name":"Alcalde de San Fabi\u00e1n de Alico visita Museo Violeta Parra"}]},{"@type":"WebSite","@id":"http:\/\/vientosur.top\/museo\/#website","url":"http:\/\/vientosur.top\/museo\/","name":"Museo Violeta Parra","description":"Espacio que alberga tanto la memoria y legado creativo de la artista","potentialAction":[{"@type":"SearchAction","target":{"@type":"EntryPoint","urlTemplate":"http:\/\/vientosur.top\/museo\/?s={search_term_string}"},"query-input":{"@type":"PropertyValueSpecification","valueRequired":true,"valueName":"search_term_string"}}],"inLanguage":"es"},{"@type":"Person","@id":"http:\/\/vientosur.top\/museo\/#\/schema\/person\/20c79d3c38800971feec8c2693c3dd9c","name":"admin","image":{"@type":"ImageObject","inLanguage":"es","@id":"http:\/\/vientosur.top\/museo\/#\/schema\/person\/image\/","url":"https:\/\/secure.gravatar.com\/avatar\/713677ece3ffa642287213a80e5b773bce9ab81c269dd6d95102a990951c922f?s=96&d=mm&r=g","contentUrl":"https:\/\/secure.gravatar.com\/avatar\/713677ece3ffa642287213a80e5b773bce9ab81c269dd6d95102a990951c922f?s=96&d=mm&r=g","caption":"admin"},"sameAs":["http:\/\/vientosur.top\/museo"],"url":"http:\/\/vientosur.top\/museo\/author\/comunicacionesmvp\/"}]}},"_links":{"self":[{"href":"http:\/\/vientosur.top\/museo\/wp-json\/wp\/v2\/posts\/2895","targetHints":{"allow":["GET"]}}],"collection":[{"href":"http:\/\/vientosur.top\/museo\/wp-json\/wp\/v2\/posts"}],"about":[{"href":"http:\/\/vientosur.top\/museo\/wp-json\/wp\/v2\/types\/post"}],"author":[{"embeddable":true,"href":"http:\/\/vientosur.top\/museo\/wp-json\/wp\/v2\/users\/5"}],"replies":[{"embeddable":true,"href":"http:\/\/vientosur.top\/museo\/wp-json\/wp\/v2\/comments?post=2895"}],"version-history":[{"count":0,"href":"http:\/\/vientosur.top\/museo\/wp-json\/wp\/v2\/posts\/2895\/revisions"}],"wp:featuredmedia":[{"embeddable":true,"href":"http:\/\/vientosur.top\/museo\/wp-json\/wp\/v2\/media\/2896"}],"wp:attachment":[{"href":"http:\/\/vientosur.top\/museo\/wp-json\/wp\/v2\/media?parent=2895"}],"wp:term":[{"taxonomy":"category","embeddable":true,"href":"http:\/\/vientosur.top\/museo\/wp-json\/wp\/v2\/categories?post=2895"},{"taxonomy":"post_tag","embeddable":true,"href":"http:\/\/vientosur.top\/museo\/wp-json\/wp\/v2\/tags?post=2895"}],"curies":[{"name":"wp","href":"https:\/\/api.w.org\/{rel}","templated":true}]}}