{"id":2927,"date":"2017-02-17T20:32:32","date_gmt":"2017-02-17T20:32:32","guid":{"rendered":"http:\/\/vientosur.top\/museo\/\/?p=2927"},"modified":"2017-02-17T20:32:32","modified_gmt":"2017-02-17T20:32:32","slug":"este-lunes-festival-de-vina-del-mar-homenajeara-a-violeta-parra-en-su-obertura","status":"publish","type":"post","link":"http:\/\/vientosur.top\/museo\/este-lunes-festival-de-vina-del-mar-homenajeara-a-violeta-parra-en-su-obertura\/","title":{"rendered":"Festival de Vi\u00f1a del Mar homenaje\u00f3 a Violeta Parra en su obertura"},"content":{"rendered":"<p>El lunes 20 de febrero comenz\u00f3 el\u00a0<a href=\"http:\/\/www.chilevision.cl\/festival-de-vina\/\" target=\"_blank\" rel=\"noopener noreferrer\">Festival de Vi\u00f1a del Mar<\/a> que, en la obertura de su versi\u00f3n n\u00famero 57, reconoci\u00f3 el legado de la artista en el a\u00f1o en que se cumplen 100 de su nacimiento. En el inicio del certamen internacional participaron Isabel Parra y Tita Parra, junto a Consuelo Schuster, Claudia Acu\u00f1a, Paz Binimelis y Camila Gallardo.&nbsp;\u00abEs por lo que significa su figura, y sobre todo ahora, en este momento en que las mujeres est\u00e1n muy unidas y con mucha fuerza. Ella es una artista universal y por eso mismo podemos decir que su discurso est\u00e1 muy vigente\u00bb, expres\u00f3 \u00c1lex Hern\u00e1ndez, director del Festival, al diario\u00a0La Tercera.<iframe width=\"100{9ad45858cf65d5dbd28c293160045998eabc8b7a5d99a9051855ea2e64ecdf24}\" height=\"500\" src=\"https:\/\/www.cooperativa.cl\/noticias\/js-local\/jwplayer7\/7.8.2\/embed\/?src=multimedia_video120170220225123.mp4&#038;img=foto_0000000420170220225123.jpg&#038;tipo=fid_video\" frameborder=\"0\" allowfullscreen><\/iframe>&nbsp;&nbsp;&nbsp;<\/p>\n","protected":false},"excerpt":{"rendered":"<p>El lunes 20 de febrero comenz\u00f3 el\u00a0Festival de Vi\u00f1a del Mar que, en la obertura de su versi\u00f3n n\u00famero 57, reconoci\u00f3 el legado de la artista en el a\u00f1o en que se cumplen 100 de su nacimiento. En el inicio del certamen internacional participaron Isabel Parra y Tita Parra, junto a Consuelo Schuster, Claudia Acu\u00f1a, [&hellip;]<\/p>\n","protected":false},"author":5,"featured_media":3002,"comment_status":"open","ping_status":"open","sticky":false,"template":"","format":"standard","meta":{"site-sidebar-layout":"default","site-content-layout":"","ast-site-content-layout":"default","site-content-style":"default","site-sidebar-style":"default","ast-global-header-display":"","ast-banner-title-visibility":"","ast-main-header-display":"","ast-hfb-above-header-display":"","ast-hfb-below-header-display":"","ast-hfb-mobile-header-display":"","site-post-title":"","ast-breadcrumbs-content":"","ast-featured-img":"","footer-sml-layout":"","theme-transparent-header-meta":"","adv-header-id-meta":"","stick-header-meta":"","header-above-stick-meta":"","header-main-stick-meta":"","header-below-stick-meta":"","astra-migrate-meta-layouts":"default","ast-page-background-enabled":"default","ast-page-background-meta":{"desktop":{"background-color":"var(--ast-global-color-4)","background-image":"","background-repeat":"repeat","background-position":"center center","background-size":"auto","background-attachment":"scroll","background-type":"","background-media":"","overlay-type":"","overlay-color":"","overlay-opacity":"","overlay-gradient":""},"tablet":{"background-color":"","background-image":"","background-repeat":"repeat","background-position":"center center","background-size":"auto","background-attachment":"scroll","background-type":"","background-media":"","overlay-type":"","overlay-color":"","overlay-opacity":"","overlay-gradient":""},"mobile":{"background-color":"","background-image":"","background-repeat":"repeat","background-position":"center center","background-size":"auto","background-attachment":"scroll","background-type":"","background-media":"","overlay-type":"","overlay-color":"","overlay-opacity":"","overlay-gradient":""}},"ast-content-background-meta":{"desktop":{"background-color":"var(--ast-global-color-5)","background-image":"","background-repeat":"repeat","background-position":"center center","background-size":"auto","background-attachment":"scroll","background-type":"","background-media":"","overlay-type":"","overlay-color":"","overlay-opacity":"","overlay-gradient":""},"tablet":{"background-color":"var(--ast-global-color-5)","background-image":"","background-repeat":"repeat","background-position":"center center","background-size":"auto","background-attachment":"scroll","background-type":"","background-media":"","overlay-type":"","overlay-color":"","overlay-opacity":"","overlay-gradient":""},"mobile":{"background-color":"var(--ast-global-color-5)","background-image":"","background-repeat":"repeat","background-position":"center center","background-size":"auto","background-attachment":"scroll","background-type":"","background-media":"","overlay-type":"","overlay-color":"","overlay-opacity":"","overlay-gradient":""}},"footnotes":""},"categories":[59,8,61],"tags":[],"class_list":["post-2927","post","type-post","status-publish","format-standard","has-post-thumbnail","hentry","category-destacado-noticia","category-noticias","category-novedades"],"yoast_head":"<!-- This site is optimized with the Yoast SEO plugin v25.4 - https:\/\/yoast.com\/wordpress\/plugins\/seo\/ -->\n<title>Festival de Vi\u00f1a del Mar homenaje\u00f3 a Violeta Parra en su obertura - Museo Violeta Parra<\/title>\n<meta name=\"robots\" content=\"index, follow, max-snippet:-1, max-image-preview:large, max-video-preview:-1\" \/>\n<link rel=\"canonical\" href=\"http:\/\/vientosur.top\/museo\/este-lunes-festival-de-vina-del-mar-homenajeara-a-violeta-parra-en-su-obertura\/\" \/>\n<meta property=\"og:locale\" content=\"es_ES\" \/>\n<meta property=\"og:type\" content=\"article\" \/>\n<meta property=\"og:title\" content=\"Festival de Vi\u00f1a del Mar homenaje\u00f3 a Violeta Parra en su obertura - Museo Violeta Parra\" \/>\n<meta property=\"og:description\" content=\"El lunes 20 de febrero comenz\u00f3 el\u00a0Festival de Vi\u00f1a del Mar que, en la obertura de su versi\u00f3n n\u00famero 57, reconoci\u00f3 el legado de la artista en el a\u00f1o en que se cumplen 100 de su nacimiento. En el inicio del certamen internacional participaron Isabel Parra y Tita Parra, junto a Consuelo Schuster, Claudia Acu\u00f1a, [&hellip;]\" \/>\n<meta property=\"og:url\" content=\"http:\/\/vientosur.top\/museo\/este-lunes-festival-de-vina-del-mar-homenajeara-a-violeta-parra-en-su-obertura\/\" \/>\n<meta property=\"og:site_name\" content=\"Museo Violeta Parra\" \/>\n<meta property=\"article:published_time\" content=\"2017-02-17T20:32:32+00:00\" \/>\n<meta property=\"og:image\" content=\"http:\/\/vientosur.top\/museo\/wp-content\/uploads\/2017\/02\/1-1.jpg\" \/>\n\t<meta property=\"og:image:width\" content=\"1280\" \/>\n\t<meta property=\"og:image:height\" content=\"854\" \/>\n\t<meta property=\"og:image:type\" content=\"image\/jpeg\" \/>\n<meta name=\"author\" content=\"admin\" \/>\n<meta name=\"twitter:card\" content=\"summary_large_image\" \/>\n<meta name=\"twitter:label1\" content=\"Escrito por\" \/>\n\t<meta name=\"twitter:data1\" content=\"admin\" \/>\n\t<meta name=\"twitter:label2\" content=\"Tiempo de lectura\" \/>\n\t<meta name=\"twitter:data2\" content=\"1 minuto\" \/>\n<script type=\"application\/ld+json\" class=\"yoast-schema-graph\">{\"@context\":\"https:\/\/schema.org\",\"@graph\":[{\"@type\":\"WebPage\",\"@id\":\"http:\/\/vientosur.top\/museo\/este-lunes-festival-de-vina-del-mar-homenajeara-a-violeta-parra-en-su-obertura\/\",\"url\":\"http:\/\/vientosur.top\/museo\/este-lunes-festival-de-vina-del-mar-homenajeara-a-violeta-parra-en-su-obertura\/\",\"name\":\"Festival de Vi\u00f1a del Mar homenaje\u00f3 a Violeta Parra en su obertura - Museo Violeta Parra\",\"isPartOf\":{\"@id\":\"http:\/\/vientosur.top\/museo\/#website\"},\"primaryImageOfPage\":{\"@id\":\"http:\/\/vientosur.top\/museo\/este-lunes-festival-de-vina-del-mar-homenajeara-a-violeta-parra-en-su-obertura\/#primaryimage\"},\"image\":{\"@id\":\"http:\/\/vientosur.top\/museo\/este-lunes-festival-de-vina-del-mar-homenajeara-a-violeta-parra-en-su-obertura\/#primaryimage\"},\"thumbnailUrl\":\"http:\/\/vientosur.top\/museo\/wp-content\/uploads\/2017\/02\/1-1.jpg\",\"datePublished\":\"2017-02-17T20:32:32+00:00\",\"author\":{\"@id\":\"http:\/\/vientosur.top\/museo\/#\/schema\/person\/20c79d3c38800971feec8c2693c3dd9c\"},\"breadcrumb\":{\"@id\":\"http:\/\/vientosur.top\/museo\/este-lunes-festival-de-vina-del-mar-homenajeara-a-violeta-parra-en-su-obertura\/#breadcrumb\"},\"inLanguage\":\"es\",\"potentialAction\":[{\"@type\":\"ReadAction\",\"target\":[\"http:\/\/vientosur.top\/museo\/este-lunes-festival-de-vina-del-mar-homenajeara-a-violeta-parra-en-su-obertura\/\"]}]},{\"@type\":\"ImageObject\",\"inLanguage\":\"es\",\"@id\":\"http:\/\/vientosur.top\/museo\/este-lunes-festival-de-vina-del-mar-homenajeara-a-violeta-parra-en-su-obertura\/#primaryimage\",\"url\":\"http:\/\/vientosur.top\/museo\/wp-content\/uploads\/2017\/02\/1-1.jpg\",\"contentUrl\":\"http:\/\/vientosur.top\/museo\/wp-content\/uploads\/2017\/02\/1-1.jpg\",\"width\":1280,\"height\":854},{\"@type\":\"BreadcrumbList\",\"@id\":\"http:\/\/vientosur.top\/museo\/este-lunes-festival-de-vina-del-mar-homenajeara-a-violeta-parra-en-su-obertura\/#breadcrumb\",\"itemListElement\":[{\"@type\":\"ListItem\",\"position\":1,\"name\":\"Portada\",\"item\":\"http:\/\/vientosur.top\/museo\/\"},{\"@type\":\"ListItem\",\"position\":2,\"name\":\"Festival de Vi\u00f1a del Mar homenaje\u00f3 a Violeta Parra en su obertura\"}]},{\"@type\":\"WebSite\",\"@id\":\"http:\/\/vientosur.top\/museo\/#website\",\"url\":\"http:\/\/vientosur.top\/museo\/\",\"name\":\"Museo Violeta Parra\",\"description\":\"Espacio que alberga tanto la memoria y legado creativo de la artista\",\"potentialAction\":[{\"@type\":\"SearchAction\",\"target\":{\"@type\":\"EntryPoint\",\"urlTemplate\":\"http:\/\/vientosur.top\/museo\/?s={search_term_string}\"},\"query-input\":{\"@type\":\"PropertyValueSpecification\",\"valueRequired\":true,\"valueName\":\"search_term_string\"}}],\"inLanguage\":\"es\"},{\"@type\":\"Person\",\"@id\":\"http:\/\/vientosur.top\/museo\/#\/schema\/person\/20c79d3c38800971feec8c2693c3dd9c\",\"name\":\"admin\",\"image\":{\"@type\":\"ImageObject\",\"inLanguage\":\"es\",\"@id\":\"http:\/\/vientosur.top\/museo\/#\/schema\/person\/image\/\",\"url\":\"https:\/\/secure.gravatar.com\/avatar\/713677ece3ffa642287213a80e5b773bce9ab81c269dd6d95102a990951c922f?s=96&d=mm&r=g\",\"contentUrl\":\"https:\/\/secure.gravatar.com\/avatar\/713677ece3ffa642287213a80e5b773bce9ab81c269dd6d95102a990951c922f?s=96&d=mm&r=g\",\"caption\":\"admin\"},\"sameAs\":[\"http:\/\/vientosur.top\/museo\"],\"url\":\"http:\/\/vientosur.top\/museo\/author\/comunicacionesmvp\/\"}]}<\/script>\n<!-- \/ Yoast SEO plugin. -->","yoast_head_json":{"title":"Festival de Vi\u00f1a del Mar homenaje\u00f3 a Violeta Parra en su obertura - Museo Violeta Parra","robots":{"index":"index","follow":"follow","max-snippet":"max-snippet:-1","max-image-preview":"max-image-preview:large","max-video-preview":"max-video-preview:-1"},"canonical":"http:\/\/vientosur.top\/museo\/este-lunes-festival-de-vina-del-mar-homenajeara-a-violeta-parra-en-su-obertura\/","og_locale":"es_ES","og_type":"article","og_title":"Festival de Vi\u00f1a del Mar homenaje\u00f3 a Violeta Parra en su obertura - Museo Violeta Parra","og_description":"El lunes 20 de febrero comenz\u00f3 el\u00a0Festival de Vi\u00f1a del Mar que, en la obertura de su versi\u00f3n n\u00famero 57, reconoci\u00f3 el legado de la artista en el a\u00f1o en que se cumplen 100 de su nacimiento. En el inicio del certamen internacional participaron Isabel Parra y Tita Parra, junto a Consuelo Schuster, Claudia Acu\u00f1a, [&hellip;]","og_url":"http:\/\/vientosur.top\/museo\/este-lunes-festival-de-vina-del-mar-homenajeara-a-violeta-parra-en-su-obertura\/","og_site_name":"Museo Violeta Parra","article_published_time":"2017-02-17T20:32:32+00:00","og_image":[{"width":1280,"height":854,"url":"http:\/\/vientosur.top\/museo\/wp-content\/uploads\/2017\/02\/1-1.jpg","type":"image\/jpeg"}],"author":"admin","twitter_card":"summary_large_image","twitter_misc":{"Escrito por":"admin","Tiempo de lectura":"1 minuto"},"schema":{"@context":"https:\/\/schema.org","@graph":[{"@type":"WebPage","@id":"http:\/\/vientosur.top\/museo\/este-lunes-festival-de-vina-del-mar-homenajeara-a-violeta-parra-en-su-obertura\/","url":"http:\/\/vientosur.top\/museo\/este-lunes-festival-de-vina-del-mar-homenajeara-a-violeta-parra-en-su-obertura\/","name":"Festival de Vi\u00f1a del Mar homenaje\u00f3 a Violeta Parra en su obertura - Museo Violeta Parra","isPartOf":{"@id":"http:\/\/vientosur.top\/museo\/#website"},"primaryImageOfPage":{"@id":"http:\/\/vientosur.top\/museo\/este-lunes-festival-de-vina-del-mar-homenajeara-a-violeta-parra-en-su-obertura\/#primaryimage"},"image":{"@id":"http:\/\/vientosur.top\/museo\/este-lunes-festival-de-vina-del-mar-homenajeara-a-violeta-parra-en-su-obertura\/#primaryimage"},"thumbnailUrl":"http:\/\/vientosur.top\/museo\/wp-content\/uploads\/2017\/02\/1-1.jpg","datePublished":"2017-02-17T20:32:32+00:00","author":{"@id":"http:\/\/vientosur.top\/museo\/#\/schema\/person\/20c79d3c38800971feec8c2693c3dd9c"},"breadcrumb":{"@id":"http:\/\/vientosur.top\/museo\/este-lunes-festival-de-vina-del-mar-homenajeara-a-violeta-parra-en-su-obertura\/#breadcrumb"},"inLanguage":"es","potentialAction":[{"@type":"ReadAction","target":["http:\/\/vientosur.top\/museo\/este-lunes-festival-de-vina-del-mar-homenajeara-a-violeta-parra-en-su-obertura\/"]}]},{"@type":"ImageObject","inLanguage":"es","@id":"http:\/\/vientosur.top\/museo\/este-lunes-festival-de-vina-del-mar-homenajeara-a-violeta-parra-en-su-obertura\/#primaryimage","url":"http:\/\/vientosur.top\/museo\/wp-content\/uploads\/2017\/02\/1-1.jpg","contentUrl":"http:\/\/vientosur.top\/museo\/wp-content\/uploads\/2017\/02\/1-1.jpg","width":1280,"height":854},{"@type":"BreadcrumbList","@id":"http:\/\/vientosur.top\/museo\/este-lunes-festival-de-vina-del-mar-homenajeara-a-violeta-parra-en-su-obertura\/#breadcrumb","itemListElement":[{"@type":"ListItem","position":1,"name":"Portada","item":"http:\/\/vientosur.top\/museo\/"},{"@type":"ListItem","position":2,"name":"Festival de Vi\u00f1a del Mar homenaje\u00f3 a Violeta Parra en su obertura"}]},{"@type":"WebSite","@id":"http:\/\/vientosur.top\/museo\/#website","url":"http:\/\/vientosur.top\/museo\/","name":"Museo Violeta Parra","description":"Espacio que alberga tanto la memoria y legado creativo de la artista","potentialAction":[{"@type":"SearchAction","target":{"@type":"EntryPoint","urlTemplate":"http:\/\/vientosur.top\/museo\/?s={search_term_string}"},"query-input":{"@type":"PropertyValueSpecification","valueRequired":true,"valueName":"search_term_string"}}],"inLanguage":"es"},{"@type":"Person","@id":"http:\/\/vientosur.top\/museo\/#\/schema\/person\/20c79d3c38800971feec8c2693c3dd9c","name":"admin","image":{"@type":"ImageObject","inLanguage":"es","@id":"http:\/\/vientosur.top\/museo\/#\/schema\/person\/image\/","url":"https:\/\/secure.gravatar.com\/avatar\/713677ece3ffa642287213a80e5b773bce9ab81c269dd6d95102a990951c922f?s=96&d=mm&r=g","contentUrl":"https:\/\/secure.gravatar.com\/avatar\/713677ece3ffa642287213a80e5b773bce9ab81c269dd6d95102a990951c922f?s=96&d=mm&r=g","caption":"admin"},"sameAs":["http:\/\/vientosur.top\/museo"],"url":"http:\/\/vientosur.top\/museo\/author\/comunicacionesmvp\/"}]}},"_links":{"self":[{"href":"http:\/\/vientosur.top\/museo\/wp-json\/wp\/v2\/posts\/2927","targetHints":{"allow":["GET"]}}],"collection":[{"href":"http:\/\/vientosur.top\/museo\/wp-json\/wp\/v2\/posts"}],"about":[{"href":"http:\/\/vientosur.top\/museo\/wp-json\/wp\/v2\/types\/post"}],"author":[{"embeddable":true,"href":"http:\/\/vientosur.top\/museo\/wp-json\/wp\/v2\/users\/5"}],"replies":[{"embeddable":true,"href":"http:\/\/vientosur.top\/museo\/wp-json\/wp\/v2\/comments?post=2927"}],"version-history":[{"count":0,"href":"http:\/\/vientosur.top\/museo\/wp-json\/wp\/v2\/posts\/2927\/revisions"}],"wp:featuredmedia":[{"embeddable":true,"href":"http:\/\/vientosur.top\/museo\/wp-json\/wp\/v2\/media\/3002"}],"wp:attachment":[{"href":"http:\/\/vientosur.top\/museo\/wp-json\/wp\/v2\/media?parent=2927"}],"wp:term":[{"taxonomy":"category","embeddable":true,"href":"http:\/\/vientosur.top\/museo\/wp-json\/wp\/v2\/categories?post=2927"},{"taxonomy":"post_tag","embeddable":true,"href":"http:\/\/vientosur.top\/museo\/wp-json\/wp\/v2\/tags?post=2927"}],"curies":[{"name":"wp","href":"https:\/\/api.w.org\/{rel}","templated":true}]}}