{"id":2959,"date":"2017-02-20T18:34:50","date_gmt":"2017-02-20T18:34:50","guid":{"rendered":"http:\/\/vientosur.top\/museo\/\/?p=2959"},"modified":"2017-02-20T18:34:50","modified_gmt":"2017-02-20T18:34:50","slug":"este-sabado-tita-parra-y-su-banda-presentan-yo-soy-la-feliz-violeta-en-la-explanada-del-museo","status":"publish","type":"post","link":"http:\/\/vientosur.top\/museo\/este-sabado-tita-parra-y-su-banda-presentan-yo-soy-la-feliz-violeta-en-la-explanada-del-museo\/","title":{"rendered":"Tita Parra y su banda presentaron \u00abYo soy la feliz Violeta\u00bb en la explanada del Museo"},"content":{"rendered":"<p><em>La nieta de Violeta present\u00f3 un homenaje de fusi\u00f3n a su abuela y su madre Isabel, quien particip\u00f3 como invitada junto a Manuel Garc\u00eda.\u00a0<\/em><\/p>\n<p>&nbsp;<\/p>\n<p>No es reciente el v\u00ednculo de Cristina Tita Parra con la fusi\u00f3n y el jazz. Ya a principios de los 90, la nieta de Violeta explor\u00f3 el formato con un disco llamado \u00abLa Noche tan Bella\u00bb (1993), que grab\u00f3 junto a m\u00fasicos de Cometa y La Marraqueta.<\/p>\n<p>&nbsp;<\/p>\n<p>Eso explica el nombre del formato de su show tributo a Violeta: Tita Parra Quinteto presentando el espect\u00e1culo \u00abYo soy la Feliz Violeta\u00bb, tributo a su c\u00e9lebre abuela y tambi\u00e9n a su madre Isabel con la que empez\u00f3 en el canto siendo una ni\u00f1a. Invitados: Isabel Parra y Manuel Garc\u00eda, quien interpret\u00f3 la canci\u00f3n <a href=\"https:\/\/play.spotify.com\/album\/6IdsdKUDClAzSCYsOYip5Y\" target=\"_blank\" rel=\"noopener noreferrer\">\u00abDe nombre\u00a0Violeta\u00bb<\/a>.<\/p>\n<p>&nbsp;<\/p>\n<p>La banda de Tita Parra est\u00e1 compuesta por\u00a0Alejandra Santa Cruz (contrabajo), Evilazio Paiva (vientos), Saulo Cruz de Oliveira (tromb\u00f3n y teclados), Chicoria S\u00e1nchez (guitarras) y Greco Acu\u00f1a (percusi\u00f3n).<\/p>\n<p>&nbsp;<\/p>\n<p><a href=\"https:\/\/www.facebook.com\/pg\/MuseoVioletaParra\/photos\/?tab=album&amp;album_id=1889315574645188\" target=\"_blank\" rel=\"noopener noreferrer\">Ver galer\u00eda de im\u00e1genes\u00a0<\/a><\/p>\n<p>&nbsp;<\/p>\n","protected":false},"excerpt":{"rendered":"<p>La nieta de Violeta present\u00f3 un homenaje de fusi\u00f3n a su abuela y su madre Isabel, quien particip\u00f3 como invitada junto a Manuel Garc\u00eda.\u00a0 &nbsp; No es reciente el v\u00ednculo de Cristina Tita Parra con la fusi\u00f3n y el jazz. Ya a principios de los 90, la nieta de Violeta explor\u00f3 el formato con un [&hellip;]<\/p>\n","protected":false},"author":5,"featured_media":3037,"comment_status":"open","ping_status":"open","sticky":false,"template":"","format":"standard","meta":{"site-sidebar-layout":"default","site-content-layout":"","ast-site-content-layout":"default","site-content-style":"default","site-sidebar-style":"default","ast-global-header-display":"","ast-banner-title-visibility":"","ast-main-header-display":"","ast-hfb-above-header-display":"","ast-hfb-below-header-display":"","ast-hfb-mobile-header-display":"","site-post-title":"","ast-breadcrumbs-content":"","ast-featured-img":"","footer-sml-layout":"","theme-transparent-header-meta":"","adv-header-id-meta":"","stick-header-meta":"","header-above-stick-meta":"","header-main-stick-meta":"","header-below-stick-meta":"","astra-migrate-meta-layouts":"default","ast-page-background-enabled":"default","ast-page-background-meta":{"desktop":{"background-color":"var(--ast-global-color-4)","background-image":"","background-repeat":"repeat","background-position":"center center","background-size":"auto","background-attachment":"scroll","background-type":"","background-media":"","overlay-type":"","overlay-color":"","overlay-opacity":"","overlay-gradient":""},"tablet":{"background-color":"","background-image":"","background-repeat":"repeat","background-position":"center center","background-size":"auto","background-attachment":"scroll","background-type":"","background-media":"","overlay-type":"","overlay-color":"","overlay-opacity":"","overlay-gradient":""},"mobile":{"background-color":"","background-image":"","background-repeat":"repeat","background-position":"center center","background-size":"auto","background-attachment":"scroll","background-type":"","background-media":"","overlay-type":"","overlay-color":"","overlay-opacity":"","overlay-gradient":""}},"ast-content-background-meta":{"desktop":{"background-color":"var(--ast-global-color-5)","background-image":"","background-repeat":"repeat","background-position":"center center","background-size":"auto","background-attachment":"scroll","background-type":"","background-media":"","overlay-type":"","overlay-color":"","overlay-opacity":"","overlay-gradient":""},"tablet":{"background-color":"var(--ast-global-color-5)","background-image":"","background-repeat":"repeat","background-position":"center center","background-size":"auto","background-attachment":"scroll","background-type":"","background-media":"","overlay-type":"","overlay-color":"","overlay-opacity":"","overlay-gradient":""},"mobile":{"background-color":"var(--ast-global-color-5)","background-image":"","background-repeat":"repeat","background-position":"center center","background-size":"auto","background-attachment":"scroll","background-type":"","background-media":"","overlay-type":"","overlay-color":"","overlay-opacity":"","overlay-gradient":""}},"footnotes":""},"categories":[59,8,61],"tags":[],"class_list":["post-2959","post","type-post","status-publish","format-standard","has-post-thumbnail","hentry","category-destacado-noticia","category-noticias","category-novedades"],"yoast_head":"<!-- This site is optimized with the Yoast SEO plugin v25.4 - https:\/\/yoast.com\/wordpress\/plugins\/seo\/ -->\n<title>Tita Parra y su banda presentaron &quot;Yo soy la feliz Violeta&quot; en la explanada del Museo - Museo Violeta Parra<\/title>\n<meta name=\"robots\" content=\"index, follow, max-snippet:-1, max-image-preview:large, max-video-preview:-1\" \/>\n<link rel=\"canonical\" href=\"http:\/\/vientosur.top\/museo\/este-sabado-tita-parra-y-su-banda-presentan-yo-soy-la-feliz-violeta-en-la-explanada-del-museo\/\" \/>\n<meta property=\"og:locale\" content=\"es_ES\" \/>\n<meta property=\"og:type\" content=\"article\" \/>\n<meta property=\"og:title\" content=\"Tita Parra y su banda presentaron &quot;Yo soy la feliz Violeta&quot; en la explanada del Museo - Museo Violeta Parra\" \/>\n<meta property=\"og:description\" content=\"La nieta de Violeta present\u00f3 un homenaje de fusi\u00f3n a su abuela y su madre Isabel, quien particip\u00f3 como invitada junto a Manuel Garc\u00eda.\u00a0 &nbsp; No es reciente el v\u00ednculo de Cristina Tita Parra con la fusi\u00f3n y el jazz. Ya a principios de los 90, la nieta de Violeta explor\u00f3 el formato con un [&hellip;]\" \/>\n<meta property=\"og:url\" content=\"http:\/\/vientosur.top\/museo\/este-sabado-tita-parra-y-su-banda-presentan-yo-soy-la-feliz-violeta-en-la-explanada-del-museo\/\" \/>\n<meta property=\"og:site_name\" content=\"Museo Violeta Parra\" \/>\n<meta property=\"article:published_time\" content=\"2017-02-20T18:34:50+00:00\" \/>\n<meta property=\"og:image\" content=\"http:\/\/vientosur.top\/museo\/wp-content\/uploads\/2017\/02\/page-1.jpg\" \/>\n\t<meta property=\"og:image:width\" content=\"1200\" \/>\n\t<meta property=\"og:image:height\" content=\"500\" \/>\n\t<meta property=\"og:image:type\" content=\"image\/jpeg\" \/>\n<meta name=\"author\" content=\"admin\" \/>\n<meta name=\"twitter:card\" content=\"summary_large_image\" \/>\n<meta name=\"twitter:label1\" content=\"Escrito por\" \/>\n\t<meta name=\"twitter:data1\" content=\"admin\" \/>\n\t<meta name=\"twitter:label2\" content=\"Tiempo de lectura\" \/>\n\t<meta name=\"twitter:data2\" content=\"1 minuto\" \/>\n<script type=\"application\/ld+json\" class=\"yoast-schema-graph\">{\"@context\":\"https:\/\/schema.org\",\"@graph\":[{\"@type\":\"WebPage\",\"@id\":\"http:\/\/vientosur.top\/museo\/este-sabado-tita-parra-y-su-banda-presentan-yo-soy-la-feliz-violeta-en-la-explanada-del-museo\/\",\"url\":\"http:\/\/vientosur.top\/museo\/este-sabado-tita-parra-y-su-banda-presentan-yo-soy-la-feliz-violeta-en-la-explanada-del-museo\/\",\"name\":\"Tita Parra y su banda presentaron \\\"Yo soy la feliz Violeta\\\" en la explanada del Museo - Museo Violeta Parra\",\"isPartOf\":{\"@id\":\"http:\/\/vientosur.top\/museo\/#website\"},\"primaryImageOfPage\":{\"@id\":\"http:\/\/vientosur.top\/museo\/este-sabado-tita-parra-y-su-banda-presentan-yo-soy-la-feliz-violeta-en-la-explanada-del-museo\/#primaryimage\"},\"image\":{\"@id\":\"http:\/\/vientosur.top\/museo\/este-sabado-tita-parra-y-su-banda-presentan-yo-soy-la-feliz-violeta-en-la-explanada-del-museo\/#primaryimage\"},\"thumbnailUrl\":\"http:\/\/vientosur.top\/museo\/wp-content\/uploads\/2017\/02\/page-1.jpg\",\"datePublished\":\"2017-02-20T18:34:50+00:00\",\"author\":{\"@id\":\"http:\/\/vientosur.top\/museo\/#\/schema\/person\/20c79d3c38800971feec8c2693c3dd9c\"},\"breadcrumb\":{\"@id\":\"http:\/\/vientosur.top\/museo\/este-sabado-tita-parra-y-su-banda-presentan-yo-soy-la-feliz-violeta-en-la-explanada-del-museo\/#breadcrumb\"},\"inLanguage\":\"es\",\"potentialAction\":[{\"@type\":\"ReadAction\",\"target\":[\"http:\/\/vientosur.top\/museo\/este-sabado-tita-parra-y-su-banda-presentan-yo-soy-la-feliz-violeta-en-la-explanada-del-museo\/\"]}]},{\"@type\":\"ImageObject\",\"inLanguage\":\"es\",\"@id\":\"http:\/\/vientosur.top\/museo\/este-sabado-tita-parra-y-su-banda-presentan-yo-soy-la-feliz-violeta-en-la-explanada-del-museo\/#primaryimage\",\"url\":\"http:\/\/vientosur.top\/museo\/wp-content\/uploads\/2017\/02\/page-1.jpg\",\"contentUrl\":\"http:\/\/vientosur.top\/museo\/wp-content\/uploads\/2017\/02\/page-1.jpg\",\"width\":1200,\"height\":500},{\"@type\":\"BreadcrumbList\",\"@id\":\"http:\/\/vientosur.top\/museo\/este-sabado-tita-parra-y-su-banda-presentan-yo-soy-la-feliz-violeta-en-la-explanada-del-museo\/#breadcrumb\",\"itemListElement\":[{\"@type\":\"ListItem\",\"position\":1,\"name\":\"Portada\",\"item\":\"http:\/\/vientosur.top\/museo\/\"},{\"@type\":\"ListItem\",\"position\":2,\"name\":\"Tita Parra y su banda presentaron \u00abYo soy la feliz Violeta\u00bb en la explanada del Museo\"}]},{\"@type\":\"WebSite\",\"@id\":\"http:\/\/vientosur.top\/museo\/#website\",\"url\":\"http:\/\/vientosur.top\/museo\/\",\"name\":\"Museo Violeta Parra\",\"description\":\"Espacio que alberga tanto la memoria y legado creativo de la artista\",\"potentialAction\":[{\"@type\":\"SearchAction\",\"target\":{\"@type\":\"EntryPoint\",\"urlTemplate\":\"http:\/\/vientosur.top\/museo\/?s={search_term_string}\"},\"query-input\":{\"@type\":\"PropertyValueSpecification\",\"valueRequired\":true,\"valueName\":\"search_term_string\"}}],\"inLanguage\":\"es\"},{\"@type\":\"Person\",\"@id\":\"http:\/\/vientosur.top\/museo\/#\/schema\/person\/20c79d3c38800971feec8c2693c3dd9c\",\"name\":\"admin\",\"image\":{\"@type\":\"ImageObject\",\"inLanguage\":\"es\",\"@id\":\"http:\/\/vientosur.top\/museo\/#\/schema\/person\/image\/\",\"url\":\"https:\/\/secure.gravatar.com\/avatar\/713677ece3ffa642287213a80e5b773bce9ab81c269dd6d95102a990951c922f?s=96&d=mm&r=g\",\"contentUrl\":\"https:\/\/secure.gravatar.com\/avatar\/713677ece3ffa642287213a80e5b773bce9ab81c269dd6d95102a990951c922f?s=96&d=mm&r=g\",\"caption\":\"admin\"},\"sameAs\":[\"http:\/\/vientosur.top\/museo\"],\"url\":\"http:\/\/vientosur.top\/museo\/author\/comunicacionesmvp\/\"}]}<\/script>\n<!-- \/ Yoast SEO plugin. -->","yoast_head_json":{"title":"Tita Parra y su banda presentaron \"Yo soy la feliz Violeta\" en la explanada del Museo - Museo Violeta Parra","robots":{"index":"index","follow":"follow","max-snippet":"max-snippet:-1","max-image-preview":"max-image-preview:large","max-video-preview":"max-video-preview:-1"},"canonical":"http:\/\/vientosur.top\/museo\/este-sabado-tita-parra-y-su-banda-presentan-yo-soy-la-feliz-violeta-en-la-explanada-del-museo\/","og_locale":"es_ES","og_type":"article","og_title":"Tita Parra y su banda presentaron \"Yo soy la feliz Violeta\" en la explanada del Museo - Museo Violeta Parra","og_description":"La nieta de Violeta present\u00f3 un homenaje de fusi\u00f3n a su abuela y su madre Isabel, quien particip\u00f3 como invitada junto a Manuel Garc\u00eda.\u00a0 &nbsp; No es reciente el v\u00ednculo de Cristina Tita Parra con la fusi\u00f3n y el jazz. Ya a principios de los 90, la nieta de Violeta explor\u00f3 el formato con un [&hellip;]","og_url":"http:\/\/vientosur.top\/museo\/este-sabado-tita-parra-y-su-banda-presentan-yo-soy-la-feliz-violeta-en-la-explanada-del-museo\/","og_site_name":"Museo Violeta Parra","article_published_time":"2017-02-20T18:34:50+00:00","og_image":[{"width":1200,"height":500,"url":"http:\/\/vientosur.top\/museo\/wp-content\/uploads\/2017\/02\/page-1.jpg","type":"image\/jpeg"}],"author":"admin","twitter_card":"summary_large_image","twitter_misc":{"Escrito por":"admin","Tiempo de lectura":"1 minuto"},"schema":{"@context":"https:\/\/schema.org","@graph":[{"@type":"WebPage","@id":"http:\/\/vientosur.top\/museo\/este-sabado-tita-parra-y-su-banda-presentan-yo-soy-la-feliz-violeta-en-la-explanada-del-museo\/","url":"http:\/\/vientosur.top\/museo\/este-sabado-tita-parra-y-su-banda-presentan-yo-soy-la-feliz-violeta-en-la-explanada-del-museo\/","name":"Tita Parra y su banda presentaron \"Yo soy la feliz Violeta\" en la explanada del Museo - Museo Violeta Parra","isPartOf":{"@id":"http:\/\/vientosur.top\/museo\/#website"},"primaryImageOfPage":{"@id":"http:\/\/vientosur.top\/museo\/este-sabado-tita-parra-y-su-banda-presentan-yo-soy-la-feliz-violeta-en-la-explanada-del-museo\/#primaryimage"},"image":{"@id":"http:\/\/vientosur.top\/museo\/este-sabado-tita-parra-y-su-banda-presentan-yo-soy-la-feliz-violeta-en-la-explanada-del-museo\/#primaryimage"},"thumbnailUrl":"http:\/\/vientosur.top\/museo\/wp-content\/uploads\/2017\/02\/page-1.jpg","datePublished":"2017-02-20T18:34:50+00:00","author":{"@id":"http:\/\/vientosur.top\/museo\/#\/schema\/person\/20c79d3c38800971feec8c2693c3dd9c"},"breadcrumb":{"@id":"http:\/\/vientosur.top\/museo\/este-sabado-tita-parra-y-su-banda-presentan-yo-soy-la-feliz-violeta-en-la-explanada-del-museo\/#breadcrumb"},"inLanguage":"es","potentialAction":[{"@type":"ReadAction","target":["http:\/\/vientosur.top\/museo\/este-sabado-tita-parra-y-su-banda-presentan-yo-soy-la-feliz-violeta-en-la-explanada-del-museo\/"]}]},{"@type":"ImageObject","inLanguage":"es","@id":"http:\/\/vientosur.top\/museo\/este-sabado-tita-parra-y-su-banda-presentan-yo-soy-la-feliz-violeta-en-la-explanada-del-museo\/#primaryimage","url":"http:\/\/vientosur.top\/museo\/wp-content\/uploads\/2017\/02\/page-1.jpg","contentUrl":"http:\/\/vientosur.top\/museo\/wp-content\/uploads\/2017\/02\/page-1.jpg","width":1200,"height":500},{"@type":"BreadcrumbList","@id":"http:\/\/vientosur.top\/museo\/este-sabado-tita-parra-y-su-banda-presentan-yo-soy-la-feliz-violeta-en-la-explanada-del-museo\/#breadcrumb","itemListElement":[{"@type":"ListItem","position":1,"name":"Portada","item":"http:\/\/vientosur.top\/museo\/"},{"@type":"ListItem","position":2,"name":"Tita Parra y su banda presentaron \u00abYo soy la feliz Violeta\u00bb en la explanada del Museo"}]},{"@type":"WebSite","@id":"http:\/\/vientosur.top\/museo\/#website","url":"http:\/\/vientosur.top\/museo\/","name":"Museo Violeta Parra","description":"Espacio que alberga tanto la memoria y legado creativo de la artista","potentialAction":[{"@type":"SearchAction","target":{"@type":"EntryPoint","urlTemplate":"http:\/\/vientosur.top\/museo\/?s={search_term_string}"},"query-input":{"@type":"PropertyValueSpecification","valueRequired":true,"valueName":"search_term_string"}}],"inLanguage":"es"},{"@type":"Person","@id":"http:\/\/vientosur.top\/museo\/#\/schema\/person\/20c79d3c38800971feec8c2693c3dd9c","name":"admin","image":{"@type":"ImageObject","inLanguage":"es","@id":"http:\/\/vientosur.top\/museo\/#\/schema\/person\/image\/","url":"https:\/\/secure.gravatar.com\/avatar\/713677ece3ffa642287213a80e5b773bce9ab81c269dd6d95102a990951c922f?s=96&d=mm&r=g","contentUrl":"https:\/\/secure.gravatar.com\/avatar\/713677ece3ffa642287213a80e5b773bce9ab81c269dd6d95102a990951c922f?s=96&d=mm&r=g","caption":"admin"},"sameAs":["http:\/\/vientosur.top\/museo"],"url":"http:\/\/vientosur.top\/museo\/author\/comunicacionesmvp\/"}]}},"_links":{"self":[{"href":"http:\/\/vientosur.top\/museo\/wp-json\/wp\/v2\/posts\/2959","targetHints":{"allow":["GET"]}}],"collection":[{"href":"http:\/\/vientosur.top\/museo\/wp-json\/wp\/v2\/posts"}],"about":[{"href":"http:\/\/vientosur.top\/museo\/wp-json\/wp\/v2\/types\/post"}],"author":[{"embeddable":true,"href":"http:\/\/vientosur.top\/museo\/wp-json\/wp\/v2\/users\/5"}],"replies":[{"embeddable":true,"href":"http:\/\/vientosur.top\/museo\/wp-json\/wp\/v2\/comments?post=2959"}],"version-history":[{"count":0,"href":"http:\/\/vientosur.top\/museo\/wp-json\/wp\/v2\/posts\/2959\/revisions"}],"wp:featuredmedia":[{"embeddable":true,"href":"http:\/\/vientosur.top\/museo\/wp-json\/wp\/v2\/media\/3037"}],"wp:attachment":[{"href":"http:\/\/vientosur.top\/museo\/wp-json\/wp\/v2\/media?parent=2959"}],"wp:term":[{"taxonomy":"category","embeddable":true,"href":"http:\/\/vientosur.top\/museo\/wp-json\/wp\/v2\/categories?post=2959"},{"taxonomy":"post_tag","embeddable":true,"href":"http:\/\/vientosur.top\/museo\/wp-json\/wp\/v2\/tags?post=2959"}],"curies":[{"name":"wp","href":"https:\/\/api.w.org\/{rel}","templated":true}]}}