{"id":3017,"date":"2017-03-02T12:45:54","date_gmt":"2017-03-02T12:45:54","guid":{"rendered":"http:\/\/vientosur.top\/museo\/\/?p=3017"},"modified":"2017-03-02T12:45:54","modified_gmt":"2017-03-02T12:45:54","slug":"los-tricolores-se-presentan-este-sabado-en-el-ciclo-de-cuecas-del-museo-violeta-parra","status":"publish","type":"post","link":"http:\/\/vientosur.top\/museo\/los-tricolores-se-presentan-este-sabado-en-el-ciclo-de-cuecas-del-museo-violeta-parra\/","title":{"rendered":"Los Tricolores se presentaron en el Ciclo de Cuecas del Museo Violeta Parra"},"content":{"rendered":"<p>El s\u00e1bado 4 de marzo a las 16:00 horas se realiz\u00f3\u00a0la tercera fecha del ciclo de cuecas del Museo Violeta Parra. En la ocasi\u00f3n se presentaron Los Tricolores, grupo creado en el a\u00f1o 2000 por un grupo de amigos que, inspirados por la afici\u00f3n y admiraci\u00f3n por la cueca brava, decidieron unirse en este camino de la m\u00fasica.<\/p>\n<p>&nbsp;<br \/>\nInspirados por grandes cuequeros de la tradici\u00f3n, Los Tricolores\u00a0buscan reproducir el verdadero sentido de la cueca brava, rescatando la variedad de melod\u00edas, picard\u00eda, sentimiento y coraz\u00f3n al interpretar este g\u00e9nero. Esta banda se ha presentado en importantes escenarios de Chile, destacando el primer lugar de la competencia del Festival del Huaso de Olmu\u00e9 en 2015, certamen en el que participaron nuevamente en enero de este a\u00f1o.<\/p>\n<p>&nbsp;<\/p>\n<p>El conjunto\u00a0ha editado los discos \u00abCuecas de Remolienda\u00bb, \u00abLos Tricolores con Daniel Mu\u00f1oz\u00bb, \u00abEsta s\u00ed que es vida\u00bb, \u00abCuecas Perpetuas\u00bb, \u00abM\u00fasica para los Asados\u00bb(editada junto al destacado m\u00fasico nacional \u00c1lvaro Henr\u00edquez) y \u201cLos inseparables\u201d, su m\u00e1s reciente producci\u00f3n.<\/p>\n<p>&nbsp;<\/p>\n<p>&nbsp;<\/p>\n<p><a href=\"https:\/\/www.facebook.com\/pg\/MuseoVioletaParra\/photos\/?tab=album&amp;album_id=1891598747750204\" target=\"_blank\" rel=\"noopener noreferrer\"><strong>Ver galer\u00eda de im\u00e1genes\u00a0<\/strong><\/a><\/p>\n","protected":false},"excerpt":{"rendered":"<p>El s\u00e1bado 4 de marzo a las 16:00 horas se realiz\u00f3\u00a0la tercera fecha del ciclo de cuecas del Museo Violeta Parra. En la ocasi\u00f3n se presentaron Los Tricolores, grupo creado en el a\u00f1o 2000 por un grupo de amigos que, inspirados por la afici\u00f3n y admiraci\u00f3n por la cueca brava, decidieron unirse en este camino [&hellip;]<\/p>\n","protected":false},"author":5,"featured_media":3119,"comment_status":"open","ping_status":"open","sticky":false,"template":"","format":"standard","meta":{"site-sidebar-layout":"default","site-content-layout":"","ast-site-content-layout":"default","site-content-style":"default","site-sidebar-style":"default","ast-global-header-display":"","ast-banner-title-visibility":"","ast-main-header-display":"","ast-hfb-above-header-display":"","ast-hfb-below-header-display":"","ast-hfb-mobile-header-display":"","site-post-title":"","ast-breadcrumbs-content":"","ast-featured-img":"","footer-sml-layout":"","theme-transparent-header-meta":"","adv-header-id-meta":"","stick-header-meta":"","header-above-stick-meta":"","header-main-stick-meta":"","header-below-stick-meta":"","astra-migrate-meta-layouts":"default","ast-page-background-enabled":"default","ast-page-background-meta":{"desktop":{"background-color":"var(--ast-global-color-4)","background-image":"","background-repeat":"repeat","background-position":"center center","background-size":"auto","background-attachment":"scroll","background-type":"","background-media":"","overlay-type":"","overlay-color":"","overlay-opacity":"","overlay-gradient":""},"tablet":{"background-color":"","background-image":"","background-repeat":"repeat","background-position":"center center","background-size":"auto","background-attachment":"scroll","background-type":"","background-media":"","overlay-type":"","overlay-color":"","overlay-opacity":"","overlay-gradient":""},"mobile":{"background-color":"","background-image":"","background-repeat":"repeat","background-position":"center center","background-size":"auto","background-attachment":"scroll","background-type":"","background-media":"","overlay-type":"","overlay-color":"","overlay-opacity":"","overlay-gradient":""}},"ast-content-background-meta":{"desktop":{"background-color":"var(--ast-global-color-5)","background-image":"","background-repeat":"repeat","background-position":"center center","background-size":"auto","background-attachment":"scroll","background-type":"","background-media":"","overlay-type":"","overlay-color":"","overlay-opacity":"","overlay-gradient":""},"tablet":{"background-color":"var(--ast-global-color-5)","background-image":"","background-repeat":"repeat","background-position":"center center","background-size":"auto","background-attachment":"scroll","background-type":"","background-media":"","overlay-type":"","overlay-color":"","overlay-opacity":"","overlay-gradient":""},"mobile":{"background-color":"var(--ast-global-color-5)","background-image":"","background-repeat":"repeat","background-position":"center center","background-size":"auto","background-attachment":"scroll","background-type":"","background-media":"","overlay-type":"","overlay-color":"","overlay-opacity":"","overlay-gradient":""}},"footnotes":""},"categories":[59,8,61],"tags":[],"class_list":["post-3017","post","type-post","status-publish","format-standard","has-post-thumbnail","hentry","category-destacado-noticia","category-noticias","category-novedades"],"yoast_head":"<!-- This site is optimized with the Yoast SEO plugin v25.4 - https:\/\/yoast.com\/wordpress\/plugins\/seo\/ -->\n<title>Los Tricolores se presentaron en el Ciclo de Cuecas del Museo Violeta Parra - Museo Violeta Parra<\/title>\n<meta name=\"robots\" content=\"index, follow, max-snippet:-1, max-image-preview:large, max-video-preview:-1\" \/>\n<link rel=\"canonical\" href=\"http:\/\/vientosur.top\/museo\/los-tricolores-se-presentan-este-sabado-en-el-ciclo-de-cuecas-del-museo-violeta-parra\/\" \/>\n<meta property=\"og:locale\" content=\"es_ES\" \/>\n<meta property=\"og:type\" content=\"article\" \/>\n<meta property=\"og:title\" content=\"Los Tricolores se presentaron en el Ciclo de Cuecas del Museo Violeta Parra - Museo Violeta Parra\" \/>\n<meta property=\"og:description\" content=\"El s\u00e1bado 4 de marzo a las 16:00 horas se realiz\u00f3\u00a0la tercera fecha del ciclo de cuecas del Museo Violeta Parra. En la ocasi\u00f3n se presentaron Los Tricolores, grupo creado en el a\u00f1o 2000 por un grupo de amigos que, inspirados por la afici\u00f3n y admiraci\u00f3n por la cueca brava, decidieron unirse en este camino [&hellip;]\" \/>\n<meta property=\"og:url\" content=\"http:\/\/vientosur.top\/museo\/los-tricolores-se-presentan-este-sabado-en-el-ciclo-de-cuecas-del-museo-violeta-parra\/\" \/>\n<meta property=\"og:site_name\" content=\"Museo Violeta Parra\" \/>\n<meta property=\"article:published_time\" content=\"2017-03-02T12:45:54+00:00\" \/>\n<meta property=\"og:image\" content=\"http:\/\/vientosur.top\/museo\/wp-content\/uploads\/2017\/03\/lostrico.jpg\" \/>\n\t<meta property=\"og:image:width\" content=\"600\" \/>\n\t<meta property=\"og:image:height\" content=\"399\" \/>\n\t<meta property=\"og:image:type\" content=\"image\/jpeg\" \/>\n<meta name=\"author\" content=\"admin\" \/>\n<meta name=\"twitter:card\" content=\"summary_large_image\" \/>\n<meta name=\"twitter:label1\" content=\"Escrito por\" \/>\n\t<meta name=\"twitter:data1\" content=\"admin\" \/>\n\t<meta name=\"twitter:label2\" content=\"Tiempo de lectura\" \/>\n\t<meta name=\"twitter:data2\" content=\"1 minuto\" \/>\n<script type=\"application\/ld+json\" class=\"yoast-schema-graph\">{\"@context\":\"https:\/\/schema.org\",\"@graph\":[{\"@type\":\"WebPage\",\"@id\":\"http:\/\/vientosur.top\/museo\/los-tricolores-se-presentan-este-sabado-en-el-ciclo-de-cuecas-del-museo-violeta-parra\/\",\"url\":\"http:\/\/vientosur.top\/museo\/los-tricolores-se-presentan-este-sabado-en-el-ciclo-de-cuecas-del-museo-violeta-parra\/\",\"name\":\"Los Tricolores se presentaron en el Ciclo de Cuecas del Museo Violeta Parra - Museo Violeta Parra\",\"isPartOf\":{\"@id\":\"http:\/\/vientosur.top\/museo\/#website\"},\"primaryImageOfPage\":{\"@id\":\"http:\/\/vientosur.top\/museo\/los-tricolores-se-presentan-este-sabado-en-el-ciclo-de-cuecas-del-museo-violeta-parra\/#primaryimage\"},\"image\":{\"@id\":\"http:\/\/vientosur.top\/museo\/los-tricolores-se-presentan-este-sabado-en-el-ciclo-de-cuecas-del-museo-violeta-parra\/#primaryimage\"},\"thumbnailUrl\":\"http:\/\/vientosur.top\/museo\/wp-content\/uploads\/2017\/03\/lostrico.jpg\",\"datePublished\":\"2017-03-02T12:45:54+00:00\",\"author\":{\"@id\":\"http:\/\/vientosur.top\/museo\/#\/schema\/person\/20c79d3c38800971feec8c2693c3dd9c\"},\"breadcrumb\":{\"@id\":\"http:\/\/vientosur.top\/museo\/los-tricolores-se-presentan-este-sabado-en-el-ciclo-de-cuecas-del-museo-violeta-parra\/#breadcrumb\"},\"inLanguage\":\"es\",\"potentialAction\":[{\"@type\":\"ReadAction\",\"target\":[\"http:\/\/vientosur.top\/museo\/los-tricolores-se-presentan-este-sabado-en-el-ciclo-de-cuecas-del-museo-violeta-parra\/\"]}]},{\"@type\":\"ImageObject\",\"inLanguage\":\"es\",\"@id\":\"http:\/\/vientosur.top\/museo\/los-tricolores-se-presentan-este-sabado-en-el-ciclo-de-cuecas-del-museo-violeta-parra\/#primaryimage\",\"url\":\"http:\/\/vientosur.top\/museo\/wp-content\/uploads\/2017\/03\/lostrico.jpg\",\"contentUrl\":\"http:\/\/vientosur.top\/museo\/wp-content\/uploads\/2017\/03\/lostrico.jpg\",\"width\":600,\"height\":399},{\"@type\":\"BreadcrumbList\",\"@id\":\"http:\/\/vientosur.top\/museo\/los-tricolores-se-presentan-este-sabado-en-el-ciclo-de-cuecas-del-museo-violeta-parra\/#breadcrumb\",\"itemListElement\":[{\"@type\":\"ListItem\",\"position\":1,\"name\":\"Portada\",\"item\":\"http:\/\/vientosur.top\/museo\/\"},{\"@type\":\"ListItem\",\"position\":2,\"name\":\"Los Tricolores se presentaron en el Ciclo de Cuecas del Museo Violeta Parra\"}]},{\"@type\":\"WebSite\",\"@id\":\"http:\/\/vientosur.top\/museo\/#website\",\"url\":\"http:\/\/vientosur.top\/museo\/\",\"name\":\"Museo Violeta Parra\",\"description\":\"Espacio que alberga tanto la memoria y legado creativo de la artista\",\"potentialAction\":[{\"@type\":\"SearchAction\",\"target\":{\"@type\":\"EntryPoint\",\"urlTemplate\":\"http:\/\/vientosur.top\/museo\/?s={search_term_string}\"},\"query-input\":{\"@type\":\"PropertyValueSpecification\",\"valueRequired\":true,\"valueName\":\"search_term_string\"}}],\"inLanguage\":\"es\"},{\"@type\":\"Person\",\"@id\":\"http:\/\/vientosur.top\/museo\/#\/schema\/person\/20c79d3c38800971feec8c2693c3dd9c\",\"name\":\"admin\",\"image\":{\"@type\":\"ImageObject\",\"inLanguage\":\"es\",\"@id\":\"http:\/\/vientosur.top\/museo\/#\/schema\/person\/image\/\",\"url\":\"https:\/\/secure.gravatar.com\/avatar\/713677ece3ffa642287213a80e5b773bce9ab81c269dd6d95102a990951c922f?s=96&d=mm&r=g\",\"contentUrl\":\"https:\/\/secure.gravatar.com\/avatar\/713677ece3ffa642287213a80e5b773bce9ab81c269dd6d95102a990951c922f?s=96&d=mm&r=g\",\"caption\":\"admin\"},\"sameAs\":[\"http:\/\/vientosur.top\/museo\"],\"url\":\"http:\/\/vientosur.top\/museo\/author\/comunicacionesmvp\/\"}]}<\/script>\n<!-- \/ Yoast SEO plugin. -->","yoast_head_json":{"title":"Los Tricolores se presentaron en el Ciclo de Cuecas del Museo Violeta Parra - Museo Violeta Parra","robots":{"index":"index","follow":"follow","max-snippet":"max-snippet:-1","max-image-preview":"max-image-preview:large","max-video-preview":"max-video-preview:-1"},"canonical":"http:\/\/vientosur.top\/museo\/los-tricolores-se-presentan-este-sabado-en-el-ciclo-de-cuecas-del-museo-violeta-parra\/","og_locale":"es_ES","og_type":"article","og_title":"Los Tricolores se presentaron en el Ciclo de Cuecas del Museo Violeta Parra - Museo Violeta Parra","og_description":"El s\u00e1bado 4 de marzo a las 16:00 horas se realiz\u00f3\u00a0la tercera fecha del ciclo de cuecas del Museo Violeta Parra. En la ocasi\u00f3n se presentaron Los Tricolores, grupo creado en el a\u00f1o 2000 por un grupo de amigos que, inspirados por la afici\u00f3n y admiraci\u00f3n por la cueca brava, decidieron unirse en este camino [&hellip;]","og_url":"http:\/\/vientosur.top\/museo\/los-tricolores-se-presentan-este-sabado-en-el-ciclo-de-cuecas-del-museo-violeta-parra\/","og_site_name":"Museo Violeta Parra","article_published_time":"2017-03-02T12:45:54+00:00","og_image":[{"width":600,"height":399,"url":"http:\/\/vientosur.top\/museo\/wp-content\/uploads\/2017\/03\/lostrico.jpg","type":"image\/jpeg"}],"author":"admin","twitter_card":"summary_large_image","twitter_misc":{"Escrito por":"admin","Tiempo de lectura":"1 minuto"},"schema":{"@context":"https:\/\/schema.org","@graph":[{"@type":"WebPage","@id":"http:\/\/vientosur.top\/museo\/los-tricolores-se-presentan-este-sabado-en-el-ciclo-de-cuecas-del-museo-violeta-parra\/","url":"http:\/\/vientosur.top\/museo\/los-tricolores-se-presentan-este-sabado-en-el-ciclo-de-cuecas-del-museo-violeta-parra\/","name":"Los Tricolores se presentaron en el Ciclo de Cuecas del Museo Violeta Parra - Museo Violeta Parra","isPartOf":{"@id":"http:\/\/vientosur.top\/museo\/#website"},"primaryImageOfPage":{"@id":"http:\/\/vientosur.top\/museo\/los-tricolores-se-presentan-este-sabado-en-el-ciclo-de-cuecas-del-museo-violeta-parra\/#primaryimage"},"image":{"@id":"http:\/\/vientosur.top\/museo\/los-tricolores-se-presentan-este-sabado-en-el-ciclo-de-cuecas-del-museo-violeta-parra\/#primaryimage"},"thumbnailUrl":"http:\/\/vientosur.top\/museo\/wp-content\/uploads\/2017\/03\/lostrico.jpg","datePublished":"2017-03-02T12:45:54+00:00","author":{"@id":"http:\/\/vientosur.top\/museo\/#\/schema\/person\/20c79d3c38800971feec8c2693c3dd9c"},"breadcrumb":{"@id":"http:\/\/vientosur.top\/museo\/los-tricolores-se-presentan-este-sabado-en-el-ciclo-de-cuecas-del-museo-violeta-parra\/#breadcrumb"},"inLanguage":"es","potentialAction":[{"@type":"ReadAction","target":["http:\/\/vientosur.top\/museo\/los-tricolores-se-presentan-este-sabado-en-el-ciclo-de-cuecas-del-museo-violeta-parra\/"]}]},{"@type":"ImageObject","inLanguage":"es","@id":"http:\/\/vientosur.top\/museo\/los-tricolores-se-presentan-este-sabado-en-el-ciclo-de-cuecas-del-museo-violeta-parra\/#primaryimage","url":"http:\/\/vientosur.top\/museo\/wp-content\/uploads\/2017\/03\/lostrico.jpg","contentUrl":"http:\/\/vientosur.top\/museo\/wp-content\/uploads\/2017\/03\/lostrico.jpg","width":600,"height":399},{"@type":"BreadcrumbList","@id":"http:\/\/vientosur.top\/museo\/los-tricolores-se-presentan-este-sabado-en-el-ciclo-de-cuecas-del-museo-violeta-parra\/#breadcrumb","itemListElement":[{"@type":"ListItem","position":1,"name":"Portada","item":"http:\/\/vientosur.top\/museo\/"},{"@type":"ListItem","position":2,"name":"Los Tricolores se presentaron en el Ciclo de Cuecas del Museo Violeta Parra"}]},{"@type":"WebSite","@id":"http:\/\/vientosur.top\/museo\/#website","url":"http:\/\/vientosur.top\/museo\/","name":"Museo Violeta Parra","description":"Espacio que alberga tanto la memoria y legado creativo de la artista","potentialAction":[{"@type":"SearchAction","target":{"@type":"EntryPoint","urlTemplate":"http:\/\/vientosur.top\/museo\/?s={search_term_string}"},"query-input":{"@type":"PropertyValueSpecification","valueRequired":true,"valueName":"search_term_string"}}],"inLanguage":"es"},{"@type":"Person","@id":"http:\/\/vientosur.top\/museo\/#\/schema\/person\/20c79d3c38800971feec8c2693c3dd9c","name":"admin","image":{"@type":"ImageObject","inLanguage":"es","@id":"http:\/\/vientosur.top\/museo\/#\/schema\/person\/image\/","url":"https:\/\/secure.gravatar.com\/avatar\/713677ece3ffa642287213a80e5b773bce9ab81c269dd6d95102a990951c922f?s=96&d=mm&r=g","contentUrl":"https:\/\/secure.gravatar.com\/avatar\/713677ece3ffa642287213a80e5b773bce9ab81c269dd6d95102a990951c922f?s=96&d=mm&r=g","caption":"admin"},"sameAs":["http:\/\/vientosur.top\/museo"],"url":"http:\/\/vientosur.top\/museo\/author\/comunicacionesmvp\/"}]}},"_links":{"self":[{"href":"http:\/\/vientosur.top\/museo\/wp-json\/wp\/v2\/posts\/3017","targetHints":{"allow":["GET"]}}],"collection":[{"href":"http:\/\/vientosur.top\/museo\/wp-json\/wp\/v2\/posts"}],"about":[{"href":"http:\/\/vientosur.top\/museo\/wp-json\/wp\/v2\/types\/post"}],"author":[{"embeddable":true,"href":"http:\/\/vientosur.top\/museo\/wp-json\/wp\/v2\/users\/5"}],"replies":[{"embeddable":true,"href":"http:\/\/vientosur.top\/museo\/wp-json\/wp\/v2\/comments?post=3017"}],"version-history":[{"count":0,"href":"http:\/\/vientosur.top\/museo\/wp-json\/wp\/v2\/posts\/3017\/revisions"}],"wp:featuredmedia":[{"embeddable":true,"href":"http:\/\/vientosur.top\/museo\/wp-json\/wp\/v2\/media\/3119"}],"wp:attachment":[{"href":"http:\/\/vientosur.top\/museo\/wp-json\/wp\/v2\/media?parent=3017"}],"wp:term":[{"taxonomy":"category","embeddable":true,"href":"http:\/\/vientosur.top\/museo\/wp-json\/wp\/v2\/categories?post=3017"},{"taxonomy":"post_tag","embeddable":true,"href":"http:\/\/vientosur.top\/museo\/wp-json\/wp\/v2\/tags?post=3017"}],"curies":[{"name":"wp","href":"https:\/\/api.w.org\/{rel}","templated":true}]}}