{"id":3098,"date":"2017-03-04T17:52:23","date_gmt":"2017-03-04T17:52:23","guid":{"rendered":"http:\/\/vientosur.top\/museo\/\/?p=3098"},"modified":"2017-03-04T17:52:23","modified_gmt":"2017-03-04T17:52:23","slug":"museo-violeta-parra-finaliza-exitosa-convocatoria-para-talleres-y-voluntariado","status":"publish","type":"post","link":"http:\/\/vientosur.top\/museo\/museo-violeta-parra-finaliza-exitosa-convocatoria-para-talleres-y-voluntariado\/","title":{"rendered":"Museo Violeta Parra finaliza exitosa convocatoria para talleres y voluntariado"},"content":{"rendered":"<p><strong>Con m\u00e1s de 150 postulantes, el Museo prepara un variado programa de talleres y actividades para 2017, a\u00f1o en que celebraremos los 100 de la artista. <\/strong><\/p>\n<p><strong>\u00a0<\/strong><\/p>\n<p>Con un gran n\u00famero de interesados finaliz\u00f3 el martes 28 de febrero la convocatoria para programar los talleres que se impartir\u00e1n este a\u00f1o en el Museo Violeta Parra.<br \/>\n<strong>112 nuevas propuestas de talleres<\/strong><\/p>\n<p>&nbsp;<\/p>\n<p>Fueron convocados artistas visuales, artesanos, m\u00fasicos y literatos. Los talleres gratuitos, que re\u00fanen una vez por semana a 15 integrantes, tienen como objetivo difundir el legado art\u00edstico, visual y musical de Violeta Parra, acercando las pr\u00e1cticas creativas, artesanales y art\u00edsticas a los visitantes. Los talleres pasados han abordado pr\u00e1cticas como el bordado, el mosaico, las arpilleras, la animaci\u00f3n, la orfebrer\u00eda o el canto, convocando a ni\u00f1os, j\u00f3venes y adultos de todas las edades.<\/p>\n<p>&nbsp;<\/p>\n<p><strong>40 aspirantes a voluntarios\u00a0<\/strong><\/p>\n<p>&nbsp;<\/p>\n<p>En enero tambi\u00e9n se abri\u00f3 el llamado a voluntarios para adherirse al equipo del Museo Violeta Parra para contribuir con la transmisi\u00f3n del legado de la figura de Violeta Parra. De esta campa\u00f1a tambi\u00e9n se recepcion\u00f3 un positivo n\u00famero de interesados, superando el primer llamado (realizado en 2016).<\/p>\n<p>&nbsp;<br \/>\nEl Museo agradece el inter\u00e9s a los postulantes al voluntariado y a los talleres del \u00c1rea Educativa. El proceso de evaluaci\u00f3n y selecci\u00f3n se realizar\u00e1 durante el mes de marzo.<\/p>\n","protected":false},"excerpt":{"rendered":"<p>Con m\u00e1s de 150 postulantes, el Museo prepara un variado programa de talleres y actividades para 2017, a\u00f1o en que celebraremos los 100 de la artista. \u00a0 Con un gran n\u00famero de interesados finaliz\u00f3 el martes 28 de febrero la convocatoria para programar los talleres que se impartir\u00e1n este a\u00f1o en el Museo Violeta Parra. [&hellip;]<\/p>\n","protected":false},"author":5,"featured_media":3099,"comment_status":"open","ping_status":"open","sticky":false,"template":"","format":"standard","meta":{"site-sidebar-layout":"default","site-content-layout":"","ast-site-content-layout":"default","site-content-style":"default","site-sidebar-style":"default","ast-global-header-display":"","ast-banner-title-visibility":"","ast-main-header-display":"","ast-hfb-above-header-display":"","ast-hfb-below-header-display":"","ast-hfb-mobile-header-display":"","site-post-title":"","ast-breadcrumbs-content":"","ast-featured-img":"","footer-sml-layout":"","theme-transparent-header-meta":"","adv-header-id-meta":"","stick-header-meta":"","header-above-stick-meta":"","header-main-stick-meta":"","header-below-stick-meta":"","astra-migrate-meta-layouts":"default","ast-page-background-enabled":"default","ast-page-background-meta":{"desktop":{"background-color":"var(--ast-global-color-4)","background-image":"","background-repeat":"repeat","background-position":"center center","background-size":"auto","background-attachment":"scroll","background-type":"","background-media":"","overlay-type":"","overlay-color":"","overlay-opacity":"","overlay-gradient":""},"tablet":{"background-color":"","background-image":"","background-repeat":"repeat","background-position":"center center","background-size":"auto","background-attachment":"scroll","background-type":"","background-media":"","overlay-type":"","overlay-color":"","overlay-opacity":"","overlay-gradient":""},"mobile":{"background-color":"","background-image":"","background-repeat":"repeat","background-position":"center center","background-size":"auto","background-attachment":"scroll","background-type":"","background-media":"","overlay-type":"","overlay-color":"","overlay-opacity":"","overlay-gradient":""}},"ast-content-background-meta":{"desktop":{"background-color":"var(--ast-global-color-5)","background-image":"","background-repeat":"repeat","background-position":"center center","background-size":"auto","background-attachment":"scroll","background-type":"","background-media":"","overlay-type":"","overlay-color":"","overlay-opacity":"","overlay-gradient":""},"tablet":{"background-color":"var(--ast-global-color-5)","background-image":"","background-repeat":"repeat","background-position":"center center","background-size":"auto","background-attachment":"scroll","background-type":"","background-media":"","overlay-type":"","overlay-color":"","overlay-opacity":"","overlay-gradient":""},"mobile":{"background-color":"var(--ast-global-color-5)","background-image":"","background-repeat":"repeat","background-position":"center center","background-size":"auto","background-attachment":"scroll","background-type":"","background-media":"","overlay-type":"","overlay-color":"","overlay-opacity":"","overlay-gradient":""}},"footnotes":""},"categories":[59,8,61],"tags":[],"class_list":["post-3098","post","type-post","status-publish","format-standard","has-post-thumbnail","hentry","category-destacado-noticia","category-noticias","category-novedades"],"yoast_head":"<!-- This site is optimized with the Yoast SEO plugin v25.4 - https:\/\/yoast.com\/wordpress\/plugins\/seo\/ -->\n<title>Museo Violeta Parra finaliza exitosa convocatoria para talleres y voluntariado - Museo Violeta Parra<\/title>\n<meta name=\"robots\" content=\"index, follow, max-snippet:-1, max-image-preview:large, max-video-preview:-1\" \/>\n<link rel=\"canonical\" href=\"http:\/\/vientosur.top\/museo\/museo-violeta-parra-finaliza-exitosa-convocatoria-para-talleres-y-voluntariado\/\" \/>\n<meta property=\"og:locale\" content=\"es_ES\" \/>\n<meta property=\"og:type\" content=\"article\" \/>\n<meta property=\"og:title\" content=\"Museo Violeta Parra finaliza exitosa convocatoria para talleres y voluntariado - Museo Violeta Parra\" \/>\n<meta property=\"og:description\" content=\"Con m\u00e1s de 150 postulantes, el Museo prepara un variado programa de talleres y actividades para 2017, a\u00f1o en que celebraremos los 100 de la artista. \u00a0 Con un gran n\u00famero de interesados finaliz\u00f3 el martes 28 de febrero la convocatoria para programar los talleres que se impartir\u00e1n este a\u00f1o en el Museo Violeta Parra. [&hellip;]\" \/>\n<meta property=\"og:url\" content=\"http:\/\/vientosur.top\/museo\/museo-violeta-parra-finaliza-exitosa-convocatoria-para-talleres-y-voluntariado\/\" \/>\n<meta property=\"og:site_name\" content=\"Museo Violeta Parra\" \/>\n<meta property=\"article:published_time\" content=\"2017-03-04T17:52:23+00:00\" \/>\n<meta property=\"og:image\" content=\"http:\/\/vientosur.top\/museo\/wp-content\/uploads\/2017\/03\/DSC_0152.jpg\" \/>\n\t<meta property=\"og:image:width\" content=\"1444\" \/>\n\t<meta property=\"og:image:height\" content=\"960\" \/>\n\t<meta property=\"og:image:type\" content=\"image\/jpeg\" \/>\n<meta name=\"author\" content=\"admin\" \/>\n<meta name=\"twitter:card\" content=\"summary_large_image\" \/>\n<meta name=\"twitter:label1\" content=\"Escrito por\" \/>\n\t<meta name=\"twitter:data1\" content=\"admin\" \/>\n\t<meta name=\"twitter:label2\" content=\"Tiempo de lectura\" \/>\n\t<meta name=\"twitter:data2\" content=\"1 minuto\" \/>\n<script type=\"application\/ld+json\" class=\"yoast-schema-graph\">{\"@context\":\"https:\/\/schema.org\",\"@graph\":[{\"@type\":\"WebPage\",\"@id\":\"http:\/\/vientosur.top\/museo\/museo-violeta-parra-finaliza-exitosa-convocatoria-para-talleres-y-voluntariado\/\",\"url\":\"http:\/\/vientosur.top\/museo\/museo-violeta-parra-finaliza-exitosa-convocatoria-para-talleres-y-voluntariado\/\",\"name\":\"Museo Violeta Parra finaliza exitosa convocatoria para talleres y voluntariado - Museo Violeta Parra\",\"isPartOf\":{\"@id\":\"http:\/\/vientosur.top\/museo\/#website\"},\"primaryImageOfPage\":{\"@id\":\"http:\/\/vientosur.top\/museo\/museo-violeta-parra-finaliza-exitosa-convocatoria-para-talleres-y-voluntariado\/#primaryimage\"},\"image\":{\"@id\":\"http:\/\/vientosur.top\/museo\/museo-violeta-parra-finaliza-exitosa-convocatoria-para-talleres-y-voluntariado\/#primaryimage\"},\"thumbnailUrl\":\"http:\/\/vientosur.top\/museo\/wp-content\/uploads\/2017\/03\/DSC_0152.jpg\",\"datePublished\":\"2017-03-04T17:52:23+00:00\",\"author\":{\"@id\":\"http:\/\/vientosur.top\/museo\/#\/schema\/person\/20c79d3c38800971feec8c2693c3dd9c\"},\"breadcrumb\":{\"@id\":\"http:\/\/vientosur.top\/museo\/museo-violeta-parra-finaliza-exitosa-convocatoria-para-talleres-y-voluntariado\/#breadcrumb\"},\"inLanguage\":\"es\",\"potentialAction\":[{\"@type\":\"ReadAction\",\"target\":[\"http:\/\/vientosur.top\/museo\/museo-violeta-parra-finaliza-exitosa-convocatoria-para-talleres-y-voluntariado\/\"]}]},{\"@type\":\"ImageObject\",\"inLanguage\":\"es\",\"@id\":\"http:\/\/vientosur.top\/museo\/museo-violeta-parra-finaliza-exitosa-convocatoria-para-talleres-y-voluntariado\/#primaryimage\",\"url\":\"http:\/\/vientosur.top\/museo\/wp-content\/uploads\/2017\/03\/DSC_0152.jpg\",\"contentUrl\":\"http:\/\/vientosur.top\/museo\/wp-content\/uploads\/2017\/03\/DSC_0152.jpg\",\"width\":1444,\"height\":960},{\"@type\":\"BreadcrumbList\",\"@id\":\"http:\/\/vientosur.top\/museo\/museo-violeta-parra-finaliza-exitosa-convocatoria-para-talleres-y-voluntariado\/#breadcrumb\",\"itemListElement\":[{\"@type\":\"ListItem\",\"position\":1,\"name\":\"Portada\",\"item\":\"http:\/\/vientosur.top\/museo\/\"},{\"@type\":\"ListItem\",\"position\":2,\"name\":\"Museo Violeta Parra finaliza exitosa convocatoria para talleres y voluntariado\"}]},{\"@type\":\"WebSite\",\"@id\":\"http:\/\/vientosur.top\/museo\/#website\",\"url\":\"http:\/\/vientosur.top\/museo\/\",\"name\":\"Museo Violeta Parra\",\"description\":\"Espacio que alberga tanto la memoria y legado creativo de la artista\",\"potentialAction\":[{\"@type\":\"SearchAction\",\"target\":{\"@type\":\"EntryPoint\",\"urlTemplate\":\"http:\/\/vientosur.top\/museo\/?s={search_term_string}\"},\"query-input\":{\"@type\":\"PropertyValueSpecification\",\"valueRequired\":true,\"valueName\":\"search_term_string\"}}],\"inLanguage\":\"es\"},{\"@type\":\"Person\",\"@id\":\"http:\/\/vientosur.top\/museo\/#\/schema\/person\/20c79d3c38800971feec8c2693c3dd9c\",\"name\":\"admin\",\"image\":{\"@type\":\"ImageObject\",\"inLanguage\":\"es\",\"@id\":\"http:\/\/vientosur.top\/museo\/#\/schema\/person\/image\/\",\"url\":\"https:\/\/secure.gravatar.com\/avatar\/713677ece3ffa642287213a80e5b773bce9ab81c269dd6d95102a990951c922f?s=96&d=mm&r=g\",\"contentUrl\":\"https:\/\/secure.gravatar.com\/avatar\/713677ece3ffa642287213a80e5b773bce9ab81c269dd6d95102a990951c922f?s=96&d=mm&r=g\",\"caption\":\"admin\"},\"sameAs\":[\"http:\/\/vientosur.top\/museo\"],\"url\":\"http:\/\/vientosur.top\/museo\/author\/comunicacionesmvp\/\"}]}<\/script>\n<!-- \/ Yoast SEO plugin. -->","yoast_head_json":{"title":"Museo Violeta Parra finaliza exitosa convocatoria para talleres y voluntariado - Museo Violeta Parra","robots":{"index":"index","follow":"follow","max-snippet":"max-snippet:-1","max-image-preview":"max-image-preview:large","max-video-preview":"max-video-preview:-1"},"canonical":"http:\/\/vientosur.top\/museo\/museo-violeta-parra-finaliza-exitosa-convocatoria-para-talleres-y-voluntariado\/","og_locale":"es_ES","og_type":"article","og_title":"Museo Violeta Parra finaliza exitosa convocatoria para talleres y voluntariado - Museo Violeta Parra","og_description":"Con m\u00e1s de 150 postulantes, el Museo prepara un variado programa de talleres y actividades para 2017, a\u00f1o en que celebraremos los 100 de la artista. \u00a0 Con un gran n\u00famero de interesados finaliz\u00f3 el martes 28 de febrero la convocatoria para programar los talleres que se impartir\u00e1n este a\u00f1o en el Museo Violeta Parra. [&hellip;]","og_url":"http:\/\/vientosur.top\/museo\/museo-violeta-parra-finaliza-exitosa-convocatoria-para-talleres-y-voluntariado\/","og_site_name":"Museo Violeta Parra","article_published_time":"2017-03-04T17:52:23+00:00","og_image":[{"width":1444,"height":960,"url":"http:\/\/vientosur.top\/museo\/wp-content\/uploads\/2017\/03\/DSC_0152.jpg","type":"image\/jpeg"}],"author":"admin","twitter_card":"summary_large_image","twitter_misc":{"Escrito por":"admin","Tiempo de lectura":"1 minuto"},"schema":{"@context":"https:\/\/schema.org","@graph":[{"@type":"WebPage","@id":"http:\/\/vientosur.top\/museo\/museo-violeta-parra-finaliza-exitosa-convocatoria-para-talleres-y-voluntariado\/","url":"http:\/\/vientosur.top\/museo\/museo-violeta-parra-finaliza-exitosa-convocatoria-para-talleres-y-voluntariado\/","name":"Museo Violeta Parra finaliza exitosa convocatoria para talleres y voluntariado - Museo Violeta Parra","isPartOf":{"@id":"http:\/\/vientosur.top\/museo\/#website"},"primaryImageOfPage":{"@id":"http:\/\/vientosur.top\/museo\/museo-violeta-parra-finaliza-exitosa-convocatoria-para-talleres-y-voluntariado\/#primaryimage"},"image":{"@id":"http:\/\/vientosur.top\/museo\/museo-violeta-parra-finaliza-exitosa-convocatoria-para-talleres-y-voluntariado\/#primaryimage"},"thumbnailUrl":"http:\/\/vientosur.top\/museo\/wp-content\/uploads\/2017\/03\/DSC_0152.jpg","datePublished":"2017-03-04T17:52:23+00:00","author":{"@id":"http:\/\/vientosur.top\/museo\/#\/schema\/person\/20c79d3c38800971feec8c2693c3dd9c"},"breadcrumb":{"@id":"http:\/\/vientosur.top\/museo\/museo-violeta-parra-finaliza-exitosa-convocatoria-para-talleres-y-voluntariado\/#breadcrumb"},"inLanguage":"es","potentialAction":[{"@type":"ReadAction","target":["http:\/\/vientosur.top\/museo\/museo-violeta-parra-finaliza-exitosa-convocatoria-para-talleres-y-voluntariado\/"]}]},{"@type":"ImageObject","inLanguage":"es","@id":"http:\/\/vientosur.top\/museo\/museo-violeta-parra-finaliza-exitosa-convocatoria-para-talleres-y-voluntariado\/#primaryimage","url":"http:\/\/vientosur.top\/museo\/wp-content\/uploads\/2017\/03\/DSC_0152.jpg","contentUrl":"http:\/\/vientosur.top\/museo\/wp-content\/uploads\/2017\/03\/DSC_0152.jpg","width":1444,"height":960},{"@type":"BreadcrumbList","@id":"http:\/\/vientosur.top\/museo\/museo-violeta-parra-finaliza-exitosa-convocatoria-para-talleres-y-voluntariado\/#breadcrumb","itemListElement":[{"@type":"ListItem","position":1,"name":"Portada","item":"http:\/\/vientosur.top\/museo\/"},{"@type":"ListItem","position":2,"name":"Museo Violeta Parra finaliza exitosa convocatoria para talleres y voluntariado"}]},{"@type":"WebSite","@id":"http:\/\/vientosur.top\/museo\/#website","url":"http:\/\/vientosur.top\/museo\/","name":"Museo Violeta Parra","description":"Espacio que alberga tanto la memoria y legado creativo de la artista","potentialAction":[{"@type":"SearchAction","target":{"@type":"EntryPoint","urlTemplate":"http:\/\/vientosur.top\/museo\/?s={search_term_string}"},"query-input":{"@type":"PropertyValueSpecification","valueRequired":true,"valueName":"search_term_string"}}],"inLanguage":"es"},{"@type":"Person","@id":"http:\/\/vientosur.top\/museo\/#\/schema\/person\/20c79d3c38800971feec8c2693c3dd9c","name":"admin","image":{"@type":"ImageObject","inLanguage":"es","@id":"http:\/\/vientosur.top\/museo\/#\/schema\/person\/image\/","url":"https:\/\/secure.gravatar.com\/avatar\/713677ece3ffa642287213a80e5b773bce9ab81c269dd6d95102a990951c922f?s=96&d=mm&r=g","contentUrl":"https:\/\/secure.gravatar.com\/avatar\/713677ece3ffa642287213a80e5b773bce9ab81c269dd6d95102a990951c922f?s=96&d=mm&r=g","caption":"admin"},"sameAs":["http:\/\/vientosur.top\/museo"],"url":"http:\/\/vientosur.top\/museo\/author\/comunicacionesmvp\/"}]}},"_links":{"self":[{"href":"http:\/\/vientosur.top\/museo\/wp-json\/wp\/v2\/posts\/3098","targetHints":{"allow":["GET"]}}],"collection":[{"href":"http:\/\/vientosur.top\/museo\/wp-json\/wp\/v2\/posts"}],"about":[{"href":"http:\/\/vientosur.top\/museo\/wp-json\/wp\/v2\/types\/post"}],"author":[{"embeddable":true,"href":"http:\/\/vientosur.top\/museo\/wp-json\/wp\/v2\/users\/5"}],"replies":[{"embeddable":true,"href":"http:\/\/vientosur.top\/museo\/wp-json\/wp\/v2\/comments?post=3098"}],"version-history":[{"count":0,"href":"http:\/\/vientosur.top\/museo\/wp-json\/wp\/v2\/posts\/3098\/revisions"}],"wp:featuredmedia":[{"embeddable":true,"href":"http:\/\/vientosur.top\/museo\/wp-json\/wp\/v2\/media\/3099"}],"wp:attachment":[{"href":"http:\/\/vientosur.top\/museo\/wp-json\/wp\/v2\/media?parent=3098"}],"wp:term":[{"taxonomy":"category","embeddable":true,"href":"http:\/\/vientosur.top\/museo\/wp-json\/wp\/v2\/categories?post=3098"},{"taxonomy":"post_tag","embeddable":true,"href":"http:\/\/vientosur.top\/museo\/wp-json\/wp\/v2\/tags?post=3098"}],"curies":[{"name":"wp","href":"https:\/\/api.w.org\/{rel}","templated":true}]}}