{"id":3122,"date":"2017-03-06T13:29:56","date_gmt":"2017-03-06T13:29:56","guid":{"rendered":"http:\/\/vientosur.top\/museo\/\/?p=3122"},"modified":"2017-03-06T13:29:56","modified_gmt":"2017-03-06T13:29:56","slug":"este-sabado-eugenia-rodriguez-presenta-su-disco-la-otra-guitarra-de-violeta-parra","status":"publish","type":"post","link":"http:\/\/vientosur.top\/museo\/este-sabado-eugenia-rodriguez-presenta-su-disco-la-otra-guitarra-de-violeta-parra\/","title":{"rendered":"Eugenia Rodr\u00edguez present\u00f3 su disco \u00abLa Otra Guitarra de Violeta Parra\u00bb"},"content":{"rendered":"<p>El s\u00e1bado 11 de marzo a las 16:00 horas se lanz\u00f3 el lanzamiento del disco \u201cLa Otra Guitarra de Violeta Parra\u201d, en el que la concertista en guitarra Eugenia Rodr\u00edguez Moretti present\u00f3 una nueva versi\u00f3n de las composiciones\u00a0para guitarra sola, las que fueron dadas a conocer el a\u00f1o 1994 en una publicaci\u00f3n de la Sociedad Chilena del Derecho de Autor, que cont\u00f3 con el respaldo del gobierno sueco y la Fundaci\u00f3n Violeta Parra.<\/p>\n<p>&nbsp;<\/p>\n<p>La mayor parte de estas obras fueron providencialmente rescatadas gracias a la grabaci\u00f3n hecha por iniciativa del Premio Nacional Miguel Letelier Vald\u00e9s en los a\u00f1os 60, las que debido a las contingencias hist\u00f3ricas de nuestro pa\u00eds permanecieron guardadas por m\u00e1s de 25 a\u00f1os.<\/p>\n<p>&nbsp;<\/p>\n<p>Este repertorio representa la faceta musical m\u00e1s transgresora de Violeta Parra, en la l\u00ednea de \u201cEl Gavil\u00e1n\u201d, develando un sorprendente dominio t\u00e9cnico y musical del instrumento. El lenguaje musical con el que Violeta Parra elabora estos temas cruza la frontera desde la m\u00fasica tradicional hacia la docta contempor\u00e1nea, al estilo de vanguardistas latinoamericanos como Ginastera, Villa Lobos, Leo Brouwer y Piazzolla.<\/p>\n<p>&nbsp;<\/p>\n<p>El disco incluye tambi\u00e9n polcas y cuecas en versiones para guitarra sola, en las que Violeta presenta la m\u00fasica de danzas del folclore chileno, en forma de micropiezas de concierto, tratadas con sencillez y refinamiento.<\/p>\n<p>&nbsp;<\/p>\n<p>Con esta producci\u00f3n, Eugenia Rodr\u00edguez Moretti tiene como objetivo visibilizar una faceta invaluable de esta gran artista chilena a 100 a\u00f1os de su nacimiento.<\/p>\n<p>&nbsp;<\/p>\n<p><iframe src=\"https:\/\/www.youtube.com\/embed\/BAq1AMDQfa8\" width=\"560\" height=\"315\" frameborder=\"0\" allowfullscreen=\"allowfullscreen\"><\/iframe><\/p>\n<p>&nbsp;<\/p>\n<p><strong>Eugenia Rodr\u00edguez presenta \u201cLa Otra Guitarra de Violeta Parra\u201d<\/strong><br \/>\nS\u00e1bado 11 de marzo<br \/>\n16:00 horas<br \/>\nAuditorio Antar<br \/>\nEntrada liberada previa inscripci\u00f3n (cierre: viernes 10 de marzo a las 16:00 horas).<\/p>\n<p>&nbsp;<\/p>\n<p>&nbsp;<\/p>\n<p>&nbsp;<\/p>\n<p>&nbsp;<\/p>\n","protected":false},"excerpt":{"rendered":"<p>El s\u00e1bado 11 de marzo a las 16:00 horas se lanz\u00f3 el lanzamiento del disco \u201cLa Otra Guitarra de Violeta Parra\u201d, en el que la concertista en guitarra Eugenia Rodr\u00edguez Moretti present\u00f3 una nueva versi\u00f3n de las composiciones\u00a0para guitarra sola, las que fueron dadas a conocer el a\u00f1o 1994 en una publicaci\u00f3n de la Sociedad [&hellip;]<\/p>\n","protected":false},"author":5,"featured_media":3200,"comment_status":"open","ping_status":"open","sticky":false,"template":"","format":"standard","meta":{"site-sidebar-layout":"default","site-content-layout":"","ast-site-content-layout":"default","site-content-style":"default","site-sidebar-style":"default","ast-global-header-display":"","ast-banner-title-visibility":"","ast-main-header-display":"","ast-hfb-above-header-display":"","ast-hfb-below-header-display":"","ast-hfb-mobile-header-display":"","site-post-title":"","ast-breadcrumbs-content":"","ast-featured-img":"","footer-sml-layout":"","theme-transparent-header-meta":"","adv-header-id-meta":"","stick-header-meta":"","header-above-stick-meta":"","header-main-stick-meta":"","header-below-stick-meta":"","astra-migrate-meta-layouts":"default","ast-page-background-enabled":"default","ast-page-background-meta":{"desktop":{"background-color":"var(--ast-global-color-4)","background-image":"","background-repeat":"repeat","background-position":"center center","background-size":"auto","background-attachment":"scroll","background-type":"","background-media":"","overlay-type":"","overlay-color":"","overlay-opacity":"","overlay-gradient":""},"tablet":{"background-color":"","background-image":"","background-repeat":"repeat","background-position":"center center","background-size":"auto","background-attachment":"scroll","background-type":"","background-media":"","overlay-type":"","overlay-color":"","overlay-opacity":"","overlay-gradient":""},"mobile":{"background-color":"","background-image":"","background-repeat":"repeat","background-position":"center center","background-size":"auto","background-attachment":"scroll","background-type":"","background-media":"","overlay-type":"","overlay-color":"","overlay-opacity":"","overlay-gradient":""}},"ast-content-background-meta":{"desktop":{"background-color":"var(--ast-global-color-5)","background-image":"","background-repeat":"repeat","background-position":"center center","background-size":"auto","background-attachment":"scroll","background-type":"","background-media":"","overlay-type":"","overlay-color":"","overlay-opacity":"","overlay-gradient":""},"tablet":{"background-color":"var(--ast-global-color-5)","background-image":"","background-repeat":"repeat","background-position":"center center","background-size":"auto","background-attachment":"scroll","background-type":"","background-media":"","overlay-type":"","overlay-color":"","overlay-opacity":"","overlay-gradient":""},"mobile":{"background-color":"var(--ast-global-color-5)","background-image":"","background-repeat":"repeat","background-position":"center center","background-size":"auto","background-attachment":"scroll","background-type":"","background-media":"","overlay-type":"","overlay-color":"","overlay-opacity":"","overlay-gradient":""}},"footnotes":""},"categories":[59,8,61],"tags":[],"class_list":["post-3122","post","type-post","status-publish","format-standard","has-post-thumbnail","hentry","category-destacado-noticia","category-noticias","category-novedades"],"yoast_head":"<!-- This site is optimized with the Yoast SEO plugin v25.4 - https:\/\/yoast.com\/wordpress\/plugins\/seo\/ -->\n<title>Eugenia Rodr\u00edguez present\u00f3 su disco &quot;La Otra Guitarra de Violeta Parra&quot; - Museo Violeta Parra<\/title>\n<meta name=\"robots\" content=\"index, follow, max-snippet:-1, max-image-preview:large, max-video-preview:-1\" \/>\n<link rel=\"canonical\" href=\"http:\/\/vientosur.top\/museo\/este-sabado-eugenia-rodriguez-presenta-su-disco-la-otra-guitarra-de-violeta-parra\/\" \/>\n<meta property=\"og:locale\" content=\"es_ES\" \/>\n<meta property=\"og:type\" content=\"article\" \/>\n<meta property=\"og:title\" content=\"Eugenia Rodr\u00edguez present\u00f3 su disco &quot;La Otra Guitarra de Violeta Parra&quot; - Museo Violeta Parra\" \/>\n<meta property=\"og:description\" content=\"El s\u00e1bado 11 de marzo a las 16:00 horas se lanz\u00f3 el lanzamiento del disco \u201cLa Otra Guitarra de Violeta Parra\u201d, en el que la concertista en guitarra Eugenia Rodr\u00edguez Moretti present\u00f3 una nueva versi\u00f3n de las composiciones\u00a0para guitarra sola, las que fueron dadas a conocer el a\u00f1o 1994 en una publicaci\u00f3n de la Sociedad [&hellip;]\" \/>\n<meta property=\"og:url\" content=\"http:\/\/vientosur.top\/museo\/este-sabado-eugenia-rodriguez-presenta-su-disco-la-otra-guitarra-de-violeta-parra\/\" \/>\n<meta property=\"og:site_name\" content=\"Museo Violeta Parra\" \/>\n<meta property=\"article:published_time\" content=\"2017-03-06T13:29:56+00:00\" \/>\n<meta property=\"og:image\" content=\"http:\/\/vientosur.top\/museo\/wp-content\/uploads\/2017\/03\/DSC_0767.jpg\" \/>\n\t<meta property=\"og:image:width\" content=\"1444\" \/>\n\t<meta property=\"og:image:height\" content=\"960\" \/>\n\t<meta property=\"og:image:type\" content=\"image\/jpeg\" \/>\n<meta name=\"author\" content=\"admin\" \/>\n<meta name=\"twitter:card\" content=\"summary_large_image\" \/>\n<meta name=\"twitter:label1\" content=\"Escrito por\" \/>\n\t<meta name=\"twitter:data1\" content=\"admin\" \/>\n\t<meta name=\"twitter:label2\" content=\"Tiempo de lectura\" \/>\n\t<meta name=\"twitter:data2\" content=\"1 minuto\" \/>\n<script type=\"application\/ld+json\" class=\"yoast-schema-graph\">{\"@context\":\"https:\/\/schema.org\",\"@graph\":[{\"@type\":\"WebPage\",\"@id\":\"http:\/\/vientosur.top\/museo\/este-sabado-eugenia-rodriguez-presenta-su-disco-la-otra-guitarra-de-violeta-parra\/\",\"url\":\"http:\/\/vientosur.top\/museo\/este-sabado-eugenia-rodriguez-presenta-su-disco-la-otra-guitarra-de-violeta-parra\/\",\"name\":\"Eugenia Rodr\u00edguez present\u00f3 su disco \\\"La Otra Guitarra de Violeta Parra\\\" - Museo Violeta Parra\",\"isPartOf\":{\"@id\":\"http:\/\/vientosur.top\/museo\/#website\"},\"primaryImageOfPage\":{\"@id\":\"http:\/\/vientosur.top\/museo\/este-sabado-eugenia-rodriguez-presenta-su-disco-la-otra-guitarra-de-violeta-parra\/#primaryimage\"},\"image\":{\"@id\":\"http:\/\/vientosur.top\/museo\/este-sabado-eugenia-rodriguez-presenta-su-disco-la-otra-guitarra-de-violeta-parra\/#primaryimage\"},\"thumbnailUrl\":\"http:\/\/vientosur.top\/museo\/wp-content\/uploads\/2017\/03\/DSC_0767.jpg\",\"datePublished\":\"2017-03-06T13:29:56+00:00\",\"author\":{\"@id\":\"http:\/\/vientosur.top\/museo\/#\/schema\/person\/20c79d3c38800971feec8c2693c3dd9c\"},\"breadcrumb\":{\"@id\":\"http:\/\/vientosur.top\/museo\/este-sabado-eugenia-rodriguez-presenta-su-disco-la-otra-guitarra-de-violeta-parra\/#breadcrumb\"},\"inLanguage\":\"es\",\"potentialAction\":[{\"@type\":\"ReadAction\",\"target\":[\"http:\/\/vientosur.top\/museo\/este-sabado-eugenia-rodriguez-presenta-su-disco-la-otra-guitarra-de-violeta-parra\/\"]}]},{\"@type\":\"ImageObject\",\"inLanguage\":\"es\",\"@id\":\"http:\/\/vientosur.top\/museo\/este-sabado-eugenia-rodriguez-presenta-su-disco-la-otra-guitarra-de-violeta-parra\/#primaryimage\",\"url\":\"http:\/\/vientosur.top\/museo\/wp-content\/uploads\/2017\/03\/DSC_0767.jpg\",\"contentUrl\":\"http:\/\/vientosur.top\/museo\/wp-content\/uploads\/2017\/03\/DSC_0767.jpg\",\"width\":1444,\"height\":960},{\"@type\":\"BreadcrumbList\",\"@id\":\"http:\/\/vientosur.top\/museo\/este-sabado-eugenia-rodriguez-presenta-su-disco-la-otra-guitarra-de-violeta-parra\/#breadcrumb\",\"itemListElement\":[{\"@type\":\"ListItem\",\"position\":1,\"name\":\"Portada\",\"item\":\"http:\/\/vientosur.top\/museo\/\"},{\"@type\":\"ListItem\",\"position\":2,\"name\":\"Eugenia Rodr\u00edguez present\u00f3 su disco \u00abLa Otra Guitarra de Violeta Parra\u00bb\"}]},{\"@type\":\"WebSite\",\"@id\":\"http:\/\/vientosur.top\/museo\/#website\",\"url\":\"http:\/\/vientosur.top\/museo\/\",\"name\":\"Museo Violeta Parra\",\"description\":\"Espacio que alberga tanto la memoria y legado creativo de la artista\",\"potentialAction\":[{\"@type\":\"SearchAction\",\"target\":{\"@type\":\"EntryPoint\",\"urlTemplate\":\"http:\/\/vientosur.top\/museo\/?s={search_term_string}\"},\"query-input\":{\"@type\":\"PropertyValueSpecification\",\"valueRequired\":true,\"valueName\":\"search_term_string\"}}],\"inLanguage\":\"es\"},{\"@type\":\"Person\",\"@id\":\"http:\/\/vientosur.top\/museo\/#\/schema\/person\/20c79d3c38800971feec8c2693c3dd9c\",\"name\":\"admin\",\"image\":{\"@type\":\"ImageObject\",\"inLanguage\":\"es\",\"@id\":\"http:\/\/vientosur.top\/museo\/#\/schema\/person\/image\/\",\"url\":\"https:\/\/secure.gravatar.com\/avatar\/713677ece3ffa642287213a80e5b773bce9ab81c269dd6d95102a990951c922f?s=96&d=mm&r=g\",\"contentUrl\":\"https:\/\/secure.gravatar.com\/avatar\/713677ece3ffa642287213a80e5b773bce9ab81c269dd6d95102a990951c922f?s=96&d=mm&r=g\",\"caption\":\"admin\"},\"sameAs\":[\"http:\/\/vientosur.top\/museo\"],\"url\":\"http:\/\/vientosur.top\/museo\/author\/comunicacionesmvp\/\"}]}<\/script>\n<!-- \/ Yoast SEO plugin. -->","yoast_head_json":{"title":"Eugenia Rodr\u00edguez present\u00f3 su disco \"La Otra Guitarra de Violeta Parra\" - Museo Violeta Parra","robots":{"index":"index","follow":"follow","max-snippet":"max-snippet:-1","max-image-preview":"max-image-preview:large","max-video-preview":"max-video-preview:-1"},"canonical":"http:\/\/vientosur.top\/museo\/este-sabado-eugenia-rodriguez-presenta-su-disco-la-otra-guitarra-de-violeta-parra\/","og_locale":"es_ES","og_type":"article","og_title":"Eugenia Rodr\u00edguez present\u00f3 su disco \"La Otra Guitarra de Violeta Parra\" - Museo Violeta Parra","og_description":"El s\u00e1bado 11 de marzo a las 16:00 horas se lanz\u00f3 el lanzamiento del disco \u201cLa Otra Guitarra de Violeta Parra\u201d, en el que la concertista en guitarra Eugenia Rodr\u00edguez Moretti present\u00f3 una nueva versi\u00f3n de las composiciones\u00a0para guitarra sola, las que fueron dadas a conocer el a\u00f1o 1994 en una publicaci\u00f3n de la Sociedad [&hellip;]","og_url":"http:\/\/vientosur.top\/museo\/este-sabado-eugenia-rodriguez-presenta-su-disco-la-otra-guitarra-de-violeta-parra\/","og_site_name":"Museo Violeta Parra","article_published_time":"2017-03-06T13:29:56+00:00","og_image":[{"width":1444,"height":960,"url":"http:\/\/vientosur.top\/museo\/wp-content\/uploads\/2017\/03\/DSC_0767.jpg","type":"image\/jpeg"}],"author":"admin","twitter_card":"summary_large_image","twitter_misc":{"Escrito por":"admin","Tiempo de lectura":"1 minuto"},"schema":{"@context":"https:\/\/schema.org","@graph":[{"@type":"WebPage","@id":"http:\/\/vientosur.top\/museo\/este-sabado-eugenia-rodriguez-presenta-su-disco-la-otra-guitarra-de-violeta-parra\/","url":"http:\/\/vientosur.top\/museo\/este-sabado-eugenia-rodriguez-presenta-su-disco-la-otra-guitarra-de-violeta-parra\/","name":"Eugenia Rodr\u00edguez present\u00f3 su disco \"La Otra Guitarra de Violeta Parra\" - Museo Violeta Parra","isPartOf":{"@id":"http:\/\/vientosur.top\/museo\/#website"},"primaryImageOfPage":{"@id":"http:\/\/vientosur.top\/museo\/este-sabado-eugenia-rodriguez-presenta-su-disco-la-otra-guitarra-de-violeta-parra\/#primaryimage"},"image":{"@id":"http:\/\/vientosur.top\/museo\/este-sabado-eugenia-rodriguez-presenta-su-disco-la-otra-guitarra-de-violeta-parra\/#primaryimage"},"thumbnailUrl":"http:\/\/vientosur.top\/museo\/wp-content\/uploads\/2017\/03\/DSC_0767.jpg","datePublished":"2017-03-06T13:29:56+00:00","author":{"@id":"http:\/\/vientosur.top\/museo\/#\/schema\/person\/20c79d3c38800971feec8c2693c3dd9c"},"breadcrumb":{"@id":"http:\/\/vientosur.top\/museo\/este-sabado-eugenia-rodriguez-presenta-su-disco-la-otra-guitarra-de-violeta-parra\/#breadcrumb"},"inLanguage":"es","potentialAction":[{"@type":"ReadAction","target":["http:\/\/vientosur.top\/museo\/este-sabado-eugenia-rodriguez-presenta-su-disco-la-otra-guitarra-de-violeta-parra\/"]}]},{"@type":"ImageObject","inLanguage":"es","@id":"http:\/\/vientosur.top\/museo\/este-sabado-eugenia-rodriguez-presenta-su-disco-la-otra-guitarra-de-violeta-parra\/#primaryimage","url":"http:\/\/vientosur.top\/museo\/wp-content\/uploads\/2017\/03\/DSC_0767.jpg","contentUrl":"http:\/\/vientosur.top\/museo\/wp-content\/uploads\/2017\/03\/DSC_0767.jpg","width":1444,"height":960},{"@type":"BreadcrumbList","@id":"http:\/\/vientosur.top\/museo\/este-sabado-eugenia-rodriguez-presenta-su-disco-la-otra-guitarra-de-violeta-parra\/#breadcrumb","itemListElement":[{"@type":"ListItem","position":1,"name":"Portada","item":"http:\/\/vientosur.top\/museo\/"},{"@type":"ListItem","position":2,"name":"Eugenia Rodr\u00edguez present\u00f3 su disco \u00abLa Otra Guitarra de Violeta Parra\u00bb"}]},{"@type":"WebSite","@id":"http:\/\/vientosur.top\/museo\/#website","url":"http:\/\/vientosur.top\/museo\/","name":"Museo Violeta Parra","description":"Espacio que alberga tanto la memoria y legado creativo de la artista","potentialAction":[{"@type":"SearchAction","target":{"@type":"EntryPoint","urlTemplate":"http:\/\/vientosur.top\/museo\/?s={search_term_string}"},"query-input":{"@type":"PropertyValueSpecification","valueRequired":true,"valueName":"search_term_string"}}],"inLanguage":"es"},{"@type":"Person","@id":"http:\/\/vientosur.top\/museo\/#\/schema\/person\/20c79d3c38800971feec8c2693c3dd9c","name":"admin","image":{"@type":"ImageObject","inLanguage":"es","@id":"http:\/\/vientosur.top\/museo\/#\/schema\/person\/image\/","url":"https:\/\/secure.gravatar.com\/avatar\/713677ece3ffa642287213a80e5b773bce9ab81c269dd6d95102a990951c922f?s=96&d=mm&r=g","contentUrl":"https:\/\/secure.gravatar.com\/avatar\/713677ece3ffa642287213a80e5b773bce9ab81c269dd6d95102a990951c922f?s=96&d=mm&r=g","caption":"admin"},"sameAs":["http:\/\/vientosur.top\/museo"],"url":"http:\/\/vientosur.top\/museo\/author\/comunicacionesmvp\/"}]}},"_links":{"self":[{"href":"http:\/\/vientosur.top\/museo\/wp-json\/wp\/v2\/posts\/3122","targetHints":{"allow":["GET"]}}],"collection":[{"href":"http:\/\/vientosur.top\/museo\/wp-json\/wp\/v2\/posts"}],"about":[{"href":"http:\/\/vientosur.top\/museo\/wp-json\/wp\/v2\/types\/post"}],"author":[{"embeddable":true,"href":"http:\/\/vientosur.top\/museo\/wp-json\/wp\/v2\/users\/5"}],"replies":[{"embeddable":true,"href":"http:\/\/vientosur.top\/museo\/wp-json\/wp\/v2\/comments?post=3122"}],"version-history":[{"count":0,"href":"http:\/\/vientosur.top\/museo\/wp-json\/wp\/v2\/posts\/3122\/revisions"}],"wp:featuredmedia":[{"embeddable":true,"href":"http:\/\/vientosur.top\/museo\/wp-json\/wp\/v2\/media\/3200"}],"wp:attachment":[{"href":"http:\/\/vientosur.top\/museo\/wp-json\/wp\/v2\/media?parent=3122"}],"wp:term":[{"taxonomy":"category","embeddable":true,"href":"http:\/\/vientosur.top\/museo\/wp-json\/wp\/v2\/categories?post=3122"},{"taxonomy":"post_tag","embeddable":true,"href":"http:\/\/vientosur.top\/museo\/wp-json\/wp\/v2\/tags?post=3122"}],"curies":[{"name":"wp","href":"https:\/\/api.w.org\/{rel}","templated":true}]}}