{"id":3132,"date":"2017-03-07T15:00:18","date_gmt":"2017-03-07T15:00:18","guid":{"rendered":"http:\/\/vientosur.top\/museo\/\/?p=3132"},"modified":"2017-03-07T15:00:18","modified_gmt":"2017-03-07T15:00:18","slug":"museo-violeta-parra-conmemorara-el-dia-de-la-mujer-con-visita-a-valparaiso-e-intervencion-de-la-muestra","status":"publish","type":"post","link":"http:\/\/vientosur.top\/museo\/museo-violeta-parra-conmemorara-el-dia-de-la-mujer-con-visita-a-valparaiso-e-intervencion-de-la-muestra\/","title":{"rendered":"Museo Violeta Parra conmemor\u00f3 el D\u00eda de la Mujer con visita a Valpara\u00edso e intervenci\u00f3n de la muestra"},"content":{"rendered":"<p>El mi\u00e9rcoles 8 de marzo el Museo ofreci\u00f3\u00a0una visita grupal con enfoque de g\u00e9nero a las 12:00 y a las 16:00 horas. A su vez, un equipo del \u00e1rea de Educaci\u00f3n particip\u00f3 \u2014entre las 11:00 y las 14:00 horas\u2014 con la Maleta de Violeta en\u00a0la jornada de conmemoraci\u00f3n del D\u00eda Internacional de la Mujer que se realiz\u00f3 en el Parque Cultural de Valpara\u00edso.<\/p>\n<p>&nbsp;<\/p>\n<p>El jueves 9 por la ma\u00f1ana Claudia Pascual, Ministra de la Mujer y la Equidad de G\u00e9nero; Marcos Barraza, Ministro de Desarrollo Social y Cecilia Garc\u00eda-Huidobro, Directora del Museo Violeta Parra, inauguraron la intervenci\u00f3n de la Sala Divina con un texto e im\u00e1genes alusivas a la presencia del g\u00e9nero femenino en la obra visual de Violeta Parra.Este acto privado se realiz\u00f3 luego del Desayuno Participativo organizado por el Instituto Nacional de la Juventud, en el que alrededor de 60 l\u00edderes conversar\u00e1n con las autoridades sobre el rol de la mujer en la sociedad actual.<\/p>\n<p>&nbsp;<\/p>\n<p><a href=\"http:\/\/vientosur.top\/museo\/\/wp-content\/uploads\/2017\/03\/Recorridos-MARZO.jpg\"><img fetchpriority=\"high\" decoding=\"async\" class=\"alignleft wp-image-3135\" src=\"http:\/\/vientosur.top\/museo\/\/wp-content\/uploads\/2017\/03\/Recorridos-MARZO-1024x563.jpg\" alt=\"Recorridos MARZO\" width=\"870\" height=\"479\" \/><\/a><\/p>\n<p>&nbsp;<\/p>\n<p>&nbsp;<\/p>\n<p>&nbsp;<\/p>\n<p><strong>Visitas grupales durante todo el mes\u00a0<\/strong><\/p>\n<p>&nbsp;<\/p>\n<p>En marzo, el Museo ofrecer\u00e1 recorridos gratuitos de martes a viernes a las 12:00 y 16:00 horas. La visita\u00a0tendr\u00e1 un cupo m\u00e1ximo de 25 personas y durar\u00e1 45 minutos. La participaci\u00f3n es gratuita y por orden de llegada. El objetivo es mostrar el legado sociocultural de Violeta Parra, explorando sus antecedentes biogr\u00e1ficos, su incursi\u00f3n en \u00e1mbitos tradicionalmente masculinos y su rol como una figura transgresora de c\u00f3digos establecidos sobre identidad femenina, c\u00e1nones art\u00edsticos, est\u00e9ticos, morales o religiosos.<\/p>\n<p>&nbsp;<\/p>\n<p>&nbsp;<\/p>\n","protected":false},"excerpt":{"rendered":"<p>El mi\u00e9rcoles 8 de marzo el Museo ofreci\u00f3\u00a0una visita grupal con enfoque de g\u00e9nero a las 12:00 y a las 16:00 horas. A su vez, un equipo del \u00e1rea de Educaci\u00f3n particip\u00f3 \u2014entre las 11:00 y las 14:00 horas\u2014 con la Maleta de Violeta en\u00a0la jornada de conmemoraci\u00f3n del D\u00eda Internacional de la Mujer que [&hellip;]<\/p>\n","protected":false},"author":5,"featured_media":2938,"comment_status":"open","ping_status":"open","sticky":false,"template":"","format":"standard","meta":{"site-sidebar-layout":"default","site-content-layout":"","ast-site-content-layout":"default","site-content-style":"default","site-sidebar-style":"default","ast-global-header-display":"","ast-banner-title-visibility":"","ast-main-header-display":"","ast-hfb-above-header-display":"","ast-hfb-below-header-display":"","ast-hfb-mobile-header-display":"","site-post-title":"","ast-breadcrumbs-content":"","ast-featured-img":"","footer-sml-layout":"","theme-transparent-header-meta":"","adv-header-id-meta":"","stick-header-meta":"","header-above-stick-meta":"","header-main-stick-meta":"","header-below-stick-meta":"","astra-migrate-meta-layouts":"default","ast-page-background-enabled":"default","ast-page-background-meta":{"desktop":{"background-color":"var(--ast-global-color-4)","background-image":"","background-repeat":"repeat","background-position":"center center","background-size":"auto","background-attachment":"scroll","background-type":"","background-media":"","overlay-type":"","overlay-color":"","overlay-opacity":"","overlay-gradient":""},"tablet":{"background-color":"","background-image":"","background-repeat":"repeat","background-position":"center center","background-size":"auto","background-attachment":"scroll","background-type":"","background-media":"","overlay-type":"","overlay-color":"","overlay-opacity":"","overlay-gradient":""},"mobile":{"background-color":"","background-image":"","background-repeat":"repeat","background-position":"center center","background-size":"auto","background-attachment":"scroll","background-type":"","background-media":"","overlay-type":"","overlay-color":"","overlay-opacity":"","overlay-gradient":""}},"ast-content-background-meta":{"desktop":{"background-color":"var(--ast-global-color-5)","background-image":"","background-repeat":"repeat","background-position":"center center","background-size":"auto","background-attachment":"scroll","background-type":"","background-media":"","overlay-type":"","overlay-color":"","overlay-opacity":"","overlay-gradient":""},"tablet":{"background-color":"var(--ast-global-color-5)","background-image":"","background-repeat":"repeat","background-position":"center center","background-size":"auto","background-attachment":"scroll","background-type":"","background-media":"","overlay-type":"","overlay-color":"","overlay-opacity":"","overlay-gradient":""},"mobile":{"background-color":"var(--ast-global-color-5)","background-image":"","background-repeat":"repeat","background-position":"center center","background-size":"auto","background-attachment":"scroll","background-type":"","background-media":"","overlay-type":"","overlay-color":"","overlay-opacity":"","overlay-gradient":""}},"footnotes":""},"categories":[59,8,61],"tags":[],"class_list":["post-3132","post","type-post","status-publish","format-standard","has-post-thumbnail","hentry","category-destacado-noticia","category-noticias","category-novedades"],"yoast_head":"<!-- This site is optimized with the Yoast SEO plugin v25.4 - https:\/\/yoast.com\/wordpress\/plugins\/seo\/ -->\n<title>Museo Violeta Parra conmemor\u00f3 el D\u00eda de la Mujer con visita a Valpara\u00edso e intervenci\u00f3n de la muestra - Museo Violeta Parra<\/title>\n<meta name=\"robots\" content=\"index, follow, max-snippet:-1, max-image-preview:large, max-video-preview:-1\" \/>\n<link rel=\"canonical\" href=\"http:\/\/vientosur.top\/museo\/museo-violeta-parra-conmemorara-el-dia-de-la-mujer-con-visita-a-valparaiso-e-intervencion-de-la-muestra\/\" \/>\n<meta property=\"og:locale\" content=\"es_ES\" \/>\n<meta property=\"og:type\" content=\"article\" \/>\n<meta property=\"og:title\" content=\"Museo Violeta Parra conmemor\u00f3 el D\u00eda de la Mujer con visita a Valpara\u00edso e intervenci\u00f3n de la muestra - Museo Violeta Parra\" \/>\n<meta property=\"og:description\" content=\"El mi\u00e9rcoles 8 de marzo el Museo ofreci\u00f3\u00a0una visita grupal con enfoque de g\u00e9nero a las 12:00 y a las 16:00 horas. A su vez, un equipo del \u00e1rea de Educaci\u00f3n particip\u00f3 \u2014entre las 11:00 y las 14:00 horas\u2014 con la Maleta de Violeta en\u00a0la jornada de conmemoraci\u00f3n del D\u00eda Internacional de la Mujer que [&hellip;]\" \/>\n<meta property=\"og:url\" content=\"http:\/\/vientosur.top\/museo\/museo-violeta-parra-conmemorara-el-dia-de-la-mujer-con-visita-a-valparaiso-e-intervencion-de-la-muestra\/\" \/>\n<meta property=\"og:site_name\" content=\"Museo Violeta Parra\" \/>\n<meta property=\"article:published_time\" content=\"2017-03-07T15:00:18+00:00\" \/>\n<meta property=\"og:image\" content=\"http:\/\/vientosur.top\/museo\/wp-content\/uploads\/2017\/02\/Violetta_Parra_3-scaled.jpg\" \/>\n\t<meta property=\"og:image:width\" content=\"2560\" \/>\n\t<meta property=\"og:image:height\" content=\"1888\" \/>\n\t<meta property=\"og:image:type\" content=\"image\/jpeg\" \/>\n<meta name=\"author\" content=\"admin\" \/>\n<meta name=\"twitter:card\" content=\"summary_large_image\" \/>\n<meta name=\"twitter:label1\" content=\"Escrito por\" \/>\n\t<meta name=\"twitter:data1\" content=\"admin\" \/>\n\t<meta name=\"twitter:label2\" content=\"Tiempo de lectura\" \/>\n\t<meta name=\"twitter:data2\" content=\"1 minuto\" \/>\n<script type=\"application\/ld+json\" class=\"yoast-schema-graph\">{\"@context\":\"https:\/\/schema.org\",\"@graph\":[{\"@type\":\"WebPage\",\"@id\":\"http:\/\/vientosur.top\/museo\/museo-violeta-parra-conmemorara-el-dia-de-la-mujer-con-visita-a-valparaiso-e-intervencion-de-la-muestra\/\",\"url\":\"http:\/\/vientosur.top\/museo\/museo-violeta-parra-conmemorara-el-dia-de-la-mujer-con-visita-a-valparaiso-e-intervencion-de-la-muestra\/\",\"name\":\"Museo Violeta Parra conmemor\u00f3 el D\u00eda de la Mujer con visita a Valpara\u00edso e intervenci\u00f3n de la muestra - Museo Violeta Parra\",\"isPartOf\":{\"@id\":\"http:\/\/vientosur.top\/museo\/#website\"},\"primaryImageOfPage\":{\"@id\":\"http:\/\/vientosur.top\/museo\/museo-violeta-parra-conmemorara-el-dia-de-la-mujer-con-visita-a-valparaiso-e-intervencion-de-la-muestra\/#primaryimage\"},\"image\":{\"@id\":\"http:\/\/vientosur.top\/museo\/museo-violeta-parra-conmemorara-el-dia-de-la-mujer-con-visita-a-valparaiso-e-intervencion-de-la-muestra\/#primaryimage\"},\"thumbnailUrl\":\"http:\/\/vientosur.top\/museo\/wp-content\/uploads\/2017\/02\/Violetta_Parra_3-scaled.jpg\",\"datePublished\":\"2017-03-07T15:00:18+00:00\",\"author\":{\"@id\":\"http:\/\/vientosur.top\/museo\/#\/schema\/person\/20c79d3c38800971feec8c2693c3dd9c\"},\"breadcrumb\":{\"@id\":\"http:\/\/vientosur.top\/museo\/museo-violeta-parra-conmemorara-el-dia-de-la-mujer-con-visita-a-valparaiso-e-intervencion-de-la-muestra\/#breadcrumb\"},\"inLanguage\":\"es\",\"potentialAction\":[{\"@type\":\"ReadAction\",\"target\":[\"http:\/\/vientosur.top\/museo\/museo-violeta-parra-conmemorara-el-dia-de-la-mujer-con-visita-a-valparaiso-e-intervencion-de-la-muestra\/\"]}]},{\"@type\":\"ImageObject\",\"inLanguage\":\"es\",\"@id\":\"http:\/\/vientosur.top\/museo\/museo-violeta-parra-conmemorara-el-dia-de-la-mujer-con-visita-a-valparaiso-e-intervencion-de-la-muestra\/#primaryimage\",\"url\":\"http:\/\/vientosur.top\/museo\/wp-content\/uploads\/2017\/02\/Violetta_Parra_3-scaled.jpg\",\"contentUrl\":\"http:\/\/vientosur.top\/museo\/wp-content\/uploads\/2017\/02\/Violetta_Parra_3-scaled.jpg\",\"width\":2560,\"height\":1888},{\"@type\":\"BreadcrumbList\",\"@id\":\"http:\/\/vientosur.top\/museo\/museo-violeta-parra-conmemorara-el-dia-de-la-mujer-con-visita-a-valparaiso-e-intervencion-de-la-muestra\/#breadcrumb\",\"itemListElement\":[{\"@type\":\"ListItem\",\"position\":1,\"name\":\"Portada\",\"item\":\"http:\/\/vientosur.top\/museo\/\"},{\"@type\":\"ListItem\",\"position\":2,\"name\":\"Museo Violeta Parra conmemor\u00f3 el D\u00eda de la Mujer con visita a Valpara\u00edso e intervenci\u00f3n de la muestra\"}]},{\"@type\":\"WebSite\",\"@id\":\"http:\/\/vientosur.top\/museo\/#website\",\"url\":\"http:\/\/vientosur.top\/museo\/\",\"name\":\"Museo Violeta Parra\",\"description\":\"Espacio que alberga tanto la memoria y legado creativo de la artista\",\"potentialAction\":[{\"@type\":\"SearchAction\",\"target\":{\"@type\":\"EntryPoint\",\"urlTemplate\":\"http:\/\/vientosur.top\/museo\/?s={search_term_string}\"},\"query-input\":{\"@type\":\"PropertyValueSpecification\",\"valueRequired\":true,\"valueName\":\"search_term_string\"}}],\"inLanguage\":\"es\"},{\"@type\":\"Person\",\"@id\":\"http:\/\/vientosur.top\/museo\/#\/schema\/person\/20c79d3c38800971feec8c2693c3dd9c\",\"name\":\"admin\",\"image\":{\"@type\":\"ImageObject\",\"inLanguage\":\"es\",\"@id\":\"http:\/\/vientosur.top\/museo\/#\/schema\/person\/image\/\",\"url\":\"https:\/\/secure.gravatar.com\/avatar\/713677ece3ffa642287213a80e5b773bce9ab81c269dd6d95102a990951c922f?s=96&d=mm&r=g\",\"contentUrl\":\"https:\/\/secure.gravatar.com\/avatar\/713677ece3ffa642287213a80e5b773bce9ab81c269dd6d95102a990951c922f?s=96&d=mm&r=g\",\"caption\":\"admin\"},\"sameAs\":[\"http:\/\/vientosur.top\/museo\"],\"url\":\"http:\/\/vientosur.top\/museo\/author\/comunicacionesmvp\/\"}]}<\/script>\n<!-- \/ Yoast SEO plugin. -->","yoast_head_json":{"title":"Museo Violeta Parra conmemor\u00f3 el D\u00eda de la Mujer con visita a Valpara\u00edso e intervenci\u00f3n de la muestra - Museo Violeta Parra","robots":{"index":"index","follow":"follow","max-snippet":"max-snippet:-1","max-image-preview":"max-image-preview:large","max-video-preview":"max-video-preview:-1"},"canonical":"http:\/\/vientosur.top\/museo\/museo-violeta-parra-conmemorara-el-dia-de-la-mujer-con-visita-a-valparaiso-e-intervencion-de-la-muestra\/","og_locale":"es_ES","og_type":"article","og_title":"Museo Violeta Parra conmemor\u00f3 el D\u00eda de la Mujer con visita a Valpara\u00edso e intervenci\u00f3n de la muestra - Museo Violeta Parra","og_description":"El mi\u00e9rcoles 8 de marzo el Museo ofreci\u00f3\u00a0una visita grupal con enfoque de g\u00e9nero a las 12:00 y a las 16:00 horas. A su vez, un equipo del \u00e1rea de Educaci\u00f3n particip\u00f3 \u2014entre las 11:00 y las 14:00 horas\u2014 con la Maleta de Violeta en\u00a0la jornada de conmemoraci\u00f3n del D\u00eda Internacional de la Mujer que [&hellip;]","og_url":"http:\/\/vientosur.top\/museo\/museo-violeta-parra-conmemorara-el-dia-de-la-mujer-con-visita-a-valparaiso-e-intervencion-de-la-muestra\/","og_site_name":"Museo Violeta Parra","article_published_time":"2017-03-07T15:00:18+00:00","og_image":[{"width":2560,"height":1888,"url":"http:\/\/vientosur.top\/museo\/wp-content\/uploads\/2017\/02\/Violetta_Parra_3-scaled.jpg","type":"image\/jpeg"}],"author":"admin","twitter_card":"summary_large_image","twitter_misc":{"Escrito por":"admin","Tiempo de lectura":"1 minuto"},"schema":{"@context":"https:\/\/schema.org","@graph":[{"@type":"WebPage","@id":"http:\/\/vientosur.top\/museo\/museo-violeta-parra-conmemorara-el-dia-de-la-mujer-con-visita-a-valparaiso-e-intervencion-de-la-muestra\/","url":"http:\/\/vientosur.top\/museo\/museo-violeta-parra-conmemorara-el-dia-de-la-mujer-con-visita-a-valparaiso-e-intervencion-de-la-muestra\/","name":"Museo Violeta Parra conmemor\u00f3 el D\u00eda de la Mujer con visita a Valpara\u00edso e intervenci\u00f3n de la muestra - Museo Violeta Parra","isPartOf":{"@id":"http:\/\/vientosur.top\/museo\/#website"},"primaryImageOfPage":{"@id":"http:\/\/vientosur.top\/museo\/museo-violeta-parra-conmemorara-el-dia-de-la-mujer-con-visita-a-valparaiso-e-intervencion-de-la-muestra\/#primaryimage"},"image":{"@id":"http:\/\/vientosur.top\/museo\/museo-violeta-parra-conmemorara-el-dia-de-la-mujer-con-visita-a-valparaiso-e-intervencion-de-la-muestra\/#primaryimage"},"thumbnailUrl":"http:\/\/vientosur.top\/museo\/wp-content\/uploads\/2017\/02\/Violetta_Parra_3-scaled.jpg","datePublished":"2017-03-07T15:00:18+00:00","author":{"@id":"http:\/\/vientosur.top\/museo\/#\/schema\/person\/20c79d3c38800971feec8c2693c3dd9c"},"breadcrumb":{"@id":"http:\/\/vientosur.top\/museo\/museo-violeta-parra-conmemorara-el-dia-de-la-mujer-con-visita-a-valparaiso-e-intervencion-de-la-muestra\/#breadcrumb"},"inLanguage":"es","potentialAction":[{"@type":"ReadAction","target":["http:\/\/vientosur.top\/museo\/museo-violeta-parra-conmemorara-el-dia-de-la-mujer-con-visita-a-valparaiso-e-intervencion-de-la-muestra\/"]}]},{"@type":"ImageObject","inLanguage":"es","@id":"http:\/\/vientosur.top\/museo\/museo-violeta-parra-conmemorara-el-dia-de-la-mujer-con-visita-a-valparaiso-e-intervencion-de-la-muestra\/#primaryimage","url":"http:\/\/vientosur.top\/museo\/wp-content\/uploads\/2017\/02\/Violetta_Parra_3-scaled.jpg","contentUrl":"http:\/\/vientosur.top\/museo\/wp-content\/uploads\/2017\/02\/Violetta_Parra_3-scaled.jpg","width":2560,"height":1888},{"@type":"BreadcrumbList","@id":"http:\/\/vientosur.top\/museo\/museo-violeta-parra-conmemorara-el-dia-de-la-mujer-con-visita-a-valparaiso-e-intervencion-de-la-muestra\/#breadcrumb","itemListElement":[{"@type":"ListItem","position":1,"name":"Portada","item":"http:\/\/vientosur.top\/museo\/"},{"@type":"ListItem","position":2,"name":"Museo Violeta Parra conmemor\u00f3 el D\u00eda de la Mujer con visita a Valpara\u00edso e intervenci\u00f3n de la muestra"}]},{"@type":"WebSite","@id":"http:\/\/vientosur.top\/museo\/#website","url":"http:\/\/vientosur.top\/museo\/","name":"Museo Violeta Parra","description":"Espacio que alberga tanto la memoria y legado creativo de la artista","potentialAction":[{"@type":"SearchAction","target":{"@type":"EntryPoint","urlTemplate":"http:\/\/vientosur.top\/museo\/?s={search_term_string}"},"query-input":{"@type":"PropertyValueSpecification","valueRequired":true,"valueName":"search_term_string"}}],"inLanguage":"es"},{"@type":"Person","@id":"http:\/\/vientosur.top\/museo\/#\/schema\/person\/20c79d3c38800971feec8c2693c3dd9c","name":"admin","image":{"@type":"ImageObject","inLanguage":"es","@id":"http:\/\/vientosur.top\/museo\/#\/schema\/person\/image\/","url":"https:\/\/secure.gravatar.com\/avatar\/713677ece3ffa642287213a80e5b773bce9ab81c269dd6d95102a990951c922f?s=96&d=mm&r=g","contentUrl":"https:\/\/secure.gravatar.com\/avatar\/713677ece3ffa642287213a80e5b773bce9ab81c269dd6d95102a990951c922f?s=96&d=mm&r=g","caption":"admin"},"sameAs":["http:\/\/vientosur.top\/museo"],"url":"http:\/\/vientosur.top\/museo\/author\/comunicacionesmvp\/"}]}},"_links":{"self":[{"href":"http:\/\/vientosur.top\/museo\/wp-json\/wp\/v2\/posts\/3132","targetHints":{"allow":["GET"]}}],"collection":[{"href":"http:\/\/vientosur.top\/museo\/wp-json\/wp\/v2\/posts"}],"about":[{"href":"http:\/\/vientosur.top\/museo\/wp-json\/wp\/v2\/types\/post"}],"author":[{"embeddable":true,"href":"http:\/\/vientosur.top\/museo\/wp-json\/wp\/v2\/users\/5"}],"replies":[{"embeddable":true,"href":"http:\/\/vientosur.top\/museo\/wp-json\/wp\/v2\/comments?post=3132"}],"version-history":[{"count":0,"href":"http:\/\/vientosur.top\/museo\/wp-json\/wp\/v2\/posts\/3132\/revisions"}],"wp:featuredmedia":[{"embeddable":true,"href":"http:\/\/vientosur.top\/museo\/wp-json\/wp\/v2\/media\/2938"}],"wp:attachment":[{"href":"http:\/\/vientosur.top\/museo\/wp-json\/wp\/v2\/media?parent=3132"}],"wp:term":[{"taxonomy":"category","embeddable":true,"href":"http:\/\/vientosur.top\/museo\/wp-json\/wp\/v2\/categories?post=3132"},{"taxonomy":"post_tag","embeddable":true,"href":"http:\/\/vientosur.top\/museo\/wp-json\/wp\/v2\/tags?post=3132"}],"curies":[{"name":"wp","href":"https:\/\/api.w.org\/{rel}","templated":true}]}}