{"id":3152,"date":"2017-03-07T21:11:13","date_gmt":"2017-03-07T21:11:13","guid":{"rendered":"http:\/\/vientosur.top\/museo\/\/?p=3152"},"modified":"2017-03-07T21:11:13","modified_gmt":"2017-03-07T21:11:13","slug":"exito-total-isabel-parra-tita-parra-e-inti-illimani-homenajearon-a-violeta-en-el-teatro-municipal-de-santiago","status":"publish","type":"post","link":"http:\/\/vientosur.top\/museo\/exito-total-isabel-parra-tita-parra-e-inti-illimani-homenajearon-a-violeta-en-el-teatro-municipal-de-santiago\/","title":{"rendered":"\u00c9xito total: Isabel Parra, Tita Parra e Inti Illimani homenajearon a Violeta en el Teatro Municipal de Santiago"},"content":{"rendered":"<p>Por poco m\u00e1s de dos horas se extendi\u00f3 el exitoso espect\u00e1culo organizado por el Consejo\u00a0 Nacional de la Cultura y las Artes (CNCA), la Fundaci\u00f3n Violeta Parra y el Teatro Municipal de Santiago, para homenajear a Violeta Parra cuando se cumplen 100 a\u00f1os de su nacimiento. La pieza elegida fue la cantata \u201cCanto para una semilla\u201d, interpretada por el grupo Inti Illimani, Isabel y Tita Parra, quienes luego compartieron escenario con otros destacados m\u00fasicos de la escena nacional como invitados, entre ellos Manuel Garc\u00eda, Consuelo Schuster y Paz Binimelis.<\/p>\n<p>&nbsp;<\/p>\n<p>El Ministro de Cultura, Ernesto Ottone R., destac\u00f3 esta producci\u00f3n conjunta entre el CNCA y el Municipal de Santiago ya que da inicio formalmente a las conmemoraciones coordinadas para el 2017, luego de las iniciativas que se realizaron durante el verano. \u201cEste espect\u00e1culo es el puntapi\u00e9 inicial del a\u00f1o, para lo cual quisimos poner en escena una obra emblem\u00e1tica, interpretada por Inti Illimani, Isabel y Tita Parra. Estamos muy contentos de que una figura fundamental para la cultura chilena como es Violeta haya podido ser homenajeada exitosamente en un escenario como el Municipal\u201d.<\/p>\n<p>&nbsp;<\/p>\n<p>El homenaje a la autora de \u201cGracias a la vida\u201d, \u201cRun Run se fue pa\u2019l norte\u201d y \u201cArriba quemando el sol\u201d comenz\u00f3 con \u201cCanto para una Semilla\u201d, del compositor Luis Advis, obra que recoge la dualidad canto-vida en etapas que la misma artista postul\u00f3 en sus d\u00e9cimas. Versos que profundizan sobre la familia, la infancia, el amor, la muerte y la esperanza -entre otros temas- ser\u00e1n relatados por la reconocida actriz Tamara Acosta.<\/p>\n<p>&nbsp;<\/p>\n<p>Esta pieza musical -que fue escrita a fines de 1971 y estrenada en diciembre de 1972 en el Teatro Antonio Varas- tuvo por motivaci\u00f3n fundamental expresar la profunda admiraci\u00f3n que sent\u00eda el autor de la Cantata Santa Mar\u00eda de Iquique por la poes\u00eda y la personalidad de la cantautora.<\/p>\n<p>&nbsp;<\/p>\n<p>Luego de esta interpretaci\u00f3n, que se extendi\u00f3 por cerca de 40 minutos y\u00a0 estuvo en manos de Inti Illimani, Isabel y Tita Parra, subieron a escena los cantantes invitados: Manuel Garc\u00eda, Consuelo Schuster y Paz Binimelis, quienes tambi\u00e9n se llevaron los aplausos de un Municipal que en enero pasado agot\u00f3 sus entradas para este espect\u00e1culo.<\/p>\n<p>&nbsp;<\/p>\n<p>&nbsp;<\/p>\n<p><a href=\"http:\/\/www.cultura.gob.cl\/actualidad\/con-lleno-total-consejo-de-la-cultura-presento-historico-homenaje-a-violeta-parra-en-el-municipal-de-santiago\/\" target=\"_blank\" rel=\"noopener noreferrer\">Leer noticia original publicada por el Consejo Nacional de la Cultura y las Artes<br \/>\n<\/a><a href=\"https:\/\/www.flickr.com\/photos\/consejocultura\/albums\/72157677731126623\" target=\"_blank\" rel=\"noopener noreferrer\">Ver galer\u00eda de im\u00e1genes del concierto por Natalia Espina (CNCA)<\/a><\/p>\n","protected":false},"excerpt":{"rendered":"<p>Por poco m\u00e1s de dos horas se extendi\u00f3 el exitoso espect\u00e1culo organizado por el Consejo\u00a0 Nacional de la Cultura y las Artes (CNCA), la Fundaci\u00f3n Violeta Parra y el Teatro Municipal de Santiago, para homenajear a Violeta Parra cuando se cumplen 100 a\u00f1os de su nacimiento. La pieza elegida fue la cantata \u201cCanto para una [&hellip;]<\/p>\n","protected":false},"author":5,"featured_media":3153,"comment_status":"open","ping_status":"open","sticky":false,"template":"","format":"standard","meta":{"site-sidebar-layout":"default","site-content-layout":"","ast-site-content-layout":"default","site-content-style":"default","site-sidebar-style":"default","ast-global-header-display":"","ast-banner-title-visibility":"","ast-main-header-display":"","ast-hfb-above-header-display":"","ast-hfb-below-header-display":"","ast-hfb-mobile-header-display":"","site-post-title":"","ast-breadcrumbs-content":"","ast-featured-img":"","footer-sml-layout":"","theme-transparent-header-meta":"","adv-header-id-meta":"","stick-header-meta":"","header-above-stick-meta":"","header-main-stick-meta":"","header-below-stick-meta":"","astra-migrate-meta-layouts":"default","ast-page-background-enabled":"default","ast-page-background-meta":{"desktop":{"background-color":"var(--ast-global-color-4)","background-image":"","background-repeat":"repeat","background-position":"center center","background-size":"auto","background-attachment":"scroll","background-type":"","background-media":"","overlay-type":"","overlay-color":"","overlay-opacity":"","overlay-gradient":""},"tablet":{"background-color":"","background-image":"","background-repeat":"repeat","background-position":"center center","background-size":"auto","background-attachment":"scroll","background-type":"","background-media":"","overlay-type":"","overlay-color":"","overlay-opacity":"","overlay-gradient":""},"mobile":{"background-color":"","background-image":"","background-repeat":"repeat","background-position":"center center","background-size":"auto","background-attachment":"scroll","background-type":"","background-media":"","overlay-type":"","overlay-color":"","overlay-opacity":"","overlay-gradient":""}},"ast-content-background-meta":{"desktop":{"background-color":"var(--ast-global-color-5)","background-image":"","background-repeat":"repeat","background-position":"center center","background-size":"auto","background-attachment":"scroll","background-type":"","background-media":"","overlay-type":"","overlay-color":"","overlay-opacity":"","overlay-gradient":""},"tablet":{"background-color":"var(--ast-global-color-5)","background-image":"","background-repeat":"repeat","background-position":"center center","background-size":"auto","background-attachment":"scroll","background-type":"","background-media":"","overlay-type":"","overlay-color":"","overlay-opacity":"","overlay-gradient":""},"mobile":{"background-color":"var(--ast-global-color-5)","background-image":"","background-repeat":"repeat","background-position":"center center","background-size":"auto","background-attachment":"scroll","background-type":"","background-media":"","overlay-type":"","overlay-color":"","overlay-opacity":"","overlay-gradient":""}},"footnotes":""},"categories":[59,8,61],"tags":[],"class_list":["post-3152","post","type-post","status-publish","format-standard","has-post-thumbnail","hentry","category-destacado-noticia","category-noticias","category-novedades"],"yoast_head":"<!-- This site is optimized with the Yoast SEO plugin v25.4 - https:\/\/yoast.com\/wordpress\/plugins\/seo\/ -->\n<title>\u00c9xito total: Isabel Parra, Tita Parra e Inti Illimani homenajearon a Violeta en el Teatro Municipal de Santiago - Museo Violeta Parra<\/title>\n<meta name=\"robots\" content=\"index, follow, max-snippet:-1, max-image-preview:large, max-video-preview:-1\" \/>\n<link rel=\"canonical\" href=\"http:\/\/vientosur.top\/museo\/exito-total-isabel-parra-tita-parra-e-inti-illimani-homenajearon-a-violeta-en-el-teatro-municipal-de-santiago\/\" \/>\n<meta property=\"og:locale\" content=\"es_ES\" \/>\n<meta property=\"og:type\" content=\"article\" \/>\n<meta property=\"og:title\" content=\"\u00c9xito total: Isabel Parra, Tita Parra e Inti Illimani homenajearon a Violeta en el Teatro Municipal de Santiago - Museo Violeta Parra\" \/>\n<meta property=\"og:description\" content=\"Por poco m\u00e1s de dos horas se extendi\u00f3 el exitoso espect\u00e1culo organizado por el Consejo\u00a0 Nacional de la Cultura y las Artes (CNCA), la Fundaci\u00f3n Violeta Parra y el Teatro Municipal de Santiago, para homenajear a Violeta Parra cuando se cumplen 100 a\u00f1os de su nacimiento. La pieza elegida fue la cantata \u201cCanto para una [&hellip;]\" \/>\n<meta property=\"og:url\" content=\"http:\/\/vientosur.top\/museo\/exito-total-isabel-parra-tita-parra-e-inti-illimani-homenajearon-a-violeta-en-el-teatro-municipal-de-santiago\/\" \/>\n<meta property=\"og:site_name\" content=\"Museo Violeta Parra\" \/>\n<meta property=\"article:published_time\" content=\"2017-03-07T21:11:13+00:00\" \/>\n<meta property=\"og:image\" content=\"http:\/\/vientosur.top\/museo\/wp-content\/uploads\/2017\/03\/32462612414_3ce44c10f4_o-scaled.jpg\" \/>\n\t<meta property=\"og:image:width\" content=\"2560\" \/>\n\t<meta property=\"og:image:height\" content=\"1707\" \/>\n\t<meta property=\"og:image:type\" content=\"image\/jpeg\" \/>\n<meta name=\"author\" content=\"admin\" \/>\n<meta name=\"twitter:card\" content=\"summary_large_image\" \/>\n<meta name=\"twitter:label1\" content=\"Escrito por\" \/>\n\t<meta name=\"twitter:data1\" content=\"admin\" \/>\n\t<meta name=\"twitter:label2\" content=\"Tiempo de lectura\" \/>\n\t<meta name=\"twitter:data2\" content=\"2 minutos\" \/>\n<script type=\"application\/ld+json\" class=\"yoast-schema-graph\">{\"@context\":\"https:\/\/schema.org\",\"@graph\":[{\"@type\":\"WebPage\",\"@id\":\"http:\/\/vientosur.top\/museo\/exito-total-isabel-parra-tita-parra-e-inti-illimani-homenajearon-a-violeta-en-el-teatro-municipal-de-santiago\/\",\"url\":\"http:\/\/vientosur.top\/museo\/exito-total-isabel-parra-tita-parra-e-inti-illimani-homenajearon-a-violeta-en-el-teatro-municipal-de-santiago\/\",\"name\":\"\u00c9xito total: Isabel Parra, Tita Parra e Inti Illimani homenajearon a Violeta en el Teatro Municipal de Santiago - Museo Violeta Parra\",\"isPartOf\":{\"@id\":\"http:\/\/vientosur.top\/museo\/#website\"},\"primaryImageOfPage\":{\"@id\":\"http:\/\/vientosur.top\/museo\/exito-total-isabel-parra-tita-parra-e-inti-illimani-homenajearon-a-violeta-en-el-teatro-municipal-de-santiago\/#primaryimage\"},\"image\":{\"@id\":\"http:\/\/vientosur.top\/museo\/exito-total-isabel-parra-tita-parra-e-inti-illimani-homenajearon-a-violeta-en-el-teatro-municipal-de-santiago\/#primaryimage\"},\"thumbnailUrl\":\"http:\/\/vientosur.top\/museo\/wp-content\/uploads\/2017\/03\/32462612414_3ce44c10f4_o-scaled.jpg\",\"datePublished\":\"2017-03-07T21:11:13+00:00\",\"author\":{\"@id\":\"http:\/\/vientosur.top\/museo\/#\/schema\/person\/20c79d3c38800971feec8c2693c3dd9c\"},\"breadcrumb\":{\"@id\":\"http:\/\/vientosur.top\/museo\/exito-total-isabel-parra-tita-parra-e-inti-illimani-homenajearon-a-violeta-en-el-teatro-municipal-de-santiago\/#breadcrumb\"},\"inLanguage\":\"es\",\"potentialAction\":[{\"@type\":\"ReadAction\",\"target\":[\"http:\/\/vientosur.top\/museo\/exito-total-isabel-parra-tita-parra-e-inti-illimani-homenajearon-a-violeta-en-el-teatro-municipal-de-santiago\/\"]}]},{\"@type\":\"ImageObject\",\"inLanguage\":\"es\",\"@id\":\"http:\/\/vientosur.top\/museo\/exito-total-isabel-parra-tita-parra-e-inti-illimani-homenajearon-a-violeta-en-el-teatro-municipal-de-santiago\/#primaryimage\",\"url\":\"http:\/\/vientosur.top\/museo\/wp-content\/uploads\/2017\/03\/32462612414_3ce44c10f4_o-scaled.jpg\",\"contentUrl\":\"http:\/\/vientosur.top\/museo\/wp-content\/uploads\/2017\/03\/32462612414_3ce44c10f4_o-scaled.jpg\",\"width\":2560,\"height\":1707},{\"@type\":\"BreadcrumbList\",\"@id\":\"http:\/\/vientosur.top\/museo\/exito-total-isabel-parra-tita-parra-e-inti-illimani-homenajearon-a-violeta-en-el-teatro-municipal-de-santiago\/#breadcrumb\",\"itemListElement\":[{\"@type\":\"ListItem\",\"position\":1,\"name\":\"Portada\",\"item\":\"http:\/\/vientosur.top\/museo\/\"},{\"@type\":\"ListItem\",\"position\":2,\"name\":\"\u00c9xito total: Isabel Parra, Tita Parra e Inti Illimani homenajearon a Violeta en el Teatro Municipal de Santiago\"}]},{\"@type\":\"WebSite\",\"@id\":\"http:\/\/vientosur.top\/museo\/#website\",\"url\":\"http:\/\/vientosur.top\/museo\/\",\"name\":\"Museo Violeta Parra\",\"description\":\"Espacio que alberga tanto la memoria y legado creativo de la artista\",\"potentialAction\":[{\"@type\":\"SearchAction\",\"target\":{\"@type\":\"EntryPoint\",\"urlTemplate\":\"http:\/\/vientosur.top\/museo\/?s={search_term_string}\"},\"query-input\":{\"@type\":\"PropertyValueSpecification\",\"valueRequired\":true,\"valueName\":\"search_term_string\"}}],\"inLanguage\":\"es\"},{\"@type\":\"Person\",\"@id\":\"http:\/\/vientosur.top\/museo\/#\/schema\/person\/20c79d3c38800971feec8c2693c3dd9c\",\"name\":\"admin\",\"image\":{\"@type\":\"ImageObject\",\"inLanguage\":\"es\",\"@id\":\"http:\/\/vientosur.top\/museo\/#\/schema\/person\/image\/\",\"url\":\"https:\/\/secure.gravatar.com\/avatar\/713677ece3ffa642287213a80e5b773bce9ab81c269dd6d95102a990951c922f?s=96&d=mm&r=g\",\"contentUrl\":\"https:\/\/secure.gravatar.com\/avatar\/713677ece3ffa642287213a80e5b773bce9ab81c269dd6d95102a990951c922f?s=96&d=mm&r=g\",\"caption\":\"admin\"},\"sameAs\":[\"http:\/\/vientosur.top\/museo\"],\"url\":\"http:\/\/vientosur.top\/museo\/author\/comunicacionesmvp\/\"}]}<\/script>\n<!-- \/ Yoast SEO plugin. -->","yoast_head_json":{"title":"\u00c9xito total: Isabel Parra, Tita Parra e Inti Illimani homenajearon a Violeta en el Teatro Municipal de Santiago - Museo Violeta Parra","robots":{"index":"index","follow":"follow","max-snippet":"max-snippet:-1","max-image-preview":"max-image-preview:large","max-video-preview":"max-video-preview:-1"},"canonical":"http:\/\/vientosur.top\/museo\/exito-total-isabel-parra-tita-parra-e-inti-illimani-homenajearon-a-violeta-en-el-teatro-municipal-de-santiago\/","og_locale":"es_ES","og_type":"article","og_title":"\u00c9xito total: Isabel Parra, Tita Parra e Inti Illimani homenajearon a Violeta en el Teatro Municipal de Santiago - Museo Violeta Parra","og_description":"Por poco m\u00e1s de dos horas se extendi\u00f3 el exitoso espect\u00e1culo organizado por el Consejo\u00a0 Nacional de la Cultura y las Artes (CNCA), la Fundaci\u00f3n Violeta Parra y el Teatro Municipal de Santiago, para homenajear a Violeta Parra cuando se cumplen 100 a\u00f1os de su nacimiento. La pieza elegida fue la cantata \u201cCanto para una [&hellip;]","og_url":"http:\/\/vientosur.top\/museo\/exito-total-isabel-parra-tita-parra-e-inti-illimani-homenajearon-a-violeta-en-el-teatro-municipal-de-santiago\/","og_site_name":"Museo Violeta Parra","article_published_time":"2017-03-07T21:11:13+00:00","og_image":[{"width":2560,"height":1707,"url":"http:\/\/vientosur.top\/museo\/wp-content\/uploads\/2017\/03\/32462612414_3ce44c10f4_o-scaled.jpg","type":"image\/jpeg"}],"author":"admin","twitter_card":"summary_large_image","twitter_misc":{"Escrito por":"admin","Tiempo de lectura":"2 minutos"},"schema":{"@context":"https:\/\/schema.org","@graph":[{"@type":"WebPage","@id":"http:\/\/vientosur.top\/museo\/exito-total-isabel-parra-tita-parra-e-inti-illimani-homenajearon-a-violeta-en-el-teatro-municipal-de-santiago\/","url":"http:\/\/vientosur.top\/museo\/exito-total-isabel-parra-tita-parra-e-inti-illimani-homenajearon-a-violeta-en-el-teatro-municipal-de-santiago\/","name":"\u00c9xito total: Isabel Parra, Tita Parra e Inti Illimani homenajearon a Violeta en el Teatro Municipal de Santiago - Museo Violeta Parra","isPartOf":{"@id":"http:\/\/vientosur.top\/museo\/#website"},"primaryImageOfPage":{"@id":"http:\/\/vientosur.top\/museo\/exito-total-isabel-parra-tita-parra-e-inti-illimani-homenajearon-a-violeta-en-el-teatro-municipal-de-santiago\/#primaryimage"},"image":{"@id":"http:\/\/vientosur.top\/museo\/exito-total-isabel-parra-tita-parra-e-inti-illimani-homenajearon-a-violeta-en-el-teatro-municipal-de-santiago\/#primaryimage"},"thumbnailUrl":"http:\/\/vientosur.top\/museo\/wp-content\/uploads\/2017\/03\/32462612414_3ce44c10f4_o-scaled.jpg","datePublished":"2017-03-07T21:11:13+00:00","author":{"@id":"http:\/\/vientosur.top\/museo\/#\/schema\/person\/20c79d3c38800971feec8c2693c3dd9c"},"breadcrumb":{"@id":"http:\/\/vientosur.top\/museo\/exito-total-isabel-parra-tita-parra-e-inti-illimani-homenajearon-a-violeta-en-el-teatro-municipal-de-santiago\/#breadcrumb"},"inLanguage":"es","potentialAction":[{"@type":"ReadAction","target":["http:\/\/vientosur.top\/museo\/exito-total-isabel-parra-tita-parra-e-inti-illimani-homenajearon-a-violeta-en-el-teatro-municipal-de-santiago\/"]}]},{"@type":"ImageObject","inLanguage":"es","@id":"http:\/\/vientosur.top\/museo\/exito-total-isabel-parra-tita-parra-e-inti-illimani-homenajearon-a-violeta-en-el-teatro-municipal-de-santiago\/#primaryimage","url":"http:\/\/vientosur.top\/museo\/wp-content\/uploads\/2017\/03\/32462612414_3ce44c10f4_o-scaled.jpg","contentUrl":"http:\/\/vientosur.top\/museo\/wp-content\/uploads\/2017\/03\/32462612414_3ce44c10f4_o-scaled.jpg","width":2560,"height":1707},{"@type":"BreadcrumbList","@id":"http:\/\/vientosur.top\/museo\/exito-total-isabel-parra-tita-parra-e-inti-illimani-homenajearon-a-violeta-en-el-teatro-municipal-de-santiago\/#breadcrumb","itemListElement":[{"@type":"ListItem","position":1,"name":"Portada","item":"http:\/\/vientosur.top\/museo\/"},{"@type":"ListItem","position":2,"name":"\u00c9xito total: Isabel Parra, Tita Parra e Inti Illimani homenajearon a Violeta en el Teatro Municipal de Santiago"}]},{"@type":"WebSite","@id":"http:\/\/vientosur.top\/museo\/#website","url":"http:\/\/vientosur.top\/museo\/","name":"Museo Violeta Parra","description":"Espacio que alberga tanto la memoria y legado creativo de la artista","potentialAction":[{"@type":"SearchAction","target":{"@type":"EntryPoint","urlTemplate":"http:\/\/vientosur.top\/museo\/?s={search_term_string}"},"query-input":{"@type":"PropertyValueSpecification","valueRequired":true,"valueName":"search_term_string"}}],"inLanguage":"es"},{"@type":"Person","@id":"http:\/\/vientosur.top\/museo\/#\/schema\/person\/20c79d3c38800971feec8c2693c3dd9c","name":"admin","image":{"@type":"ImageObject","inLanguage":"es","@id":"http:\/\/vientosur.top\/museo\/#\/schema\/person\/image\/","url":"https:\/\/secure.gravatar.com\/avatar\/713677ece3ffa642287213a80e5b773bce9ab81c269dd6d95102a990951c922f?s=96&d=mm&r=g","contentUrl":"https:\/\/secure.gravatar.com\/avatar\/713677ece3ffa642287213a80e5b773bce9ab81c269dd6d95102a990951c922f?s=96&d=mm&r=g","caption":"admin"},"sameAs":["http:\/\/vientosur.top\/museo"],"url":"http:\/\/vientosur.top\/museo\/author\/comunicacionesmvp\/"}]}},"_links":{"self":[{"href":"http:\/\/vientosur.top\/museo\/wp-json\/wp\/v2\/posts\/3152","targetHints":{"allow":["GET"]}}],"collection":[{"href":"http:\/\/vientosur.top\/museo\/wp-json\/wp\/v2\/posts"}],"about":[{"href":"http:\/\/vientosur.top\/museo\/wp-json\/wp\/v2\/types\/post"}],"author":[{"embeddable":true,"href":"http:\/\/vientosur.top\/museo\/wp-json\/wp\/v2\/users\/5"}],"replies":[{"embeddable":true,"href":"http:\/\/vientosur.top\/museo\/wp-json\/wp\/v2\/comments?post=3152"}],"version-history":[{"count":0,"href":"http:\/\/vientosur.top\/museo\/wp-json\/wp\/v2\/posts\/3152\/revisions"}],"wp:featuredmedia":[{"embeddable":true,"href":"http:\/\/vientosur.top\/museo\/wp-json\/wp\/v2\/media\/3153"}],"wp:attachment":[{"href":"http:\/\/vientosur.top\/museo\/wp-json\/wp\/v2\/media?parent=3152"}],"wp:term":[{"taxonomy":"category","embeddable":true,"href":"http:\/\/vientosur.top\/museo\/wp-json\/wp\/v2\/categories?post=3152"},{"taxonomy":"post_tag","embeddable":true,"href":"http:\/\/vientosur.top\/museo\/wp-json\/wp\/v2\/tags?post=3152"}],"curies":[{"name":"wp","href":"https:\/\/api.w.org\/{rel}","templated":true}]}}