{"id":3158,"date":"2017-03-09T21:29:52","date_gmt":"2017-03-09T21:29:52","guid":{"rendered":"http:\/\/vientosur.top\/museo\/\/?p=3158"},"modified":"2017-03-09T21:29:52","modified_gmt":"2017-03-09T21:29:52","slug":"presidenta-bachelet-encabezo-desayuno-con-mujeres-lideres-y-visito-intervencion-a-la-muestra-del-museo-violeta-parra","status":"publish","type":"post","link":"http:\/\/vientosur.top\/museo\/presidenta-bachelet-encabezo-desayuno-con-mujeres-lideres-y-visito-intervencion-a-la-muestra-del-museo-violeta-parra\/","title":{"rendered":"Presidenta Bachelet encabez\u00f3 desayuno con j\u00f3venes l\u00edderes y visit\u00f3 intervenci\u00f3n a la muestra del Museo Violeta Parra"},"content":{"rendered":"<p>La Jefa de Estado particip\u00f3 del primer \u201cDesayuno P\u00fablico\u201d del a\u00f1o 2017, actividad organizada por el Instituto Nacional de la Juventud (INJUV) en el Museo Violeta Parra. Tambi\u00e9n asistieron al evento Marcos Barraza, Ministro de Desarrollo Social, y \u00a0Claudia Pascual, Ministra de la Mujer y la Equidad de G\u00e9nero. En la instancia, las autoridades entablaron un dialogo con j\u00f3venes mujeres que lideran distintas \u00e1reas. El marco de la discusi\u00f3n fueron los resultados de la Encuesta de Caracterizaci\u00f3n Socioecon\u00f3mica Nacional (CASEN) en materia de equidad de g\u00e9nero\u201d.&nbsp;Seg\u00fan los resultados de la Encuesta CASEN hoy las mujeres representan el 52,7{9ad45858cf65d5dbd28c293160045998eabc8b7a5d99a9051855ea2e64ecdf24} de la poblaci\u00f3n. De igual forma aument\u00f3 el n\u00famero de jefaturas de hogar femeninas (con un aumento de 37,9{9ad45858cf65d5dbd28c293160045998eabc8b7a5d99a9051855ea2e64ecdf24} a 39,5{9ad45858cf65d5dbd28c293160045998eabc8b7a5d99a9051855ea2e64ecdf24}, respecto del 2013).&nbsp;La Presidenta destac\u00f3 que la brecha de g\u00e9nero en pobreza es mayor en los grupos m\u00e1s j\u00f3venes, pues la pobreza femenina supera a la masculina en m\u00e1s de 4 puntos porcentuales. Tambi\u00e9n explic\u00f3 que en materia de participaci\u00f3n laboral se han alcanzado las mayores tasas hist\u00f3ricas desde 1990, con una participaci\u00f3n laboral de 47,4 puntos porcentuales.&nbsp;\u201cJuntas podemos generar cambios profundos y duraderos para estas generaciones y las que vendr\u00e1n, de manera de asegurarle a todas las mujeres, de todas las edades y contextos, un mejor futuro, una sociedad m\u00e1s equitativa y justa\u201d, enfatiz\u00f3 la Mandataria, quien tambi\u00e9n visit\u00f3 \u2014en compa\u00f1\u00eda de Cecilia Garc\u00eda-Huidobro, Directora del Museo, y de los ministros Barraza y Pascual\u2014 la intervenci\u00f3n de la muestra de la Sala Divina del Museo. Esta acci\u00f3n da cuenta de la presencia de la imagen de la mujer en la obra visual de Violeta Parra.&nbsp;Los \u201cDesayunos P\u00fablicos\u201d son instancias de participaci\u00f3n y conversaci\u00f3n, que tienen por objetivo establecer un espacio de di\u00e1logo directo entre los j\u00f3venes y autoridades invitadas, sobre los derechos sociales y ciudadanos en materia juvenil.&nbsp;&nbsp;<iframe src=\"http:\/\/prensa.presidencia.cl\/CompartirGaleria.aspx?id=49622\" width=\"640px\" height=\"1020px\" frameborder=\"0\"><\/iframe>Galer\u00eda de im\u00e1genes de la Presidencia de la Rep\u00fablica<\/p>\n","protected":false},"excerpt":{"rendered":"<p>La Jefa de Estado particip\u00f3 del primer \u201cDesayuno P\u00fablico\u201d del a\u00f1o 2017, actividad organizada por el Instituto Nacional de la Juventud (INJUV) en el Museo Violeta Parra. Tambi\u00e9n asistieron al evento Marcos Barraza, Ministro de Desarrollo Social, y \u00a0Claudia Pascual, Ministra de la Mujer y la Equidad de G\u00e9nero. En la instancia, las autoridades entablaron [&hellip;]<\/p>\n","protected":false},"author":5,"featured_media":3159,"comment_status":"open","ping_status":"open","sticky":false,"template":"","format":"standard","meta":{"site-sidebar-layout":"default","site-content-layout":"","ast-site-content-layout":"default","site-content-style":"default","site-sidebar-style":"default","ast-global-header-display":"","ast-banner-title-visibility":"","ast-main-header-display":"","ast-hfb-above-header-display":"","ast-hfb-below-header-display":"","ast-hfb-mobile-header-display":"","site-post-title":"","ast-breadcrumbs-content":"","ast-featured-img":"","footer-sml-layout":"","theme-transparent-header-meta":"","adv-header-id-meta":"","stick-header-meta":"","header-above-stick-meta":"","header-main-stick-meta":"","header-below-stick-meta":"","astra-migrate-meta-layouts":"default","ast-page-background-enabled":"default","ast-page-background-meta":{"desktop":{"background-color":"var(--ast-global-color-4)","background-image":"","background-repeat":"repeat","background-position":"center center","background-size":"auto","background-attachment":"scroll","background-type":"","background-media":"","overlay-type":"","overlay-color":"","overlay-opacity":"","overlay-gradient":""},"tablet":{"background-color":"","background-image":"","background-repeat":"repeat","background-position":"center center","background-size":"auto","background-attachment":"scroll","background-type":"","background-media":"","overlay-type":"","overlay-color":"","overlay-opacity":"","overlay-gradient":""},"mobile":{"background-color":"","background-image":"","background-repeat":"repeat","background-position":"center center","background-size":"auto","background-attachment":"scroll","background-type":"","background-media":"","overlay-type":"","overlay-color":"","overlay-opacity":"","overlay-gradient":""}},"ast-content-background-meta":{"desktop":{"background-color":"var(--ast-global-color-5)","background-image":"","background-repeat":"repeat","background-position":"center center","background-size":"auto","background-attachment":"scroll","background-type":"","background-media":"","overlay-type":"","overlay-color":"","overlay-opacity":"","overlay-gradient":""},"tablet":{"background-color":"var(--ast-global-color-5)","background-image":"","background-repeat":"repeat","background-position":"center center","background-size":"auto","background-attachment":"scroll","background-type":"","background-media":"","overlay-type":"","overlay-color":"","overlay-opacity":"","overlay-gradient":""},"mobile":{"background-color":"var(--ast-global-color-5)","background-image":"","background-repeat":"repeat","background-position":"center center","background-size":"auto","background-attachment":"scroll","background-type":"","background-media":"","overlay-type":"","overlay-color":"","overlay-opacity":"","overlay-gradient":""}},"footnotes":""},"categories":[59,8,61],"tags":[],"class_list":["post-3158","post","type-post","status-publish","format-standard","has-post-thumbnail","hentry","category-destacado-noticia","category-noticias","category-novedades"],"yoast_head":"<!-- This site is optimized with the Yoast SEO plugin v25.4 - https:\/\/yoast.com\/wordpress\/plugins\/seo\/ -->\n<title>Presidenta Bachelet encabez\u00f3 desayuno con j\u00f3venes l\u00edderes y visit\u00f3 intervenci\u00f3n a la muestra del Museo Violeta Parra - Museo Violeta Parra<\/title>\n<meta name=\"robots\" content=\"index, follow, max-snippet:-1, max-image-preview:large, max-video-preview:-1\" \/>\n<link rel=\"canonical\" href=\"http:\/\/vientosur.top\/museo\/presidenta-bachelet-encabezo-desayuno-con-mujeres-lideres-y-visito-intervencion-a-la-muestra-del-museo-violeta-parra\/\" \/>\n<meta property=\"og:locale\" content=\"es_ES\" \/>\n<meta property=\"og:type\" content=\"article\" \/>\n<meta property=\"og:title\" content=\"Presidenta Bachelet encabez\u00f3 desayuno con j\u00f3venes l\u00edderes y visit\u00f3 intervenci\u00f3n a la muestra del Museo Violeta Parra - Museo Violeta Parra\" \/>\n<meta property=\"og:description\" content=\"La Jefa de Estado particip\u00f3 del primer \u201cDesayuno P\u00fablico\u201d del a\u00f1o 2017, actividad organizada por el Instituto Nacional de la Juventud (INJUV) en el Museo Violeta Parra. Tambi\u00e9n asistieron al evento Marcos Barraza, Ministro de Desarrollo Social, y \u00a0Claudia Pascual, Ministra de la Mujer y la Equidad de G\u00e9nero. En la instancia, las autoridades entablaron [&hellip;]\" \/>\n<meta property=\"og:url\" content=\"http:\/\/vientosur.top\/museo\/presidenta-bachelet-encabezo-desayuno-con-mujeres-lideres-y-visito-intervencion-a-la-muestra-del-museo-violeta-parra\/\" \/>\n<meta property=\"og:site_name\" content=\"Museo Violeta Parra\" \/>\n<meta property=\"article:published_time\" content=\"2017-03-09T21:29:52+00:00\" \/>\n<meta property=\"og:image\" content=\"http:\/\/vientosur.top\/museo\/wp-content\/uploads\/2017\/03\/aim_4731-scaled.jpg\" \/>\n\t<meta property=\"og:image:width\" content=\"2560\" \/>\n\t<meta property=\"og:image:height\" content=\"2085\" \/>\n\t<meta property=\"og:image:type\" content=\"image\/jpeg\" \/>\n<meta name=\"author\" content=\"admin\" \/>\n<meta name=\"twitter:card\" content=\"summary_large_image\" \/>\n<meta name=\"twitter:label1\" content=\"Escrito por\" \/>\n\t<meta name=\"twitter:data1\" content=\"admin\" \/>\n\t<meta name=\"twitter:label2\" content=\"Tiempo de lectura\" \/>\n\t<meta name=\"twitter:data2\" content=\"2 minutos\" \/>\n<script type=\"application\/ld+json\" class=\"yoast-schema-graph\">{\"@context\":\"https:\/\/schema.org\",\"@graph\":[{\"@type\":\"WebPage\",\"@id\":\"http:\/\/vientosur.top\/museo\/presidenta-bachelet-encabezo-desayuno-con-mujeres-lideres-y-visito-intervencion-a-la-muestra-del-museo-violeta-parra\/\",\"url\":\"http:\/\/vientosur.top\/museo\/presidenta-bachelet-encabezo-desayuno-con-mujeres-lideres-y-visito-intervencion-a-la-muestra-del-museo-violeta-parra\/\",\"name\":\"Presidenta Bachelet encabez\u00f3 desayuno con j\u00f3venes l\u00edderes y visit\u00f3 intervenci\u00f3n a la muestra del Museo Violeta Parra - Museo Violeta Parra\",\"isPartOf\":{\"@id\":\"http:\/\/vientosur.top\/museo\/#website\"},\"primaryImageOfPage\":{\"@id\":\"http:\/\/vientosur.top\/museo\/presidenta-bachelet-encabezo-desayuno-con-mujeres-lideres-y-visito-intervencion-a-la-muestra-del-museo-violeta-parra\/#primaryimage\"},\"image\":{\"@id\":\"http:\/\/vientosur.top\/museo\/presidenta-bachelet-encabezo-desayuno-con-mujeres-lideres-y-visito-intervencion-a-la-muestra-del-museo-violeta-parra\/#primaryimage\"},\"thumbnailUrl\":\"http:\/\/vientosur.top\/museo\/wp-content\/uploads\/2017\/03\/aim_4731-scaled.jpg\",\"datePublished\":\"2017-03-09T21:29:52+00:00\",\"author\":{\"@id\":\"http:\/\/vientosur.top\/museo\/#\/schema\/person\/20c79d3c38800971feec8c2693c3dd9c\"},\"breadcrumb\":{\"@id\":\"http:\/\/vientosur.top\/museo\/presidenta-bachelet-encabezo-desayuno-con-mujeres-lideres-y-visito-intervencion-a-la-muestra-del-museo-violeta-parra\/#breadcrumb\"},\"inLanguage\":\"es\",\"potentialAction\":[{\"@type\":\"ReadAction\",\"target\":[\"http:\/\/vientosur.top\/museo\/presidenta-bachelet-encabezo-desayuno-con-mujeres-lideres-y-visito-intervencion-a-la-muestra-del-museo-violeta-parra\/\"]}]},{\"@type\":\"ImageObject\",\"inLanguage\":\"es\",\"@id\":\"http:\/\/vientosur.top\/museo\/presidenta-bachelet-encabezo-desayuno-con-mujeres-lideres-y-visito-intervencion-a-la-muestra-del-museo-violeta-parra\/#primaryimage\",\"url\":\"http:\/\/vientosur.top\/museo\/wp-content\/uploads\/2017\/03\/aim_4731-scaled.jpg\",\"contentUrl\":\"http:\/\/vientosur.top\/museo\/wp-content\/uploads\/2017\/03\/aim_4731-scaled.jpg\",\"width\":2560,\"height\":2085},{\"@type\":\"BreadcrumbList\",\"@id\":\"http:\/\/vientosur.top\/museo\/presidenta-bachelet-encabezo-desayuno-con-mujeres-lideres-y-visito-intervencion-a-la-muestra-del-museo-violeta-parra\/#breadcrumb\",\"itemListElement\":[{\"@type\":\"ListItem\",\"position\":1,\"name\":\"Portada\",\"item\":\"http:\/\/vientosur.top\/museo\/\"},{\"@type\":\"ListItem\",\"position\":2,\"name\":\"Presidenta Bachelet encabez\u00f3 desayuno con j\u00f3venes l\u00edderes y visit\u00f3 intervenci\u00f3n a la muestra del Museo Violeta Parra\"}]},{\"@type\":\"WebSite\",\"@id\":\"http:\/\/vientosur.top\/museo\/#website\",\"url\":\"http:\/\/vientosur.top\/museo\/\",\"name\":\"Museo Violeta Parra\",\"description\":\"Espacio que alberga tanto la memoria y legado creativo de la artista\",\"potentialAction\":[{\"@type\":\"SearchAction\",\"target\":{\"@type\":\"EntryPoint\",\"urlTemplate\":\"http:\/\/vientosur.top\/museo\/?s={search_term_string}\"},\"query-input\":{\"@type\":\"PropertyValueSpecification\",\"valueRequired\":true,\"valueName\":\"search_term_string\"}}],\"inLanguage\":\"es\"},{\"@type\":\"Person\",\"@id\":\"http:\/\/vientosur.top\/museo\/#\/schema\/person\/20c79d3c38800971feec8c2693c3dd9c\",\"name\":\"admin\",\"image\":{\"@type\":\"ImageObject\",\"inLanguage\":\"es\",\"@id\":\"http:\/\/vientosur.top\/museo\/#\/schema\/person\/image\/\",\"url\":\"https:\/\/secure.gravatar.com\/avatar\/713677ece3ffa642287213a80e5b773bce9ab81c269dd6d95102a990951c922f?s=96&d=mm&r=g\",\"contentUrl\":\"https:\/\/secure.gravatar.com\/avatar\/713677ece3ffa642287213a80e5b773bce9ab81c269dd6d95102a990951c922f?s=96&d=mm&r=g\",\"caption\":\"admin\"},\"sameAs\":[\"http:\/\/vientosur.top\/museo\"],\"url\":\"http:\/\/vientosur.top\/museo\/author\/comunicacionesmvp\/\"}]}<\/script>\n<!-- \/ Yoast SEO plugin. -->","yoast_head_json":{"title":"Presidenta Bachelet encabez\u00f3 desayuno con j\u00f3venes l\u00edderes y visit\u00f3 intervenci\u00f3n a la muestra del Museo Violeta Parra - Museo Violeta Parra","robots":{"index":"index","follow":"follow","max-snippet":"max-snippet:-1","max-image-preview":"max-image-preview:large","max-video-preview":"max-video-preview:-1"},"canonical":"http:\/\/vientosur.top\/museo\/presidenta-bachelet-encabezo-desayuno-con-mujeres-lideres-y-visito-intervencion-a-la-muestra-del-museo-violeta-parra\/","og_locale":"es_ES","og_type":"article","og_title":"Presidenta Bachelet encabez\u00f3 desayuno con j\u00f3venes l\u00edderes y visit\u00f3 intervenci\u00f3n a la muestra del Museo Violeta Parra - Museo Violeta Parra","og_description":"La Jefa de Estado particip\u00f3 del primer \u201cDesayuno P\u00fablico\u201d del a\u00f1o 2017, actividad organizada por el Instituto Nacional de la Juventud (INJUV) en el Museo Violeta Parra. Tambi\u00e9n asistieron al evento Marcos Barraza, Ministro de Desarrollo Social, y \u00a0Claudia Pascual, Ministra de la Mujer y la Equidad de G\u00e9nero. En la instancia, las autoridades entablaron [&hellip;]","og_url":"http:\/\/vientosur.top\/museo\/presidenta-bachelet-encabezo-desayuno-con-mujeres-lideres-y-visito-intervencion-a-la-muestra-del-museo-violeta-parra\/","og_site_name":"Museo Violeta Parra","article_published_time":"2017-03-09T21:29:52+00:00","og_image":[{"width":2560,"height":2085,"url":"http:\/\/vientosur.top\/museo\/wp-content\/uploads\/2017\/03\/aim_4731-scaled.jpg","type":"image\/jpeg"}],"author":"admin","twitter_card":"summary_large_image","twitter_misc":{"Escrito por":"admin","Tiempo de lectura":"2 minutos"},"schema":{"@context":"https:\/\/schema.org","@graph":[{"@type":"WebPage","@id":"http:\/\/vientosur.top\/museo\/presidenta-bachelet-encabezo-desayuno-con-mujeres-lideres-y-visito-intervencion-a-la-muestra-del-museo-violeta-parra\/","url":"http:\/\/vientosur.top\/museo\/presidenta-bachelet-encabezo-desayuno-con-mujeres-lideres-y-visito-intervencion-a-la-muestra-del-museo-violeta-parra\/","name":"Presidenta Bachelet encabez\u00f3 desayuno con j\u00f3venes l\u00edderes y visit\u00f3 intervenci\u00f3n a la muestra del Museo Violeta Parra - Museo Violeta Parra","isPartOf":{"@id":"http:\/\/vientosur.top\/museo\/#website"},"primaryImageOfPage":{"@id":"http:\/\/vientosur.top\/museo\/presidenta-bachelet-encabezo-desayuno-con-mujeres-lideres-y-visito-intervencion-a-la-muestra-del-museo-violeta-parra\/#primaryimage"},"image":{"@id":"http:\/\/vientosur.top\/museo\/presidenta-bachelet-encabezo-desayuno-con-mujeres-lideres-y-visito-intervencion-a-la-muestra-del-museo-violeta-parra\/#primaryimage"},"thumbnailUrl":"http:\/\/vientosur.top\/museo\/wp-content\/uploads\/2017\/03\/aim_4731-scaled.jpg","datePublished":"2017-03-09T21:29:52+00:00","author":{"@id":"http:\/\/vientosur.top\/museo\/#\/schema\/person\/20c79d3c38800971feec8c2693c3dd9c"},"breadcrumb":{"@id":"http:\/\/vientosur.top\/museo\/presidenta-bachelet-encabezo-desayuno-con-mujeres-lideres-y-visito-intervencion-a-la-muestra-del-museo-violeta-parra\/#breadcrumb"},"inLanguage":"es","potentialAction":[{"@type":"ReadAction","target":["http:\/\/vientosur.top\/museo\/presidenta-bachelet-encabezo-desayuno-con-mujeres-lideres-y-visito-intervencion-a-la-muestra-del-museo-violeta-parra\/"]}]},{"@type":"ImageObject","inLanguage":"es","@id":"http:\/\/vientosur.top\/museo\/presidenta-bachelet-encabezo-desayuno-con-mujeres-lideres-y-visito-intervencion-a-la-muestra-del-museo-violeta-parra\/#primaryimage","url":"http:\/\/vientosur.top\/museo\/wp-content\/uploads\/2017\/03\/aim_4731-scaled.jpg","contentUrl":"http:\/\/vientosur.top\/museo\/wp-content\/uploads\/2017\/03\/aim_4731-scaled.jpg","width":2560,"height":2085},{"@type":"BreadcrumbList","@id":"http:\/\/vientosur.top\/museo\/presidenta-bachelet-encabezo-desayuno-con-mujeres-lideres-y-visito-intervencion-a-la-muestra-del-museo-violeta-parra\/#breadcrumb","itemListElement":[{"@type":"ListItem","position":1,"name":"Portada","item":"http:\/\/vientosur.top\/museo\/"},{"@type":"ListItem","position":2,"name":"Presidenta Bachelet encabez\u00f3 desayuno con j\u00f3venes l\u00edderes y visit\u00f3 intervenci\u00f3n a la muestra del Museo Violeta Parra"}]},{"@type":"WebSite","@id":"http:\/\/vientosur.top\/museo\/#website","url":"http:\/\/vientosur.top\/museo\/","name":"Museo Violeta Parra","description":"Espacio que alberga tanto la memoria y legado creativo de la artista","potentialAction":[{"@type":"SearchAction","target":{"@type":"EntryPoint","urlTemplate":"http:\/\/vientosur.top\/museo\/?s={search_term_string}"},"query-input":{"@type":"PropertyValueSpecification","valueRequired":true,"valueName":"search_term_string"}}],"inLanguage":"es"},{"@type":"Person","@id":"http:\/\/vientosur.top\/museo\/#\/schema\/person\/20c79d3c38800971feec8c2693c3dd9c","name":"admin","image":{"@type":"ImageObject","inLanguage":"es","@id":"http:\/\/vientosur.top\/museo\/#\/schema\/person\/image\/","url":"https:\/\/secure.gravatar.com\/avatar\/713677ece3ffa642287213a80e5b773bce9ab81c269dd6d95102a990951c922f?s=96&d=mm&r=g","contentUrl":"https:\/\/secure.gravatar.com\/avatar\/713677ece3ffa642287213a80e5b773bce9ab81c269dd6d95102a990951c922f?s=96&d=mm&r=g","caption":"admin"},"sameAs":["http:\/\/vientosur.top\/museo"],"url":"http:\/\/vientosur.top\/museo\/author\/comunicacionesmvp\/"}]}},"_links":{"self":[{"href":"http:\/\/vientosur.top\/museo\/wp-json\/wp\/v2\/posts\/3158","targetHints":{"allow":["GET"]}}],"collection":[{"href":"http:\/\/vientosur.top\/museo\/wp-json\/wp\/v2\/posts"}],"about":[{"href":"http:\/\/vientosur.top\/museo\/wp-json\/wp\/v2\/types\/post"}],"author":[{"embeddable":true,"href":"http:\/\/vientosur.top\/museo\/wp-json\/wp\/v2\/users\/5"}],"replies":[{"embeddable":true,"href":"http:\/\/vientosur.top\/museo\/wp-json\/wp\/v2\/comments?post=3158"}],"version-history":[{"count":0,"href":"http:\/\/vientosur.top\/museo\/wp-json\/wp\/v2\/posts\/3158\/revisions"}],"wp:featuredmedia":[{"embeddable":true,"href":"http:\/\/vientosur.top\/museo\/wp-json\/wp\/v2\/media\/3159"}],"wp:attachment":[{"href":"http:\/\/vientosur.top\/museo\/wp-json\/wp\/v2\/media?parent=3158"}],"wp:term":[{"taxonomy":"category","embeddable":true,"href":"http:\/\/vientosur.top\/museo\/wp-json\/wp\/v2\/categories?post=3158"},{"taxonomy":"post_tag","embeddable":true,"href":"http:\/\/vientosur.top\/museo\/wp-json\/wp\/v2\/tags?post=3158"}],"curies":[{"name":"wp","href":"https:\/\/api.w.org\/{rel}","templated":true}]}}