{"id":3174,"date":"2017-03-11T12:10:18","date_gmt":"2017-03-11T12:10:18","guid":{"rendered":"http:\/\/vientosur.top\/museo\/\/?p=3174"},"modified":"2017-03-11T12:10:18","modified_gmt":"2017-03-11T12:10:18","slug":"museo-violeta-parra-lamenta-la-partida-de-angel-parra-1943-2017","status":"publish","type":"post","link":"http:\/\/vientosur.top\/museo\/museo-violeta-parra-lamenta-la-partida-de-angel-parra-1943-2017\/","title":{"rendered":"Museo Violeta Parra lamenta la partida de \u00c1ngel Parra (1943-2017)"},"content":{"rendered":"<p>El Museo Violeta Parra comunica con profundo pesar la partida de \u00c1ngel Parra (1943-2017); gran artista, benefactor del Museo e hijo de Violeta Parra. A contar de las 11:00 horas de hoy, \u00a0un libro de condolencias estar\u00e1 a disposici\u00f3n del p\u00fablico en el Museo. \u00c9ste ser\u00e1 entregado a su familia, a la que acompa\u00f1amos con cari\u00f1o en estos tristes momentos.<\/p>\n<p>El domingo 12 de marzo el Museo proyectar\u00e1, a las 12:30 y a las 16:00 horas, el documental \u00abVioleta m\u00e1s viva que nunca\u00bb, realizado por \u00c1ngel Parra y Daniel Sandoval. Entrada liberada por orden de llegada (99 butacas).<\/p>\n<p>&nbsp;<\/p>\n<p><strong>Una vida dedicada a la m\u00fasica<br \/>\n<\/strong><br \/>\nCantautor fundamental dentro del movimiento de la <a class=\"mark_ut\" href=\"http:\/\/www.memoriachilena.cl\/602\/w3-article-702.html\">Nueva Canci\u00f3n Chilena<\/a>, la de \u00c1ngel Parra fue\u00a0una voz importante para la m\u00fasica popular de protesta, el folclore urbano y la difusi\u00f3n de los ritmos latinoamericanos. Su vida profesional estuvo marcada por encuentros y colaboraciones con destacadas figuras del arte popular, incluyendo el per\u00edodo de trabajo junto a su madre, <a class=\"mark_ut\" href=\"http:\/\/www.memoriachilena.cl\/602\/w3-article-7683.html\">Violeta Parra<\/a>, pero tambi\u00e9n posteriores asociaciones con Atahualpa Yupanqui, <a class=\"mark_ut\" href=\"http:\/\/www.memoriachilena.cl\/602\/w3-article-3638.html\">Pablo Neruda<\/a>, <a class=\"mark_ui\" href=\"http:\/\/www.memoriachilena.cl\/602\/w3-article-96426.html\">Quilapay\u00fan<\/a>, Los Curacas, <a class=\"mark_ui\" href=\"http:\/\/www.memoriachilena.cl\/602\/w3-article-94820.html\">Los Blops<\/a>, <a class=\"mark_ui\" href=\"http:\/\/www.memoriachilena.cl\/602\/w3-article-92834.html\">Miguel Littin<\/a> y <a class=\"mark_ut\" href=\"http:\/\/www.memoriachilena.cl\/602\/w3-article-7685.html\">Volodia Teitelboim<\/a>. Su extensa y diversa discograf\u00eda incluye composiciones propias, versiones de otros autores, musicalizaci\u00f3n de poemas, oratorios y m\u00fasica para teatro y cine. Ha publicado tambi\u00e9n novelas y cr\u00f3nicas.<\/p>\n<p>&nbsp;<\/p>\n<p>\u00c1ngel Cereceda Parra naci\u00f3 en Valpara\u00edso en 1943, hijo menor del matrimonio entre Violeta Parra y Luis Cereceda. La influencia de su madre lo convirti\u00f3 en un artista e investigador precoz y autodidacta. Se salt\u00f3 la educaci\u00f3n secundaria (fue su madre quien le ense\u00f1\u00f3 a leer, en casa) y ejerci\u00f3 diversos oficios desde una edad temprana. La adolescencia la vivi\u00f3 entre viajes a Argentina y Uruguay y labores para canales de televisi\u00f3n, espec\u00edficamente para la naciente se\u00f1al de la <a class=\"mark_ut\" href=\"http:\/\/www.memoriachilena.cl\/602\/w3-article-720.html\">Universidad de Chile<\/a>.<\/p>\n<p>&nbsp;<\/p>\n<p>A fines de los a\u00f1os cincuenta public\u00f3 un mini-\u00e1lbum junto al grupo Los Norte\u00f1os llamado <em>Cuatro villancicos chilenos<\/em> y en 1961 viaj\u00f3 a Par\u00eds junto a su hermana Isabel para reunirse con Violeta. El conjunto se present\u00f3 en locales nocturnos europeos con el nombre de Los Parra de Chile y juntos grabaron el disco titulado <em>Los Parra de Chill\u00e1n<\/em> (1963). Su sociedad con Isabel fue un puntal de la canci\u00f3n popular, que persisti\u00f3 hasta la d\u00e9cada de los setenta.<\/p>\n<p>&nbsp;<\/p>\n<p>Regres\u00f3 al pa\u00eds en 1964, decidido a continuar con su trabajo en su tierra natal y a imponer all\u00ed las ra\u00edces de la cultura local, en medio de una escena art\u00edstica dominada por la <a class=\"mark_ut\" href=\"http:\/\/www.memoriachilena.cl\/602\/w3-article-3529.html\">Nueva Ola<\/a>. M\u00e1s tarde, junto a Isabel, instal\u00f3 y administr\u00f3 \u00abLa Pe\u00f1a de los Parra\u00bb, local ubicado en Carmen 340 que se convertir\u00eda en el epicentro del movimiento de la Nueva Canci\u00f3n Chilena.<\/p>\n<p>&nbsp;<\/p>\n<p>El golpe de Estado de 1973 signific\u00f3 su traslado inmediato al centro de reclusi\u00f3n del Estadio Nacional. En la prisi\u00f3n de Chacabuco compuso el <em>Oratorio de Navidad<\/em>, que mont\u00f3 por primera vez junto a otros reclusos. En 1974 parti\u00f3 al <a class=\"mark_ut\" href=\"http:\/\/www.memoriachilena.cl\/602\/w3-article-3413.html\">exilio<\/a> a M\u00e9xico, donde continu\u00f3 su labor musical. Dos a\u00f1os m\u00e1s tarde viaj\u00f3 nuevamente a Par\u00eds, ciudad en la que residi\u00f3 hasta sus \u00faltimos d\u00edas.<\/p>\n<p>&nbsp;<\/p>\n<p>En 1992 \u00c1ngel e Isabel Parra crearon la Fundaci\u00f3n Violeta Parra, instituci\u00f3n desde la cual lucharon por la creaci\u00f3n del Museo Violeta Parra que fue inaugurado el 4 de octubre de 2015.<\/p>\n","protected":false},"excerpt":{"rendered":"<p>El Museo Violeta Parra comunica con profundo pesar la partida de \u00c1ngel Parra (1943-2017); gran artista, benefactor del Museo e hijo de Violeta Parra. A contar de las 11:00 horas de hoy, \u00a0un libro de condolencias estar\u00e1 a disposici\u00f3n del p\u00fablico en el Museo. \u00c9ste ser\u00e1 entregado a su familia, a la que acompa\u00f1amos con [&hellip;]<\/p>\n","protected":false},"author":5,"featured_media":3183,"comment_status":"open","ping_status":"open","sticky":false,"template":"","format":"standard","meta":{"site-sidebar-layout":"default","site-content-layout":"","ast-site-content-layout":"default","site-content-style":"default","site-sidebar-style":"default","ast-global-header-display":"","ast-banner-title-visibility":"","ast-main-header-display":"","ast-hfb-above-header-display":"","ast-hfb-below-header-display":"","ast-hfb-mobile-header-display":"","site-post-title":"","ast-breadcrumbs-content":"","ast-featured-img":"","footer-sml-layout":"","theme-transparent-header-meta":"","adv-header-id-meta":"","stick-header-meta":"","header-above-stick-meta":"","header-main-stick-meta":"","header-below-stick-meta":"","astra-migrate-meta-layouts":"default","ast-page-background-enabled":"default","ast-page-background-meta":{"desktop":{"background-color":"var(--ast-global-color-4)","background-image":"","background-repeat":"repeat","background-position":"center center","background-size":"auto","background-attachment":"scroll","background-type":"","background-media":"","overlay-type":"","overlay-color":"","overlay-opacity":"","overlay-gradient":""},"tablet":{"background-color":"","background-image":"","background-repeat":"repeat","background-position":"center center","background-size":"auto","background-attachment":"scroll","background-type":"","background-media":"","overlay-type":"","overlay-color":"","overlay-opacity":"","overlay-gradient":""},"mobile":{"background-color":"","background-image":"","background-repeat":"repeat","background-position":"center center","background-size":"auto","background-attachment":"scroll","background-type":"","background-media":"","overlay-type":"","overlay-color":"","overlay-opacity":"","overlay-gradient":""}},"ast-content-background-meta":{"desktop":{"background-color":"var(--ast-global-color-5)","background-image":"","background-repeat":"repeat","background-position":"center center","background-size":"auto","background-attachment":"scroll","background-type":"","background-media":"","overlay-type":"","overlay-color":"","overlay-opacity":"","overlay-gradient":""},"tablet":{"background-color":"var(--ast-global-color-5)","background-image":"","background-repeat":"repeat","background-position":"center center","background-size":"auto","background-attachment":"scroll","background-type":"","background-media":"","overlay-type":"","overlay-color":"","overlay-opacity":"","overlay-gradient":""},"mobile":{"background-color":"var(--ast-global-color-5)","background-image":"","background-repeat":"repeat","background-position":"center center","background-size":"auto","background-attachment":"scroll","background-type":"","background-media":"","overlay-type":"","overlay-color":"","overlay-opacity":"","overlay-gradient":""}},"footnotes":""},"categories":[59,8,61],"tags":[],"class_list":["post-3174","post","type-post","status-publish","format-standard","has-post-thumbnail","hentry","category-destacado-noticia","category-noticias","category-novedades"],"yoast_head":"<!-- This site is optimized with the Yoast SEO plugin v25.4 - https:\/\/yoast.com\/wordpress\/plugins\/seo\/ -->\n<title>Museo Violeta Parra lamenta la partida de \u00c1ngel Parra (1943-2017) - Museo Violeta Parra<\/title>\n<meta name=\"robots\" content=\"index, follow, max-snippet:-1, max-image-preview:large, max-video-preview:-1\" \/>\n<link rel=\"canonical\" href=\"http:\/\/vientosur.top\/museo\/museo-violeta-parra-lamenta-la-partida-de-angel-parra-1943-2017\/\" \/>\n<meta property=\"og:locale\" content=\"es_ES\" \/>\n<meta property=\"og:type\" content=\"article\" \/>\n<meta property=\"og:title\" content=\"Museo Violeta Parra lamenta la partida de \u00c1ngel Parra (1943-2017) - Museo Violeta Parra\" \/>\n<meta property=\"og:description\" content=\"El Museo Violeta Parra comunica con profundo pesar la partida de \u00c1ngel Parra (1943-2017); gran artista, benefactor del Museo e hijo de Violeta Parra. A contar de las 11:00 horas de hoy, \u00a0un libro de condolencias estar\u00e1 a disposici\u00f3n del p\u00fablico en el Museo. \u00c9ste ser\u00e1 entregado a su familia, a la que acompa\u00f1amos con [&hellip;]\" \/>\n<meta property=\"og:url\" content=\"http:\/\/vientosur.top\/museo\/museo-violeta-parra-lamenta-la-partida-de-angel-parra-1943-2017\/\" \/>\n<meta property=\"og:site_name\" content=\"Museo Violeta Parra\" \/>\n<meta property=\"article:published_time\" content=\"2017-03-11T12:10:18+00:00\" \/>\n<meta property=\"og:image\" content=\"http:\/\/vientosur.top\/museo\/wp-content\/uploads\/2017\/03\/ap.jpg\" \/>\n\t<meta property=\"og:image:width\" content=\"1800\" \/>\n\t<meta property=\"og:image:height\" content=\"829\" \/>\n\t<meta property=\"og:image:type\" content=\"image\/jpeg\" \/>\n<meta name=\"author\" content=\"admin\" \/>\n<meta name=\"twitter:card\" content=\"summary_large_image\" \/>\n<meta name=\"twitter:label1\" content=\"Escrito por\" \/>\n\t<meta name=\"twitter:data1\" content=\"admin\" \/>\n\t<meta name=\"twitter:label2\" content=\"Tiempo de lectura\" \/>\n\t<meta name=\"twitter:data2\" content=\"3 minutos\" \/>\n<script type=\"application\/ld+json\" class=\"yoast-schema-graph\">{\"@context\":\"https:\/\/schema.org\",\"@graph\":[{\"@type\":\"WebPage\",\"@id\":\"http:\/\/vientosur.top\/museo\/museo-violeta-parra-lamenta-la-partida-de-angel-parra-1943-2017\/\",\"url\":\"http:\/\/vientosur.top\/museo\/museo-violeta-parra-lamenta-la-partida-de-angel-parra-1943-2017\/\",\"name\":\"Museo Violeta Parra lamenta la partida de \u00c1ngel Parra (1943-2017) - Museo Violeta Parra\",\"isPartOf\":{\"@id\":\"http:\/\/vientosur.top\/museo\/#website\"},\"primaryImageOfPage\":{\"@id\":\"http:\/\/vientosur.top\/museo\/museo-violeta-parra-lamenta-la-partida-de-angel-parra-1943-2017\/#primaryimage\"},\"image\":{\"@id\":\"http:\/\/vientosur.top\/museo\/museo-violeta-parra-lamenta-la-partida-de-angel-parra-1943-2017\/#primaryimage\"},\"thumbnailUrl\":\"http:\/\/vientosur.top\/museo\/wp-content\/uploads\/2017\/03\/ap.jpg\",\"datePublished\":\"2017-03-11T12:10:18+00:00\",\"author\":{\"@id\":\"http:\/\/vientosur.top\/museo\/#\/schema\/person\/20c79d3c38800971feec8c2693c3dd9c\"},\"breadcrumb\":{\"@id\":\"http:\/\/vientosur.top\/museo\/museo-violeta-parra-lamenta-la-partida-de-angel-parra-1943-2017\/#breadcrumb\"},\"inLanguage\":\"es\",\"potentialAction\":[{\"@type\":\"ReadAction\",\"target\":[\"http:\/\/vientosur.top\/museo\/museo-violeta-parra-lamenta-la-partida-de-angel-parra-1943-2017\/\"]}]},{\"@type\":\"ImageObject\",\"inLanguage\":\"es\",\"@id\":\"http:\/\/vientosur.top\/museo\/museo-violeta-parra-lamenta-la-partida-de-angel-parra-1943-2017\/#primaryimage\",\"url\":\"http:\/\/vientosur.top\/museo\/wp-content\/uploads\/2017\/03\/ap.jpg\",\"contentUrl\":\"http:\/\/vientosur.top\/museo\/wp-content\/uploads\/2017\/03\/ap.jpg\",\"width\":1800,\"height\":829},{\"@type\":\"BreadcrumbList\",\"@id\":\"http:\/\/vientosur.top\/museo\/museo-violeta-parra-lamenta-la-partida-de-angel-parra-1943-2017\/#breadcrumb\",\"itemListElement\":[{\"@type\":\"ListItem\",\"position\":1,\"name\":\"Portada\",\"item\":\"http:\/\/vientosur.top\/museo\/\"},{\"@type\":\"ListItem\",\"position\":2,\"name\":\"Museo Violeta Parra lamenta la partida de \u00c1ngel Parra (1943-2017)\"}]},{\"@type\":\"WebSite\",\"@id\":\"http:\/\/vientosur.top\/museo\/#website\",\"url\":\"http:\/\/vientosur.top\/museo\/\",\"name\":\"Museo Violeta Parra\",\"description\":\"Espacio que alberga tanto la memoria y legado creativo de la artista\",\"potentialAction\":[{\"@type\":\"SearchAction\",\"target\":{\"@type\":\"EntryPoint\",\"urlTemplate\":\"http:\/\/vientosur.top\/museo\/?s={search_term_string}\"},\"query-input\":{\"@type\":\"PropertyValueSpecification\",\"valueRequired\":true,\"valueName\":\"search_term_string\"}}],\"inLanguage\":\"es\"},{\"@type\":\"Person\",\"@id\":\"http:\/\/vientosur.top\/museo\/#\/schema\/person\/20c79d3c38800971feec8c2693c3dd9c\",\"name\":\"admin\",\"image\":{\"@type\":\"ImageObject\",\"inLanguage\":\"es\",\"@id\":\"http:\/\/vientosur.top\/museo\/#\/schema\/person\/image\/\",\"url\":\"https:\/\/secure.gravatar.com\/avatar\/713677ece3ffa642287213a80e5b773bce9ab81c269dd6d95102a990951c922f?s=96&d=mm&r=g\",\"contentUrl\":\"https:\/\/secure.gravatar.com\/avatar\/713677ece3ffa642287213a80e5b773bce9ab81c269dd6d95102a990951c922f?s=96&d=mm&r=g\",\"caption\":\"admin\"},\"sameAs\":[\"http:\/\/vientosur.top\/museo\"],\"url\":\"http:\/\/vientosur.top\/museo\/author\/comunicacionesmvp\/\"}]}<\/script>\n<!-- \/ Yoast SEO plugin. -->","yoast_head_json":{"title":"Museo Violeta Parra lamenta la partida de \u00c1ngel Parra (1943-2017) - Museo Violeta Parra","robots":{"index":"index","follow":"follow","max-snippet":"max-snippet:-1","max-image-preview":"max-image-preview:large","max-video-preview":"max-video-preview:-1"},"canonical":"http:\/\/vientosur.top\/museo\/museo-violeta-parra-lamenta-la-partida-de-angel-parra-1943-2017\/","og_locale":"es_ES","og_type":"article","og_title":"Museo Violeta Parra lamenta la partida de \u00c1ngel Parra (1943-2017) - Museo Violeta Parra","og_description":"El Museo Violeta Parra comunica con profundo pesar la partida de \u00c1ngel Parra (1943-2017); gran artista, benefactor del Museo e hijo de Violeta Parra. A contar de las 11:00 horas de hoy, \u00a0un libro de condolencias estar\u00e1 a disposici\u00f3n del p\u00fablico en el Museo. \u00c9ste ser\u00e1 entregado a su familia, a la que acompa\u00f1amos con [&hellip;]","og_url":"http:\/\/vientosur.top\/museo\/museo-violeta-parra-lamenta-la-partida-de-angel-parra-1943-2017\/","og_site_name":"Museo Violeta Parra","article_published_time":"2017-03-11T12:10:18+00:00","og_image":[{"width":1800,"height":829,"url":"http:\/\/vientosur.top\/museo\/wp-content\/uploads\/2017\/03\/ap.jpg","type":"image\/jpeg"}],"author":"admin","twitter_card":"summary_large_image","twitter_misc":{"Escrito por":"admin","Tiempo de lectura":"3 minutos"},"schema":{"@context":"https:\/\/schema.org","@graph":[{"@type":"WebPage","@id":"http:\/\/vientosur.top\/museo\/museo-violeta-parra-lamenta-la-partida-de-angel-parra-1943-2017\/","url":"http:\/\/vientosur.top\/museo\/museo-violeta-parra-lamenta-la-partida-de-angel-parra-1943-2017\/","name":"Museo Violeta Parra lamenta la partida de \u00c1ngel Parra (1943-2017) - Museo Violeta Parra","isPartOf":{"@id":"http:\/\/vientosur.top\/museo\/#website"},"primaryImageOfPage":{"@id":"http:\/\/vientosur.top\/museo\/museo-violeta-parra-lamenta-la-partida-de-angel-parra-1943-2017\/#primaryimage"},"image":{"@id":"http:\/\/vientosur.top\/museo\/museo-violeta-parra-lamenta-la-partida-de-angel-parra-1943-2017\/#primaryimage"},"thumbnailUrl":"http:\/\/vientosur.top\/museo\/wp-content\/uploads\/2017\/03\/ap.jpg","datePublished":"2017-03-11T12:10:18+00:00","author":{"@id":"http:\/\/vientosur.top\/museo\/#\/schema\/person\/20c79d3c38800971feec8c2693c3dd9c"},"breadcrumb":{"@id":"http:\/\/vientosur.top\/museo\/museo-violeta-parra-lamenta-la-partida-de-angel-parra-1943-2017\/#breadcrumb"},"inLanguage":"es","potentialAction":[{"@type":"ReadAction","target":["http:\/\/vientosur.top\/museo\/museo-violeta-parra-lamenta-la-partida-de-angel-parra-1943-2017\/"]}]},{"@type":"ImageObject","inLanguage":"es","@id":"http:\/\/vientosur.top\/museo\/museo-violeta-parra-lamenta-la-partida-de-angel-parra-1943-2017\/#primaryimage","url":"http:\/\/vientosur.top\/museo\/wp-content\/uploads\/2017\/03\/ap.jpg","contentUrl":"http:\/\/vientosur.top\/museo\/wp-content\/uploads\/2017\/03\/ap.jpg","width":1800,"height":829},{"@type":"BreadcrumbList","@id":"http:\/\/vientosur.top\/museo\/museo-violeta-parra-lamenta-la-partida-de-angel-parra-1943-2017\/#breadcrumb","itemListElement":[{"@type":"ListItem","position":1,"name":"Portada","item":"http:\/\/vientosur.top\/museo\/"},{"@type":"ListItem","position":2,"name":"Museo Violeta Parra lamenta la partida de \u00c1ngel Parra (1943-2017)"}]},{"@type":"WebSite","@id":"http:\/\/vientosur.top\/museo\/#website","url":"http:\/\/vientosur.top\/museo\/","name":"Museo Violeta Parra","description":"Espacio que alberga tanto la memoria y legado creativo de la artista","potentialAction":[{"@type":"SearchAction","target":{"@type":"EntryPoint","urlTemplate":"http:\/\/vientosur.top\/museo\/?s={search_term_string}"},"query-input":{"@type":"PropertyValueSpecification","valueRequired":true,"valueName":"search_term_string"}}],"inLanguage":"es"},{"@type":"Person","@id":"http:\/\/vientosur.top\/museo\/#\/schema\/person\/20c79d3c38800971feec8c2693c3dd9c","name":"admin","image":{"@type":"ImageObject","inLanguage":"es","@id":"http:\/\/vientosur.top\/museo\/#\/schema\/person\/image\/","url":"https:\/\/secure.gravatar.com\/avatar\/713677ece3ffa642287213a80e5b773bce9ab81c269dd6d95102a990951c922f?s=96&d=mm&r=g","contentUrl":"https:\/\/secure.gravatar.com\/avatar\/713677ece3ffa642287213a80e5b773bce9ab81c269dd6d95102a990951c922f?s=96&d=mm&r=g","caption":"admin"},"sameAs":["http:\/\/vientosur.top\/museo"],"url":"http:\/\/vientosur.top\/museo\/author\/comunicacionesmvp\/"}]}},"_links":{"self":[{"href":"http:\/\/vientosur.top\/museo\/wp-json\/wp\/v2\/posts\/3174","targetHints":{"allow":["GET"]}}],"collection":[{"href":"http:\/\/vientosur.top\/museo\/wp-json\/wp\/v2\/posts"}],"about":[{"href":"http:\/\/vientosur.top\/museo\/wp-json\/wp\/v2\/types\/post"}],"author":[{"embeddable":true,"href":"http:\/\/vientosur.top\/museo\/wp-json\/wp\/v2\/users\/5"}],"replies":[{"embeddable":true,"href":"http:\/\/vientosur.top\/museo\/wp-json\/wp\/v2\/comments?post=3174"}],"version-history":[{"count":0,"href":"http:\/\/vientosur.top\/museo\/wp-json\/wp\/v2\/posts\/3174\/revisions"}],"wp:featuredmedia":[{"embeddable":true,"href":"http:\/\/vientosur.top\/museo\/wp-json\/wp\/v2\/media\/3183"}],"wp:attachment":[{"href":"http:\/\/vientosur.top\/museo\/wp-json\/wp\/v2\/media?parent=3174"}],"wp:term":[{"taxonomy":"category","embeddable":true,"href":"http:\/\/vientosur.top\/museo\/wp-json\/wp\/v2\/categories?post=3174"},{"taxonomy":"post_tag","embeddable":true,"href":"http:\/\/vientosur.top\/museo\/wp-json\/wp\/v2\/tags?post=3174"}],"curies":[{"name":"wp","href":"https:\/\/api.w.org\/{rel}","templated":true}]}}