{"id":3208,"date":"2017-03-15T18:07:49","date_gmt":"2017-03-15T18:07:49","guid":{"rendered":"http:\/\/vientosur.top\/museo\/\/?p=3208"},"modified":"2017-03-15T18:07:49","modified_gmt":"2017-03-15T18:07:49","slug":"museo-violeta-parra-suscribe-convenio-de-colaboracion-con-la-cineteca-de-la-universidad-de-chile","status":"publish","type":"post","link":"http:\/\/vientosur.top\/museo\/museo-violeta-parra-suscribe-convenio-de-colaboracion-con-la-cineteca-de-la-universidad-de-chile\/","title":{"rendered":"Museo Violeta Parra suscribe convenio de colaboraci\u00f3n con la Cineteca de la Universidad de Chile"},"content":{"rendered":"<p>El martes 14 de marzo se llev\u00f3 a cabo la firma del convenio de colaboraci\u00f3n entre ambas instituciones. Cecilia Garc\u00eda-Huidobro, Directora del Museo Violeta Parra, firm\u00f3 el documento junto al profesor Luis Horta, Coordinador de la Cineteca de la Universidad de Chile.<\/p>\n<p>&nbsp;<\/p>\n<p>Este hito consolida el trabajo desarrollado entre ambas instituciones a trav\u00e9s del Ciclo de Cine Parra (octubre de 2016) y el Ciclo de los Poetas (febrero de 2017). En el acuerdo la Cineteca se compromete a: Ceder sin costo los derechos y autorizaciones correspondientes a obras audiovisuales de car\u00e1cter patrimonial, para ser parte de actividades conjuntas entre ambas instituciones;\u00a0Generar actividades de formaci\u00f3n conjuntas;\u00a0Participar activamente en actividades acad\u00e9micas que empleen el patrimonio audiovisual;\u00a0Proporcionar el respaldo profesional en la conservaci\u00f3n y resguardo de materiales audiovisuales que posea o gestione a futuro el Museo Violeta Parra.<\/p>\n<p>&nbsp;<\/p>\n<p>Por su parte la Fundaci\u00f3n Museo Violeta Parra deber\u00e1: Exhibir el material audiovisual en el Auditorio Antar y en las salas Run Run y Educativa en ciclos gratuitos y abiertos al p\u00fablico; Difundir a trav\u00e9s de los canales de comunicaci\u00f3n del Museo todas las actividades desarrolladas de forma conjunta; Convocar a las actividades a trav\u00e9s del env\u00edo de comunicados de prensa y gesti\u00f3n de entrevistas con medios masivos de comunicaci\u00f3n, adem\u00e1s de desarrollar actividades de extensi\u00f3n y educativas en conjunto.<\/p>\n<p>&nbsp;<\/p>\n<p>\u00abEs importante restablecer los v\u00ednculos hist\u00f3ricos que han existido entre las artes y la cultura en nuestro pa\u00eds, en el sentido de que cineastas de la U. de Chile estuvieron muy vinculados a Violeta Parra y la Universidad incluso conserva registros de sonido originales de Violeta Parra. Esta alianza permitir\u00e1 restituir una memoria hist\u00f3rica que le pertenece a toda la comunidad. Por otra parte el Museo y la Universidad confluyen en sus labores de extensi\u00f3n cultural y de contribuir al desarrollo cultural de la sociedad\u00bb, se\u00f1al\u00f3 el profesor Luis Horta.<\/p>\n<p>&nbsp;<\/p>\n<p>En tanto Cecilia Garc\u00eda-Huidobro destac\u00f3 la importancia de este convenio y anunci\u00f3 que la primera actividad conjunta a desarrollarse ser\u00e1 el ciclo \u00ab\u00c1ngel Parra y el cine\u00bb, a realizarse en el mes de abril en el Museo.<\/p>\n","protected":false},"excerpt":{"rendered":"<p>El martes 14 de marzo se llev\u00f3 a cabo la firma del convenio de colaboraci\u00f3n entre ambas instituciones. Cecilia Garc\u00eda-Huidobro, Directora del Museo Violeta Parra, firm\u00f3 el documento junto al profesor Luis Horta, Coordinador de la Cineteca de la Universidad de Chile. &nbsp; Este hito consolida el trabajo desarrollado entre ambas instituciones a trav\u00e9s del [&hellip;]<\/p>\n","protected":false},"author":5,"featured_media":3225,"comment_status":"open","ping_status":"open","sticky":false,"template":"","format":"standard","meta":{"site-sidebar-layout":"default","site-content-layout":"","ast-site-content-layout":"default","site-content-style":"default","site-sidebar-style":"default","ast-global-header-display":"","ast-banner-title-visibility":"","ast-main-header-display":"","ast-hfb-above-header-display":"","ast-hfb-below-header-display":"","ast-hfb-mobile-header-display":"","site-post-title":"","ast-breadcrumbs-content":"","ast-featured-img":"","footer-sml-layout":"","theme-transparent-header-meta":"","adv-header-id-meta":"","stick-header-meta":"","header-above-stick-meta":"","header-main-stick-meta":"","header-below-stick-meta":"","astra-migrate-meta-layouts":"default","ast-page-background-enabled":"default","ast-page-background-meta":{"desktop":{"background-color":"var(--ast-global-color-4)","background-image":"","background-repeat":"repeat","background-position":"center center","background-size":"auto","background-attachment":"scroll","background-type":"","background-media":"","overlay-type":"","overlay-color":"","overlay-opacity":"","overlay-gradient":""},"tablet":{"background-color":"","background-image":"","background-repeat":"repeat","background-position":"center center","background-size":"auto","background-attachment":"scroll","background-type":"","background-media":"","overlay-type":"","overlay-color":"","overlay-opacity":"","overlay-gradient":""},"mobile":{"background-color":"","background-image":"","background-repeat":"repeat","background-position":"center center","background-size":"auto","background-attachment":"scroll","background-type":"","background-media":"","overlay-type":"","overlay-color":"","overlay-opacity":"","overlay-gradient":""}},"ast-content-background-meta":{"desktop":{"background-color":"var(--ast-global-color-5)","background-image":"","background-repeat":"repeat","background-position":"center center","background-size":"auto","background-attachment":"scroll","background-type":"","background-media":"","overlay-type":"","overlay-color":"","overlay-opacity":"","overlay-gradient":""},"tablet":{"background-color":"var(--ast-global-color-5)","background-image":"","background-repeat":"repeat","background-position":"center center","background-size":"auto","background-attachment":"scroll","background-type":"","background-media":"","overlay-type":"","overlay-color":"","overlay-opacity":"","overlay-gradient":""},"mobile":{"background-color":"var(--ast-global-color-5)","background-image":"","background-repeat":"repeat","background-position":"center center","background-size":"auto","background-attachment":"scroll","background-type":"","background-media":"","overlay-type":"","overlay-color":"","overlay-opacity":"","overlay-gradient":""}},"footnotes":""},"categories":[59,8,61],"tags":[],"class_list":["post-3208","post","type-post","status-publish","format-standard","has-post-thumbnail","hentry","category-destacado-noticia","category-noticias","category-novedades"],"yoast_head":"<!-- This site is optimized with the Yoast SEO plugin v25.4 - https:\/\/yoast.com\/wordpress\/plugins\/seo\/ -->\n<title>Museo Violeta Parra suscribe convenio de colaboraci\u00f3n con la Cineteca de la Universidad de Chile - Museo Violeta Parra<\/title>\n<meta name=\"robots\" content=\"index, follow, max-snippet:-1, max-image-preview:large, max-video-preview:-1\" \/>\n<link rel=\"canonical\" href=\"http:\/\/vientosur.top\/museo\/museo-violeta-parra-suscribe-convenio-de-colaboracion-con-la-cineteca-de-la-universidad-de-chile\/\" \/>\n<meta property=\"og:locale\" content=\"es_ES\" \/>\n<meta property=\"og:type\" content=\"article\" \/>\n<meta property=\"og:title\" content=\"Museo Violeta Parra suscribe convenio de colaboraci\u00f3n con la Cineteca de la Universidad de Chile - Museo Violeta Parra\" \/>\n<meta property=\"og:description\" content=\"El martes 14 de marzo se llev\u00f3 a cabo la firma del convenio de colaboraci\u00f3n entre ambas instituciones. Cecilia Garc\u00eda-Huidobro, Directora del Museo Violeta Parra, firm\u00f3 el documento junto al profesor Luis Horta, Coordinador de la Cineteca de la Universidad de Chile. &nbsp; Este hito consolida el trabajo desarrollado entre ambas instituciones a trav\u00e9s del [&hellip;]\" \/>\n<meta property=\"og:url\" content=\"http:\/\/vientosur.top\/museo\/museo-violeta-parra-suscribe-convenio-de-colaboracion-con-la-cineteca-de-la-universidad-de-chile\/\" \/>\n<meta property=\"og:site_name\" content=\"Museo Violeta Parra\" \/>\n<meta property=\"article:published_time\" content=\"2017-03-15T18:07:49+00:00\" \/>\n<meta property=\"og:image\" content=\"http:\/\/vientosur.top\/museo\/wp-content\/uploads\/2017\/03\/conveniouchile.jpg\" \/>\n\t<meta property=\"og:image:width\" content=\"720\" \/>\n\t<meta property=\"og:image:height\" content=\"442\" \/>\n\t<meta property=\"og:image:type\" content=\"image\/jpeg\" \/>\n<meta name=\"author\" content=\"admin\" \/>\n<meta name=\"twitter:card\" content=\"summary_large_image\" \/>\n<meta name=\"twitter:label1\" content=\"Escrito por\" \/>\n\t<meta name=\"twitter:data1\" content=\"admin\" \/>\n\t<meta name=\"twitter:label2\" content=\"Tiempo de lectura\" \/>\n\t<meta name=\"twitter:data2\" content=\"2 minutos\" \/>\n<script type=\"application\/ld+json\" class=\"yoast-schema-graph\">{\"@context\":\"https:\/\/schema.org\",\"@graph\":[{\"@type\":\"WebPage\",\"@id\":\"http:\/\/vientosur.top\/museo\/museo-violeta-parra-suscribe-convenio-de-colaboracion-con-la-cineteca-de-la-universidad-de-chile\/\",\"url\":\"http:\/\/vientosur.top\/museo\/museo-violeta-parra-suscribe-convenio-de-colaboracion-con-la-cineteca-de-la-universidad-de-chile\/\",\"name\":\"Museo Violeta Parra suscribe convenio de colaboraci\u00f3n con la Cineteca de la Universidad de Chile - Museo Violeta Parra\",\"isPartOf\":{\"@id\":\"http:\/\/vientosur.top\/museo\/#website\"},\"primaryImageOfPage\":{\"@id\":\"http:\/\/vientosur.top\/museo\/museo-violeta-parra-suscribe-convenio-de-colaboracion-con-la-cineteca-de-la-universidad-de-chile\/#primaryimage\"},\"image\":{\"@id\":\"http:\/\/vientosur.top\/museo\/museo-violeta-parra-suscribe-convenio-de-colaboracion-con-la-cineteca-de-la-universidad-de-chile\/#primaryimage\"},\"thumbnailUrl\":\"http:\/\/vientosur.top\/museo\/wp-content\/uploads\/2017\/03\/conveniouchile.jpg\",\"datePublished\":\"2017-03-15T18:07:49+00:00\",\"author\":{\"@id\":\"http:\/\/vientosur.top\/museo\/#\/schema\/person\/20c79d3c38800971feec8c2693c3dd9c\"},\"breadcrumb\":{\"@id\":\"http:\/\/vientosur.top\/museo\/museo-violeta-parra-suscribe-convenio-de-colaboracion-con-la-cineteca-de-la-universidad-de-chile\/#breadcrumb\"},\"inLanguage\":\"es\",\"potentialAction\":[{\"@type\":\"ReadAction\",\"target\":[\"http:\/\/vientosur.top\/museo\/museo-violeta-parra-suscribe-convenio-de-colaboracion-con-la-cineteca-de-la-universidad-de-chile\/\"]}]},{\"@type\":\"ImageObject\",\"inLanguage\":\"es\",\"@id\":\"http:\/\/vientosur.top\/museo\/museo-violeta-parra-suscribe-convenio-de-colaboracion-con-la-cineteca-de-la-universidad-de-chile\/#primaryimage\",\"url\":\"http:\/\/vientosur.top\/museo\/wp-content\/uploads\/2017\/03\/conveniouchile.jpg\",\"contentUrl\":\"http:\/\/vientosur.top\/museo\/wp-content\/uploads\/2017\/03\/conveniouchile.jpg\",\"width\":720,\"height\":442},{\"@type\":\"BreadcrumbList\",\"@id\":\"http:\/\/vientosur.top\/museo\/museo-violeta-parra-suscribe-convenio-de-colaboracion-con-la-cineteca-de-la-universidad-de-chile\/#breadcrumb\",\"itemListElement\":[{\"@type\":\"ListItem\",\"position\":1,\"name\":\"Portada\",\"item\":\"http:\/\/vientosur.top\/museo\/\"},{\"@type\":\"ListItem\",\"position\":2,\"name\":\"Museo Violeta Parra suscribe convenio de colaboraci\u00f3n con la Cineteca de la Universidad de Chile\"}]},{\"@type\":\"WebSite\",\"@id\":\"http:\/\/vientosur.top\/museo\/#website\",\"url\":\"http:\/\/vientosur.top\/museo\/\",\"name\":\"Museo Violeta Parra\",\"description\":\"Espacio que alberga tanto la memoria y legado creativo de la artista\",\"potentialAction\":[{\"@type\":\"SearchAction\",\"target\":{\"@type\":\"EntryPoint\",\"urlTemplate\":\"http:\/\/vientosur.top\/museo\/?s={search_term_string}\"},\"query-input\":{\"@type\":\"PropertyValueSpecification\",\"valueRequired\":true,\"valueName\":\"search_term_string\"}}],\"inLanguage\":\"es\"},{\"@type\":\"Person\",\"@id\":\"http:\/\/vientosur.top\/museo\/#\/schema\/person\/20c79d3c38800971feec8c2693c3dd9c\",\"name\":\"admin\",\"image\":{\"@type\":\"ImageObject\",\"inLanguage\":\"es\",\"@id\":\"http:\/\/vientosur.top\/museo\/#\/schema\/person\/image\/\",\"url\":\"https:\/\/secure.gravatar.com\/avatar\/713677ece3ffa642287213a80e5b773bce9ab81c269dd6d95102a990951c922f?s=96&d=mm&r=g\",\"contentUrl\":\"https:\/\/secure.gravatar.com\/avatar\/713677ece3ffa642287213a80e5b773bce9ab81c269dd6d95102a990951c922f?s=96&d=mm&r=g\",\"caption\":\"admin\"},\"sameAs\":[\"http:\/\/vientosur.top\/museo\"],\"url\":\"http:\/\/vientosur.top\/museo\/author\/comunicacionesmvp\/\"}]}<\/script>\n<!-- \/ Yoast SEO plugin. -->","yoast_head_json":{"title":"Museo Violeta Parra suscribe convenio de colaboraci\u00f3n con la Cineteca de la Universidad de Chile - Museo Violeta Parra","robots":{"index":"index","follow":"follow","max-snippet":"max-snippet:-1","max-image-preview":"max-image-preview:large","max-video-preview":"max-video-preview:-1"},"canonical":"http:\/\/vientosur.top\/museo\/museo-violeta-parra-suscribe-convenio-de-colaboracion-con-la-cineteca-de-la-universidad-de-chile\/","og_locale":"es_ES","og_type":"article","og_title":"Museo Violeta Parra suscribe convenio de colaboraci\u00f3n con la Cineteca de la Universidad de Chile - Museo Violeta Parra","og_description":"El martes 14 de marzo se llev\u00f3 a cabo la firma del convenio de colaboraci\u00f3n entre ambas instituciones. Cecilia Garc\u00eda-Huidobro, Directora del Museo Violeta Parra, firm\u00f3 el documento junto al profesor Luis Horta, Coordinador de la Cineteca de la Universidad de Chile. &nbsp; Este hito consolida el trabajo desarrollado entre ambas instituciones a trav\u00e9s del [&hellip;]","og_url":"http:\/\/vientosur.top\/museo\/museo-violeta-parra-suscribe-convenio-de-colaboracion-con-la-cineteca-de-la-universidad-de-chile\/","og_site_name":"Museo Violeta Parra","article_published_time":"2017-03-15T18:07:49+00:00","og_image":[{"width":720,"height":442,"url":"http:\/\/vientosur.top\/museo\/wp-content\/uploads\/2017\/03\/conveniouchile.jpg","type":"image\/jpeg"}],"author":"admin","twitter_card":"summary_large_image","twitter_misc":{"Escrito por":"admin","Tiempo de lectura":"2 minutos"},"schema":{"@context":"https:\/\/schema.org","@graph":[{"@type":"WebPage","@id":"http:\/\/vientosur.top\/museo\/museo-violeta-parra-suscribe-convenio-de-colaboracion-con-la-cineteca-de-la-universidad-de-chile\/","url":"http:\/\/vientosur.top\/museo\/museo-violeta-parra-suscribe-convenio-de-colaboracion-con-la-cineteca-de-la-universidad-de-chile\/","name":"Museo Violeta Parra suscribe convenio de colaboraci\u00f3n con la Cineteca de la Universidad de Chile - Museo Violeta Parra","isPartOf":{"@id":"http:\/\/vientosur.top\/museo\/#website"},"primaryImageOfPage":{"@id":"http:\/\/vientosur.top\/museo\/museo-violeta-parra-suscribe-convenio-de-colaboracion-con-la-cineteca-de-la-universidad-de-chile\/#primaryimage"},"image":{"@id":"http:\/\/vientosur.top\/museo\/museo-violeta-parra-suscribe-convenio-de-colaboracion-con-la-cineteca-de-la-universidad-de-chile\/#primaryimage"},"thumbnailUrl":"http:\/\/vientosur.top\/museo\/wp-content\/uploads\/2017\/03\/conveniouchile.jpg","datePublished":"2017-03-15T18:07:49+00:00","author":{"@id":"http:\/\/vientosur.top\/museo\/#\/schema\/person\/20c79d3c38800971feec8c2693c3dd9c"},"breadcrumb":{"@id":"http:\/\/vientosur.top\/museo\/museo-violeta-parra-suscribe-convenio-de-colaboracion-con-la-cineteca-de-la-universidad-de-chile\/#breadcrumb"},"inLanguage":"es","potentialAction":[{"@type":"ReadAction","target":["http:\/\/vientosur.top\/museo\/museo-violeta-parra-suscribe-convenio-de-colaboracion-con-la-cineteca-de-la-universidad-de-chile\/"]}]},{"@type":"ImageObject","inLanguage":"es","@id":"http:\/\/vientosur.top\/museo\/museo-violeta-parra-suscribe-convenio-de-colaboracion-con-la-cineteca-de-la-universidad-de-chile\/#primaryimage","url":"http:\/\/vientosur.top\/museo\/wp-content\/uploads\/2017\/03\/conveniouchile.jpg","contentUrl":"http:\/\/vientosur.top\/museo\/wp-content\/uploads\/2017\/03\/conveniouchile.jpg","width":720,"height":442},{"@type":"BreadcrumbList","@id":"http:\/\/vientosur.top\/museo\/museo-violeta-parra-suscribe-convenio-de-colaboracion-con-la-cineteca-de-la-universidad-de-chile\/#breadcrumb","itemListElement":[{"@type":"ListItem","position":1,"name":"Portada","item":"http:\/\/vientosur.top\/museo\/"},{"@type":"ListItem","position":2,"name":"Museo Violeta Parra suscribe convenio de colaboraci\u00f3n con la Cineteca de la Universidad de Chile"}]},{"@type":"WebSite","@id":"http:\/\/vientosur.top\/museo\/#website","url":"http:\/\/vientosur.top\/museo\/","name":"Museo Violeta Parra","description":"Espacio que alberga tanto la memoria y legado creativo de la artista","potentialAction":[{"@type":"SearchAction","target":{"@type":"EntryPoint","urlTemplate":"http:\/\/vientosur.top\/museo\/?s={search_term_string}"},"query-input":{"@type":"PropertyValueSpecification","valueRequired":true,"valueName":"search_term_string"}}],"inLanguage":"es"},{"@type":"Person","@id":"http:\/\/vientosur.top\/museo\/#\/schema\/person\/20c79d3c38800971feec8c2693c3dd9c","name":"admin","image":{"@type":"ImageObject","inLanguage":"es","@id":"http:\/\/vientosur.top\/museo\/#\/schema\/person\/image\/","url":"https:\/\/secure.gravatar.com\/avatar\/713677ece3ffa642287213a80e5b773bce9ab81c269dd6d95102a990951c922f?s=96&d=mm&r=g","contentUrl":"https:\/\/secure.gravatar.com\/avatar\/713677ece3ffa642287213a80e5b773bce9ab81c269dd6d95102a990951c922f?s=96&d=mm&r=g","caption":"admin"},"sameAs":["http:\/\/vientosur.top\/museo"],"url":"http:\/\/vientosur.top\/museo\/author\/comunicacionesmvp\/"}]}},"_links":{"self":[{"href":"http:\/\/vientosur.top\/museo\/wp-json\/wp\/v2\/posts\/3208","targetHints":{"allow":["GET"]}}],"collection":[{"href":"http:\/\/vientosur.top\/museo\/wp-json\/wp\/v2\/posts"}],"about":[{"href":"http:\/\/vientosur.top\/museo\/wp-json\/wp\/v2\/types\/post"}],"author":[{"embeddable":true,"href":"http:\/\/vientosur.top\/museo\/wp-json\/wp\/v2\/users\/5"}],"replies":[{"embeddable":true,"href":"http:\/\/vientosur.top\/museo\/wp-json\/wp\/v2\/comments?post=3208"}],"version-history":[{"count":0,"href":"http:\/\/vientosur.top\/museo\/wp-json\/wp\/v2\/posts\/3208\/revisions"}],"wp:featuredmedia":[{"embeddable":true,"href":"http:\/\/vientosur.top\/museo\/wp-json\/wp\/v2\/media\/3225"}],"wp:attachment":[{"href":"http:\/\/vientosur.top\/museo\/wp-json\/wp\/v2\/media?parent=3208"}],"wp:term":[{"taxonomy":"category","embeddable":true,"href":"http:\/\/vientosur.top\/museo\/wp-json\/wp\/v2\/categories?post=3208"},{"taxonomy":"post_tag","embeddable":true,"href":"http:\/\/vientosur.top\/museo\/wp-json\/wp\/v2\/tags?post=3208"}],"curies":[{"name":"wp","href":"https:\/\/api.w.org\/{rel}","templated":true}]}}