{"id":3209,"date":"2017-03-15T16:21:22","date_gmt":"2017-03-15T16:21:22","guid":{"rendered":"http:\/\/vientosur.top\/museo\/\/?p=3209"},"modified":"2017-03-15T16:21:22","modified_gmt":"2017-03-15T16:21:22","slug":"estreno-del-documental-anunciando-un-nuevo-dia","status":"publish","type":"post","link":"http:\/\/vientosur.top\/museo\/estreno-del-documental-anunciando-un-nuevo-dia\/","title":{"rendered":"Exitoso estreno del documental \u00abAnunciando un Nuevo D\u00eda\u00bb en el Museo Violeta Parra"},"content":{"rendered":"<p>\u00abAnunciando un Nuevo D\u00eda\u00bb es el resultado de una investigaci\u00f3n que da cuenta de c\u00f3mo el Canto a lo Poeta, una de las tradiciones folcl\u00f3ricas m\u00e1s antiguas de Chile, se vive y desarrolla en la zona rural del centro del pa\u00eds, en tiempos de modernidad y enajenaci\u00f3n social, los cantores plasman en su canto la vida de una comunidad marcada por la armon\u00eda y la fraternidad.<\/p>\n<p>&nbsp;<\/p>\n<p>Direcci\u00f3n: Igor Mora<br \/>\nGui\u00f3n: Igor Mora<br \/>\nProducci\u00f3n General: Mar\u00eda Jes\u00fas Allende<br \/>\nM\u00fasica original: Juan Antonio Rauld<br \/>\nIdea original: Mar\u00eda Jes\u00fas Allende<br \/>\nInvestigaci\u00f3n: Mar\u00eda Jes\u00fas Allende y Alan Valderrama<br \/>\nCo-investigador: Juan Antonio Rauld<br \/>\nDise\u00f1o y Animaciones: Lita G\u00f3mez<br \/>\nC\u00e1maras: Alan Valderrama e Igor Mora<br \/>\nSonido directo: Jos\u00e9 Ignacio Aldana<\/p>\n<p>&nbsp;<\/p>\n<p><iframe src=\"https:\/\/www.youtube.com\/embed\/bfj9Ug4zNQI\" width=\"560\" height=\"315\" frameborder=\"0\" allowfullscreen=\"allowfullscreen\"><\/iframe><\/p>\n","protected":false},"excerpt":{"rendered":"<p>\u00abAnunciando un Nuevo D\u00eda\u00bb es el resultado de una investigaci\u00f3n que da cuenta de c\u00f3mo el Canto a lo Poeta, una de las tradiciones folcl\u00f3ricas m\u00e1s antiguas de Chile, se vive y desarrolla en la zona rural del centro del pa\u00eds, en tiempos de modernidad y enajenaci\u00f3n social, los cantores plasman en su canto la [&hellip;]<\/p>\n","protected":false},"author":5,"featured_media":3214,"comment_status":"open","ping_status":"open","sticky":false,"template":"","format":"standard","meta":{"site-sidebar-layout":"default","site-content-layout":"","ast-site-content-layout":"default","site-content-style":"default","site-sidebar-style":"default","ast-global-header-display":"","ast-banner-title-visibility":"","ast-main-header-display":"","ast-hfb-above-header-display":"","ast-hfb-below-header-display":"","ast-hfb-mobile-header-display":"","site-post-title":"","ast-breadcrumbs-content":"","ast-featured-img":"","footer-sml-layout":"","theme-transparent-header-meta":"","adv-header-id-meta":"","stick-header-meta":"","header-above-stick-meta":"","header-main-stick-meta":"","header-below-stick-meta":"","astra-migrate-meta-layouts":"default","ast-page-background-enabled":"default","ast-page-background-meta":{"desktop":{"background-color":"var(--ast-global-color-4)","background-image":"","background-repeat":"repeat","background-position":"center center","background-size":"auto","background-attachment":"scroll","background-type":"","background-media":"","overlay-type":"","overlay-color":"","overlay-opacity":"","overlay-gradient":""},"tablet":{"background-color":"","background-image":"","background-repeat":"repeat","background-position":"center center","background-size":"auto","background-attachment":"scroll","background-type":"","background-media":"","overlay-type":"","overlay-color":"","overlay-opacity":"","overlay-gradient":""},"mobile":{"background-color":"","background-image":"","background-repeat":"repeat","background-position":"center center","background-size":"auto","background-attachment":"scroll","background-type":"","background-media":"","overlay-type":"","overlay-color":"","overlay-opacity":"","overlay-gradient":""}},"ast-content-background-meta":{"desktop":{"background-color":"var(--ast-global-color-5)","background-image":"","background-repeat":"repeat","background-position":"center center","background-size":"auto","background-attachment":"scroll","background-type":"","background-media":"","overlay-type":"","overlay-color":"","overlay-opacity":"","overlay-gradient":""},"tablet":{"background-color":"var(--ast-global-color-5)","background-image":"","background-repeat":"repeat","background-position":"center center","background-size":"auto","background-attachment":"scroll","background-type":"","background-media":"","overlay-type":"","overlay-color":"","overlay-opacity":"","overlay-gradient":""},"mobile":{"background-color":"var(--ast-global-color-5)","background-image":"","background-repeat":"repeat","background-position":"center center","background-size":"auto","background-attachment":"scroll","background-type":"","background-media":"","overlay-type":"","overlay-color":"","overlay-opacity":"","overlay-gradient":""}},"footnotes":""},"categories":[59,8],"tags":[],"class_list":["post-3209","post","type-post","status-publish","format-standard","has-post-thumbnail","hentry","category-destacado-noticia","category-noticias"],"yoast_head":"<!-- This site is optimized with the Yoast SEO plugin v25.4 - https:\/\/yoast.com\/wordpress\/plugins\/seo\/ -->\n<title>Exitoso estreno del documental &quot;Anunciando un Nuevo D\u00eda&quot; en el Museo Violeta Parra - Museo Violeta Parra<\/title>\n<meta name=\"robots\" content=\"index, follow, max-snippet:-1, max-image-preview:large, max-video-preview:-1\" \/>\n<link rel=\"canonical\" href=\"http:\/\/vientosur.top\/museo\/estreno-del-documental-anunciando-un-nuevo-dia\/\" \/>\n<meta property=\"og:locale\" content=\"es_ES\" \/>\n<meta property=\"og:type\" content=\"article\" \/>\n<meta property=\"og:title\" content=\"Exitoso estreno del documental &quot;Anunciando un Nuevo D\u00eda&quot; en el Museo Violeta Parra - Museo Violeta Parra\" \/>\n<meta property=\"og:description\" content=\"\u00abAnunciando un Nuevo D\u00eda\u00bb es el resultado de una investigaci\u00f3n que da cuenta de c\u00f3mo el Canto a lo Poeta, una de las tradiciones folcl\u00f3ricas m\u00e1s antiguas de Chile, se vive y desarrolla en la zona rural del centro del pa\u00eds, en tiempos de modernidad y enajenaci\u00f3n social, los cantores plasman en su canto la [&hellip;]\" \/>\n<meta property=\"og:url\" content=\"http:\/\/vientosur.top\/museo\/estreno-del-documental-anunciando-un-nuevo-dia\/\" \/>\n<meta property=\"og:site_name\" content=\"Museo Violeta Parra\" \/>\n<meta property=\"article:published_time\" content=\"2017-03-15T16:21:22+00:00\" \/>\n<meta property=\"og:image\" content=\"http:\/\/vientosur.top\/museo\/wp-content\/uploads\/2017\/03\/Anunciando-un-NUevo-dia2-1024x672.png\" \/>\n\t<meta property=\"og:image:width\" content=\"1024\" \/>\n\t<meta property=\"og:image:height\" content=\"672\" \/>\n\t<meta property=\"og:image:type\" content=\"image\/png\" \/>\n<meta name=\"author\" content=\"admin\" \/>\n<meta name=\"twitter:card\" content=\"summary_large_image\" \/>\n<meta name=\"twitter:label1\" content=\"Escrito por\" \/>\n\t<meta name=\"twitter:data1\" content=\"admin\" \/>\n\t<meta name=\"twitter:label2\" content=\"Tiempo de lectura\" \/>\n\t<meta name=\"twitter:data2\" content=\"1 minuto\" \/>\n<script type=\"application\/ld+json\" class=\"yoast-schema-graph\">{\"@context\":\"https:\/\/schema.org\",\"@graph\":[{\"@type\":\"WebPage\",\"@id\":\"http:\/\/vientosur.top\/museo\/estreno-del-documental-anunciando-un-nuevo-dia\/\",\"url\":\"http:\/\/vientosur.top\/museo\/estreno-del-documental-anunciando-un-nuevo-dia\/\",\"name\":\"Exitoso estreno del documental \\\"Anunciando un Nuevo D\u00eda\\\" en el Museo Violeta Parra - Museo Violeta Parra\",\"isPartOf\":{\"@id\":\"http:\/\/vientosur.top\/museo\/#website\"},\"primaryImageOfPage\":{\"@id\":\"http:\/\/vientosur.top\/museo\/estreno-del-documental-anunciando-un-nuevo-dia\/#primaryimage\"},\"image\":{\"@id\":\"http:\/\/vientosur.top\/museo\/estreno-del-documental-anunciando-un-nuevo-dia\/#primaryimage\"},\"thumbnailUrl\":\"http:\/\/vientosur.top\/museo\/wp-content\/uploads\/2017\/03\/Anunciando-un-NUevo-dia2.png\",\"datePublished\":\"2017-03-15T16:21:22+00:00\",\"author\":{\"@id\":\"http:\/\/vientosur.top\/museo\/#\/schema\/person\/20c79d3c38800971feec8c2693c3dd9c\"},\"breadcrumb\":{\"@id\":\"http:\/\/vientosur.top\/museo\/estreno-del-documental-anunciando-un-nuevo-dia\/#breadcrumb\"},\"inLanguage\":\"es\",\"potentialAction\":[{\"@type\":\"ReadAction\",\"target\":[\"http:\/\/vientosur.top\/museo\/estreno-del-documental-anunciando-un-nuevo-dia\/\"]}]},{\"@type\":\"ImageObject\",\"inLanguage\":\"es\",\"@id\":\"http:\/\/vientosur.top\/museo\/estreno-del-documental-anunciando-un-nuevo-dia\/#primaryimage\",\"url\":\"http:\/\/vientosur.top\/museo\/wp-content\/uploads\/2017\/03\/Anunciando-un-NUevo-dia2.png\",\"contentUrl\":\"http:\/\/vientosur.top\/museo\/wp-content\/uploads\/2017\/03\/Anunciando-un-NUevo-dia2.png\",\"width\":1200,\"height\":788},{\"@type\":\"BreadcrumbList\",\"@id\":\"http:\/\/vientosur.top\/museo\/estreno-del-documental-anunciando-un-nuevo-dia\/#breadcrumb\",\"itemListElement\":[{\"@type\":\"ListItem\",\"position\":1,\"name\":\"Portada\",\"item\":\"http:\/\/vientosur.top\/museo\/\"},{\"@type\":\"ListItem\",\"position\":2,\"name\":\"Exitoso estreno del documental \u00abAnunciando un Nuevo D\u00eda\u00bb en el Museo Violeta Parra\"}]},{\"@type\":\"WebSite\",\"@id\":\"http:\/\/vientosur.top\/museo\/#website\",\"url\":\"http:\/\/vientosur.top\/museo\/\",\"name\":\"Museo Violeta Parra\",\"description\":\"Espacio que alberga tanto la memoria y legado creativo de la artista\",\"potentialAction\":[{\"@type\":\"SearchAction\",\"target\":{\"@type\":\"EntryPoint\",\"urlTemplate\":\"http:\/\/vientosur.top\/museo\/?s={search_term_string}\"},\"query-input\":{\"@type\":\"PropertyValueSpecification\",\"valueRequired\":true,\"valueName\":\"search_term_string\"}}],\"inLanguage\":\"es\"},{\"@type\":\"Person\",\"@id\":\"http:\/\/vientosur.top\/museo\/#\/schema\/person\/20c79d3c38800971feec8c2693c3dd9c\",\"name\":\"admin\",\"image\":{\"@type\":\"ImageObject\",\"inLanguage\":\"es\",\"@id\":\"http:\/\/vientosur.top\/museo\/#\/schema\/person\/image\/\",\"url\":\"https:\/\/secure.gravatar.com\/avatar\/713677ece3ffa642287213a80e5b773bce9ab81c269dd6d95102a990951c922f?s=96&d=mm&r=g\",\"contentUrl\":\"https:\/\/secure.gravatar.com\/avatar\/713677ece3ffa642287213a80e5b773bce9ab81c269dd6d95102a990951c922f?s=96&d=mm&r=g\",\"caption\":\"admin\"},\"sameAs\":[\"http:\/\/vientosur.top\/museo\"],\"url\":\"http:\/\/vientosur.top\/museo\/author\/comunicacionesmvp\/\"}]}<\/script>\n<!-- \/ Yoast SEO plugin. -->","yoast_head_json":{"title":"Exitoso estreno del documental \"Anunciando un Nuevo D\u00eda\" en el Museo Violeta Parra - Museo Violeta Parra","robots":{"index":"index","follow":"follow","max-snippet":"max-snippet:-1","max-image-preview":"max-image-preview:large","max-video-preview":"max-video-preview:-1"},"canonical":"http:\/\/vientosur.top\/museo\/estreno-del-documental-anunciando-un-nuevo-dia\/","og_locale":"es_ES","og_type":"article","og_title":"Exitoso estreno del documental \"Anunciando un Nuevo D\u00eda\" en el Museo Violeta Parra - Museo Violeta Parra","og_description":"\u00abAnunciando un Nuevo D\u00eda\u00bb es el resultado de una investigaci\u00f3n que da cuenta de c\u00f3mo el Canto a lo Poeta, una de las tradiciones folcl\u00f3ricas m\u00e1s antiguas de Chile, se vive y desarrolla en la zona rural del centro del pa\u00eds, en tiempos de modernidad y enajenaci\u00f3n social, los cantores plasman en su canto la [&hellip;]","og_url":"http:\/\/vientosur.top\/museo\/estreno-del-documental-anunciando-un-nuevo-dia\/","og_site_name":"Museo Violeta Parra","article_published_time":"2017-03-15T16:21:22+00:00","og_image":[{"width":1024,"height":672,"url":"http:\/\/vientosur.top\/museo\/wp-content\/uploads\/2017\/03\/Anunciando-un-NUevo-dia2-1024x672.png","type":"image\/png"}],"author":"admin","twitter_card":"summary_large_image","twitter_misc":{"Escrito por":"admin","Tiempo de lectura":"1 minuto"},"schema":{"@context":"https:\/\/schema.org","@graph":[{"@type":"WebPage","@id":"http:\/\/vientosur.top\/museo\/estreno-del-documental-anunciando-un-nuevo-dia\/","url":"http:\/\/vientosur.top\/museo\/estreno-del-documental-anunciando-un-nuevo-dia\/","name":"Exitoso estreno del documental \"Anunciando un Nuevo D\u00eda\" en el Museo Violeta Parra - Museo Violeta Parra","isPartOf":{"@id":"http:\/\/vientosur.top\/museo\/#website"},"primaryImageOfPage":{"@id":"http:\/\/vientosur.top\/museo\/estreno-del-documental-anunciando-un-nuevo-dia\/#primaryimage"},"image":{"@id":"http:\/\/vientosur.top\/museo\/estreno-del-documental-anunciando-un-nuevo-dia\/#primaryimage"},"thumbnailUrl":"http:\/\/vientosur.top\/museo\/wp-content\/uploads\/2017\/03\/Anunciando-un-NUevo-dia2.png","datePublished":"2017-03-15T16:21:22+00:00","author":{"@id":"http:\/\/vientosur.top\/museo\/#\/schema\/person\/20c79d3c38800971feec8c2693c3dd9c"},"breadcrumb":{"@id":"http:\/\/vientosur.top\/museo\/estreno-del-documental-anunciando-un-nuevo-dia\/#breadcrumb"},"inLanguage":"es","potentialAction":[{"@type":"ReadAction","target":["http:\/\/vientosur.top\/museo\/estreno-del-documental-anunciando-un-nuevo-dia\/"]}]},{"@type":"ImageObject","inLanguage":"es","@id":"http:\/\/vientosur.top\/museo\/estreno-del-documental-anunciando-un-nuevo-dia\/#primaryimage","url":"http:\/\/vientosur.top\/museo\/wp-content\/uploads\/2017\/03\/Anunciando-un-NUevo-dia2.png","contentUrl":"http:\/\/vientosur.top\/museo\/wp-content\/uploads\/2017\/03\/Anunciando-un-NUevo-dia2.png","width":1200,"height":788},{"@type":"BreadcrumbList","@id":"http:\/\/vientosur.top\/museo\/estreno-del-documental-anunciando-un-nuevo-dia\/#breadcrumb","itemListElement":[{"@type":"ListItem","position":1,"name":"Portada","item":"http:\/\/vientosur.top\/museo\/"},{"@type":"ListItem","position":2,"name":"Exitoso estreno del documental \u00abAnunciando un Nuevo D\u00eda\u00bb en el Museo Violeta Parra"}]},{"@type":"WebSite","@id":"http:\/\/vientosur.top\/museo\/#website","url":"http:\/\/vientosur.top\/museo\/","name":"Museo Violeta Parra","description":"Espacio que alberga tanto la memoria y legado creativo de la artista","potentialAction":[{"@type":"SearchAction","target":{"@type":"EntryPoint","urlTemplate":"http:\/\/vientosur.top\/museo\/?s={search_term_string}"},"query-input":{"@type":"PropertyValueSpecification","valueRequired":true,"valueName":"search_term_string"}}],"inLanguage":"es"},{"@type":"Person","@id":"http:\/\/vientosur.top\/museo\/#\/schema\/person\/20c79d3c38800971feec8c2693c3dd9c","name":"admin","image":{"@type":"ImageObject","inLanguage":"es","@id":"http:\/\/vientosur.top\/museo\/#\/schema\/person\/image\/","url":"https:\/\/secure.gravatar.com\/avatar\/713677ece3ffa642287213a80e5b773bce9ab81c269dd6d95102a990951c922f?s=96&d=mm&r=g","contentUrl":"https:\/\/secure.gravatar.com\/avatar\/713677ece3ffa642287213a80e5b773bce9ab81c269dd6d95102a990951c922f?s=96&d=mm&r=g","caption":"admin"},"sameAs":["http:\/\/vientosur.top\/museo"],"url":"http:\/\/vientosur.top\/museo\/author\/comunicacionesmvp\/"}]}},"_links":{"self":[{"href":"http:\/\/vientosur.top\/museo\/wp-json\/wp\/v2\/posts\/3209","targetHints":{"allow":["GET"]}}],"collection":[{"href":"http:\/\/vientosur.top\/museo\/wp-json\/wp\/v2\/posts"}],"about":[{"href":"http:\/\/vientosur.top\/museo\/wp-json\/wp\/v2\/types\/post"}],"author":[{"embeddable":true,"href":"http:\/\/vientosur.top\/museo\/wp-json\/wp\/v2\/users\/5"}],"replies":[{"embeddable":true,"href":"http:\/\/vientosur.top\/museo\/wp-json\/wp\/v2\/comments?post=3209"}],"version-history":[{"count":0,"href":"http:\/\/vientosur.top\/museo\/wp-json\/wp\/v2\/posts\/3209\/revisions"}],"wp:featuredmedia":[{"embeddable":true,"href":"http:\/\/vientosur.top\/museo\/wp-json\/wp\/v2\/media\/3214"}],"wp:attachment":[{"href":"http:\/\/vientosur.top\/museo\/wp-json\/wp\/v2\/media?parent=3209"}],"wp:term":[{"taxonomy":"category","embeddable":true,"href":"http:\/\/vientosur.top\/museo\/wp-json\/wp\/v2\/categories?post=3209"},{"taxonomy":"post_tag","embeddable":true,"href":"http:\/\/vientosur.top\/museo\/wp-json\/wp\/v2\/tags?post=3209"}],"curies":[{"name":"wp","href":"https:\/\/api.w.org\/{rel}","templated":true}]}}