{"id":3212,"date":"2017-03-15T16:28:40","date_gmt":"2017-03-15T16:28:40","guid":{"rendered":"http:\/\/vientosur.top\/museo\/\/?p=3212"},"modified":"2017-03-15T16:28:40","modified_gmt":"2017-03-15T16:28:40","slug":"recital-poetico-para-olvidarme-de-ti","status":"publish","type":"post","link":"http:\/\/vientosur.top\/museo\/recital-poetico-para-olvidarme-de-ti\/","title":{"rendered":"Ocho poetas chilenos rindieron tributo a Violeta en el recital \u201cPara olvidarme de ti\u201d"},"content":{"rendered":"<p>Este recital abord\u00f3 el desamor como t\u00f3pico literario. Diversos escritores chilenos leyeron sus poemas, comentaron su obra e hicieron un paralelo con la poes\u00eda de Violeta Parra. La cita se llev\u00f3 a cabo el domingo 19 de marzo a las 16:00 horas en el Auditorio Antar del Museo Violeta Parra, que cop\u00f3 sus 99 butacas.<\/p>\n<p>&nbsp;<\/p>\n<p>La actividad cont\u00f3 con la participaci\u00f3n de:<\/p>\n<p>&nbsp;<\/p>\n<p><strong>Thomas Harris (La Serena, 1956)<br \/>\n<\/strong>Ganador del Premio Casa de las Am\u00e9ricas 1996 por su libro <em>Cr\u00f3nicas maravillosas<\/em>, ha sido tambi\u00e9n acreedor del Premio Pablo Neruda 1995, y del Premio Municipal de Literatura, entre otros muchos reconocimientos. Autor de poemarios como <em>Cipango<\/em>, <em>Las dunas del deseo<\/em>, y <em>Lobo<\/em>, ha publicado tambi\u00e9n libros de cuento y ha llevado adelante, como coautor, antolog\u00edas literarias como <em>Poes\u00eda Chilena para el Siglo XXI <\/em>y<em> Antolog\u00eda de poes\u00eda chilena<\/em>, entre otros.<\/p>\n<p>&nbsp;<\/p>\n<p><strong>Jos\u00e9 \u00c1ngel Cuevas (Santiago, 1944)<br \/>\n<\/strong>Ganador del Premio Municipal de Santiago, Jos\u00e9 \u00c1ngel Cuevas ha construido su obra a partir del trauma social que signific\u00f3 el golpe de estado de 1973 y la represi\u00f3n posterior. Entre sus obras se encuentran <em>Efectos<\/em> <em>personales<\/em> <em>y<\/em> <em>dominios<\/em> <em>p\u00fablicos<\/em> (1979), <em>Introducci\u00f3n<\/em> <em>a<\/em> <em>Santiago<\/em> (1982), <em>Treinta<\/em> <em>poemas<\/em> <em>del<\/em> <em>ex<\/em><em>\u2013<\/em><em>poeta<\/em> <em>Jos\u00e9<\/em> <em>\u00c1ngel<\/em> <em>Cuevas<\/em> (1992), <em>Adi\u00f3s<\/em> <em>muchedumbres<\/em> (1989), <em>Proyecto<\/em> <em>de<\/em> <em>pa\u00eds<\/em> (1994), <em>Maxim<\/em> (2000) y <em>1973<\/em> (2003). Ha publicado asimismo investigaciones como <em>Materiales<\/em> <em>para<\/em> <em>una<\/em> <em>memoria<\/em> <em>del<\/em> <em>profesorado<\/em> (2002) y el <em>\u00c1lbum<\/em> <em>del<\/em> <em>ex<\/em><em>\u2013<\/em><em>Chile<\/em> (1970-1973), acerca de la experiencia de la clandestinidad durante la dictadura.<\/p>\n<p>&nbsp;<\/p>\n<p><strong>Jaime Quezada (Los \u00c1ngeles, 1942)<br \/>\n<\/strong>Adem\u00e1s de poeta, es ensayista y cr\u00edtico literario. Autor de <em>Poemas de las cosas olvidadas<\/em> y <em>Las palabras del fabulador<\/em>. Activo participante de la escena literaria, fund\u00f3 la m\u00edtica revista <em>Ar\u00faspice<\/em>, que cont\u00f3 con colaboradores como Julio Cort\u00e1zar y Gonzalo Rojas, y en cuyas p\u00e1ginas se publicaron los primeros Artefactos de Nicanor Parra. Entre los \u00faltimos libros de su nutrida obra se cuentan <em>El <\/em><em>a\u00f1o <\/em><em>de <\/em><em>la <\/em><em>ira: <\/em><em>diario <\/em><em>de <\/em><em>un <\/em><em>poeta <\/em><em>chileno <\/em><em>en <\/em><em>Chile, <\/em><em>diarios <\/em><em>\u00edntimos <\/em><em>de <\/em><em>los <\/em><em>a\u00f1os 1973 <\/em><em>y 1974<\/em>, y <em>Bola\u00f1o<\/em> <em>antes <\/em><em>de <\/em><em>Bola\u00f1o: <\/em><em>Diario <\/em><em>de <\/em><em>una <\/em><em>residencia <\/em><em>en <\/em><em>M\u00e9xico<\/em>.<\/p>\n<p>&nbsp;<\/p>\n<p><strong>Leonardo Sanhueza (Temuco, 1974)<br \/>\n<\/strong>De profesi\u00f3n Ge\u00f3logo, su obra ha recibido numerosos reconocimientos premios y reconocimientos dentro y fuera de Chile. Ganador del premio internacional de poes\u00eda Rafael Alberti 2001, con su poemario Tres b\u00f3vedas, premio de la cr\u00edtica 2011 por La ley de Snell, Premio Internacional Manuel Acu\u00f1a de Poes\u00eda en Lengua Espa\u00f1ola (Pimaple) 2015. Es autor de la novela <em>La edad del perro<\/em>, por la cual gana el premio del Consejo Nacional de la Cultura y las Artes 2015.<\/p>\n<p>&nbsp;<\/p>\n<p><strong>Alejandra del R\u00edo (Santiago, 1972)<br \/>\n<\/strong>Terapeuta por el Instituto Humanista-Transpersonal. Doctora en Literatura por la Universidad de Chile y Master of Arts por la escuela de trabajo social Alice-Salomon-Hochschule de Berl\u00edn, 2008. Recibe una beca de CONICYT para investigar acerca de los procesos de escritura. Ha desarrollado una activa carrera como pedagoga. Entre sus libros se cuentan <em>El yo\u00a0cactus<\/em> (1995), <em>Escrito en braile<\/em> (premio Eusebio Lillo, 1988). Su obra de teatro para ni\u00f1os sobre el cambio clim\u00e1tico \u201cSOS Mutter Erde\u201d fue representada en colegios de Berl\u00edn durante dos a\u00f1os seguidos.<\/p>\n<p>&nbsp;<\/p>\n<p><strong>Maribel Mora Curriao (Panguipulli, 1970)<br \/>\n<\/strong>Mag\u00edster en Literatura de la Universidad de Chile, candidata a Doctora en Estudios Americanos de la Universidad de Santiago de Chile, Profesora de Castellano, licenciada en educaci\u00f3n, orientadora educacional y vocacional, poeta e investigadora mapuche. Coautora de El pozo megro y otros relatos mapuches (2001). Autora del poemario\u00a0 Perrimontum, su obra ha aparecido en diversas revistas y publicaciones dentro y fuera de Chile, como RIver oak revew y Mirror Earth, entre otros.<\/p>\n<p><strong>\u00a0<\/strong><\/p>\n<p><strong>Roxana Miranda Rupailaf (Osorno, 1982)<br \/>\n<\/strong>Ha publicado el libro<em>\u00a0Las Tentaciones de Eva<\/em>\u00a0(2003), volumen con el cual obtuvo el primer lugar en la categor\u00eda pr\u00edncipe del concurso de poes\u00eda Luis Oyarz\u00fan. Es becada por el Consejo Nacional del Libro y la Lectura en 2006 y 2008. En 2012 recibi\u00f3 el Premio Municipal de Literatura de Santiago por\u00a0Shumpall\u00a0(Del Aire Editores, 2011). Coeditora de la antolog\u00eda\u00a0<em>Sombras <\/em><em>bajo <\/em><em>el <\/em><em>paragua: <\/em><em>poetas <\/em><em>j\u00f3venes <\/em><em>de <\/em><em>Osorno\u00a0<\/em>(Ediciones Trompe, 2006). Su obra po\u00e9tica es recogida en diversas antolog\u00edas, como\u00a0<em>Sur <\/em><em>Fugitivo<\/em>\u00a0(Ediciones Jaur\u00eda, 2003);\u00a0<em>Epu <\/em><em>mari <\/em><em>ulkantufe <\/em><em>ta <\/em><em>fachantu\/20 <\/em><em>poetas <\/em><em>mapuche <\/em><em>contempor\u00e1neos<\/em> (Lom Ediciones, 2003);\u00a0<em>Hilando <\/em><em>en <\/em><em>la <\/em><em>memoria<\/em>\u00a0(Cuarto propio, 2006);\u00a0<em>Antolog\u00eda <\/em><em>mapuche <\/em><em>triling\u00fce<\/em>, (editorial Five Islands Press, Australia, 2007);\u00a0<em>La <\/em><em>memoria <\/em><em>iluminada: <\/em><em>poes\u00eda <\/em><em>mapuche <\/em><em>contempor\u00e1nea\u00a0<\/em>(Ediciones Maremoto, Espa\u00f1a, 2007).<\/p>\n<p>&nbsp;<\/p>\n<p><strong>Santiago Barcaza (Santiago, 1974)<br \/>\n<\/strong>Ingeniero civil y m\u00fasico. Becado por la Fundaci\u00f3n Neruda (1996) y\u00a0\u00a0Biblioteca Nacional (1997). Ha obtenido premios como el Eusebio Lillo (1996), Alerce (1999), El Joven Neruda (Temuco, Menci\u00f3n Honrosa, 2000), Pablo Neruda (Valdivia, 2\u00ba Lugar, 2001), Literarte (2006, 2\u00ba Lugar). Es autor de Carta-Oc\u00e9ano\u00a0(Ediciones Leviat\u00e1n, Valdivia, con el apoyo del Consejo Nacional del Libro) y de Bosques horizontales (T\u00e1citas 2014). Guitarrista de Los Muebles, integra tambi\u00e9n el colectivo Casagrande.<\/p>\n<p>&nbsp;<\/p>\n<p><a href=\"http:\/\/vientosur.top\/museo\/\/wp-content\/uploads\/2017\/03\/Recitl-po\u00e9tico-1.jpg\"><img fetchpriority=\"high\" decoding=\"async\" class=\"alignleft wp-image-3188\" src=\"http:\/\/vientosur.top\/museo\/\/wp-content\/uploads\/2017\/03\/Recitl-po\u00e9tico-1-1024x503.jpg\" alt=\"Recitl po\u00e9tico\" width=\"880\" height=\"433\" \/><\/a><\/p>\n","protected":false},"excerpt":{"rendered":"<p>Este recital abord\u00f3 el desamor como t\u00f3pico literario. Diversos escritores chilenos leyeron sus poemas, comentaron su obra e hicieron un paralelo con la poes\u00eda de Violeta Parra. La cita se llev\u00f3 a cabo el domingo 19 de marzo a las 16:00 horas en el Auditorio Antar del Museo Violeta Parra, que cop\u00f3 sus 99 butacas. [&hellip;]<\/p>\n","protected":false},"author":5,"featured_media":119,"comment_status":"open","ping_status":"open","sticky":false,"template":"","format":"standard","meta":{"site-sidebar-layout":"default","site-content-layout":"","ast-site-content-layout":"default","site-content-style":"default","site-sidebar-style":"default","ast-global-header-display":"","ast-banner-title-visibility":"","ast-main-header-display":"","ast-hfb-above-header-display":"","ast-hfb-below-header-display":"","ast-hfb-mobile-header-display":"","site-post-title":"","ast-breadcrumbs-content":"","ast-featured-img":"","footer-sml-layout":"","theme-transparent-header-meta":"","adv-header-id-meta":"","stick-header-meta":"","header-above-stick-meta":"","header-main-stick-meta":"","header-below-stick-meta":"","astra-migrate-meta-layouts":"default","ast-page-background-enabled":"default","ast-page-background-meta":{"desktop":{"background-color":"var(--ast-global-color-4)","background-image":"","background-repeat":"repeat","background-position":"center center","background-size":"auto","background-attachment":"scroll","background-type":"","background-media":"","overlay-type":"","overlay-color":"","overlay-opacity":"","overlay-gradient":""},"tablet":{"background-color":"","background-image":"","background-repeat":"repeat","background-position":"center center","background-size":"auto","background-attachment":"scroll","background-type":"","background-media":"","overlay-type":"","overlay-color":"","overlay-opacity":"","overlay-gradient":""},"mobile":{"background-color":"","background-image":"","background-repeat":"repeat","background-position":"center center","background-size":"auto","background-attachment":"scroll","background-type":"","background-media":"","overlay-type":"","overlay-color":"","overlay-opacity":"","overlay-gradient":""}},"ast-content-background-meta":{"desktop":{"background-color":"var(--ast-global-color-5)","background-image":"","background-repeat":"repeat","background-position":"center center","background-size":"auto","background-attachment":"scroll","background-type":"","background-media":"","overlay-type":"","overlay-color":"","overlay-opacity":"","overlay-gradient":""},"tablet":{"background-color":"var(--ast-global-color-5)","background-image":"","background-repeat":"repeat","background-position":"center center","background-size":"auto","background-attachment":"scroll","background-type":"","background-media":"","overlay-type":"","overlay-color":"","overlay-opacity":"","overlay-gradient":""},"mobile":{"background-color":"var(--ast-global-color-5)","background-image":"","background-repeat":"repeat","background-position":"center center","background-size":"auto","background-attachment":"scroll","background-type":"","background-media":"","overlay-type":"","overlay-color":"","overlay-opacity":"","overlay-gradient":""}},"footnotes":""},"categories":[59,8],"tags":[],"class_list":["post-3212","post","type-post","status-publish","format-standard","has-post-thumbnail","hentry","category-destacado-noticia","category-noticias"],"yoast_head":"<!-- This site is optimized with the Yoast SEO plugin v25.4 - https:\/\/yoast.com\/wordpress\/plugins\/seo\/ -->\n<title>Ocho poetas chilenos rindieron tributo a Violeta en el recital \u201cPara olvidarme de ti\u201d - Museo Violeta Parra<\/title>\n<meta name=\"robots\" content=\"index, follow, max-snippet:-1, max-image-preview:large, max-video-preview:-1\" \/>\n<link rel=\"canonical\" href=\"http:\/\/vientosur.top\/museo\/recital-poetico-para-olvidarme-de-ti\/\" \/>\n<meta property=\"og:locale\" content=\"es_ES\" \/>\n<meta property=\"og:type\" content=\"article\" \/>\n<meta property=\"og:title\" content=\"Ocho poetas chilenos rindieron tributo a Violeta en el recital \u201cPara olvidarme de ti\u201d - Museo Violeta Parra\" \/>\n<meta property=\"og:description\" content=\"Este recital abord\u00f3 el desamor como t\u00f3pico literario. Diversos escritores chilenos leyeron sus poemas, comentaron su obra e hicieron un paralelo con la poes\u00eda de Violeta Parra. La cita se llev\u00f3 a cabo el domingo 19 de marzo a las 16:00 horas en el Auditorio Antar del Museo Violeta Parra, que cop\u00f3 sus 99 butacas. [&hellip;]\" \/>\n<meta property=\"og:url\" content=\"http:\/\/vientosur.top\/museo\/recital-poetico-para-olvidarme-de-ti\/\" \/>\n<meta property=\"og:site_name\" content=\"Museo Violeta Parra\" \/>\n<meta property=\"article:published_time\" content=\"2017-03-15T16:28:40+00:00\" \/>\n<meta name=\"author\" content=\"admin\" \/>\n<meta name=\"twitter:card\" content=\"summary_large_image\" \/>\n<meta name=\"twitter:label1\" content=\"Escrito por\" \/>\n\t<meta name=\"twitter:data1\" content=\"admin\" \/>\n\t<meta name=\"twitter:label2\" content=\"Tiempo de lectura\" \/>\n\t<meta name=\"twitter:data2\" content=\"4 minutos\" \/>\n<script type=\"application\/ld+json\" class=\"yoast-schema-graph\">{\"@context\":\"https:\/\/schema.org\",\"@graph\":[{\"@type\":\"WebPage\",\"@id\":\"http:\/\/vientosur.top\/museo\/recital-poetico-para-olvidarme-de-ti\/\",\"url\":\"http:\/\/vientosur.top\/museo\/recital-poetico-para-olvidarme-de-ti\/\",\"name\":\"Ocho poetas chilenos rindieron tributo a Violeta en el recital \u201cPara olvidarme de ti\u201d - Museo Violeta Parra\",\"isPartOf\":{\"@id\":\"http:\/\/vientosur.top\/museo\/#website\"},\"primaryImageOfPage\":{\"@id\":\"http:\/\/vientosur.top\/museo\/recital-poetico-para-olvidarme-de-ti\/#primaryimage\"},\"image\":{\"@id\":\"http:\/\/vientosur.top\/museo\/recital-poetico-para-olvidarme-de-ti\/#primaryimage\"},\"thumbnailUrl\":\"\",\"datePublished\":\"2017-03-15T16:28:40+00:00\",\"author\":{\"@id\":\"http:\/\/vientosur.top\/museo\/#\/schema\/person\/20c79d3c38800971feec8c2693c3dd9c\"},\"breadcrumb\":{\"@id\":\"http:\/\/vientosur.top\/museo\/recital-poetico-para-olvidarme-de-ti\/#breadcrumb\"},\"inLanguage\":\"es\",\"potentialAction\":[{\"@type\":\"ReadAction\",\"target\":[\"http:\/\/vientosur.top\/museo\/recital-poetico-para-olvidarme-de-ti\/\"]}]},{\"@type\":\"ImageObject\",\"inLanguage\":\"es\",\"@id\":\"http:\/\/vientosur.top\/museo\/recital-poetico-para-olvidarme-de-ti\/#primaryimage\",\"url\":\"\",\"contentUrl\":\"\"},{\"@type\":\"BreadcrumbList\",\"@id\":\"http:\/\/vientosur.top\/museo\/recital-poetico-para-olvidarme-de-ti\/#breadcrumb\",\"itemListElement\":[{\"@type\":\"ListItem\",\"position\":1,\"name\":\"Portada\",\"item\":\"http:\/\/vientosur.top\/museo\/\"},{\"@type\":\"ListItem\",\"position\":2,\"name\":\"Ocho poetas chilenos rindieron tributo a Violeta en el recital \u201cPara olvidarme de ti\u201d\"}]},{\"@type\":\"WebSite\",\"@id\":\"http:\/\/vientosur.top\/museo\/#website\",\"url\":\"http:\/\/vientosur.top\/museo\/\",\"name\":\"Museo Violeta Parra\",\"description\":\"Espacio que alberga tanto la memoria y legado creativo de la artista\",\"potentialAction\":[{\"@type\":\"SearchAction\",\"target\":{\"@type\":\"EntryPoint\",\"urlTemplate\":\"http:\/\/vientosur.top\/museo\/?s={search_term_string}\"},\"query-input\":{\"@type\":\"PropertyValueSpecification\",\"valueRequired\":true,\"valueName\":\"search_term_string\"}}],\"inLanguage\":\"es\"},{\"@type\":\"Person\",\"@id\":\"http:\/\/vientosur.top\/museo\/#\/schema\/person\/20c79d3c38800971feec8c2693c3dd9c\",\"name\":\"admin\",\"image\":{\"@type\":\"ImageObject\",\"inLanguage\":\"es\",\"@id\":\"http:\/\/vientosur.top\/museo\/#\/schema\/person\/image\/\",\"url\":\"https:\/\/secure.gravatar.com\/avatar\/713677ece3ffa642287213a80e5b773bce9ab81c269dd6d95102a990951c922f?s=96&d=mm&r=g\",\"contentUrl\":\"https:\/\/secure.gravatar.com\/avatar\/713677ece3ffa642287213a80e5b773bce9ab81c269dd6d95102a990951c922f?s=96&d=mm&r=g\",\"caption\":\"admin\"},\"sameAs\":[\"http:\/\/vientosur.top\/museo\"],\"url\":\"http:\/\/vientosur.top\/museo\/author\/comunicacionesmvp\/\"}]}<\/script>\n<!-- \/ Yoast SEO plugin. -->","yoast_head_json":{"title":"Ocho poetas chilenos rindieron tributo a Violeta en el recital \u201cPara olvidarme de ti\u201d - Museo Violeta Parra","robots":{"index":"index","follow":"follow","max-snippet":"max-snippet:-1","max-image-preview":"max-image-preview:large","max-video-preview":"max-video-preview:-1"},"canonical":"http:\/\/vientosur.top\/museo\/recital-poetico-para-olvidarme-de-ti\/","og_locale":"es_ES","og_type":"article","og_title":"Ocho poetas chilenos rindieron tributo a Violeta en el recital \u201cPara olvidarme de ti\u201d - Museo Violeta Parra","og_description":"Este recital abord\u00f3 el desamor como t\u00f3pico literario. Diversos escritores chilenos leyeron sus poemas, comentaron su obra e hicieron un paralelo con la poes\u00eda de Violeta Parra. La cita se llev\u00f3 a cabo el domingo 19 de marzo a las 16:00 horas en el Auditorio Antar del Museo Violeta Parra, que cop\u00f3 sus 99 butacas. [&hellip;]","og_url":"http:\/\/vientosur.top\/museo\/recital-poetico-para-olvidarme-de-ti\/","og_site_name":"Museo Violeta Parra","article_published_time":"2017-03-15T16:28:40+00:00","author":"admin","twitter_card":"summary_large_image","twitter_misc":{"Escrito por":"admin","Tiempo de lectura":"4 minutos"},"schema":{"@context":"https:\/\/schema.org","@graph":[{"@type":"WebPage","@id":"http:\/\/vientosur.top\/museo\/recital-poetico-para-olvidarme-de-ti\/","url":"http:\/\/vientosur.top\/museo\/recital-poetico-para-olvidarme-de-ti\/","name":"Ocho poetas chilenos rindieron tributo a Violeta en el recital \u201cPara olvidarme de ti\u201d - Museo Violeta Parra","isPartOf":{"@id":"http:\/\/vientosur.top\/museo\/#website"},"primaryImageOfPage":{"@id":"http:\/\/vientosur.top\/museo\/recital-poetico-para-olvidarme-de-ti\/#primaryimage"},"image":{"@id":"http:\/\/vientosur.top\/museo\/recital-poetico-para-olvidarme-de-ti\/#primaryimage"},"thumbnailUrl":"","datePublished":"2017-03-15T16:28:40+00:00","author":{"@id":"http:\/\/vientosur.top\/museo\/#\/schema\/person\/20c79d3c38800971feec8c2693c3dd9c"},"breadcrumb":{"@id":"http:\/\/vientosur.top\/museo\/recital-poetico-para-olvidarme-de-ti\/#breadcrumb"},"inLanguage":"es","potentialAction":[{"@type":"ReadAction","target":["http:\/\/vientosur.top\/museo\/recital-poetico-para-olvidarme-de-ti\/"]}]},{"@type":"ImageObject","inLanguage":"es","@id":"http:\/\/vientosur.top\/museo\/recital-poetico-para-olvidarme-de-ti\/#primaryimage","url":"","contentUrl":""},{"@type":"BreadcrumbList","@id":"http:\/\/vientosur.top\/museo\/recital-poetico-para-olvidarme-de-ti\/#breadcrumb","itemListElement":[{"@type":"ListItem","position":1,"name":"Portada","item":"http:\/\/vientosur.top\/museo\/"},{"@type":"ListItem","position":2,"name":"Ocho poetas chilenos rindieron tributo a Violeta en el recital \u201cPara olvidarme de ti\u201d"}]},{"@type":"WebSite","@id":"http:\/\/vientosur.top\/museo\/#website","url":"http:\/\/vientosur.top\/museo\/","name":"Museo Violeta Parra","description":"Espacio que alberga tanto la memoria y legado creativo de la artista","potentialAction":[{"@type":"SearchAction","target":{"@type":"EntryPoint","urlTemplate":"http:\/\/vientosur.top\/museo\/?s={search_term_string}"},"query-input":{"@type":"PropertyValueSpecification","valueRequired":true,"valueName":"search_term_string"}}],"inLanguage":"es"},{"@type":"Person","@id":"http:\/\/vientosur.top\/museo\/#\/schema\/person\/20c79d3c38800971feec8c2693c3dd9c","name":"admin","image":{"@type":"ImageObject","inLanguage":"es","@id":"http:\/\/vientosur.top\/museo\/#\/schema\/person\/image\/","url":"https:\/\/secure.gravatar.com\/avatar\/713677ece3ffa642287213a80e5b773bce9ab81c269dd6d95102a990951c922f?s=96&d=mm&r=g","contentUrl":"https:\/\/secure.gravatar.com\/avatar\/713677ece3ffa642287213a80e5b773bce9ab81c269dd6d95102a990951c922f?s=96&d=mm&r=g","caption":"admin"},"sameAs":["http:\/\/vientosur.top\/museo"],"url":"http:\/\/vientosur.top\/museo\/author\/comunicacionesmvp\/"}]}},"_links":{"self":[{"href":"http:\/\/vientosur.top\/museo\/wp-json\/wp\/v2\/posts\/3212","targetHints":{"allow":["GET"]}}],"collection":[{"href":"http:\/\/vientosur.top\/museo\/wp-json\/wp\/v2\/posts"}],"about":[{"href":"http:\/\/vientosur.top\/museo\/wp-json\/wp\/v2\/types\/post"}],"author":[{"embeddable":true,"href":"http:\/\/vientosur.top\/museo\/wp-json\/wp\/v2\/users\/5"}],"replies":[{"embeddable":true,"href":"http:\/\/vientosur.top\/museo\/wp-json\/wp\/v2\/comments?post=3212"}],"version-history":[{"count":0,"href":"http:\/\/vientosur.top\/museo\/wp-json\/wp\/v2\/posts\/3212\/revisions"}],"wp:featuredmedia":[{"embeddable":true,"href":"http:\/\/vientosur.top\/museo\/wp-json\/"}],"wp:attachment":[{"href":"http:\/\/vientosur.top\/museo\/wp-json\/wp\/v2\/media?parent=3212"}],"wp:term":[{"taxonomy":"category","embeddable":true,"href":"http:\/\/vientosur.top\/museo\/wp-json\/wp\/v2\/categories?post=3212"},{"taxonomy":"post_tag","embeddable":true,"href":"http:\/\/vientosur.top\/museo\/wp-json\/wp\/v2\/tags?post=3212"}],"curies":[{"name":"wp","href":"https:\/\/api.w.org\/{rel}","templated":true}]}}