{"id":3232,"date":"2017-03-20T14:49:59","date_gmt":"2017-03-20T14:49:59","guid":{"rendered":"http:\/\/vientosur.top\/museo\/\/?p=3232"},"modified":"2017-03-20T14:49:59","modified_gmt":"2017-03-20T14:49:59","slug":"concluye-exitosamente-el-primer-ciclo-de-voluntariado-en-museo-violeta-parra","status":"publish","type":"post","link":"http:\/\/vientosur.top\/museo\/concluye-exitosamente-el-primer-ciclo-de-voluntariado-en-museo-violeta-parra\/","title":{"rendered":"Museo Violeta Parra concluye con \u00e9xito el primer ciclo de voluntariado"},"content":{"rendered":"<p>Este mi\u00e9rcoles finaliz\u00f3 el per\u00edodo de colaboraci\u00f3n de la primera generaci\u00f3n de voluntarios del Museo Violeta Parra. El equipo de trabajo comenz\u00f3 sus labores en abril de 2016, capacit\u00e1ndose y desempe\u00f1\u00e1ndose en diversas labores dentro de la instituci\u00f3n que conserva y exhibe la obra de la artista chilena.<\/p>\n<p>&nbsp;<\/p>\n<p>Esta primera experiencia del voluntariado ha sido evaluada en forma exitosa por el Museo y por los colaboradores, incluso algunos de ellos han optado por continuar en la instituci\u00f3n en calidad de trabajadores. El 15 de marzo se realiz\u00f3 una ceremonia de despedida para quienes trabajaran por 11 meses en el Museo, se les entreg\u00f3 una condecoraci\u00f3n y un diploma de participaci\u00f3n.<\/p>\n<p>&nbsp;<\/p>\n<p>En la convocatoria 2016 postularon 35 personas, de las cuales se seleccionaron 10. La Fundaci\u00f3n Museo Violeta Parra agradece a Dayana Barrera, Daniela Jorquera, Javiera Orellana, Roberto Cabrera, Ricardo Echeverr\u00eda, Carla Vargas, Sof\u00eda Henr\u00edquez, Paula Fuentes y Miloska Valero por su aporte.<\/p>\n<p>&nbsp;<\/p>\n<p>Actualmente el \u00c1rea de Educaci\u00f3n, Mediaci\u00f3n y Voluntariado realiza el proceso de evaluaci\u00f3n de los antecedentes de las 41 personas que participaron del llamado para el segundo per\u00edodo de voluntariado. Prontamente se comunicar\u00e1 la n\u00f3mina de preseleccionados y luego de una ronda de entrevistas los 14 seleccionados se integrar\u00e1n al Museo en abril.<\/p>\n<p>&nbsp;<br \/>\n<strong><a href=\"https:\/\/www.facebook.com\/pg\/MuseoVioletaParra\/photos\/?tab=album&amp;album_id=1897350827174996\" target=\"_blank\" rel=\"noopener noreferrer\">Ver galer\u00eda de im\u00e1genes<\/a><\/strong><\/p>\n","protected":false},"excerpt":{"rendered":"<p>Este mi\u00e9rcoles finaliz\u00f3 el per\u00edodo de colaboraci\u00f3n de la primera generaci\u00f3n de voluntarios del Museo Violeta Parra. El equipo de trabajo comenz\u00f3 sus labores en abril de 2016, capacit\u00e1ndose y desempe\u00f1\u00e1ndose en diversas labores dentro de la instituci\u00f3n que conserva y exhibe la obra de la artista chilena. &nbsp; Esta primera experiencia del voluntariado ha [&hellip;]<\/p>\n","protected":false},"author":5,"featured_media":3233,"comment_status":"open","ping_status":"open","sticky":false,"template":"","format":"standard","meta":{"site-sidebar-layout":"default","site-content-layout":"","ast-site-content-layout":"default","site-content-style":"default","site-sidebar-style":"default","ast-global-header-display":"","ast-banner-title-visibility":"","ast-main-header-display":"","ast-hfb-above-header-display":"","ast-hfb-below-header-display":"","ast-hfb-mobile-header-display":"","site-post-title":"","ast-breadcrumbs-content":"","ast-featured-img":"","footer-sml-layout":"","theme-transparent-header-meta":"","adv-header-id-meta":"","stick-header-meta":"","header-above-stick-meta":"","header-main-stick-meta":"","header-below-stick-meta":"","astra-migrate-meta-layouts":"default","ast-page-background-enabled":"default","ast-page-background-meta":{"desktop":{"background-color":"var(--ast-global-color-4)","background-image":"","background-repeat":"repeat","background-position":"center center","background-size":"auto","background-attachment":"scroll","background-type":"","background-media":"","overlay-type":"","overlay-color":"","overlay-opacity":"","overlay-gradient":""},"tablet":{"background-color":"","background-image":"","background-repeat":"repeat","background-position":"center center","background-size":"auto","background-attachment":"scroll","background-type":"","background-media":"","overlay-type":"","overlay-color":"","overlay-opacity":"","overlay-gradient":""},"mobile":{"background-color":"","background-image":"","background-repeat":"repeat","background-position":"center center","background-size":"auto","background-attachment":"scroll","background-type":"","background-media":"","overlay-type":"","overlay-color":"","overlay-opacity":"","overlay-gradient":""}},"ast-content-background-meta":{"desktop":{"background-color":"var(--ast-global-color-5)","background-image":"","background-repeat":"repeat","background-position":"center center","background-size":"auto","background-attachment":"scroll","background-type":"","background-media":"","overlay-type":"","overlay-color":"","overlay-opacity":"","overlay-gradient":""},"tablet":{"background-color":"var(--ast-global-color-5)","background-image":"","background-repeat":"repeat","background-position":"center center","background-size":"auto","background-attachment":"scroll","background-type":"","background-media":"","overlay-type":"","overlay-color":"","overlay-opacity":"","overlay-gradient":""},"mobile":{"background-color":"var(--ast-global-color-5)","background-image":"","background-repeat":"repeat","background-position":"center center","background-size":"auto","background-attachment":"scroll","background-type":"","background-media":"","overlay-type":"","overlay-color":"","overlay-opacity":"","overlay-gradient":""}},"footnotes":""},"categories":[59,8,61],"tags":[],"class_list":["post-3232","post","type-post","status-publish","format-standard","has-post-thumbnail","hentry","category-destacado-noticia","category-noticias","category-novedades"],"yoast_head":"<!-- This site is optimized with the Yoast SEO plugin v25.4 - https:\/\/yoast.com\/wordpress\/plugins\/seo\/ -->\n<title>Museo Violeta Parra concluye con \u00e9xito el primer ciclo de voluntariado - Museo Violeta Parra<\/title>\n<meta name=\"robots\" content=\"index, follow, max-snippet:-1, max-image-preview:large, max-video-preview:-1\" \/>\n<link rel=\"canonical\" href=\"http:\/\/vientosur.top\/museo\/concluye-exitosamente-el-primer-ciclo-de-voluntariado-en-museo-violeta-parra\/\" \/>\n<meta property=\"og:locale\" content=\"es_ES\" \/>\n<meta property=\"og:type\" content=\"article\" \/>\n<meta property=\"og:title\" content=\"Museo Violeta Parra concluye con \u00e9xito el primer ciclo de voluntariado - Museo Violeta Parra\" \/>\n<meta property=\"og:description\" content=\"Este mi\u00e9rcoles finaliz\u00f3 el per\u00edodo de colaboraci\u00f3n de la primera generaci\u00f3n de voluntarios del Museo Violeta Parra. El equipo de trabajo comenz\u00f3 sus labores en abril de 2016, capacit\u00e1ndose y desempe\u00f1\u00e1ndose en diversas labores dentro de la instituci\u00f3n que conserva y exhibe la obra de la artista chilena. &nbsp; Esta primera experiencia del voluntariado ha [&hellip;]\" \/>\n<meta property=\"og:url\" content=\"http:\/\/vientosur.top\/museo\/concluye-exitosamente-el-primer-ciclo-de-voluntariado-en-museo-violeta-parra\/\" \/>\n<meta property=\"og:site_name\" content=\"Museo Violeta Parra\" \/>\n<meta property=\"article:published_time\" content=\"2017-03-20T14:49:59+00:00\" \/>\n<meta property=\"og:image\" content=\"http:\/\/vientosur.top\/museo\/wp-content\/uploads\/2017\/03\/DSC_0915.jpg\" \/>\n\t<meta property=\"og:image:width\" content=\"1444\" \/>\n\t<meta property=\"og:image:height\" content=\"960\" \/>\n\t<meta property=\"og:image:type\" content=\"image\/jpeg\" \/>\n<meta name=\"author\" content=\"admin\" \/>\n<meta name=\"twitter:card\" content=\"summary_large_image\" \/>\n<meta name=\"twitter:label1\" content=\"Escrito por\" \/>\n\t<meta name=\"twitter:data1\" content=\"admin\" \/>\n\t<meta name=\"twitter:label2\" content=\"Tiempo de lectura\" \/>\n\t<meta name=\"twitter:data2\" content=\"1 minuto\" \/>\n<script type=\"application\/ld+json\" class=\"yoast-schema-graph\">{\"@context\":\"https:\/\/schema.org\",\"@graph\":[{\"@type\":\"WebPage\",\"@id\":\"http:\/\/vientosur.top\/museo\/concluye-exitosamente-el-primer-ciclo-de-voluntariado-en-museo-violeta-parra\/\",\"url\":\"http:\/\/vientosur.top\/museo\/concluye-exitosamente-el-primer-ciclo-de-voluntariado-en-museo-violeta-parra\/\",\"name\":\"Museo Violeta Parra concluye con \u00e9xito el primer ciclo de voluntariado - Museo Violeta Parra\",\"isPartOf\":{\"@id\":\"http:\/\/vientosur.top\/museo\/#website\"},\"primaryImageOfPage\":{\"@id\":\"http:\/\/vientosur.top\/museo\/concluye-exitosamente-el-primer-ciclo-de-voluntariado-en-museo-violeta-parra\/#primaryimage\"},\"image\":{\"@id\":\"http:\/\/vientosur.top\/museo\/concluye-exitosamente-el-primer-ciclo-de-voluntariado-en-museo-violeta-parra\/#primaryimage\"},\"thumbnailUrl\":\"http:\/\/vientosur.top\/museo\/wp-content\/uploads\/2017\/03\/DSC_0915.jpg\",\"datePublished\":\"2017-03-20T14:49:59+00:00\",\"author\":{\"@id\":\"http:\/\/vientosur.top\/museo\/#\/schema\/person\/20c79d3c38800971feec8c2693c3dd9c\"},\"breadcrumb\":{\"@id\":\"http:\/\/vientosur.top\/museo\/concluye-exitosamente-el-primer-ciclo-de-voluntariado-en-museo-violeta-parra\/#breadcrumb\"},\"inLanguage\":\"es\",\"potentialAction\":[{\"@type\":\"ReadAction\",\"target\":[\"http:\/\/vientosur.top\/museo\/concluye-exitosamente-el-primer-ciclo-de-voluntariado-en-museo-violeta-parra\/\"]}]},{\"@type\":\"ImageObject\",\"inLanguage\":\"es\",\"@id\":\"http:\/\/vientosur.top\/museo\/concluye-exitosamente-el-primer-ciclo-de-voluntariado-en-museo-violeta-parra\/#primaryimage\",\"url\":\"http:\/\/vientosur.top\/museo\/wp-content\/uploads\/2017\/03\/DSC_0915.jpg\",\"contentUrl\":\"http:\/\/vientosur.top\/museo\/wp-content\/uploads\/2017\/03\/DSC_0915.jpg\",\"width\":1444,\"height\":960},{\"@type\":\"BreadcrumbList\",\"@id\":\"http:\/\/vientosur.top\/museo\/concluye-exitosamente-el-primer-ciclo-de-voluntariado-en-museo-violeta-parra\/#breadcrumb\",\"itemListElement\":[{\"@type\":\"ListItem\",\"position\":1,\"name\":\"Portada\",\"item\":\"http:\/\/vientosur.top\/museo\/\"},{\"@type\":\"ListItem\",\"position\":2,\"name\":\"Museo Violeta Parra concluye con \u00e9xito el primer ciclo de voluntariado\"}]},{\"@type\":\"WebSite\",\"@id\":\"http:\/\/vientosur.top\/museo\/#website\",\"url\":\"http:\/\/vientosur.top\/museo\/\",\"name\":\"Museo Violeta Parra\",\"description\":\"Espacio que alberga tanto la memoria y legado creativo de la artista\",\"potentialAction\":[{\"@type\":\"SearchAction\",\"target\":{\"@type\":\"EntryPoint\",\"urlTemplate\":\"http:\/\/vientosur.top\/museo\/?s={search_term_string}\"},\"query-input\":{\"@type\":\"PropertyValueSpecification\",\"valueRequired\":true,\"valueName\":\"search_term_string\"}}],\"inLanguage\":\"es\"},{\"@type\":\"Person\",\"@id\":\"http:\/\/vientosur.top\/museo\/#\/schema\/person\/20c79d3c38800971feec8c2693c3dd9c\",\"name\":\"admin\",\"image\":{\"@type\":\"ImageObject\",\"inLanguage\":\"es\",\"@id\":\"http:\/\/vientosur.top\/museo\/#\/schema\/person\/image\/\",\"url\":\"https:\/\/secure.gravatar.com\/avatar\/713677ece3ffa642287213a80e5b773bce9ab81c269dd6d95102a990951c922f?s=96&d=mm&r=g\",\"contentUrl\":\"https:\/\/secure.gravatar.com\/avatar\/713677ece3ffa642287213a80e5b773bce9ab81c269dd6d95102a990951c922f?s=96&d=mm&r=g\",\"caption\":\"admin\"},\"sameAs\":[\"http:\/\/vientosur.top\/museo\"],\"url\":\"http:\/\/vientosur.top\/museo\/author\/comunicacionesmvp\/\"}]}<\/script>\n<!-- \/ Yoast SEO plugin. -->","yoast_head_json":{"title":"Museo Violeta Parra concluye con \u00e9xito el primer ciclo de voluntariado - Museo Violeta Parra","robots":{"index":"index","follow":"follow","max-snippet":"max-snippet:-1","max-image-preview":"max-image-preview:large","max-video-preview":"max-video-preview:-1"},"canonical":"http:\/\/vientosur.top\/museo\/concluye-exitosamente-el-primer-ciclo-de-voluntariado-en-museo-violeta-parra\/","og_locale":"es_ES","og_type":"article","og_title":"Museo Violeta Parra concluye con \u00e9xito el primer ciclo de voluntariado - Museo Violeta Parra","og_description":"Este mi\u00e9rcoles finaliz\u00f3 el per\u00edodo de colaboraci\u00f3n de la primera generaci\u00f3n de voluntarios del Museo Violeta Parra. El equipo de trabajo comenz\u00f3 sus labores en abril de 2016, capacit\u00e1ndose y desempe\u00f1\u00e1ndose en diversas labores dentro de la instituci\u00f3n que conserva y exhibe la obra de la artista chilena. &nbsp; Esta primera experiencia del voluntariado ha [&hellip;]","og_url":"http:\/\/vientosur.top\/museo\/concluye-exitosamente-el-primer-ciclo-de-voluntariado-en-museo-violeta-parra\/","og_site_name":"Museo Violeta Parra","article_published_time":"2017-03-20T14:49:59+00:00","og_image":[{"width":1444,"height":960,"url":"http:\/\/vientosur.top\/museo\/wp-content\/uploads\/2017\/03\/DSC_0915.jpg","type":"image\/jpeg"}],"author":"admin","twitter_card":"summary_large_image","twitter_misc":{"Escrito por":"admin","Tiempo de lectura":"1 minuto"},"schema":{"@context":"https:\/\/schema.org","@graph":[{"@type":"WebPage","@id":"http:\/\/vientosur.top\/museo\/concluye-exitosamente-el-primer-ciclo-de-voluntariado-en-museo-violeta-parra\/","url":"http:\/\/vientosur.top\/museo\/concluye-exitosamente-el-primer-ciclo-de-voluntariado-en-museo-violeta-parra\/","name":"Museo Violeta Parra concluye con \u00e9xito el primer ciclo de voluntariado - Museo Violeta Parra","isPartOf":{"@id":"http:\/\/vientosur.top\/museo\/#website"},"primaryImageOfPage":{"@id":"http:\/\/vientosur.top\/museo\/concluye-exitosamente-el-primer-ciclo-de-voluntariado-en-museo-violeta-parra\/#primaryimage"},"image":{"@id":"http:\/\/vientosur.top\/museo\/concluye-exitosamente-el-primer-ciclo-de-voluntariado-en-museo-violeta-parra\/#primaryimage"},"thumbnailUrl":"http:\/\/vientosur.top\/museo\/wp-content\/uploads\/2017\/03\/DSC_0915.jpg","datePublished":"2017-03-20T14:49:59+00:00","author":{"@id":"http:\/\/vientosur.top\/museo\/#\/schema\/person\/20c79d3c38800971feec8c2693c3dd9c"},"breadcrumb":{"@id":"http:\/\/vientosur.top\/museo\/concluye-exitosamente-el-primer-ciclo-de-voluntariado-en-museo-violeta-parra\/#breadcrumb"},"inLanguage":"es","potentialAction":[{"@type":"ReadAction","target":["http:\/\/vientosur.top\/museo\/concluye-exitosamente-el-primer-ciclo-de-voluntariado-en-museo-violeta-parra\/"]}]},{"@type":"ImageObject","inLanguage":"es","@id":"http:\/\/vientosur.top\/museo\/concluye-exitosamente-el-primer-ciclo-de-voluntariado-en-museo-violeta-parra\/#primaryimage","url":"http:\/\/vientosur.top\/museo\/wp-content\/uploads\/2017\/03\/DSC_0915.jpg","contentUrl":"http:\/\/vientosur.top\/museo\/wp-content\/uploads\/2017\/03\/DSC_0915.jpg","width":1444,"height":960},{"@type":"BreadcrumbList","@id":"http:\/\/vientosur.top\/museo\/concluye-exitosamente-el-primer-ciclo-de-voluntariado-en-museo-violeta-parra\/#breadcrumb","itemListElement":[{"@type":"ListItem","position":1,"name":"Portada","item":"http:\/\/vientosur.top\/museo\/"},{"@type":"ListItem","position":2,"name":"Museo Violeta Parra concluye con \u00e9xito el primer ciclo de voluntariado"}]},{"@type":"WebSite","@id":"http:\/\/vientosur.top\/museo\/#website","url":"http:\/\/vientosur.top\/museo\/","name":"Museo Violeta Parra","description":"Espacio que alberga tanto la memoria y legado creativo de la artista","potentialAction":[{"@type":"SearchAction","target":{"@type":"EntryPoint","urlTemplate":"http:\/\/vientosur.top\/museo\/?s={search_term_string}"},"query-input":{"@type":"PropertyValueSpecification","valueRequired":true,"valueName":"search_term_string"}}],"inLanguage":"es"},{"@type":"Person","@id":"http:\/\/vientosur.top\/museo\/#\/schema\/person\/20c79d3c38800971feec8c2693c3dd9c","name":"admin","image":{"@type":"ImageObject","inLanguage":"es","@id":"http:\/\/vientosur.top\/museo\/#\/schema\/person\/image\/","url":"https:\/\/secure.gravatar.com\/avatar\/713677ece3ffa642287213a80e5b773bce9ab81c269dd6d95102a990951c922f?s=96&d=mm&r=g","contentUrl":"https:\/\/secure.gravatar.com\/avatar\/713677ece3ffa642287213a80e5b773bce9ab81c269dd6d95102a990951c922f?s=96&d=mm&r=g","caption":"admin"},"sameAs":["http:\/\/vientosur.top\/museo"],"url":"http:\/\/vientosur.top\/museo\/author\/comunicacionesmvp\/"}]}},"_links":{"self":[{"href":"http:\/\/vientosur.top\/museo\/wp-json\/wp\/v2\/posts\/3232","targetHints":{"allow":["GET"]}}],"collection":[{"href":"http:\/\/vientosur.top\/museo\/wp-json\/wp\/v2\/posts"}],"about":[{"href":"http:\/\/vientosur.top\/museo\/wp-json\/wp\/v2\/types\/post"}],"author":[{"embeddable":true,"href":"http:\/\/vientosur.top\/museo\/wp-json\/wp\/v2\/users\/5"}],"replies":[{"embeddable":true,"href":"http:\/\/vientosur.top\/museo\/wp-json\/wp\/v2\/comments?post=3232"}],"version-history":[{"count":0,"href":"http:\/\/vientosur.top\/museo\/wp-json\/wp\/v2\/posts\/3232\/revisions"}],"wp:featuredmedia":[{"embeddable":true,"href":"http:\/\/vientosur.top\/museo\/wp-json\/wp\/v2\/media\/3233"}],"wp:attachment":[{"href":"http:\/\/vientosur.top\/museo\/wp-json\/wp\/v2\/media?parent=3232"}],"wp:term":[{"taxonomy":"category","embeddable":true,"href":"http:\/\/vientosur.top\/museo\/wp-json\/wp\/v2\/categories?post=3232"},{"taxonomy":"post_tag","embeddable":true,"href":"http:\/\/vientosur.top\/museo\/wp-json\/wp\/v2\/tags?post=3232"}],"curies":[{"name":"wp","href":"https:\/\/api.w.org\/{rel}","templated":true}]}}