{"id":3302,"date":"2017-03-22T12:57:07","date_gmt":"2017-03-22T12:57:07","guid":{"rendered":"http:\/\/vientosur.top\/museo\/\/?p=3302"},"modified":"2017-03-22T12:57:07","modified_gmt":"2017-03-22T12:57:07","slug":"preseleccionados-para-el-voluntariado-2017-en-el-museo-violeta-parra","status":"publish","type":"post","link":"http:\/\/vientosur.top\/museo\/preseleccionados-para-el-voluntariado-2017-en-el-museo-violeta-parra\/","title":{"rendered":"Preseleccionados para el voluntariado 2017 en el Museo Violeta Parra"},"content":{"rendered":"<p>El\u00a0\u00c1rea de Educaci\u00f3n, Mediaci\u00f3n y Voluntariado del Museo informa que ha finalizado la primera etapa del proceso de evaluaci\u00f3n de los antecedentes de las 41 personas que participaron del llamado para el segundo per\u00edodo de voluntariado. Los 28 seleccionados, que pasar\u00e1n a la etapa de entrevistas personales durante la pr\u00f3xima semana, son:<\/p>\n<p>&nbsp;<br \/>\nJaviera Gonz\u00e1lez Vel\u00e1squez<br \/>\nMarisol Horta Contreras<br \/>\nElizabeth Silva Salda\u00f1a<br \/>\nFernanda Tapia Sierra<br \/>\nMar\u00eda Carolina Baros<br \/>\nMontserrat Cabrera Lucero<br \/>\nAlejandra Valenzuela Caviedes<br \/>\nBetsy Silva Cort\u00e9s<br \/>\nCarolina Lambarri Leiva<br \/>\nFelipe \u00a0Hern\u00e1ndez Vald\u00e9s<br \/>\nClaudia Bustos D\u00edaz<br \/>\nConstanza Toro Balcazar<br \/>\nNicole Larrondo<br \/>\nJohanna Toro<br \/>\nCarol Friz Rozas<br \/>\nMagaly Fuentes Riquelme<br \/>\nCamila Arancibia Elorza<br \/>\nRosmarie Thomsen Binder<br \/>\nCamilo D\u00edaz Garc\u00eda<br \/>\nAndrea Far\u00edas Vel\u00e1squez<br \/>\nAlina Estay Plaza<br \/>\nAlejandra Montenegro Z\u00fa\u00f1iga<br \/>\nDaniela Lozada Portillo<br \/>\nVicente R\u00edos L\u00f3pez<br \/>\nCarolina Medel Tamayo<br \/>\nMarta Vega Moscoso<br \/>\nCarmina Ramos Rojo<\/p>\n<p>&nbsp;<\/p>\n<p>&nbsp;<\/p>\n<p>Las personas recientemente mencionadas ser\u00e1n contactadas para la realizaci\u00f3n de la entrevista. El Museo Violeta Parra agradece el inter\u00e9s y compromiso de todos los postulantes.<\/p>\n","protected":false},"excerpt":{"rendered":"<p>El\u00a0\u00c1rea de Educaci\u00f3n, Mediaci\u00f3n y Voluntariado del Museo informa que ha finalizado la primera etapa del proceso de evaluaci\u00f3n de los antecedentes de las 41 personas que participaron del llamado para el segundo per\u00edodo de voluntariado. Los 28 seleccionados, que pasar\u00e1n a la etapa de entrevistas personales durante la pr\u00f3xima semana, son: &nbsp; Javiera Gonz\u00e1lez [&hellip;]<\/p>\n","protected":false},"author":5,"featured_media":3327,"comment_status":"open","ping_status":"open","sticky":false,"template":"","format":"standard","meta":{"site-sidebar-layout":"default","site-content-layout":"","ast-site-content-layout":"default","site-content-style":"default","site-sidebar-style":"default","ast-global-header-display":"","ast-banner-title-visibility":"","ast-main-header-display":"","ast-hfb-above-header-display":"","ast-hfb-below-header-display":"","ast-hfb-mobile-header-display":"","site-post-title":"","ast-breadcrumbs-content":"","ast-featured-img":"","footer-sml-layout":"","theme-transparent-header-meta":"","adv-header-id-meta":"","stick-header-meta":"","header-above-stick-meta":"","header-main-stick-meta":"","header-below-stick-meta":"","astra-migrate-meta-layouts":"default","ast-page-background-enabled":"default","ast-page-background-meta":{"desktop":{"background-color":"var(--ast-global-color-4)","background-image":"","background-repeat":"repeat","background-position":"center center","background-size":"auto","background-attachment":"scroll","background-type":"","background-media":"","overlay-type":"","overlay-color":"","overlay-opacity":"","overlay-gradient":""},"tablet":{"background-color":"","background-image":"","background-repeat":"repeat","background-position":"center center","background-size":"auto","background-attachment":"scroll","background-type":"","background-media":"","overlay-type":"","overlay-color":"","overlay-opacity":"","overlay-gradient":""},"mobile":{"background-color":"","background-image":"","background-repeat":"repeat","background-position":"center center","background-size":"auto","background-attachment":"scroll","background-type":"","background-media":"","overlay-type":"","overlay-color":"","overlay-opacity":"","overlay-gradient":""}},"ast-content-background-meta":{"desktop":{"background-color":"var(--ast-global-color-5)","background-image":"","background-repeat":"repeat","background-position":"center center","background-size":"auto","background-attachment":"scroll","background-type":"","background-media":"","overlay-type":"","overlay-color":"","overlay-opacity":"","overlay-gradient":""},"tablet":{"background-color":"var(--ast-global-color-5)","background-image":"","background-repeat":"repeat","background-position":"center center","background-size":"auto","background-attachment":"scroll","background-type":"","background-media":"","overlay-type":"","overlay-color":"","overlay-opacity":"","overlay-gradient":""},"mobile":{"background-color":"var(--ast-global-color-5)","background-image":"","background-repeat":"repeat","background-position":"center center","background-size":"auto","background-attachment":"scroll","background-type":"","background-media":"","overlay-type":"","overlay-color":"","overlay-opacity":"","overlay-gradient":""}},"footnotes":""},"categories":[59,8,61],"tags":[],"class_list":["post-3302","post","type-post","status-publish","format-standard","has-post-thumbnail","hentry","category-destacado-noticia","category-noticias","category-novedades"],"yoast_head":"<!-- This site is optimized with the Yoast SEO plugin v25.4 - https:\/\/yoast.com\/wordpress\/plugins\/seo\/ -->\n<title>Preseleccionados para el voluntariado 2017 en el Museo Violeta Parra - Museo Violeta Parra<\/title>\n<meta name=\"robots\" content=\"index, follow, max-snippet:-1, max-image-preview:large, max-video-preview:-1\" \/>\n<link rel=\"canonical\" href=\"http:\/\/vientosur.top\/museo\/preseleccionados-para-el-voluntariado-2017-en-el-museo-violeta-parra\/\" \/>\n<meta property=\"og:locale\" content=\"es_ES\" \/>\n<meta property=\"og:type\" content=\"article\" \/>\n<meta property=\"og:title\" content=\"Preseleccionados para el voluntariado 2017 en el Museo Violeta Parra - Museo Violeta Parra\" \/>\n<meta property=\"og:description\" content=\"El\u00a0\u00c1rea de Educaci\u00f3n, Mediaci\u00f3n y Voluntariado del Museo informa que ha finalizado la primera etapa del proceso de evaluaci\u00f3n de los antecedentes de las 41 personas que participaron del llamado para el segundo per\u00edodo de voluntariado. Los 28 seleccionados, que pasar\u00e1n a la etapa de entrevistas personales durante la pr\u00f3xima semana, son: &nbsp; Javiera Gonz\u00e1lez [&hellip;]\" \/>\n<meta property=\"og:url\" content=\"http:\/\/vientosur.top\/museo\/preseleccionados-para-el-voluntariado-2017-en-el-museo-violeta-parra\/\" \/>\n<meta property=\"og:site_name\" content=\"Museo Violeta Parra\" \/>\n<meta property=\"article:published_time\" content=\"2017-03-22T12:57:07+00:00\" \/>\n<meta property=\"og:image\" content=\"http:\/\/vientosur.top\/museo\/wp-content\/uploads\/2017\/03\/DSC_0903.jpg\" \/>\n\t<meta property=\"og:image:width\" content=\"1444\" \/>\n\t<meta property=\"og:image:height\" content=\"960\" \/>\n\t<meta property=\"og:image:type\" content=\"image\/jpeg\" \/>\n<meta name=\"author\" content=\"admin\" \/>\n<meta name=\"twitter:card\" content=\"summary_large_image\" \/>\n<meta name=\"twitter:label1\" content=\"Escrito por\" \/>\n\t<meta name=\"twitter:data1\" content=\"admin\" \/>\n\t<meta name=\"twitter:label2\" content=\"Tiempo de lectura\" \/>\n\t<meta name=\"twitter:data2\" content=\"1 minuto\" \/>\n<script type=\"application\/ld+json\" class=\"yoast-schema-graph\">{\"@context\":\"https:\/\/schema.org\",\"@graph\":[{\"@type\":\"WebPage\",\"@id\":\"http:\/\/vientosur.top\/museo\/preseleccionados-para-el-voluntariado-2017-en-el-museo-violeta-parra\/\",\"url\":\"http:\/\/vientosur.top\/museo\/preseleccionados-para-el-voluntariado-2017-en-el-museo-violeta-parra\/\",\"name\":\"Preseleccionados para el voluntariado 2017 en el Museo Violeta Parra - Museo Violeta Parra\",\"isPartOf\":{\"@id\":\"http:\/\/vientosur.top\/museo\/#website\"},\"primaryImageOfPage\":{\"@id\":\"http:\/\/vientosur.top\/museo\/preseleccionados-para-el-voluntariado-2017-en-el-museo-violeta-parra\/#primaryimage\"},\"image\":{\"@id\":\"http:\/\/vientosur.top\/museo\/preseleccionados-para-el-voluntariado-2017-en-el-museo-violeta-parra\/#primaryimage\"},\"thumbnailUrl\":\"http:\/\/vientosur.top\/museo\/wp-content\/uploads\/2017\/03\/DSC_0903.jpg\",\"datePublished\":\"2017-03-22T12:57:07+00:00\",\"author\":{\"@id\":\"http:\/\/vientosur.top\/museo\/#\/schema\/person\/20c79d3c38800971feec8c2693c3dd9c\"},\"breadcrumb\":{\"@id\":\"http:\/\/vientosur.top\/museo\/preseleccionados-para-el-voluntariado-2017-en-el-museo-violeta-parra\/#breadcrumb\"},\"inLanguage\":\"es\",\"potentialAction\":[{\"@type\":\"ReadAction\",\"target\":[\"http:\/\/vientosur.top\/museo\/preseleccionados-para-el-voluntariado-2017-en-el-museo-violeta-parra\/\"]}]},{\"@type\":\"ImageObject\",\"inLanguage\":\"es\",\"@id\":\"http:\/\/vientosur.top\/museo\/preseleccionados-para-el-voluntariado-2017-en-el-museo-violeta-parra\/#primaryimage\",\"url\":\"http:\/\/vientosur.top\/museo\/wp-content\/uploads\/2017\/03\/DSC_0903.jpg\",\"contentUrl\":\"http:\/\/vientosur.top\/museo\/wp-content\/uploads\/2017\/03\/DSC_0903.jpg\",\"width\":1444,\"height\":960},{\"@type\":\"BreadcrumbList\",\"@id\":\"http:\/\/vientosur.top\/museo\/preseleccionados-para-el-voluntariado-2017-en-el-museo-violeta-parra\/#breadcrumb\",\"itemListElement\":[{\"@type\":\"ListItem\",\"position\":1,\"name\":\"Portada\",\"item\":\"http:\/\/vientosur.top\/museo\/\"},{\"@type\":\"ListItem\",\"position\":2,\"name\":\"Preseleccionados para el voluntariado 2017 en el Museo Violeta Parra\"}]},{\"@type\":\"WebSite\",\"@id\":\"http:\/\/vientosur.top\/museo\/#website\",\"url\":\"http:\/\/vientosur.top\/museo\/\",\"name\":\"Museo Violeta Parra\",\"description\":\"Espacio que alberga tanto la memoria y legado creativo de la artista\",\"potentialAction\":[{\"@type\":\"SearchAction\",\"target\":{\"@type\":\"EntryPoint\",\"urlTemplate\":\"http:\/\/vientosur.top\/museo\/?s={search_term_string}\"},\"query-input\":{\"@type\":\"PropertyValueSpecification\",\"valueRequired\":true,\"valueName\":\"search_term_string\"}}],\"inLanguage\":\"es\"},{\"@type\":\"Person\",\"@id\":\"http:\/\/vientosur.top\/museo\/#\/schema\/person\/20c79d3c38800971feec8c2693c3dd9c\",\"name\":\"admin\",\"image\":{\"@type\":\"ImageObject\",\"inLanguage\":\"es\",\"@id\":\"http:\/\/vientosur.top\/museo\/#\/schema\/person\/image\/\",\"url\":\"https:\/\/secure.gravatar.com\/avatar\/713677ece3ffa642287213a80e5b773bce9ab81c269dd6d95102a990951c922f?s=96&d=mm&r=g\",\"contentUrl\":\"https:\/\/secure.gravatar.com\/avatar\/713677ece3ffa642287213a80e5b773bce9ab81c269dd6d95102a990951c922f?s=96&d=mm&r=g\",\"caption\":\"admin\"},\"sameAs\":[\"http:\/\/vientosur.top\/museo\"],\"url\":\"http:\/\/vientosur.top\/museo\/author\/comunicacionesmvp\/\"}]}<\/script>\n<!-- \/ Yoast SEO plugin. -->","yoast_head_json":{"title":"Preseleccionados para el voluntariado 2017 en el Museo Violeta Parra - Museo Violeta Parra","robots":{"index":"index","follow":"follow","max-snippet":"max-snippet:-1","max-image-preview":"max-image-preview:large","max-video-preview":"max-video-preview:-1"},"canonical":"http:\/\/vientosur.top\/museo\/preseleccionados-para-el-voluntariado-2017-en-el-museo-violeta-parra\/","og_locale":"es_ES","og_type":"article","og_title":"Preseleccionados para el voluntariado 2017 en el Museo Violeta Parra - Museo Violeta Parra","og_description":"El\u00a0\u00c1rea de Educaci\u00f3n, Mediaci\u00f3n y Voluntariado del Museo informa que ha finalizado la primera etapa del proceso de evaluaci\u00f3n de los antecedentes de las 41 personas que participaron del llamado para el segundo per\u00edodo de voluntariado. Los 28 seleccionados, que pasar\u00e1n a la etapa de entrevistas personales durante la pr\u00f3xima semana, son: &nbsp; Javiera Gonz\u00e1lez [&hellip;]","og_url":"http:\/\/vientosur.top\/museo\/preseleccionados-para-el-voluntariado-2017-en-el-museo-violeta-parra\/","og_site_name":"Museo Violeta Parra","article_published_time":"2017-03-22T12:57:07+00:00","og_image":[{"width":1444,"height":960,"url":"http:\/\/vientosur.top\/museo\/wp-content\/uploads\/2017\/03\/DSC_0903.jpg","type":"image\/jpeg"}],"author":"admin","twitter_card":"summary_large_image","twitter_misc":{"Escrito por":"admin","Tiempo de lectura":"1 minuto"},"schema":{"@context":"https:\/\/schema.org","@graph":[{"@type":"WebPage","@id":"http:\/\/vientosur.top\/museo\/preseleccionados-para-el-voluntariado-2017-en-el-museo-violeta-parra\/","url":"http:\/\/vientosur.top\/museo\/preseleccionados-para-el-voluntariado-2017-en-el-museo-violeta-parra\/","name":"Preseleccionados para el voluntariado 2017 en el Museo Violeta Parra - Museo Violeta Parra","isPartOf":{"@id":"http:\/\/vientosur.top\/museo\/#website"},"primaryImageOfPage":{"@id":"http:\/\/vientosur.top\/museo\/preseleccionados-para-el-voluntariado-2017-en-el-museo-violeta-parra\/#primaryimage"},"image":{"@id":"http:\/\/vientosur.top\/museo\/preseleccionados-para-el-voluntariado-2017-en-el-museo-violeta-parra\/#primaryimage"},"thumbnailUrl":"http:\/\/vientosur.top\/museo\/wp-content\/uploads\/2017\/03\/DSC_0903.jpg","datePublished":"2017-03-22T12:57:07+00:00","author":{"@id":"http:\/\/vientosur.top\/museo\/#\/schema\/person\/20c79d3c38800971feec8c2693c3dd9c"},"breadcrumb":{"@id":"http:\/\/vientosur.top\/museo\/preseleccionados-para-el-voluntariado-2017-en-el-museo-violeta-parra\/#breadcrumb"},"inLanguage":"es","potentialAction":[{"@type":"ReadAction","target":["http:\/\/vientosur.top\/museo\/preseleccionados-para-el-voluntariado-2017-en-el-museo-violeta-parra\/"]}]},{"@type":"ImageObject","inLanguage":"es","@id":"http:\/\/vientosur.top\/museo\/preseleccionados-para-el-voluntariado-2017-en-el-museo-violeta-parra\/#primaryimage","url":"http:\/\/vientosur.top\/museo\/wp-content\/uploads\/2017\/03\/DSC_0903.jpg","contentUrl":"http:\/\/vientosur.top\/museo\/wp-content\/uploads\/2017\/03\/DSC_0903.jpg","width":1444,"height":960},{"@type":"BreadcrumbList","@id":"http:\/\/vientosur.top\/museo\/preseleccionados-para-el-voluntariado-2017-en-el-museo-violeta-parra\/#breadcrumb","itemListElement":[{"@type":"ListItem","position":1,"name":"Portada","item":"http:\/\/vientosur.top\/museo\/"},{"@type":"ListItem","position":2,"name":"Preseleccionados para el voluntariado 2017 en el Museo Violeta Parra"}]},{"@type":"WebSite","@id":"http:\/\/vientosur.top\/museo\/#website","url":"http:\/\/vientosur.top\/museo\/","name":"Museo Violeta Parra","description":"Espacio que alberga tanto la memoria y legado creativo de la artista","potentialAction":[{"@type":"SearchAction","target":{"@type":"EntryPoint","urlTemplate":"http:\/\/vientosur.top\/museo\/?s={search_term_string}"},"query-input":{"@type":"PropertyValueSpecification","valueRequired":true,"valueName":"search_term_string"}}],"inLanguage":"es"},{"@type":"Person","@id":"http:\/\/vientosur.top\/museo\/#\/schema\/person\/20c79d3c38800971feec8c2693c3dd9c","name":"admin","image":{"@type":"ImageObject","inLanguage":"es","@id":"http:\/\/vientosur.top\/museo\/#\/schema\/person\/image\/","url":"https:\/\/secure.gravatar.com\/avatar\/713677ece3ffa642287213a80e5b773bce9ab81c269dd6d95102a990951c922f?s=96&d=mm&r=g","contentUrl":"https:\/\/secure.gravatar.com\/avatar\/713677ece3ffa642287213a80e5b773bce9ab81c269dd6d95102a990951c922f?s=96&d=mm&r=g","caption":"admin"},"sameAs":["http:\/\/vientosur.top\/museo"],"url":"http:\/\/vientosur.top\/museo\/author\/comunicacionesmvp\/"}]}},"_links":{"self":[{"href":"http:\/\/vientosur.top\/museo\/wp-json\/wp\/v2\/posts\/3302","targetHints":{"allow":["GET"]}}],"collection":[{"href":"http:\/\/vientosur.top\/museo\/wp-json\/wp\/v2\/posts"}],"about":[{"href":"http:\/\/vientosur.top\/museo\/wp-json\/wp\/v2\/types\/post"}],"author":[{"embeddable":true,"href":"http:\/\/vientosur.top\/museo\/wp-json\/wp\/v2\/users\/5"}],"replies":[{"embeddable":true,"href":"http:\/\/vientosur.top\/museo\/wp-json\/wp\/v2\/comments?post=3302"}],"version-history":[{"count":0,"href":"http:\/\/vientosur.top\/museo\/wp-json\/wp\/v2\/posts\/3302\/revisions"}],"wp:featuredmedia":[{"embeddable":true,"href":"http:\/\/vientosur.top\/museo\/wp-json\/wp\/v2\/media\/3327"}],"wp:attachment":[{"href":"http:\/\/vientosur.top\/museo\/wp-json\/wp\/v2\/media?parent=3302"}],"wp:term":[{"taxonomy":"category","embeddable":true,"href":"http:\/\/vientosur.top\/museo\/wp-json\/wp\/v2\/categories?post=3302"},{"taxonomy":"post_tag","embeddable":true,"href":"http:\/\/vientosur.top\/museo\/wp-json\/wp\/v2\/tags?post=3302"}],"curies":[{"name":"wp","href":"https:\/\/api.w.org\/{rel}","templated":true}]}}