{"id":3315,"date":"2017-03-23T18:49:07","date_gmt":"2017-03-23T18:49:07","guid":{"rendered":"http:\/\/vientosur.top\/museo\/\/?p=3315"},"modified":"2021-03-17T16:13:44","modified_gmt":"2021-03-17T16:13:44","slug":"universidad-de-santiago-presento-contra-la-guerra-lectura-de-una-arpillera-de-violeta-parra-y-dono-libros-al-museo","status":"publish","type":"post","link":"http:\/\/vientosur.top\/museo\/universidad-de-santiago-presento-contra-la-guerra-lectura-de-una-arpillera-de-violeta-parra-y-dono-libros-al-museo\/","title":{"rendered":"Universidad de Santiago inaugur\u00f3 exposici\u00f3n \u201cContra la Guerra. Lectura de una arpillera de Violeta Parra\u201d y don\u00f3 libros al Museo"},"content":{"rendered":"<p><strong>La vigencia que cobra hoy la arpillera \u201cContra la Guerra\u201d de Violeta Parra a 53 a\u00f1os de su creaci\u00f3n, es parte de la propuesta del trabajo investigativo realizado por el escritor Jorge Montealegre, entregando claves sobre la obra pl\u00e1stica de la artista nacional.<\/strong><\/p>\n<p>En el contexto de la celebraci\u00f3n de los 100 a\u00f1os de Violeta Parra, la Universidad de Santiago de Chile inici\u00f3 sus actividades conmemorativas con la inauguraci\u00f3n de \u201cContra la Guerra. Lectura de una arpillera de Violeta Parra\u201d, exposici\u00f3n que conllev\u00f3 un trabajo investigativo realizado por el escritor y Director de Extensi\u00f3n de la casa de estudios, Jorge Montealegre.<\/p>\n<p>Cerca de 80 personas asistieron a la actividad realizada el jueves 22 de marzo en el Muro de Exposiciones de la Vicerrector\u00eda de Vinculaci\u00f3n con el Medio (VIME) de la U. de Santiago, lugar donde la muestra permanecer\u00e1 hasta el 13 de abril con entrada liberada.<\/p>\n<p>Entre los asistentes destacaron autoridades, acad\u00e9micos y estudiantes del plantel, as\u00ed como representantes del \u00e1mbito del arte y la cultura, como corporaciones y centros culturales de Isla de Maipo, Cerro Navia, Independencia y el Museo Violeta Parra, entidad que patrocin\u00f3 la exposici\u00f3n junto a la Fundaci\u00f3n Violeta Parra.<\/p>\n<p>La arpillera \u201cContra la Guerra\u201d, creada por la artista nacional entre los a\u00f1os 1962 y 1963 en Ginebra, guarda detr\u00e1s de sus colores y dibujos un gran significado que habla del contexto y crisis pol\u00edtica de esos tiempos, coyuntura que es posible vislumbrar en el presente por la similitud de los conflictos.<\/p>\n<p>\u201cPor un pu\u00f1ado de tierra, no quiero guerra, dijo y dibuj\u00f3 Violeta Parra y su arpillera \u2018Contra la guerra\u2019 es un gran discurso local, global, universal por la paz. Violeta Parra era una pacifista activa y su mensaje es claro en esta obra. Siendo claro, nos hemos atrevido a entregar m\u00e1s elementos de interpretaci\u00f3n, de contexto, para que ese mensaje se ampl\u00ede y se comparta. Es un mensaje de ayer, pero tambi\u00e9n -como casi toda su obra- de una gran vigencia\u201d, comenta el curador de la obra Jorge Montealegre, quien durante la inauguraci\u00f3n condujo al p\u00fablico hacia una interpretaci\u00f3n con claves, lecturas y s\u00edmbolos que se encuentran en la arpillera.<\/p>\n<div class=\"ast-oembed-container \" style=\"height: 100%;\"><iframe title=\"Lectura de arpillera &quot;Contra la guerra&quot; de Violeta Parra por Jorge Montealegre\" width=\"500\" height=\"281\" src=\"https:\/\/www.youtube.com\/embed\/zJtXii3gGUE?start=5&#038;feature=oembed\" frameborder=\"0\" allow=\"accelerometer; autoplay; clipboard-write; encrypted-media; gyroscope; picture-in-picture; web-share\" referrerpolicy=\"strict-origin-when-cross-origin\" allowfullscreen><\/iframe><\/div>\n<p>\u201cEl aporte que entrega esta nueva lectura es un an\u00e1lisis que tiene un proceso de investigaci\u00f3n importante y serio que involucra a personas directamente vinculadas a Violeta Parra, como su hijo \u00c1ngel. Creo que es bueno venir a ver el detalle de la obra y posteriormente ir al Museo para contar con este bagaje de lo que significa el trabajo de Violeta Parra\u201d, se\u00f1ala Esteban Torres, Jefe de Educaci\u00f3n y Audiencias del Museo Violeta Parra, quien asisti\u00f3 a la inauguraci\u00f3n en compa\u00f1\u00eda de Nicol\u00e1s Rojas Inostroza, Jefe de Comunicaciones y Extensi\u00f3n.<\/p>\n<p>En la ocasi\u00f3n la Editorial de la U. de Santiago hizo entrega de dos libros para el naciente Archivo y Centro de Documentaci\u00f3n del Museo. Se trata de ejemplares de \u00abVioleta Parra\u00bb, de Jorge Montealegre, y \u00abEl Diablo en la M\u00fasica. La muerte del amor en <em>El gavil\u00e1n<\/em>, de Violeta Parra\u00bb, de Lucy Oporto Valencia.<\/p>\n<p>Luego de su permanencia en la U. de Santiago, \u201cContra la Guerra. Lectura de una arpillera de Violeta Parra\u201d se mover\u00e1 a la Casa de la Cultura Violeta Parra de Cerro Navia como parte del programa de itinerancia de la muestra. \u201cPara nosotros es muy significativa esta exposici\u00f3n, porque Violeta Parra estuvo con nosotros en la poblaci\u00f3n Barrancas junto a V\u00edctor Jara, entonces hoy ver el an\u00e1lisis de esta arpillera en momentos tan complejos mundiales como los que vivimos hoy d\u00eda, es significativo\u201d, se\u00f1al\u00f3 Claudio Lillo, Director del departamento de Cultura de Cerro Navia.<\/p>\n<p>El dise\u00f1o y montaje de la exposici\u00f3n a cargo de Paola Gonz\u00e1lez en colaboraci\u00f3n con V\u00edctor Riveros, y se espera que durante este 2017 la muestra se presente en colegios y centros educativos y culturales con el fin de hacerla llegar a m\u00e1s comunas de la regi\u00f3n Metropolitana.<\/p>\n<p><a href=\"https:\/\/www.facebook.com\/pg\/MuseoVioletaParra\/photos\/?tab=album&amp;album_id=1900501076859971\" target=\"_blank\" rel=\"noopener noreferrer\"><strong>Ver galer\u00eda de im\u00e1genes<\/strong><\/a> (por \u00c1lvaro Hoppe)<br \/>\n<strong><a href=\"http:\/\/extension.usach.cl\/2017\/03\/22\/exposicion-de-universidad-de-santiago-profundiza-sobre-el-legado-visual-de-violeta-parra\/\" target=\"_blank\" rel=\"noopener noreferrer\">Ver noticia original en sitio web de la U. de Santiago<\/a><\/strong><\/p>\n","protected":false},"excerpt":{"rendered":"<p>La vigencia que cobra hoy la arpillera \u201cContra la Guerra\u201d de Violeta Parra a 53 a\u00f1os de su creaci\u00f3n, es parte de la propuesta del trabajo investigativo realizado por el escritor Jorge Montealegre, entregando claves sobre la obra pl\u00e1stica de la artista nacional. En el contexto de la celebraci\u00f3n de los 100 a\u00f1os de Violeta [&hellip;]<\/p>\n","protected":false},"author":5,"featured_media":3316,"comment_status":"open","ping_status":"open","sticky":false,"template":"","format":"standard","meta":{"site-sidebar-layout":"default","site-content-layout":"","ast-site-content-layout":"default","site-content-style":"default","site-sidebar-style":"default","ast-global-header-display":"","ast-banner-title-visibility":"","ast-main-header-display":"","ast-hfb-above-header-display":"","ast-hfb-below-header-display":"","ast-hfb-mobile-header-display":"","site-post-title":"","ast-breadcrumbs-content":"","ast-featured-img":"","footer-sml-layout":"","theme-transparent-header-meta":"","adv-header-id-meta":"","stick-header-meta":"","header-above-stick-meta":"","header-main-stick-meta":"","header-below-stick-meta":"","astra-migrate-meta-layouts":"default","ast-page-background-enabled":"default","ast-page-background-meta":{"desktop":{"background-color":"var(--ast-global-color-4)","background-image":"","background-repeat":"repeat","background-position":"center center","background-size":"auto","background-attachment":"scroll","background-type":"","background-media":"","overlay-type":"","overlay-color":"","overlay-opacity":"","overlay-gradient":""},"tablet":{"background-color":"","background-image":"","background-repeat":"repeat","background-position":"center center","background-size":"auto","background-attachment":"scroll","background-type":"","background-media":"","overlay-type":"","overlay-color":"","overlay-opacity":"","overlay-gradient":""},"mobile":{"background-color":"","background-image":"","background-repeat":"repeat","background-position":"center center","background-size":"auto","background-attachment":"scroll","background-type":"","background-media":"","overlay-type":"","overlay-color":"","overlay-opacity":"","overlay-gradient":""}},"ast-content-background-meta":{"desktop":{"background-color":"var(--ast-global-color-5)","background-image":"","background-repeat":"repeat","background-position":"center center","background-size":"auto","background-attachment":"scroll","background-type":"","background-media":"","overlay-type":"","overlay-color":"","overlay-opacity":"","overlay-gradient":""},"tablet":{"background-color":"var(--ast-global-color-5)","background-image":"","background-repeat":"repeat","background-position":"center center","background-size":"auto","background-attachment":"scroll","background-type":"","background-media":"","overlay-type":"","overlay-color":"","overlay-opacity":"","overlay-gradient":""},"mobile":{"background-color":"var(--ast-global-color-5)","background-image":"","background-repeat":"repeat","background-position":"center center","background-size":"auto","background-attachment":"scroll","background-type":"","background-media":"","overlay-type":"","overlay-color":"","overlay-opacity":"","overlay-gradient":""}},"footnotes":""},"categories":[59,8,61],"tags":[],"class_list":["post-3315","post","type-post","status-publish","format-standard","has-post-thumbnail","hentry","category-destacado-noticia","category-noticias","category-novedades"],"yoast_head":"<!-- This site is optimized with the Yoast SEO plugin v25.4 - https:\/\/yoast.com\/wordpress\/plugins\/seo\/ -->\n<title>Universidad de Santiago inaugur\u00f3 exposici\u00f3n \u201cContra la Guerra. Lectura de una arpillera de Violeta Parra\u201d y don\u00f3 libros al Museo - Museo Violeta Parra<\/title>\n<meta name=\"robots\" content=\"index, follow, max-snippet:-1, max-image-preview:large, max-video-preview:-1\" \/>\n<link rel=\"canonical\" href=\"http:\/\/vientosur.top\/museo\/universidad-de-santiago-presento-contra-la-guerra-lectura-de-una-arpillera-de-violeta-parra-y-dono-libros-al-museo\/\" \/>\n<meta property=\"og:locale\" content=\"es_ES\" \/>\n<meta property=\"og:type\" content=\"article\" \/>\n<meta property=\"og:title\" content=\"Universidad de Santiago inaugur\u00f3 exposici\u00f3n \u201cContra la Guerra. Lectura de una arpillera de Violeta Parra\u201d y don\u00f3 libros al Museo - Museo Violeta Parra\" \/>\n<meta property=\"og:description\" content=\"La vigencia que cobra hoy la arpillera \u201cContra la Guerra\u201d de Violeta Parra a 53 a\u00f1os de su creaci\u00f3n, es parte de la propuesta del trabajo investigativo realizado por el escritor Jorge Montealegre, entregando claves sobre la obra pl\u00e1stica de la artista nacional. En el contexto de la celebraci\u00f3n de los 100 a\u00f1os de Violeta [&hellip;]\" \/>\n<meta property=\"og:url\" content=\"http:\/\/vientosur.top\/museo\/universidad-de-santiago-presento-contra-la-guerra-lectura-de-una-arpillera-de-violeta-parra-y-dono-libros-al-museo\/\" \/>\n<meta property=\"og:site_name\" content=\"Museo Violeta Parra\" \/>\n<meta property=\"article:published_time\" content=\"2017-03-23T18:49:07+00:00\" \/>\n<meta property=\"article:modified_time\" content=\"2021-03-17T16:13:44+00:00\" \/>\n<meta property=\"og:image\" content=\"http:\/\/vientosur.top\/museo\/wp-content\/uploads\/2017\/03\/DSC_8271.jpg\" \/>\n\t<meta property=\"og:image:width\" content=\"1200\" \/>\n\t<meta property=\"og:image:height\" content=\"800\" \/>\n\t<meta property=\"og:image:type\" content=\"image\/jpeg\" \/>\n<meta name=\"author\" content=\"admin\" \/>\n<meta name=\"twitter:card\" content=\"summary_large_image\" \/>\n<meta name=\"twitter:label1\" content=\"Escrito por\" \/>\n\t<meta name=\"twitter:data1\" content=\"admin\" \/>\n\t<meta name=\"twitter:label2\" content=\"Tiempo de lectura\" \/>\n\t<meta name=\"twitter:data2\" content=\"4 minutos\" \/>\n<script type=\"application\/ld+json\" class=\"yoast-schema-graph\">{\"@context\":\"https:\/\/schema.org\",\"@graph\":[{\"@type\":\"WebPage\",\"@id\":\"http:\/\/vientosur.top\/museo\/universidad-de-santiago-presento-contra-la-guerra-lectura-de-una-arpillera-de-violeta-parra-y-dono-libros-al-museo\/\",\"url\":\"http:\/\/vientosur.top\/museo\/universidad-de-santiago-presento-contra-la-guerra-lectura-de-una-arpillera-de-violeta-parra-y-dono-libros-al-museo\/\",\"name\":\"Universidad de Santiago inaugur\u00f3 exposici\u00f3n \u201cContra la Guerra. Lectura de una arpillera de Violeta Parra\u201d y don\u00f3 libros al Museo - Museo Violeta Parra\",\"isPartOf\":{\"@id\":\"http:\/\/vientosur.top\/museo\/#website\"},\"primaryImageOfPage\":{\"@id\":\"http:\/\/vientosur.top\/museo\/universidad-de-santiago-presento-contra-la-guerra-lectura-de-una-arpillera-de-violeta-parra-y-dono-libros-al-museo\/#primaryimage\"},\"image\":{\"@id\":\"http:\/\/vientosur.top\/museo\/universidad-de-santiago-presento-contra-la-guerra-lectura-de-una-arpillera-de-violeta-parra-y-dono-libros-al-museo\/#primaryimage\"},\"thumbnailUrl\":\"http:\/\/vientosur.top\/museo\/wp-content\/uploads\/2017\/03\/DSC_8271.jpg\",\"datePublished\":\"2017-03-23T18:49:07+00:00\",\"dateModified\":\"2021-03-17T16:13:44+00:00\",\"author\":{\"@id\":\"http:\/\/vientosur.top\/museo\/#\/schema\/person\/20c79d3c38800971feec8c2693c3dd9c\"},\"breadcrumb\":{\"@id\":\"http:\/\/vientosur.top\/museo\/universidad-de-santiago-presento-contra-la-guerra-lectura-de-una-arpillera-de-violeta-parra-y-dono-libros-al-museo\/#breadcrumb\"},\"inLanguage\":\"es\",\"potentialAction\":[{\"@type\":\"ReadAction\",\"target\":[\"http:\/\/vientosur.top\/museo\/universidad-de-santiago-presento-contra-la-guerra-lectura-de-una-arpillera-de-violeta-parra-y-dono-libros-al-museo\/\"]}]},{\"@type\":\"ImageObject\",\"inLanguage\":\"es\",\"@id\":\"http:\/\/vientosur.top\/museo\/universidad-de-santiago-presento-contra-la-guerra-lectura-de-una-arpillera-de-violeta-parra-y-dono-libros-al-museo\/#primaryimage\",\"url\":\"http:\/\/vientosur.top\/museo\/wp-content\/uploads\/2017\/03\/DSC_8271.jpg\",\"contentUrl\":\"http:\/\/vientosur.top\/museo\/wp-content\/uploads\/2017\/03\/DSC_8271.jpg\",\"width\":1200,\"height\":800},{\"@type\":\"BreadcrumbList\",\"@id\":\"http:\/\/vientosur.top\/museo\/universidad-de-santiago-presento-contra-la-guerra-lectura-de-una-arpillera-de-violeta-parra-y-dono-libros-al-museo\/#breadcrumb\",\"itemListElement\":[{\"@type\":\"ListItem\",\"position\":1,\"name\":\"Portada\",\"item\":\"http:\/\/vientosur.top\/museo\/\"},{\"@type\":\"ListItem\",\"position\":2,\"name\":\"Universidad de Santiago inaugur\u00f3 exposici\u00f3n \u201cContra la Guerra. Lectura de una arpillera de Violeta Parra\u201d y don\u00f3 libros al Museo\"}]},{\"@type\":\"WebSite\",\"@id\":\"http:\/\/vientosur.top\/museo\/#website\",\"url\":\"http:\/\/vientosur.top\/museo\/\",\"name\":\"Museo Violeta Parra\",\"description\":\"Espacio que alberga tanto la memoria y legado creativo de la artista\",\"potentialAction\":[{\"@type\":\"SearchAction\",\"target\":{\"@type\":\"EntryPoint\",\"urlTemplate\":\"http:\/\/vientosur.top\/museo\/?s={search_term_string}\"},\"query-input\":{\"@type\":\"PropertyValueSpecification\",\"valueRequired\":true,\"valueName\":\"search_term_string\"}}],\"inLanguage\":\"es\"},{\"@type\":\"Person\",\"@id\":\"http:\/\/vientosur.top\/museo\/#\/schema\/person\/20c79d3c38800971feec8c2693c3dd9c\",\"name\":\"admin\",\"image\":{\"@type\":\"ImageObject\",\"inLanguage\":\"es\",\"@id\":\"http:\/\/vientosur.top\/museo\/#\/schema\/person\/image\/\",\"url\":\"https:\/\/secure.gravatar.com\/avatar\/713677ece3ffa642287213a80e5b773bce9ab81c269dd6d95102a990951c922f?s=96&d=mm&r=g\",\"contentUrl\":\"https:\/\/secure.gravatar.com\/avatar\/713677ece3ffa642287213a80e5b773bce9ab81c269dd6d95102a990951c922f?s=96&d=mm&r=g\",\"caption\":\"admin\"},\"sameAs\":[\"http:\/\/vientosur.top\/museo\"],\"url\":\"http:\/\/vientosur.top\/museo\/author\/comunicacionesmvp\/\"}]}<\/script>\n<!-- \/ Yoast SEO plugin. -->","yoast_head_json":{"title":"Universidad de Santiago inaugur\u00f3 exposici\u00f3n \u201cContra la Guerra. Lectura de una arpillera de Violeta Parra\u201d y don\u00f3 libros al Museo - Museo Violeta Parra","robots":{"index":"index","follow":"follow","max-snippet":"max-snippet:-1","max-image-preview":"max-image-preview:large","max-video-preview":"max-video-preview:-1"},"canonical":"http:\/\/vientosur.top\/museo\/universidad-de-santiago-presento-contra-la-guerra-lectura-de-una-arpillera-de-violeta-parra-y-dono-libros-al-museo\/","og_locale":"es_ES","og_type":"article","og_title":"Universidad de Santiago inaugur\u00f3 exposici\u00f3n \u201cContra la Guerra. Lectura de una arpillera de Violeta Parra\u201d y don\u00f3 libros al Museo - Museo Violeta Parra","og_description":"La vigencia que cobra hoy la arpillera \u201cContra la Guerra\u201d de Violeta Parra a 53 a\u00f1os de su creaci\u00f3n, es parte de la propuesta del trabajo investigativo realizado por el escritor Jorge Montealegre, entregando claves sobre la obra pl\u00e1stica de la artista nacional. En el contexto de la celebraci\u00f3n de los 100 a\u00f1os de Violeta [&hellip;]","og_url":"http:\/\/vientosur.top\/museo\/universidad-de-santiago-presento-contra-la-guerra-lectura-de-una-arpillera-de-violeta-parra-y-dono-libros-al-museo\/","og_site_name":"Museo Violeta Parra","article_published_time":"2017-03-23T18:49:07+00:00","article_modified_time":"2021-03-17T16:13:44+00:00","og_image":[{"width":1200,"height":800,"url":"http:\/\/vientosur.top\/museo\/wp-content\/uploads\/2017\/03\/DSC_8271.jpg","type":"image\/jpeg"}],"author":"admin","twitter_card":"summary_large_image","twitter_misc":{"Escrito por":"admin","Tiempo de lectura":"4 minutos"},"schema":{"@context":"https:\/\/schema.org","@graph":[{"@type":"WebPage","@id":"http:\/\/vientosur.top\/museo\/universidad-de-santiago-presento-contra-la-guerra-lectura-de-una-arpillera-de-violeta-parra-y-dono-libros-al-museo\/","url":"http:\/\/vientosur.top\/museo\/universidad-de-santiago-presento-contra-la-guerra-lectura-de-una-arpillera-de-violeta-parra-y-dono-libros-al-museo\/","name":"Universidad de Santiago inaugur\u00f3 exposici\u00f3n \u201cContra la Guerra. Lectura de una arpillera de Violeta Parra\u201d y don\u00f3 libros al Museo - Museo Violeta Parra","isPartOf":{"@id":"http:\/\/vientosur.top\/museo\/#website"},"primaryImageOfPage":{"@id":"http:\/\/vientosur.top\/museo\/universidad-de-santiago-presento-contra-la-guerra-lectura-de-una-arpillera-de-violeta-parra-y-dono-libros-al-museo\/#primaryimage"},"image":{"@id":"http:\/\/vientosur.top\/museo\/universidad-de-santiago-presento-contra-la-guerra-lectura-de-una-arpillera-de-violeta-parra-y-dono-libros-al-museo\/#primaryimage"},"thumbnailUrl":"http:\/\/vientosur.top\/museo\/wp-content\/uploads\/2017\/03\/DSC_8271.jpg","datePublished":"2017-03-23T18:49:07+00:00","dateModified":"2021-03-17T16:13:44+00:00","author":{"@id":"http:\/\/vientosur.top\/museo\/#\/schema\/person\/20c79d3c38800971feec8c2693c3dd9c"},"breadcrumb":{"@id":"http:\/\/vientosur.top\/museo\/universidad-de-santiago-presento-contra-la-guerra-lectura-de-una-arpillera-de-violeta-parra-y-dono-libros-al-museo\/#breadcrumb"},"inLanguage":"es","potentialAction":[{"@type":"ReadAction","target":["http:\/\/vientosur.top\/museo\/universidad-de-santiago-presento-contra-la-guerra-lectura-de-una-arpillera-de-violeta-parra-y-dono-libros-al-museo\/"]}]},{"@type":"ImageObject","inLanguage":"es","@id":"http:\/\/vientosur.top\/museo\/universidad-de-santiago-presento-contra-la-guerra-lectura-de-una-arpillera-de-violeta-parra-y-dono-libros-al-museo\/#primaryimage","url":"http:\/\/vientosur.top\/museo\/wp-content\/uploads\/2017\/03\/DSC_8271.jpg","contentUrl":"http:\/\/vientosur.top\/museo\/wp-content\/uploads\/2017\/03\/DSC_8271.jpg","width":1200,"height":800},{"@type":"BreadcrumbList","@id":"http:\/\/vientosur.top\/museo\/universidad-de-santiago-presento-contra-la-guerra-lectura-de-una-arpillera-de-violeta-parra-y-dono-libros-al-museo\/#breadcrumb","itemListElement":[{"@type":"ListItem","position":1,"name":"Portada","item":"http:\/\/vientosur.top\/museo\/"},{"@type":"ListItem","position":2,"name":"Universidad de Santiago inaugur\u00f3 exposici\u00f3n \u201cContra la Guerra. Lectura de una arpillera de Violeta Parra\u201d y don\u00f3 libros al Museo"}]},{"@type":"WebSite","@id":"http:\/\/vientosur.top\/museo\/#website","url":"http:\/\/vientosur.top\/museo\/","name":"Museo Violeta Parra","description":"Espacio que alberga tanto la memoria y legado creativo de la artista","potentialAction":[{"@type":"SearchAction","target":{"@type":"EntryPoint","urlTemplate":"http:\/\/vientosur.top\/museo\/?s={search_term_string}"},"query-input":{"@type":"PropertyValueSpecification","valueRequired":true,"valueName":"search_term_string"}}],"inLanguage":"es"},{"@type":"Person","@id":"http:\/\/vientosur.top\/museo\/#\/schema\/person\/20c79d3c38800971feec8c2693c3dd9c","name":"admin","image":{"@type":"ImageObject","inLanguage":"es","@id":"http:\/\/vientosur.top\/museo\/#\/schema\/person\/image\/","url":"https:\/\/secure.gravatar.com\/avatar\/713677ece3ffa642287213a80e5b773bce9ab81c269dd6d95102a990951c922f?s=96&d=mm&r=g","contentUrl":"https:\/\/secure.gravatar.com\/avatar\/713677ece3ffa642287213a80e5b773bce9ab81c269dd6d95102a990951c922f?s=96&d=mm&r=g","caption":"admin"},"sameAs":["http:\/\/vientosur.top\/museo"],"url":"http:\/\/vientosur.top\/museo\/author\/comunicacionesmvp\/"}]}},"_links":{"self":[{"href":"http:\/\/vientosur.top\/museo\/wp-json\/wp\/v2\/posts\/3315","targetHints":{"allow":["GET"]}}],"collection":[{"href":"http:\/\/vientosur.top\/museo\/wp-json\/wp\/v2\/posts"}],"about":[{"href":"http:\/\/vientosur.top\/museo\/wp-json\/wp\/v2\/types\/post"}],"author":[{"embeddable":true,"href":"http:\/\/vientosur.top\/museo\/wp-json\/wp\/v2\/users\/5"}],"replies":[{"embeddable":true,"href":"http:\/\/vientosur.top\/museo\/wp-json\/wp\/v2\/comments?post=3315"}],"version-history":[{"count":1,"href":"http:\/\/vientosur.top\/museo\/wp-json\/wp\/v2\/posts\/3315\/revisions"}],"predecessor-version":[{"id":24670,"href":"http:\/\/vientosur.top\/museo\/wp-json\/wp\/v2\/posts\/3315\/revisions\/24670"}],"wp:featuredmedia":[{"embeddable":true,"href":"http:\/\/vientosur.top\/museo\/wp-json\/wp\/v2\/media\/3316"}],"wp:attachment":[{"href":"http:\/\/vientosur.top\/museo\/wp-json\/wp\/v2\/media?parent=3315"}],"wp:term":[{"taxonomy":"category","embeddable":true,"href":"http:\/\/vientosur.top\/museo\/wp-json\/wp\/v2\/categories?post=3315"},{"taxonomy":"post_tag","embeddable":true,"href":"http:\/\/vientosur.top\/museo\/wp-json\/wp\/v2\/tags?post=3315"}],"curies":[{"name":"wp","href":"https:\/\/api.w.org\/{rel}","templated":true}]}}