{"id":3335,"date":"2017-03-24T19:29:26","date_gmt":"2017-03-24T19:29:26","guid":{"rendered":"http:\/\/vientosur.top\/museo\/\/?p=3335"},"modified":"2017-03-24T19:29:26","modified_gmt":"2017-03-24T19:29:26","slug":"directora-de-museo-violeta-parra-participo-en-encuentro-para-preservacion-y-difusion-del-patrimonio-cultural-iberoamericano-en-costa-rica","status":"publish","type":"post","link":"http:\/\/vientosur.top\/museo\/directora-de-museo-violeta-parra-participo-en-encuentro-para-preservacion-y-difusion-del-patrimonio-cultural-iberoamericano-en-costa-rica\/","title":{"rendered":"Directora de Museo Violeta Parra particip\u00f3 en encuentro para preservaci\u00f3n y difusi\u00f3n del patrimonio cultural iberoamericano en Costa Rica"},"content":{"rendered":"<p>La Directora del Museo Violeta Parra, Cecilia Garc\u00eda-Huidobro, particip\u00f3 del X Encuentro de Fundacult titulado \u201cAcciones Culturales de Entidades Financieras y Empresas Iberoamericanas\u201d. La reuni\u00f3n se desarroll\u00f3 entre los d\u00edas 20 y 23 de febrero en el Museo del Oro Precolombino de la ciudad de San Jos\u00e9.<\/p>\n<p>&nbsp;<\/p>\n<p>Fundacult, Acciones Culturales de Entidades Financieras y Empresas Iberoamericanas, es una instancia en la que se comparten y revisan diversos proyectos de preservaci\u00f3n y difusi\u00f3n del patrimonio cultural iberoamericano. Su objetivo es crear redes para promover el intercambio y la participaci\u00f3n de diversos actores de la gesti\u00f3n cultural. En esta red participan Banamex, Banco de Cr\u00e9dito de Per\u00fa, Banco Central de Bolivia, La Caixa de Madrid, Banco Central de Costa Rica y Banco Central de Colombia, entre otras instituciones.<\/p>\n<p>&nbsp;<\/p>\n<p>Para Cecilia Garc\u00eda-Huidobro es de suma importancia instaurar un trabajo mancomunado para preservar y difundir el patrimonio cultural, principalmente, de Latinoam\u00e9rica. A su juicio este desaf\u00edo implicar\u00e1 aunar fuerzas de pa\u00edses con distintas experiencias, idiosincrasias y realidades.<\/p>\n<p>&nbsp;<\/p>\n<figure id=\"attachment_3393\" aria-describedby=\"caption-attachment-3393\" style=\"width: 875px\" class=\"wp-caption alignleft\"><a href=\"http:\/\/vientosur.top\/museo\/\/wp-content\/uploads\/2017\/03\/rosas.jpg\"><img fetchpriority=\"high\" decoding=\"async\" class=\"wp-image-3393\" src=\"http:\/\/vientosur.top\/museo\/\/wp-content\/uploads\/2017\/03\/rosas-1024x768.jpg\" alt=\"os\u00e9 Luis Rozas Botr\u00e1n, Presidente de la Fundaci\u00f3n Rozas Botr\u00e1n, junto a Cecilia Garc\u00eda-Huidobro, directora del Museo Violeta Parra. \" width=\"875\" height=\"656\" \/><\/a><figcaption id=\"caption-attachment-3393\" class=\"wp-caption-text\">Jos\u00e9 Luis Rozas Botr\u00e1n, Presidente de la Fundaci\u00f3n Rozas Botr\u00e1n, junto a Cecilia Garc\u00eda-Huidobro, Directora del Museo Violeta Parra.<\/figcaption><\/figure>\n<p>&nbsp;<\/p>\n<p>\u201cLa importancia de establecer un referente cultural de car\u00e1cter latinoamericano, en el que el patrimonio se instale con igual propiedad con otros referentes mundiales fue el t\u00f3pico que desarroll\u00e9 en mi conferencia.\u00a0 Tenemos un legado que tiene que enorgullecernos y que tiene que ser valorado. El deterioro de los cascos hist\u00f3ricos y la p\u00e9rdida de barrios tradicionales es sintom\u00e1tico de la falta de aprecio por lo que somos y hemos hecho\u201d, se\u00f1al\u00f3 Cecilia Garc\u00eda- Huidobro.<\/p>\n<p>&nbsp;<\/p>\n<p>La representante chilena en el encuentro tambi\u00e9n destac\u00f3 el trabajo de la <a href=\"http:\/\/fundacionrozasbotran.org\/\">Fundaci\u00f3n Rozas Botr\u00e1n<\/a>, quienes \u201chan llevado la gen\u00e9tica de \u00faltima generaci\u00f3n y la qu\u00edmica molecular a la preservaci\u00f3n del patrimonio en Guatemala. Esta fundaci\u00f3n est\u00e1 a la vanguardia, es muy interesante para nosotros como Museo Violeta Parra, establecer un v\u00ednculo con ellos, en lo que respecta a la conservaci\u00f3n de\u00a0 las arpilleras, las telas y las pinturas\u201d.<\/p>\n<p>&nbsp;<\/p>\n","protected":false},"excerpt":{"rendered":"<p>La Directora del Museo Violeta Parra, Cecilia Garc\u00eda-Huidobro, particip\u00f3 del X Encuentro de Fundacult titulado \u201cAcciones Culturales de Entidades Financieras y Empresas Iberoamericanas\u201d. La reuni\u00f3n se desarroll\u00f3 entre los d\u00edas 20 y 23 de febrero en el Museo del Oro Precolombino de la ciudad de San Jos\u00e9. &nbsp; Fundacult, Acciones Culturales de Entidades Financieras y [&hellip;]<\/p>\n","protected":false},"author":5,"featured_media":3339,"comment_status":"open","ping_status":"open","sticky":false,"template":"","format":"standard","meta":{"site-sidebar-layout":"default","site-content-layout":"","ast-site-content-layout":"default","site-content-style":"default","site-sidebar-style":"default","ast-global-header-display":"","ast-banner-title-visibility":"","ast-main-header-display":"","ast-hfb-above-header-display":"","ast-hfb-below-header-display":"","ast-hfb-mobile-header-display":"","site-post-title":"","ast-breadcrumbs-content":"","ast-featured-img":"","footer-sml-layout":"","theme-transparent-header-meta":"","adv-header-id-meta":"","stick-header-meta":"","header-above-stick-meta":"","header-main-stick-meta":"","header-below-stick-meta":"","astra-migrate-meta-layouts":"default","ast-page-background-enabled":"default","ast-page-background-meta":{"desktop":{"background-color":"var(--ast-global-color-4)","background-image":"","background-repeat":"repeat","background-position":"center center","background-size":"auto","background-attachment":"scroll","background-type":"","background-media":"","overlay-type":"","overlay-color":"","overlay-opacity":"","overlay-gradient":""},"tablet":{"background-color":"","background-image":"","background-repeat":"repeat","background-position":"center center","background-size":"auto","background-attachment":"scroll","background-type":"","background-media":"","overlay-type":"","overlay-color":"","overlay-opacity":"","overlay-gradient":""},"mobile":{"background-color":"","background-image":"","background-repeat":"repeat","background-position":"center center","background-size":"auto","background-attachment":"scroll","background-type":"","background-media":"","overlay-type":"","overlay-color":"","overlay-opacity":"","overlay-gradient":""}},"ast-content-background-meta":{"desktop":{"background-color":"var(--ast-global-color-5)","background-image":"","background-repeat":"repeat","background-position":"center center","background-size":"auto","background-attachment":"scroll","background-type":"","background-media":"","overlay-type":"","overlay-color":"","overlay-opacity":"","overlay-gradient":""},"tablet":{"background-color":"var(--ast-global-color-5)","background-image":"","background-repeat":"repeat","background-position":"center center","background-size":"auto","background-attachment":"scroll","background-type":"","background-media":"","overlay-type":"","overlay-color":"","overlay-opacity":"","overlay-gradient":""},"mobile":{"background-color":"var(--ast-global-color-5)","background-image":"","background-repeat":"repeat","background-position":"center center","background-size":"auto","background-attachment":"scroll","background-type":"","background-media":"","overlay-type":"","overlay-color":"","overlay-opacity":"","overlay-gradient":""}},"footnotes":""},"categories":[59,8,61],"tags":[],"class_list":["post-3335","post","type-post","status-publish","format-standard","has-post-thumbnail","hentry","category-destacado-noticia","category-noticias","category-novedades"],"yoast_head":"<!-- This site is optimized with the Yoast SEO plugin v25.4 - https:\/\/yoast.com\/wordpress\/plugins\/seo\/ -->\n<title>Directora de Museo Violeta Parra particip\u00f3 en encuentro para preservaci\u00f3n y difusi\u00f3n del patrimonio cultural iberoamericano en Costa Rica - Museo Violeta Parra<\/title>\n<meta name=\"robots\" content=\"index, follow, max-snippet:-1, max-image-preview:large, max-video-preview:-1\" \/>\n<link rel=\"canonical\" href=\"http:\/\/vientosur.top\/museo\/directora-de-museo-violeta-parra-participo-en-encuentro-para-preservacion-y-difusion-del-patrimonio-cultural-iberoamericano-en-costa-rica\/\" \/>\n<meta property=\"og:locale\" content=\"es_ES\" \/>\n<meta property=\"og:type\" content=\"article\" \/>\n<meta property=\"og:title\" content=\"Directora de Museo Violeta Parra particip\u00f3 en encuentro para preservaci\u00f3n y difusi\u00f3n del patrimonio cultural iberoamericano en Costa Rica - Museo Violeta Parra\" \/>\n<meta property=\"og:description\" content=\"La Directora del Museo Violeta Parra, Cecilia Garc\u00eda-Huidobro, particip\u00f3 del X Encuentro de Fundacult titulado \u201cAcciones Culturales de Entidades Financieras y Empresas Iberoamericanas\u201d. La reuni\u00f3n se desarroll\u00f3 entre los d\u00edas 20 y 23 de febrero en el Museo del Oro Precolombino de la ciudad de San Jos\u00e9. &nbsp; Fundacult, Acciones Culturales de Entidades Financieras y [&hellip;]\" \/>\n<meta property=\"og:url\" content=\"http:\/\/vientosur.top\/museo\/directora-de-museo-violeta-parra-participo-en-encuentro-para-preservacion-y-difusion-del-patrimonio-cultural-iberoamericano-en-costa-rica\/\" \/>\n<meta property=\"og:site_name\" content=\"Museo Violeta Parra\" \/>\n<meta property=\"article:published_time\" content=\"2017-03-24T19:29:26+00:00\" \/>\n<meta property=\"og:image\" content=\"http:\/\/vientosur.top\/museo\/wp-content\/uploads\/2017\/03\/1.jpg\" \/>\n\t<meta property=\"og:image:width\" content=\"1500\" \/>\n\t<meta property=\"og:image:height\" content=\"1000\" \/>\n\t<meta property=\"og:image:type\" content=\"image\/jpeg\" \/>\n<meta name=\"author\" content=\"admin\" \/>\n<meta name=\"twitter:card\" content=\"summary_large_image\" \/>\n<meta name=\"twitter:label1\" content=\"Escrito por\" \/>\n\t<meta name=\"twitter:data1\" content=\"admin\" \/>\n\t<meta name=\"twitter:label2\" content=\"Tiempo de lectura\" \/>\n\t<meta name=\"twitter:data2\" content=\"2 minutos\" \/>\n<script type=\"application\/ld+json\" class=\"yoast-schema-graph\">{\"@context\":\"https:\/\/schema.org\",\"@graph\":[{\"@type\":\"WebPage\",\"@id\":\"http:\/\/vientosur.top\/museo\/directora-de-museo-violeta-parra-participo-en-encuentro-para-preservacion-y-difusion-del-patrimonio-cultural-iberoamericano-en-costa-rica\/\",\"url\":\"http:\/\/vientosur.top\/museo\/directora-de-museo-violeta-parra-participo-en-encuentro-para-preservacion-y-difusion-del-patrimonio-cultural-iberoamericano-en-costa-rica\/\",\"name\":\"Directora de Museo Violeta Parra particip\u00f3 en encuentro para preservaci\u00f3n y difusi\u00f3n del patrimonio cultural iberoamericano en Costa Rica - Museo Violeta Parra\",\"isPartOf\":{\"@id\":\"http:\/\/vientosur.top\/museo\/#website\"},\"primaryImageOfPage\":{\"@id\":\"http:\/\/vientosur.top\/museo\/directora-de-museo-violeta-parra-participo-en-encuentro-para-preservacion-y-difusion-del-patrimonio-cultural-iberoamericano-en-costa-rica\/#primaryimage\"},\"image\":{\"@id\":\"http:\/\/vientosur.top\/museo\/directora-de-museo-violeta-parra-participo-en-encuentro-para-preservacion-y-difusion-del-patrimonio-cultural-iberoamericano-en-costa-rica\/#primaryimage\"},\"thumbnailUrl\":\"http:\/\/vientosur.top\/museo\/wp-content\/uploads\/2017\/03\/1.jpg\",\"datePublished\":\"2017-03-24T19:29:26+00:00\",\"author\":{\"@id\":\"http:\/\/vientosur.top\/museo\/#\/schema\/person\/20c79d3c38800971feec8c2693c3dd9c\"},\"breadcrumb\":{\"@id\":\"http:\/\/vientosur.top\/museo\/directora-de-museo-violeta-parra-participo-en-encuentro-para-preservacion-y-difusion-del-patrimonio-cultural-iberoamericano-en-costa-rica\/#breadcrumb\"},\"inLanguage\":\"es\",\"potentialAction\":[{\"@type\":\"ReadAction\",\"target\":[\"http:\/\/vientosur.top\/museo\/directora-de-museo-violeta-parra-participo-en-encuentro-para-preservacion-y-difusion-del-patrimonio-cultural-iberoamericano-en-costa-rica\/\"]}]},{\"@type\":\"ImageObject\",\"inLanguage\":\"es\",\"@id\":\"http:\/\/vientosur.top\/museo\/directora-de-museo-violeta-parra-participo-en-encuentro-para-preservacion-y-difusion-del-patrimonio-cultural-iberoamericano-en-costa-rica\/#primaryimage\",\"url\":\"http:\/\/vientosur.top\/museo\/wp-content\/uploads\/2017\/03\/1.jpg\",\"contentUrl\":\"http:\/\/vientosur.top\/museo\/wp-content\/uploads\/2017\/03\/1.jpg\",\"width\":1500,\"height\":1000},{\"@type\":\"BreadcrumbList\",\"@id\":\"http:\/\/vientosur.top\/museo\/directora-de-museo-violeta-parra-participo-en-encuentro-para-preservacion-y-difusion-del-patrimonio-cultural-iberoamericano-en-costa-rica\/#breadcrumb\",\"itemListElement\":[{\"@type\":\"ListItem\",\"position\":1,\"name\":\"Portada\",\"item\":\"http:\/\/vientosur.top\/museo\/\"},{\"@type\":\"ListItem\",\"position\":2,\"name\":\"Directora de Museo Violeta Parra particip\u00f3 en encuentro para preservaci\u00f3n y difusi\u00f3n del patrimonio cultural iberoamericano en Costa Rica\"}]},{\"@type\":\"WebSite\",\"@id\":\"http:\/\/vientosur.top\/museo\/#website\",\"url\":\"http:\/\/vientosur.top\/museo\/\",\"name\":\"Museo Violeta Parra\",\"description\":\"Espacio que alberga tanto la memoria y legado creativo de la artista\",\"potentialAction\":[{\"@type\":\"SearchAction\",\"target\":{\"@type\":\"EntryPoint\",\"urlTemplate\":\"http:\/\/vientosur.top\/museo\/?s={search_term_string}\"},\"query-input\":{\"@type\":\"PropertyValueSpecification\",\"valueRequired\":true,\"valueName\":\"search_term_string\"}}],\"inLanguage\":\"es\"},{\"@type\":\"Person\",\"@id\":\"http:\/\/vientosur.top\/museo\/#\/schema\/person\/20c79d3c38800971feec8c2693c3dd9c\",\"name\":\"admin\",\"image\":{\"@type\":\"ImageObject\",\"inLanguage\":\"es\",\"@id\":\"http:\/\/vientosur.top\/museo\/#\/schema\/person\/image\/\",\"url\":\"https:\/\/secure.gravatar.com\/avatar\/713677ece3ffa642287213a80e5b773bce9ab81c269dd6d95102a990951c922f?s=96&d=mm&r=g\",\"contentUrl\":\"https:\/\/secure.gravatar.com\/avatar\/713677ece3ffa642287213a80e5b773bce9ab81c269dd6d95102a990951c922f?s=96&d=mm&r=g\",\"caption\":\"admin\"},\"sameAs\":[\"http:\/\/vientosur.top\/museo\"],\"url\":\"http:\/\/vientosur.top\/museo\/author\/comunicacionesmvp\/\"}]}<\/script>\n<!-- \/ Yoast SEO plugin. -->","yoast_head_json":{"title":"Directora de Museo Violeta Parra particip\u00f3 en encuentro para preservaci\u00f3n y difusi\u00f3n del patrimonio cultural iberoamericano en Costa Rica - Museo Violeta Parra","robots":{"index":"index","follow":"follow","max-snippet":"max-snippet:-1","max-image-preview":"max-image-preview:large","max-video-preview":"max-video-preview:-1"},"canonical":"http:\/\/vientosur.top\/museo\/directora-de-museo-violeta-parra-participo-en-encuentro-para-preservacion-y-difusion-del-patrimonio-cultural-iberoamericano-en-costa-rica\/","og_locale":"es_ES","og_type":"article","og_title":"Directora de Museo Violeta Parra particip\u00f3 en encuentro para preservaci\u00f3n y difusi\u00f3n del patrimonio cultural iberoamericano en Costa Rica - Museo Violeta Parra","og_description":"La Directora del Museo Violeta Parra, Cecilia Garc\u00eda-Huidobro, particip\u00f3 del X Encuentro de Fundacult titulado \u201cAcciones Culturales de Entidades Financieras y Empresas Iberoamericanas\u201d. La reuni\u00f3n se desarroll\u00f3 entre los d\u00edas 20 y 23 de febrero en el Museo del Oro Precolombino de la ciudad de San Jos\u00e9. &nbsp; Fundacult, Acciones Culturales de Entidades Financieras y [&hellip;]","og_url":"http:\/\/vientosur.top\/museo\/directora-de-museo-violeta-parra-participo-en-encuentro-para-preservacion-y-difusion-del-patrimonio-cultural-iberoamericano-en-costa-rica\/","og_site_name":"Museo Violeta Parra","article_published_time":"2017-03-24T19:29:26+00:00","og_image":[{"width":1500,"height":1000,"url":"http:\/\/vientosur.top\/museo\/wp-content\/uploads\/2017\/03\/1.jpg","type":"image\/jpeg"}],"author":"admin","twitter_card":"summary_large_image","twitter_misc":{"Escrito por":"admin","Tiempo de lectura":"2 minutos"},"schema":{"@context":"https:\/\/schema.org","@graph":[{"@type":"WebPage","@id":"http:\/\/vientosur.top\/museo\/directora-de-museo-violeta-parra-participo-en-encuentro-para-preservacion-y-difusion-del-patrimonio-cultural-iberoamericano-en-costa-rica\/","url":"http:\/\/vientosur.top\/museo\/directora-de-museo-violeta-parra-participo-en-encuentro-para-preservacion-y-difusion-del-patrimonio-cultural-iberoamericano-en-costa-rica\/","name":"Directora de Museo Violeta Parra particip\u00f3 en encuentro para preservaci\u00f3n y difusi\u00f3n del patrimonio cultural iberoamericano en Costa Rica - Museo Violeta Parra","isPartOf":{"@id":"http:\/\/vientosur.top\/museo\/#website"},"primaryImageOfPage":{"@id":"http:\/\/vientosur.top\/museo\/directora-de-museo-violeta-parra-participo-en-encuentro-para-preservacion-y-difusion-del-patrimonio-cultural-iberoamericano-en-costa-rica\/#primaryimage"},"image":{"@id":"http:\/\/vientosur.top\/museo\/directora-de-museo-violeta-parra-participo-en-encuentro-para-preservacion-y-difusion-del-patrimonio-cultural-iberoamericano-en-costa-rica\/#primaryimage"},"thumbnailUrl":"http:\/\/vientosur.top\/museo\/wp-content\/uploads\/2017\/03\/1.jpg","datePublished":"2017-03-24T19:29:26+00:00","author":{"@id":"http:\/\/vientosur.top\/museo\/#\/schema\/person\/20c79d3c38800971feec8c2693c3dd9c"},"breadcrumb":{"@id":"http:\/\/vientosur.top\/museo\/directora-de-museo-violeta-parra-participo-en-encuentro-para-preservacion-y-difusion-del-patrimonio-cultural-iberoamericano-en-costa-rica\/#breadcrumb"},"inLanguage":"es","potentialAction":[{"@type":"ReadAction","target":["http:\/\/vientosur.top\/museo\/directora-de-museo-violeta-parra-participo-en-encuentro-para-preservacion-y-difusion-del-patrimonio-cultural-iberoamericano-en-costa-rica\/"]}]},{"@type":"ImageObject","inLanguage":"es","@id":"http:\/\/vientosur.top\/museo\/directora-de-museo-violeta-parra-participo-en-encuentro-para-preservacion-y-difusion-del-patrimonio-cultural-iberoamericano-en-costa-rica\/#primaryimage","url":"http:\/\/vientosur.top\/museo\/wp-content\/uploads\/2017\/03\/1.jpg","contentUrl":"http:\/\/vientosur.top\/museo\/wp-content\/uploads\/2017\/03\/1.jpg","width":1500,"height":1000},{"@type":"BreadcrumbList","@id":"http:\/\/vientosur.top\/museo\/directora-de-museo-violeta-parra-participo-en-encuentro-para-preservacion-y-difusion-del-patrimonio-cultural-iberoamericano-en-costa-rica\/#breadcrumb","itemListElement":[{"@type":"ListItem","position":1,"name":"Portada","item":"http:\/\/vientosur.top\/museo\/"},{"@type":"ListItem","position":2,"name":"Directora de Museo Violeta Parra particip\u00f3 en encuentro para preservaci\u00f3n y difusi\u00f3n del patrimonio cultural iberoamericano en Costa Rica"}]},{"@type":"WebSite","@id":"http:\/\/vientosur.top\/museo\/#website","url":"http:\/\/vientosur.top\/museo\/","name":"Museo Violeta Parra","description":"Espacio que alberga tanto la memoria y legado creativo de la artista","potentialAction":[{"@type":"SearchAction","target":{"@type":"EntryPoint","urlTemplate":"http:\/\/vientosur.top\/museo\/?s={search_term_string}"},"query-input":{"@type":"PropertyValueSpecification","valueRequired":true,"valueName":"search_term_string"}}],"inLanguage":"es"},{"@type":"Person","@id":"http:\/\/vientosur.top\/museo\/#\/schema\/person\/20c79d3c38800971feec8c2693c3dd9c","name":"admin","image":{"@type":"ImageObject","inLanguage":"es","@id":"http:\/\/vientosur.top\/museo\/#\/schema\/person\/image\/","url":"https:\/\/secure.gravatar.com\/avatar\/713677ece3ffa642287213a80e5b773bce9ab81c269dd6d95102a990951c922f?s=96&d=mm&r=g","contentUrl":"https:\/\/secure.gravatar.com\/avatar\/713677ece3ffa642287213a80e5b773bce9ab81c269dd6d95102a990951c922f?s=96&d=mm&r=g","caption":"admin"},"sameAs":["http:\/\/vientosur.top\/museo"],"url":"http:\/\/vientosur.top\/museo\/author\/comunicacionesmvp\/"}]}},"_links":{"self":[{"href":"http:\/\/vientosur.top\/museo\/wp-json\/wp\/v2\/posts\/3335","targetHints":{"allow":["GET"]}}],"collection":[{"href":"http:\/\/vientosur.top\/museo\/wp-json\/wp\/v2\/posts"}],"about":[{"href":"http:\/\/vientosur.top\/museo\/wp-json\/wp\/v2\/types\/post"}],"author":[{"embeddable":true,"href":"http:\/\/vientosur.top\/museo\/wp-json\/wp\/v2\/users\/5"}],"replies":[{"embeddable":true,"href":"http:\/\/vientosur.top\/museo\/wp-json\/wp\/v2\/comments?post=3335"}],"version-history":[{"count":0,"href":"http:\/\/vientosur.top\/museo\/wp-json\/wp\/v2\/posts\/3335\/revisions"}],"wp:featuredmedia":[{"embeddable":true,"href":"http:\/\/vientosur.top\/museo\/wp-json\/wp\/v2\/media\/3339"}],"wp:attachment":[{"href":"http:\/\/vientosur.top\/museo\/wp-json\/wp\/v2\/media?parent=3335"}],"wp:term":[{"taxonomy":"category","embeddable":true,"href":"http:\/\/vientosur.top\/museo\/wp-json\/wp\/v2\/categories?post=3335"},{"taxonomy":"post_tag","embeddable":true,"href":"http:\/\/vientosur.top\/museo\/wp-json\/wp\/v2\/tags?post=3335"}],"curies":[{"name":"wp","href":"https:\/\/api.w.org\/{rel}","templated":true}]}}