{"id":3346,"date":"2017-03-27T20:27:34","date_gmt":"2017-03-27T20:27:34","guid":{"rendered":"http:\/\/vientosur.top\/museo\/\/?p=3346"},"modified":"2017-03-27T20:27:34","modified_gmt":"2017-03-27T20:27:34","slug":"museo-violeta-parra-y-cineteca-u-de-chile-inician-ciclo-angel-parra-y-el-cine-los-domingos-de-abril","status":"publish","type":"post","link":"http:\/\/vientosur.top\/museo\/museo-violeta-parra-y-cineteca-u-de-chile-inician-ciclo-angel-parra-y-el-cine-los-domingos-de-abril\/","title":{"rendered":"Museo Violeta Parra y Cineteca U. de Chile inician ciclo \u00ab\u00c1ngel Parra y el cine\u00bb los domingos de abril"},"content":{"rendered":"<p>El domingo 2 de abril se iniciar\u00e1 el ciclo \u00ab\u00c1ngel Parra y el cine\u00bb en el Auditorio Antar del Museo Violeta Parra. En la primera fecha se homenajear\u00e1 tambi\u00e9n a <a href=\"http:\/\/www.cinechile.cl\/persona-553\" target=\"_blank\" rel=\"noopener noreferrer\">H\u00e9ctor R\u00edos<\/a>, destacado director de fotograf\u00eda chileno. \u00a0La entrada es liberada por orden de llegada (99 butacas disponibles).<\/p>\n<p>&nbsp;<\/p>\n<p><strong>Domingo 2 de abril \/ 16:00 horas \/ Auditorio Antar\u00a0<\/strong><br \/>\nH\u00e9ctor R\u00edos (1927-2017) y \u00c1ngel Parra (1943-2017): Nuevo Cine Chileno y Nueva Canci\u00f3n Chilena<br \/>\nPresentaci\u00f3n del profesor Luis Horta, coordinador de la Cineteca de la U. de Chile<\/p>\n<p>\u201cVenceremos\u201d<br \/>\nDirector: Pedro Chaskel y H\u00e9ctor Rios \/ M\u00fasica de \u00c1ngel Parra y Quilapay\u00fan<\/p>\n<p>\u201cEntre ponerle y no ponerle\u201d<br \/>\nDirector: H\u00e9ctor R\u00edos \/ M\u00fasica de \u00c1ngel Parra<\/p>\n<p>\u201cNo nos trancar\u00e1n el paso\u201d<br \/>\nDirector: Guillermo Cahn \/ Fotograf\u00eda de H\u00e9ctor R\u00edos \/ M\u00fasica de \u00c1ngel Parra<\/p>\n<p>&nbsp;<\/p>\n<p>&nbsp;<\/p>\n<p><strong>Domingo 9\u00a0de abril \/ 16:00 horas \/ Auditorio Antar\u00a0<\/strong><br \/>\n\u201cVioleta m\u00e1s viva que nunca\u201d<br \/>\nDirectores: \u00c1ngel Parra y Daniel Sandoval<\/p>\n<p>&nbsp;<\/p>\n<p>&nbsp;<\/p>\n<p><strong>Domingo 16 de abril \/ 16:00 horas \/ Auditorio Antar<\/strong><br \/>\n\u201cEl Negro Ch\u00e1vez\u201d<br \/>\nDirector: Juan Carlos Bustamante \/ M\u00fasica de \u00c1ngel Parra<br \/>\nBasado en el cuento de Oscar Castro, \u201cEl \u00faltimo disparo del Negro Ch\u00e1vez\u201d, cuenta la historia de un joven domador de caballos quien ha logrado transformarse en el favorito del ministro del fundo, Gatica, y en el \u00a0amante de Lidia.<\/p>\n<p>&nbsp;<\/p>\n","protected":false},"excerpt":{"rendered":"<p>El domingo 2 de abril se iniciar\u00e1 el ciclo \u00ab\u00c1ngel Parra y el cine\u00bb en el Auditorio Antar del Museo Violeta Parra. En la primera fecha se homenajear\u00e1 tambi\u00e9n a H\u00e9ctor R\u00edos, destacado director de fotograf\u00eda chileno. \u00a0La entrada es liberada por orden de llegada (99 butacas disponibles). &nbsp; Domingo 2 de abril \/ 16:00 [&hellip;]<\/p>\n","protected":false},"author":5,"featured_media":3347,"comment_status":"open","ping_status":"open","sticky":false,"template":"","format":"standard","meta":{"site-sidebar-layout":"default","site-content-layout":"","ast-site-content-layout":"default","site-content-style":"default","site-sidebar-style":"default","ast-global-header-display":"","ast-banner-title-visibility":"","ast-main-header-display":"","ast-hfb-above-header-display":"","ast-hfb-below-header-display":"","ast-hfb-mobile-header-display":"","site-post-title":"","ast-breadcrumbs-content":"","ast-featured-img":"","footer-sml-layout":"","theme-transparent-header-meta":"","adv-header-id-meta":"","stick-header-meta":"","header-above-stick-meta":"","header-main-stick-meta":"","header-below-stick-meta":"","astra-migrate-meta-layouts":"default","ast-page-background-enabled":"default","ast-page-background-meta":{"desktop":{"background-color":"var(--ast-global-color-4)","background-image":"","background-repeat":"repeat","background-position":"center center","background-size":"auto","background-attachment":"scroll","background-type":"","background-media":"","overlay-type":"","overlay-color":"","overlay-opacity":"","overlay-gradient":""},"tablet":{"background-color":"","background-image":"","background-repeat":"repeat","background-position":"center center","background-size":"auto","background-attachment":"scroll","background-type":"","background-media":"","overlay-type":"","overlay-color":"","overlay-opacity":"","overlay-gradient":""},"mobile":{"background-color":"","background-image":"","background-repeat":"repeat","background-position":"center center","background-size":"auto","background-attachment":"scroll","background-type":"","background-media":"","overlay-type":"","overlay-color":"","overlay-opacity":"","overlay-gradient":""}},"ast-content-background-meta":{"desktop":{"background-color":"var(--ast-global-color-5)","background-image":"","background-repeat":"repeat","background-position":"center center","background-size":"auto","background-attachment":"scroll","background-type":"","background-media":"","overlay-type":"","overlay-color":"","overlay-opacity":"","overlay-gradient":""},"tablet":{"background-color":"var(--ast-global-color-5)","background-image":"","background-repeat":"repeat","background-position":"center center","background-size":"auto","background-attachment":"scroll","background-type":"","background-media":"","overlay-type":"","overlay-color":"","overlay-opacity":"","overlay-gradient":""},"mobile":{"background-color":"var(--ast-global-color-5)","background-image":"","background-repeat":"repeat","background-position":"center center","background-size":"auto","background-attachment":"scroll","background-type":"","background-media":"","overlay-type":"","overlay-color":"","overlay-opacity":"","overlay-gradient":""}},"footnotes":""},"categories":[59,8,61],"tags":[],"class_list":["post-3346","post","type-post","status-publish","format-standard","has-post-thumbnail","hentry","category-destacado-noticia","category-noticias","category-novedades"],"yoast_head":"<!-- This site is optimized with the Yoast SEO plugin v25.4 - https:\/\/yoast.com\/wordpress\/plugins\/seo\/ -->\n<title>Museo Violeta Parra y Cineteca U. de Chile inician ciclo &quot;\u00c1ngel Parra y el cine&quot; los domingos de abril - Museo Violeta Parra<\/title>\n<meta name=\"robots\" content=\"index, follow, max-snippet:-1, max-image-preview:large, max-video-preview:-1\" \/>\n<link rel=\"canonical\" href=\"http:\/\/vientosur.top\/museo\/museo-violeta-parra-y-cineteca-u-de-chile-inician-ciclo-angel-parra-y-el-cine-los-domingos-de-abril\/\" \/>\n<meta property=\"og:locale\" content=\"es_ES\" \/>\n<meta property=\"og:type\" content=\"article\" \/>\n<meta property=\"og:title\" content=\"Museo Violeta Parra y Cineteca U. de Chile inician ciclo &quot;\u00c1ngel Parra y el cine&quot; los domingos de abril - Museo Violeta Parra\" \/>\n<meta property=\"og:description\" content=\"El domingo 2 de abril se iniciar\u00e1 el ciclo \u00ab\u00c1ngel Parra y el cine\u00bb en el Auditorio Antar del Museo Violeta Parra. En la primera fecha se homenajear\u00e1 tambi\u00e9n a H\u00e9ctor R\u00edos, destacado director de fotograf\u00eda chileno. \u00a0La entrada es liberada por orden de llegada (99 butacas disponibles). &nbsp; Domingo 2 de abril \/ 16:00 [&hellip;]\" \/>\n<meta property=\"og:url\" content=\"http:\/\/vientosur.top\/museo\/museo-violeta-parra-y-cineteca-u-de-chile-inician-ciclo-angel-parra-y-el-cine-los-domingos-de-abril\/\" \/>\n<meta property=\"og:site_name\" content=\"Museo Violeta Parra\" \/>\n<meta property=\"article:published_time\" content=\"2017-03-27T20:27:34+00:00\" \/>\n<meta property=\"og:image\" content=\"http:\/\/vientosur.top\/museo\/wp-content\/uploads\/2017\/03\/LP-50_65.jpg\" \/>\n\t<meta property=\"og:image:width\" content=\"1927\" \/>\n\t<meta property=\"og:image:height\" content=\"1261\" \/>\n\t<meta property=\"og:image:type\" content=\"image\/jpeg\" \/>\n<meta name=\"author\" content=\"admin\" \/>\n<meta name=\"twitter:card\" content=\"summary_large_image\" \/>\n<meta name=\"twitter:label1\" content=\"Escrito por\" \/>\n\t<meta name=\"twitter:data1\" content=\"admin\" \/>\n\t<meta name=\"twitter:label2\" content=\"Tiempo de lectura\" \/>\n\t<meta name=\"twitter:data2\" content=\"1 minuto\" \/>\n<script type=\"application\/ld+json\" class=\"yoast-schema-graph\">{\"@context\":\"https:\/\/schema.org\",\"@graph\":[{\"@type\":\"WebPage\",\"@id\":\"http:\/\/vientosur.top\/museo\/museo-violeta-parra-y-cineteca-u-de-chile-inician-ciclo-angel-parra-y-el-cine-los-domingos-de-abril\/\",\"url\":\"http:\/\/vientosur.top\/museo\/museo-violeta-parra-y-cineteca-u-de-chile-inician-ciclo-angel-parra-y-el-cine-los-domingos-de-abril\/\",\"name\":\"Museo Violeta Parra y Cineteca U. de Chile inician ciclo \\\"\u00c1ngel Parra y el cine\\\" los domingos de abril - Museo Violeta Parra\",\"isPartOf\":{\"@id\":\"http:\/\/vientosur.top\/museo\/#website\"},\"primaryImageOfPage\":{\"@id\":\"http:\/\/vientosur.top\/museo\/museo-violeta-parra-y-cineteca-u-de-chile-inician-ciclo-angel-parra-y-el-cine-los-domingos-de-abril\/#primaryimage\"},\"image\":{\"@id\":\"http:\/\/vientosur.top\/museo\/museo-violeta-parra-y-cineteca-u-de-chile-inician-ciclo-angel-parra-y-el-cine-los-domingos-de-abril\/#primaryimage\"},\"thumbnailUrl\":\"http:\/\/vientosur.top\/museo\/wp-content\/uploads\/2017\/03\/LP-50_65.jpg\",\"datePublished\":\"2017-03-27T20:27:34+00:00\",\"author\":{\"@id\":\"http:\/\/vientosur.top\/museo\/#\/schema\/person\/20c79d3c38800971feec8c2693c3dd9c\"},\"breadcrumb\":{\"@id\":\"http:\/\/vientosur.top\/museo\/museo-violeta-parra-y-cineteca-u-de-chile-inician-ciclo-angel-parra-y-el-cine-los-domingos-de-abril\/#breadcrumb\"},\"inLanguage\":\"es\",\"potentialAction\":[{\"@type\":\"ReadAction\",\"target\":[\"http:\/\/vientosur.top\/museo\/museo-violeta-parra-y-cineteca-u-de-chile-inician-ciclo-angel-parra-y-el-cine-los-domingos-de-abril\/\"]}]},{\"@type\":\"ImageObject\",\"inLanguage\":\"es\",\"@id\":\"http:\/\/vientosur.top\/museo\/museo-violeta-parra-y-cineteca-u-de-chile-inician-ciclo-angel-parra-y-el-cine-los-domingos-de-abril\/#primaryimage\",\"url\":\"http:\/\/vientosur.top\/museo\/wp-content\/uploads\/2017\/03\/LP-50_65.jpg\",\"contentUrl\":\"http:\/\/vientosur.top\/museo\/wp-content\/uploads\/2017\/03\/LP-50_65.jpg\",\"width\":1927,\"height\":1261},{\"@type\":\"BreadcrumbList\",\"@id\":\"http:\/\/vientosur.top\/museo\/museo-violeta-parra-y-cineteca-u-de-chile-inician-ciclo-angel-parra-y-el-cine-los-domingos-de-abril\/#breadcrumb\",\"itemListElement\":[{\"@type\":\"ListItem\",\"position\":1,\"name\":\"Portada\",\"item\":\"http:\/\/vientosur.top\/museo\/\"},{\"@type\":\"ListItem\",\"position\":2,\"name\":\"Museo Violeta Parra y Cineteca U. de Chile inician ciclo \u00ab\u00c1ngel Parra y el cine\u00bb los domingos de abril\"}]},{\"@type\":\"WebSite\",\"@id\":\"http:\/\/vientosur.top\/museo\/#website\",\"url\":\"http:\/\/vientosur.top\/museo\/\",\"name\":\"Museo Violeta Parra\",\"description\":\"Espacio que alberga tanto la memoria y legado creativo de la artista\",\"potentialAction\":[{\"@type\":\"SearchAction\",\"target\":{\"@type\":\"EntryPoint\",\"urlTemplate\":\"http:\/\/vientosur.top\/museo\/?s={search_term_string}\"},\"query-input\":{\"@type\":\"PropertyValueSpecification\",\"valueRequired\":true,\"valueName\":\"search_term_string\"}}],\"inLanguage\":\"es\"},{\"@type\":\"Person\",\"@id\":\"http:\/\/vientosur.top\/museo\/#\/schema\/person\/20c79d3c38800971feec8c2693c3dd9c\",\"name\":\"admin\",\"image\":{\"@type\":\"ImageObject\",\"inLanguage\":\"es\",\"@id\":\"http:\/\/vientosur.top\/museo\/#\/schema\/person\/image\/\",\"url\":\"https:\/\/secure.gravatar.com\/avatar\/713677ece3ffa642287213a80e5b773bce9ab81c269dd6d95102a990951c922f?s=96&d=mm&r=g\",\"contentUrl\":\"https:\/\/secure.gravatar.com\/avatar\/713677ece3ffa642287213a80e5b773bce9ab81c269dd6d95102a990951c922f?s=96&d=mm&r=g\",\"caption\":\"admin\"},\"sameAs\":[\"http:\/\/vientosur.top\/museo\"],\"url\":\"http:\/\/vientosur.top\/museo\/author\/comunicacionesmvp\/\"}]}<\/script>\n<!-- \/ Yoast SEO plugin. -->","yoast_head_json":{"title":"Museo Violeta Parra y Cineteca U. de Chile inician ciclo \"\u00c1ngel Parra y el cine\" los domingos de abril - Museo Violeta Parra","robots":{"index":"index","follow":"follow","max-snippet":"max-snippet:-1","max-image-preview":"max-image-preview:large","max-video-preview":"max-video-preview:-1"},"canonical":"http:\/\/vientosur.top\/museo\/museo-violeta-parra-y-cineteca-u-de-chile-inician-ciclo-angel-parra-y-el-cine-los-domingos-de-abril\/","og_locale":"es_ES","og_type":"article","og_title":"Museo Violeta Parra y Cineteca U. de Chile inician ciclo \"\u00c1ngel Parra y el cine\" los domingos de abril - Museo Violeta Parra","og_description":"El domingo 2 de abril se iniciar\u00e1 el ciclo \u00ab\u00c1ngel Parra y el cine\u00bb en el Auditorio Antar del Museo Violeta Parra. En la primera fecha se homenajear\u00e1 tambi\u00e9n a H\u00e9ctor R\u00edos, destacado director de fotograf\u00eda chileno. \u00a0La entrada es liberada por orden de llegada (99 butacas disponibles). &nbsp; Domingo 2 de abril \/ 16:00 [&hellip;]","og_url":"http:\/\/vientosur.top\/museo\/museo-violeta-parra-y-cineteca-u-de-chile-inician-ciclo-angel-parra-y-el-cine-los-domingos-de-abril\/","og_site_name":"Museo Violeta Parra","article_published_time":"2017-03-27T20:27:34+00:00","og_image":[{"width":1927,"height":1261,"url":"http:\/\/vientosur.top\/museo\/wp-content\/uploads\/2017\/03\/LP-50_65.jpg","type":"image\/jpeg"}],"author":"admin","twitter_card":"summary_large_image","twitter_misc":{"Escrito por":"admin","Tiempo de lectura":"1 minuto"},"schema":{"@context":"https:\/\/schema.org","@graph":[{"@type":"WebPage","@id":"http:\/\/vientosur.top\/museo\/museo-violeta-parra-y-cineteca-u-de-chile-inician-ciclo-angel-parra-y-el-cine-los-domingos-de-abril\/","url":"http:\/\/vientosur.top\/museo\/museo-violeta-parra-y-cineteca-u-de-chile-inician-ciclo-angel-parra-y-el-cine-los-domingos-de-abril\/","name":"Museo Violeta Parra y Cineteca U. de Chile inician ciclo \"\u00c1ngel Parra y el cine\" los domingos de abril - Museo Violeta Parra","isPartOf":{"@id":"http:\/\/vientosur.top\/museo\/#website"},"primaryImageOfPage":{"@id":"http:\/\/vientosur.top\/museo\/museo-violeta-parra-y-cineteca-u-de-chile-inician-ciclo-angel-parra-y-el-cine-los-domingos-de-abril\/#primaryimage"},"image":{"@id":"http:\/\/vientosur.top\/museo\/museo-violeta-parra-y-cineteca-u-de-chile-inician-ciclo-angel-parra-y-el-cine-los-domingos-de-abril\/#primaryimage"},"thumbnailUrl":"http:\/\/vientosur.top\/museo\/wp-content\/uploads\/2017\/03\/LP-50_65.jpg","datePublished":"2017-03-27T20:27:34+00:00","author":{"@id":"http:\/\/vientosur.top\/museo\/#\/schema\/person\/20c79d3c38800971feec8c2693c3dd9c"},"breadcrumb":{"@id":"http:\/\/vientosur.top\/museo\/museo-violeta-parra-y-cineteca-u-de-chile-inician-ciclo-angel-parra-y-el-cine-los-domingos-de-abril\/#breadcrumb"},"inLanguage":"es","potentialAction":[{"@type":"ReadAction","target":["http:\/\/vientosur.top\/museo\/museo-violeta-parra-y-cineteca-u-de-chile-inician-ciclo-angel-parra-y-el-cine-los-domingos-de-abril\/"]}]},{"@type":"ImageObject","inLanguage":"es","@id":"http:\/\/vientosur.top\/museo\/museo-violeta-parra-y-cineteca-u-de-chile-inician-ciclo-angel-parra-y-el-cine-los-domingos-de-abril\/#primaryimage","url":"http:\/\/vientosur.top\/museo\/wp-content\/uploads\/2017\/03\/LP-50_65.jpg","contentUrl":"http:\/\/vientosur.top\/museo\/wp-content\/uploads\/2017\/03\/LP-50_65.jpg","width":1927,"height":1261},{"@type":"BreadcrumbList","@id":"http:\/\/vientosur.top\/museo\/museo-violeta-parra-y-cineteca-u-de-chile-inician-ciclo-angel-parra-y-el-cine-los-domingos-de-abril\/#breadcrumb","itemListElement":[{"@type":"ListItem","position":1,"name":"Portada","item":"http:\/\/vientosur.top\/museo\/"},{"@type":"ListItem","position":2,"name":"Museo Violeta Parra y Cineteca U. de Chile inician ciclo \u00ab\u00c1ngel Parra y el cine\u00bb los domingos de abril"}]},{"@type":"WebSite","@id":"http:\/\/vientosur.top\/museo\/#website","url":"http:\/\/vientosur.top\/museo\/","name":"Museo Violeta Parra","description":"Espacio que alberga tanto la memoria y legado creativo de la artista","potentialAction":[{"@type":"SearchAction","target":{"@type":"EntryPoint","urlTemplate":"http:\/\/vientosur.top\/museo\/?s={search_term_string}"},"query-input":{"@type":"PropertyValueSpecification","valueRequired":true,"valueName":"search_term_string"}}],"inLanguage":"es"},{"@type":"Person","@id":"http:\/\/vientosur.top\/museo\/#\/schema\/person\/20c79d3c38800971feec8c2693c3dd9c","name":"admin","image":{"@type":"ImageObject","inLanguage":"es","@id":"http:\/\/vientosur.top\/museo\/#\/schema\/person\/image\/","url":"https:\/\/secure.gravatar.com\/avatar\/713677ece3ffa642287213a80e5b773bce9ab81c269dd6d95102a990951c922f?s=96&d=mm&r=g","contentUrl":"https:\/\/secure.gravatar.com\/avatar\/713677ece3ffa642287213a80e5b773bce9ab81c269dd6d95102a990951c922f?s=96&d=mm&r=g","caption":"admin"},"sameAs":["http:\/\/vientosur.top\/museo"],"url":"http:\/\/vientosur.top\/museo\/author\/comunicacionesmvp\/"}]}},"_links":{"self":[{"href":"http:\/\/vientosur.top\/museo\/wp-json\/wp\/v2\/posts\/3346","targetHints":{"allow":["GET"]}}],"collection":[{"href":"http:\/\/vientosur.top\/museo\/wp-json\/wp\/v2\/posts"}],"about":[{"href":"http:\/\/vientosur.top\/museo\/wp-json\/wp\/v2\/types\/post"}],"author":[{"embeddable":true,"href":"http:\/\/vientosur.top\/museo\/wp-json\/wp\/v2\/users\/5"}],"replies":[{"embeddable":true,"href":"http:\/\/vientosur.top\/museo\/wp-json\/wp\/v2\/comments?post=3346"}],"version-history":[{"count":0,"href":"http:\/\/vientosur.top\/museo\/wp-json\/wp\/v2\/posts\/3346\/revisions"}],"wp:featuredmedia":[{"embeddable":true,"href":"http:\/\/vientosur.top\/museo\/wp-json\/wp\/v2\/media\/3347"}],"wp:attachment":[{"href":"http:\/\/vientosur.top\/museo\/wp-json\/wp\/v2\/media?parent=3346"}],"wp:term":[{"taxonomy":"category","embeddable":true,"href":"http:\/\/vientosur.top\/museo\/wp-json\/wp\/v2\/categories?post=3346"},{"taxonomy":"post_tag","embeddable":true,"href":"http:\/\/vientosur.top\/museo\/wp-json\/wp\/v2\/tags?post=3346"}],"curies":[{"name":"wp","href":"https:\/\/api.w.org\/{rel}","templated":true}]}}