{"id":3376,"date":"2017-03-29T15:45:22","date_gmt":"2017-03-29T15:45:22","guid":{"rendered":"http:\/\/vientosur.top\/museo\/\/?p=3376"},"modified":"2017-03-29T15:45:22","modified_gmt":"2017-03-29T15:45:22","slug":"discurso-de-pedro-pablo-zegers-director-de-la-biblioteca-nacional-en-la-inauguracion-de-yo-canto-la-diferencia-violeta-parra-poesia-y-voz","status":"publish","type":"post","link":"http:\/\/vientosur.top\/museo\/discurso-de-pedro-pablo-zegers-director-de-la-biblioteca-nacional-en-la-inauguracion-de-yo-canto-la-diferencia-violeta-parra-poesia-y-voz\/","title":{"rendered":"Discurso de Pedro Pablo Zegers, Director de la Biblioteca Nacional, en la inauguraci\u00f3n de \u00abYo canto la diferencia. Violeta Parra, poes\u00eda y voz\u00bb"},"content":{"rendered":"<p>\u00a1Qu\u00e9 dif\u00edcil es decir algo sobre una figura tan admirada, tan reconocida, y tan querida! Para comenzar, recurrir\u00e9 a la ayuda de otro gigante de la historia de nuestra m\u00fasica.<\/p>\n<p>&nbsp;<\/p>\n<p>V\u00edctor Jara dijo en su momento: \u00abVioleta vivi\u00f3 veinte a\u00f1os investigando, viviendo con la gente para decir por qu\u00e9 sufr\u00edan. Y las canciones de Violeta Parra en Chile son cantadas por los campesinos, por los mineros, como si fueran canciones de ellos. Ya es su folklore. Es un canto del pueblo creado por una mujer que vivi\u00f3 los dolores del pueblo. Y eso es canci\u00f3n revolucionaria, y eso es nuevo, y eso puede ser arte y cultura. En la creaci\u00f3n de este tipo de canciones la presencia de \u201cViola\u201d Parra es una estrella que jam\u00e1s se apagar\u00e1\u00bb.<\/p>\n<p>&nbsp;<\/p>\n<p>Las palabras de V\u00edctor Jara son certeras, la imagen de Violeta, lejos de disolverse, cada vez se hace m\u00e1s n\u00edtida, m\u00e1s presente y m\u00e1s necesaria. Este a\u00f1o, en el que celebramos su centenario, ser\u00e1 una oportunidad para fortalecer el material de los infinitos puentes que unen a la artista con la gente com\u00fan, con los ciudadanos y los pobladores de nuestra tierra.<\/p>\n<p>&nbsp;<\/p>\n<p>Para la Biblioteca Nacional es un gran honor ser una de las instituciones que dan inicio a las actividades conmemorativas que abordar\u00e1n la personalidad de Violeta desde sus infinitos \u00e1ngulos. <strong>\u201cYo canto la diferencia. Violeta Parra, poes\u00eda y voz\u201d <\/strong>muestra a esta gran mujer, hija de una tierra pr\u00f3diga en figuras notables para nuestra historia, bajo un prisma in\u00e9dito, reuniendo su trova social\u00a0 y su trova de amor.<\/p>\n<p>&nbsp;<\/p>\n<p>Por primera vez, se podr\u00e1 disfrutar la experiencia de escuchar algunas de sus canciones m\u00e1s emblem\u00e1ticas en forma contextualizada. Los temas sociales podr\u00e1n ser entendidos como referentes atemporales, en el que la poes\u00eda de Violeta no pierde sentido. Esto se podr\u00e1 apreciar en letras como las de \u201cLa\u00a0 Chillaneja\u201d, \u201cSantiago llorando est\u00e1s\u201d y \u201cMe gustan los estudiantes\u201d.<\/p>\n<p>&nbsp;<\/p>\n<p>Perm\u00edtanme leer una estrofa de esta \u00faltima para que apreciemos su sorprendente vigencia:<\/p>\n<p><strong>Me gustan los estudiantes<br \/>\n<\/strong><strong>que marchan sobre las ruinas;<br \/>\n<\/strong><strong>con las banderas en alto<br \/>\n<\/strong><strong>va toda la estudiantina.<br \/>\n<\/strong><strong>Son qu\u00edmicos y doctores,<br \/>\n<\/strong><strong>cirujanos y dentistas.<br \/>\n<\/strong><strong>Caramba y zamba la cosa,<br \/>\n<\/strong><strong>vivan los especialistas.<\/strong><\/p>\n<p><strong>\u00a0<\/strong><\/p>\n<p>Para contextualizar la obra de Violeta, la exposici\u00f3n cuenta con im\u00e1genes sacadas de nuestras colecciones de peri\u00f3dicos, revistas y del Archivo Fotogr\u00e1fico; discos de nuestro Archivo de M\u00fasica y libros de Fondo General y\u00a0 de la Secci\u00f3n Chilena.<\/p>\n<p>&nbsp;<\/p>\n<p>Esta relaci\u00f3n de las colecciones de la Biblioteca Nacional con la obra de la artista se hace evidente al constatar que en nuestros cat\u00e1logos se pueden encontrar m\u00e1s de 150 t\u00edtulos de libros que est\u00e1n relacionados con Violeta; adem\u00e1s de innumerables art\u00edculos y ensayos sobre ella y su obra. En nuestra secci\u00f3n de peri\u00f3dicos, en tanto, se puede apreciar la fuerza que sigue cobrando la poes\u00eda social de Violeta. En la muestra, por ejemplo, es posible ver c\u00f3mo una imagen de un bombardeo en Siria refleja, sin ninguna duda, lo que dice Violeta en su canci\u00f3n \u201cQu\u00e9 dir\u00e1 el Santo Padre\u201d.<\/p>\n<p>&nbsp;<\/p>\n<p>Con esa claridad y esa lucidez habl\u00f3 Violeta Parra. No imit\u00f3 a nadie, su voz siempre fue particular y sus respuestas contundentes. La exposici\u00f3n que hoy inauguramos rinde tributo a ese esp\u00edritu libre y esa vitalidad creadora que seguir\u00e1n resonando, por siempre, a lo largo y ancho de nuestra patria y, tambi\u00e9n, mucho m\u00e1s all\u00e1 de nuestras fronteras.<\/p>\n<p>&nbsp;<\/p>\n<blockquote><p>Exposici\u00f3n\u00a0\u00abYo canto la diferencia. Violeta Parra, poes\u00eda y voz\u00bb<br \/>\nBiblioteca Nacional (Alameda 651, metro Santa Luc\u00eda)<br \/>\nLunes a viernes de 9:00 a 19:00 horas<br \/>\nS\u00e1bado de 9:10 a 14:00 horas<br \/>\nEntrada liberada<\/p><\/blockquote>\n<p>&nbsp;<\/p>\n<p>&nbsp;<\/p>\n<p>*<a href=\"https:\/\/www.flickr.com\/photos\/consejocultura\/33318929886\/\" target=\"_blank\" rel=\"noopener noreferrer\">Fotograf\u00eda por Natalia Espina (CNCA)<\/a><\/p>\n<p>&nbsp;<\/p>\n","protected":false},"excerpt":{"rendered":"<p>\u00a1Qu\u00e9 dif\u00edcil es decir algo sobre una figura tan admirada, tan reconocida, y tan querida! Para comenzar, recurrir\u00e9 a la ayuda de otro gigante de la historia de nuestra m\u00fasica. &nbsp; V\u00edctor Jara dijo en su momento: \u00abVioleta vivi\u00f3 veinte a\u00f1os investigando, viviendo con la gente para decir por qu\u00e9 sufr\u00edan. Y las canciones de [&hellip;]<\/p>\n","protected":false},"author":5,"featured_media":3377,"comment_status":"open","ping_status":"open","sticky":false,"template":"","format":"standard","meta":{"site-sidebar-layout":"default","site-content-layout":"","ast-site-content-layout":"default","site-content-style":"default","site-sidebar-style":"default","ast-global-header-display":"","ast-banner-title-visibility":"","ast-main-header-display":"","ast-hfb-above-header-display":"","ast-hfb-below-header-display":"","ast-hfb-mobile-header-display":"","site-post-title":"","ast-breadcrumbs-content":"","ast-featured-img":"","footer-sml-layout":"","theme-transparent-header-meta":"","adv-header-id-meta":"","stick-header-meta":"","header-above-stick-meta":"","header-main-stick-meta":"","header-below-stick-meta":"","astra-migrate-meta-layouts":"default","ast-page-background-enabled":"default","ast-page-background-meta":{"desktop":{"background-color":"var(--ast-global-color-4)","background-image":"","background-repeat":"repeat","background-position":"center center","background-size":"auto","background-attachment":"scroll","background-type":"","background-media":"","overlay-type":"","overlay-color":"","overlay-opacity":"","overlay-gradient":""},"tablet":{"background-color":"","background-image":"","background-repeat":"repeat","background-position":"center center","background-size":"auto","background-attachment":"scroll","background-type":"","background-media":"","overlay-type":"","overlay-color":"","overlay-opacity":"","overlay-gradient":""},"mobile":{"background-color":"","background-image":"","background-repeat":"repeat","background-position":"center center","background-size":"auto","background-attachment":"scroll","background-type":"","background-media":"","overlay-type":"","overlay-color":"","overlay-opacity":"","overlay-gradient":""}},"ast-content-background-meta":{"desktop":{"background-color":"var(--ast-global-color-5)","background-image":"","background-repeat":"repeat","background-position":"center center","background-size":"auto","background-attachment":"scroll","background-type":"","background-media":"","overlay-type":"","overlay-color":"","overlay-opacity":"","overlay-gradient":""},"tablet":{"background-color":"var(--ast-global-color-5)","background-image":"","background-repeat":"repeat","background-position":"center center","background-size":"auto","background-attachment":"scroll","background-type":"","background-media":"","overlay-type":"","overlay-color":"","overlay-opacity":"","overlay-gradient":""},"mobile":{"background-color":"var(--ast-global-color-5)","background-image":"","background-repeat":"repeat","background-position":"center center","background-size":"auto","background-attachment":"scroll","background-type":"","background-media":"","overlay-type":"","overlay-color":"","overlay-opacity":"","overlay-gradient":""}},"footnotes":""},"categories":[59,8,61],"tags":[],"class_list":["post-3376","post","type-post","status-publish","format-standard","has-post-thumbnail","hentry","category-destacado-noticia","category-noticias","category-novedades"],"yoast_head":"<!-- This site is optimized with the Yoast SEO plugin v25.4 - https:\/\/yoast.com\/wordpress\/plugins\/seo\/ -->\n<title>Discurso de Pedro Pablo Zegers, Director de la Biblioteca Nacional, en la inauguraci\u00f3n de &quot;Yo canto la diferencia. Violeta Parra, poes\u00eda y voz&quot; - Museo Violeta Parra<\/title>\n<meta name=\"robots\" content=\"index, follow, max-snippet:-1, max-image-preview:large, max-video-preview:-1\" \/>\n<link rel=\"canonical\" href=\"http:\/\/vientosur.top\/museo\/discurso-de-pedro-pablo-zegers-director-de-la-biblioteca-nacional-en-la-inauguracion-de-yo-canto-la-diferencia-violeta-parra-poesia-y-voz\/\" \/>\n<meta property=\"og:locale\" content=\"es_ES\" \/>\n<meta property=\"og:type\" content=\"article\" \/>\n<meta property=\"og:title\" content=\"Discurso de Pedro Pablo Zegers, Director de la Biblioteca Nacional, en la inauguraci\u00f3n de &quot;Yo canto la diferencia. Violeta Parra, poes\u00eda y voz&quot; - Museo Violeta Parra\" \/>\n<meta property=\"og:description\" content=\"\u00a1Qu\u00e9 dif\u00edcil es decir algo sobre una figura tan admirada, tan reconocida, y tan querida! Para comenzar, recurrir\u00e9 a la ayuda de otro gigante de la historia de nuestra m\u00fasica. &nbsp; V\u00edctor Jara dijo en su momento: \u00abVioleta vivi\u00f3 veinte a\u00f1os investigando, viviendo con la gente para decir por qu\u00e9 sufr\u00edan. Y las canciones de [&hellip;]\" \/>\n<meta property=\"og:url\" content=\"http:\/\/vientosur.top\/museo\/discurso-de-pedro-pablo-zegers-director-de-la-biblioteca-nacional-en-la-inauguracion-de-yo-canto-la-diferencia-violeta-parra-poesia-y-voz\/\" \/>\n<meta property=\"og:site_name\" content=\"Museo Violeta Parra\" \/>\n<meta property=\"article:published_time\" content=\"2017-03-29T15:45:22+00:00\" \/>\n<meta property=\"og:image\" content=\"http:\/\/vientosur.top\/museo\/wp-content\/uploads\/2017\/03\/33318929886_bbb0eb7057_o-1-scaled.jpg\" \/>\n\t<meta property=\"og:image:width\" content=\"2560\" \/>\n\t<meta property=\"og:image:height\" content=\"1707\" \/>\n\t<meta property=\"og:image:type\" content=\"image\/jpeg\" \/>\n<meta name=\"author\" content=\"admin\" \/>\n<meta name=\"twitter:card\" content=\"summary_large_image\" \/>\n<meta name=\"twitter:label1\" content=\"Escrito por\" \/>\n\t<meta name=\"twitter:data1\" content=\"admin\" \/>\n\t<meta name=\"twitter:label2\" content=\"Tiempo de lectura\" \/>\n\t<meta name=\"twitter:data2\" content=\"3 minutos\" \/>\n<script type=\"application\/ld+json\" class=\"yoast-schema-graph\">{\"@context\":\"https:\/\/schema.org\",\"@graph\":[{\"@type\":\"WebPage\",\"@id\":\"http:\/\/vientosur.top\/museo\/discurso-de-pedro-pablo-zegers-director-de-la-biblioteca-nacional-en-la-inauguracion-de-yo-canto-la-diferencia-violeta-parra-poesia-y-voz\/\",\"url\":\"http:\/\/vientosur.top\/museo\/discurso-de-pedro-pablo-zegers-director-de-la-biblioteca-nacional-en-la-inauguracion-de-yo-canto-la-diferencia-violeta-parra-poesia-y-voz\/\",\"name\":\"Discurso de Pedro Pablo Zegers, Director de la Biblioteca Nacional, en la inauguraci\u00f3n de \\\"Yo canto la diferencia. Violeta Parra, poes\u00eda y voz\\\" - Museo Violeta Parra\",\"isPartOf\":{\"@id\":\"http:\/\/vientosur.top\/museo\/#website\"},\"primaryImageOfPage\":{\"@id\":\"http:\/\/vientosur.top\/museo\/discurso-de-pedro-pablo-zegers-director-de-la-biblioteca-nacional-en-la-inauguracion-de-yo-canto-la-diferencia-violeta-parra-poesia-y-voz\/#primaryimage\"},\"image\":{\"@id\":\"http:\/\/vientosur.top\/museo\/discurso-de-pedro-pablo-zegers-director-de-la-biblioteca-nacional-en-la-inauguracion-de-yo-canto-la-diferencia-violeta-parra-poesia-y-voz\/#primaryimage\"},\"thumbnailUrl\":\"http:\/\/vientosur.top\/museo\/wp-content\/uploads\/2017\/03\/33318929886_bbb0eb7057_o-1-scaled.jpg\",\"datePublished\":\"2017-03-29T15:45:22+00:00\",\"author\":{\"@id\":\"http:\/\/vientosur.top\/museo\/#\/schema\/person\/20c79d3c38800971feec8c2693c3dd9c\"},\"breadcrumb\":{\"@id\":\"http:\/\/vientosur.top\/museo\/discurso-de-pedro-pablo-zegers-director-de-la-biblioteca-nacional-en-la-inauguracion-de-yo-canto-la-diferencia-violeta-parra-poesia-y-voz\/#breadcrumb\"},\"inLanguage\":\"es\",\"potentialAction\":[{\"@type\":\"ReadAction\",\"target\":[\"http:\/\/vientosur.top\/museo\/discurso-de-pedro-pablo-zegers-director-de-la-biblioteca-nacional-en-la-inauguracion-de-yo-canto-la-diferencia-violeta-parra-poesia-y-voz\/\"]}]},{\"@type\":\"ImageObject\",\"inLanguage\":\"es\",\"@id\":\"http:\/\/vientosur.top\/museo\/discurso-de-pedro-pablo-zegers-director-de-la-biblioteca-nacional-en-la-inauguracion-de-yo-canto-la-diferencia-violeta-parra-poesia-y-voz\/#primaryimage\",\"url\":\"http:\/\/vientosur.top\/museo\/wp-content\/uploads\/2017\/03\/33318929886_bbb0eb7057_o-1-scaled.jpg\",\"contentUrl\":\"http:\/\/vientosur.top\/museo\/wp-content\/uploads\/2017\/03\/33318929886_bbb0eb7057_o-1-scaled.jpg\",\"width\":2560,\"height\":1707},{\"@type\":\"BreadcrumbList\",\"@id\":\"http:\/\/vientosur.top\/museo\/discurso-de-pedro-pablo-zegers-director-de-la-biblioteca-nacional-en-la-inauguracion-de-yo-canto-la-diferencia-violeta-parra-poesia-y-voz\/#breadcrumb\",\"itemListElement\":[{\"@type\":\"ListItem\",\"position\":1,\"name\":\"Portada\",\"item\":\"http:\/\/vientosur.top\/museo\/\"},{\"@type\":\"ListItem\",\"position\":2,\"name\":\"Discurso de Pedro Pablo Zegers, Director de la Biblioteca Nacional, en la inauguraci\u00f3n de \u00abYo canto la diferencia. Violeta Parra, poes\u00eda y voz\u00bb\"}]},{\"@type\":\"WebSite\",\"@id\":\"http:\/\/vientosur.top\/museo\/#website\",\"url\":\"http:\/\/vientosur.top\/museo\/\",\"name\":\"Museo Violeta Parra\",\"description\":\"Espacio que alberga tanto la memoria y legado creativo de la artista\",\"potentialAction\":[{\"@type\":\"SearchAction\",\"target\":{\"@type\":\"EntryPoint\",\"urlTemplate\":\"http:\/\/vientosur.top\/museo\/?s={search_term_string}\"},\"query-input\":{\"@type\":\"PropertyValueSpecification\",\"valueRequired\":true,\"valueName\":\"search_term_string\"}}],\"inLanguage\":\"es\"},{\"@type\":\"Person\",\"@id\":\"http:\/\/vientosur.top\/museo\/#\/schema\/person\/20c79d3c38800971feec8c2693c3dd9c\",\"name\":\"admin\",\"image\":{\"@type\":\"ImageObject\",\"inLanguage\":\"es\",\"@id\":\"http:\/\/vientosur.top\/museo\/#\/schema\/person\/image\/\",\"url\":\"https:\/\/secure.gravatar.com\/avatar\/713677ece3ffa642287213a80e5b773bce9ab81c269dd6d95102a990951c922f?s=96&d=mm&r=g\",\"contentUrl\":\"https:\/\/secure.gravatar.com\/avatar\/713677ece3ffa642287213a80e5b773bce9ab81c269dd6d95102a990951c922f?s=96&d=mm&r=g\",\"caption\":\"admin\"},\"sameAs\":[\"http:\/\/vientosur.top\/museo\"],\"url\":\"http:\/\/vientosur.top\/museo\/author\/comunicacionesmvp\/\"}]}<\/script>\n<!-- \/ Yoast SEO plugin. -->","yoast_head_json":{"title":"Discurso de Pedro Pablo Zegers, Director de la Biblioteca Nacional, en la inauguraci\u00f3n de \"Yo canto la diferencia. Violeta Parra, poes\u00eda y voz\" - Museo Violeta Parra","robots":{"index":"index","follow":"follow","max-snippet":"max-snippet:-1","max-image-preview":"max-image-preview:large","max-video-preview":"max-video-preview:-1"},"canonical":"http:\/\/vientosur.top\/museo\/discurso-de-pedro-pablo-zegers-director-de-la-biblioteca-nacional-en-la-inauguracion-de-yo-canto-la-diferencia-violeta-parra-poesia-y-voz\/","og_locale":"es_ES","og_type":"article","og_title":"Discurso de Pedro Pablo Zegers, Director de la Biblioteca Nacional, en la inauguraci\u00f3n de \"Yo canto la diferencia. Violeta Parra, poes\u00eda y voz\" - Museo Violeta Parra","og_description":"\u00a1Qu\u00e9 dif\u00edcil es decir algo sobre una figura tan admirada, tan reconocida, y tan querida! Para comenzar, recurrir\u00e9 a la ayuda de otro gigante de la historia de nuestra m\u00fasica. &nbsp; V\u00edctor Jara dijo en su momento: \u00abVioleta vivi\u00f3 veinte a\u00f1os investigando, viviendo con la gente para decir por qu\u00e9 sufr\u00edan. Y las canciones de [&hellip;]","og_url":"http:\/\/vientosur.top\/museo\/discurso-de-pedro-pablo-zegers-director-de-la-biblioteca-nacional-en-la-inauguracion-de-yo-canto-la-diferencia-violeta-parra-poesia-y-voz\/","og_site_name":"Museo Violeta Parra","article_published_time":"2017-03-29T15:45:22+00:00","og_image":[{"width":2560,"height":1707,"url":"http:\/\/vientosur.top\/museo\/wp-content\/uploads\/2017\/03\/33318929886_bbb0eb7057_o-1-scaled.jpg","type":"image\/jpeg"}],"author":"admin","twitter_card":"summary_large_image","twitter_misc":{"Escrito por":"admin","Tiempo de lectura":"3 minutos"},"schema":{"@context":"https:\/\/schema.org","@graph":[{"@type":"WebPage","@id":"http:\/\/vientosur.top\/museo\/discurso-de-pedro-pablo-zegers-director-de-la-biblioteca-nacional-en-la-inauguracion-de-yo-canto-la-diferencia-violeta-parra-poesia-y-voz\/","url":"http:\/\/vientosur.top\/museo\/discurso-de-pedro-pablo-zegers-director-de-la-biblioteca-nacional-en-la-inauguracion-de-yo-canto-la-diferencia-violeta-parra-poesia-y-voz\/","name":"Discurso de Pedro Pablo Zegers, Director de la Biblioteca Nacional, en la inauguraci\u00f3n de \"Yo canto la diferencia. Violeta Parra, poes\u00eda y voz\" - Museo Violeta Parra","isPartOf":{"@id":"http:\/\/vientosur.top\/museo\/#website"},"primaryImageOfPage":{"@id":"http:\/\/vientosur.top\/museo\/discurso-de-pedro-pablo-zegers-director-de-la-biblioteca-nacional-en-la-inauguracion-de-yo-canto-la-diferencia-violeta-parra-poesia-y-voz\/#primaryimage"},"image":{"@id":"http:\/\/vientosur.top\/museo\/discurso-de-pedro-pablo-zegers-director-de-la-biblioteca-nacional-en-la-inauguracion-de-yo-canto-la-diferencia-violeta-parra-poesia-y-voz\/#primaryimage"},"thumbnailUrl":"http:\/\/vientosur.top\/museo\/wp-content\/uploads\/2017\/03\/33318929886_bbb0eb7057_o-1-scaled.jpg","datePublished":"2017-03-29T15:45:22+00:00","author":{"@id":"http:\/\/vientosur.top\/museo\/#\/schema\/person\/20c79d3c38800971feec8c2693c3dd9c"},"breadcrumb":{"@id":"http:\/\/vientosur.top\/museo\/discurso-de-pedro-pablo-zegers-director-de-la-biblioteca-nacional-en-la-inauguracion-de-yo-canto-la-diferencia-violeta-parra-poesia-y-voz\/#breadcrumb"},"inLanguage":"es","potentialAction":[{"@type":"ReadAction","target":["http:\/\/vientosur.top\/museo\/discurso-de-pedro-pablo-zegers-director-de-la-biblioteca-nacional-en-la-inauguracion-de-yo-canto-la-diferencia-violeta-parra-poesia-y-voz\/"]}]},{"@type":"ImageObject","inLanguage":"es","@id":"http:\/\/vientosur.top\/museo\/discurso-de-pedro-pablo-zegers-director-de-la-biblioteca-nacional-en-la-inauguracion-de-yo-canto-la-diferencia-violeta-parra-poesia-y-voz\/#primaryimage","url":"http:\/\/vientosur.top\/museo\/wp-content\/uploads\/2017\/03\/33318929886_bbb0eb7057_o-1-scaled.jpg","contentUrl":"http:\/\/vientosur.top\/museo\/wp-content\/uploads\/2017\/03\/33318929886_bbb0eb7057_o-1-scaled.jpg","width":2560,"height":1707},{"@type":"BreadcrumbList","@id":"http:\/\/vientosur.top\/museo\/discurso-de-pedro-pablo-zegers-director-de-la-biblioteca-nacional-en-la-inauguracion-de-yo-canto-la-diferencia-violeta-parra-poesia-y-voz\/#breadcrumb","itemListElement":[{"@type":"ListItem","position":1,"name":"Portada","item":"http:\/\/vientosur.top\/museo\/"},{"@type":"ListItem","position":2,"name":"Discurso de Pedro Pablo Zegers, Director de la Biblioteca Nacional, en la inauguraci\u00f3n de \u00abYo canto la diferencia. Violeta Parra, poes\u00eda y voz\u00bb"}]},{"@type":"WebSite","@id":"http:\/\/vientosur.top\/museo\/#website","url":"http:\/\/vientosur.top\/museo\/","name":"Museo Violeta Parra","description":"Espacio que alberga tanto la memoria y legado creativo de la artista","potentialAction":[{"@type":"SearchAction","target":{"@type":"EntryPoint","urlTemplate":"http:\/\/vientosur.top\/museo\/?s={search_term_string}"},"query-input":{"@type":"PropertyValueSpecification","valueRequired":true,"valueName":"search_term_string"}}],"inLanguage":"es"},{"@type":"Person","@id":"http:\/\/vientosur.top\/museo\/#\/schema\/person\/20c79d3c38800971feec8c2693c3dd9c","name":"admin","image":{"@type":"ImageObject","inLanguage":"es","@id":"http:\/\/vientosur.top\/museo\/#\/schema\/person\/image\/","url":"https:\/\/secure.gravatar.com\/avatar\/713677ece3ffa642287213a80e5b773bce9ab81c269dd6d95102a990951c922f?s=96&d=mm&r=g","contentUrl":"https:\/\/secure.gravatar.com\/avatar\/713677ece3ffa642287213a80e5b773bce9ab81c269dd6d95102a990951c922f?s=96&d=mm&r=g","caption":"admin"},"sameAs":["http:\/\/vientosur.top\/museo"],"url":"http:\/\/vientosur.top\/museo\/author\/comunicacionesmvp\/"}]}},"_links":{"self":[{"href":"http:\/\/vientosur.top\/museo\/wp-json\/wp\/v2\/posts\/3376","targetHints":{"allow":["GET"]}}],"collection":[{"href":"http:\/\/vientosur.top\/museo\/wp-json\/wp\/v2\/posts"}],"about":[{"href":"http:\/\/vientosur.top\/museo\/wp-json\/wp\/v2\/types\/post"}],"author":[{"embeddable":true,"href":"http:\/\/vientosur.top\/museo\/wp-json\/wp\/v2\/users\/5"}],"replies":[{"embeddable":true,"href":"http:\/\/vientosur.top\/museo\/wp-json\/wp\/v2\/comments?post=3376"}],"version-history":[{"count":0,"href":"http:\/\/vientosur.top\/museo\/wp-json\/wp\/v2\/posts\/3376\/revisions"}],"wp:featuredmedia":[{"embeddable":true,"href":"http:\/\/vientosur.top\/museo\/wp-json\/wp\/v2\/media\/3377"}],"wp:attachment":[{"href":"http:\/\/vientosur.top\/museo\/wp-json\/wp\/v2\/media?parent=3376"}],"wp:term":[{"taxonomy":"category","embeddable":true,"href":"http:\/\/vientosur.top\/museo\/wp-json\/wp\/v2\/categories?post=3376"},{"taxonomy":"post_tag","embeddable":true,"href":"http:\/\/vientosur.top\/museo\/wp-json\/wp\/v2\/tags?post=3376"}],"curies":[{"name":"wp","href":"https:\/\/api.w.org\/{rel}","templated":true}]}}