{"id":3385,"date":"2017-03-29T18:32:52","date_gmt":"2017-03-29T18:32:52","guid":{"rendered":"http:\/\/vientosur.top\/museo\/\/?p=3385"},"modified":"2017-03-29T18:32:52","modified_gmt":"2017-03-29T18:32:52","slug":"3385-2","status":"publish","type":"post","link":"http:\/\/vientosur.top\/museo\/3385-2\/","title":{"rendered":"Ricardo Echeverr\u00eda don\u00f3 importante colecci\u00f3n de discos y libros de Violeta Parra al Museo"},"content":{"rendered":"<p>25 vinilos de Violeta Parra y tres libros sobre la artista constituyen la donaci\u00f3n de la colecci\u00f3n recopilada por el asistente social Ricardo Echeverr\u00eda por alrededor de 30 a\u00f1os. El mi\u00e9rcoles 22 de marzo por la ma\u00f1ana se materializ\u00f3 la entrega al Museo, en un acto que cont\u00f3 con la participaci\u00f3n de Cecilia Garc\u00eda-Huidobro, Directora del Museo; Esteban Torres, Jefe de Educaci\u00f3n y Ana Elisa Anselmo, conservadora de la instituci\u00f3n.<\/p>\n<p>&nbsp;<\/p>\n<p>\u201cEste acto de generosidad realizado por Ricardo es un est\u00edmulo para la instituci\u00f3n, pues quiere decir que hay confianza en que sabremos resguardar este importante legado para las pr\u00f3ximas generaciones. No es f\u00e1cil desprenderse de una colecci\u00f3n que tanto significa para \u00e9l y por eso lo valoro y agradezco mucho. \u00c9l nos dijo que siempre supo que todo quedar\u00eda para Chile. Ese es el esp\u00edritu de un verdadero coleccionista\u201d, se\u00f1al\u00f3 Cecilia Garc\u00eda-Huidobro, Directora del Museo.<\/p>\n<p>&nbsp;<\/p>\n<p>Ricardo recuerda que, cuando era ni\u00f1o, se realiz\u00f3 un homenaje a Violeta Parra en su colegio. \u201cQu\u00e9 he sacado con quererte\u201d fue la canci\u00f3n que lo conmovi\u00f3. Luego comenz\u00f3 a investigar sobre la artista en bibliotecas y a recopilar libros, discos, recortes de prensa y otras publicaciones.<\/p>\n<p>&nbsp;<\/p>\n<p>\u201cEl primer disco que compr\u00e9 fue <em>Las \u00daltimas Composiciones de Violeta Parra<\/em>. Mi favorito es el vinilo <em>Violeta Parra<\/em>, en el que canta a lo humano y a lo divino, difundiendo el folclore del campesinado chileno. Violeta fue una mujer de vanguardia, de valores s\u00f3lidos, consecuente con lo que pensaba, dec\u00eda y cantaba\u201d, explica con entusiasmo.<\/p>\n<p>&nbsp;<\/p>\n<p>\u201cNo hay mejor lugar para que quede este material, m\u00e1s que est\u00e9 guardado en una maleta en mi casa. Mi voluntad es que sea parte del patrimonio de todos los chilenos\u201d, explica Ricardo, quien adem\u00e1s es voluntario del Museo desde abril de 2016.<\/p>\n<p>&nbsp;<\/p>\n<p>\u201cInvito a todos quienes tengan material de Violeta a donarlo al Museo, pues eso es patrimonio de todo el pueblo chileno. Cuesta entender que esto sea de una persona o de una familia, esto debe ser de todos, porque aqu\u00ed se va a proteger y difundir\u201d, finaliza luego de entregar el material que formar\u00e1 parte de la iconograf\u00eda de la Sala Run Run, que ser\u00e1 inaugurada a fines de abril.<\/p>\n<p>&nbsp;<\/p>\n<p>Entre los vinilos de la donaci\u00f3n se incluyen discos tributo de Hilda Parra, Mercedes Sosa, Isabel y \u00c1ngel Parra, Chagual, \u00a0adem\u00e1s de toda la discograf\u00eda editada en vida por Violeta, junto a diversas ediciones internacionales.<\/p>\n<p>&nbsp;<\/p>\n<p>&nbsp;<\/p>\n<p><iframe src=\"https:\/\/www.youtube.com\/embed\/cQZNSsKcE_c\" width=\"560\" height=\"315\" frameborder=\"0\" allowfullscreen=\"allowfullscreen\"><\/iframe><\/p>\n<p>&nbsp;<\/p>\n<p>&nbsp;<\/p>\n","protected":false},"excerpt":{"rendered":"<p>25 vinilos de Violeta Parra y tres libros sobre la artista constituyen la donaci\u00f3n de la colecci\u00f3n recopilada por el asistente social Ricardo Echeverr\u00eda por alrededor de 30 a\u00f1os. El mi\u00e9rcoles 22 de marzo por la ma\u00f1ana se materializ\u00f3 la entrega al Museo, en un acto que cont\u00f3 con la participaci\u00f3n de Cecilia Garc\u00eda-Huidobro, Directora [&hellip;]<\/p>\n","protected":false},"author":5,"featured_media":3391,"comment_status":"open","ping_status":"open","sticky":false,"template":"","format":"standard","meta":{"site-sidebar-layout":"default","site-content-layout":"","ast-site-content-layout":"default","site-content-style":"default","site-sidebar-style":"default","ast-global-header-display":"","ast-banner-title-visibility":"","ast-main-header-display":"","ast-hfb-above-header-display":"","ast-hfb-below-header-display":"","ast-hfb-mobile-header-display":"","site-post-title":"","ast-breadcrumbs-content":"","ast-featured-img":"","footer-sml-layout":"","theme-transparent-header-meta":"","adv-header-id-meta":"","stick-header-meta":"","header-above-stick-meta":"","header-main-stick-meta":"","header-below-stick-meta":"","astra-migrate-meta-layouts":"default","ast-page-background-enabled":"default","ast-page-background-meta":{"desktop":{"background-color":"var(--ast-global-color-4)","background-image":"","background-repeat":"repeat","background-position":"center center","background-size":"auto","background-attachment":"scroll","background-type":"","background-media":"","overlay-type":"","overlay-color":"","overlay-opacity":"","overlay-gradient":""},"tablet":{"background-color":"","background-image":"","background-repeat":"repeat","background-position":"center center","background-size":"auto","background-attachment":"scroll","background-type":"","background-media":"","overlay-type":"","overlay-color":"","overlay-opacity":"","overlay-gradient":""},"mobile":{"background-color":"","background-image":"","background-repeat":"repeat","background-position":"center center","background-size":"auto","background-attachment":"scroll","background-type":"","background-media":"","overlay-type":"","overlay-color":"","overlay-opacity":"","overlay-gradient":""}},"ast-content-background-meta":{"desktop":{"background-color":"var(--ast-global-color-5)","background-image":"","background-repeat":"repeat","background-position":"center center","background-size":"auto","background-attachment":"scroll","background-type":"","background-media":"","overlay-type":"","overlay-color":"","overlay-opacity":"","overlay-gradient":""},"tablet":{"background-color":"var(--ast-global-color-5)","background-image":"","background-repeat":"repeat","background-position":"center center","background-size":"auto","background-attachment":"scroll","background-type":"","background-media":"","overlay-type":"","overlay-color":"","overlay-opacity":"","overlay-gradient":""},"mobile":{"background-color":"var(--ast-global-color-5)","background-image":"","background-repeat":"repeat","background-position":"center center","background-size":"auto","background-attachment":"scroll","background-type":"","background-media":"","overlay-type":"","overlay-color":"","overlay-opacity":"","overlay-gradient":""}},"footnotes":""},"categories":[59,8,61],"tags":[],"class_list":["post-3385","post","type-post","status-publish","format-standard","has-post-thumbnail","hentry","category-destacado-noticia","category-noticias","category-novedades"],"yoast_head":"<!-- This site is optimized with the Yoast SEO plugin v25.4 - https:\/\/yoast.com\/wordpress\/plugins\/seo\/ -->\n<title>Ricardo Echeverr\u00eda don\u00f3 importante colecci\u00f3n de discos y libros de Violeta Parra al Museo - Museo Violeta Parra<\/title>\n<meta name=\"robots\" content=\"index, follow, max-snippet:-1, max-image-preview:large, max-video-preview:-1\" \/>\n<link rel=\"canonical\" href=\"http:\/\/vientosur.top\/museo\/3385-2\/\" \/>\n<meta property=\"og:locale\" content=\"es_ES\" \/>\n<meta property=\"og:type\" content=\"article\" \/>\n<meta property=\"og:title\" content=\"Ricardo Echeverr\u00eda don\u00f3 importante colecci\u00f3n de discos y libros de Violeta Parra al Museo - Museo Violeta Parra\" \/>\n<meta property=\"og:description\" content=\"25 vinilos de Violeta Parra y tres libros sobre la artista constituyen la donaci\u00f3n de la colecci\u00f3n recopilada por el asistente social Ricardo Echeverr\u00eda por alrededor de 30 a\u00f1os. El mi\u00e9rcoles 22 de marzo por la ma\u00f1ana se materializ\u00f3 la entrega al Museo, en un acto que cont\u00f3 con la participaci\u00f3n de Cecilia Garc\u00eda-Huidobro, Directora [&hellip;]\" \/>\n<meta property=\"og:url\" content=\"http:\/\/vientosur.top\/museo\/3385-2\/\" \/>\n<meta property=\"og:site_name\" content=\"Museo Violeta Parra\" \/>\n<meta property=\"article:published_time\" content=\"2017-03-29T18:32:52+00:00\" \/>\n<meta property=\"og:image\" content=\"http:\/\/vientosur.top\/museo\/wp-content\/uploads\/2017\/03\/donacionricardob.jpg\" \/>\n\t<meta property=\"og:image:width\" content=\"1083\" \/>\n\t<meta property=\"og:image:height\" content=\"600\" \/>\n\t<meta property=\"og:image:type\" content=\"image\/jpeg\" \/>\n<meta name=\"author\" content=\"admin\" \/>\n<meta name=\"twitter:card\" content=\"summary_large_image\" \/>\n<meta name=\"twitter:label1\" content=\"Escrito por\" \/>\n\t<meta name=\"twitter:data1\" content=\"admin\" \/>\n\t<meta name=\"twitter:label2\" content=\"Tiempo de lectura\" \/>\n\t<meta name=\"twitter:data2\" content=\"2 minutos\" \/>\n<script type=\"application\/ld+json\" class=\"yoast-schema-graph\">{\"@context\":\"https:\/\/schema.org\",\"@graph\":[{\"@type\":\"WebPage\",\"@id\":\"http:\/\/vientosur.top\/museo\/3385-2\/\",\"url\":\"http:\/\/vientosur.top\/museo\/3385-2\/\",\"name\":\"Ricardo Echeverr\u00eda don\u00f3 importante colecci\u00f3n de discos y libros de Violeta Parra al Museo - Museo Violeta Parra\",\"isPartOf\":{\"@id\":\"http:\/\/vientosur.top\/museo\/#website\"},\"primaryImageOfPage\":{\"@id\":\"http:\/\/vientosur.top\/museo\/3385-2\/#primaryimage\"},\"image\":{\"@id\":\"http:\/\/vientosur.top\/museo\/3385-2\/#primaryimage\"},\"thumbnailUrl\":\"http:\/\/vientosur.top\/museo\/wp-content\/uploads\/2017\/03\/donacionricardob.jpg\",\"datePublished\":\"2017-03-29T18:32:52+00:00\",\"author\":{\"@id\":\"http:\/\/vientosur.top\/museo\/#\/schema\/person\/20c79d3c38800971feec8c2693c3dd9c\"},\"breadcrumb\":{\"@id\":\"http:\/\/vientosur.top\/museo\/3385-2\/#breadcrumb\"},\"inLanguage\":\"es\",\"potentialAction\":[{\"@type\":\"ReadAction\",\"target\":[\"http:\/\/vientosur.top\/museo\/3385-2\/\"]}]},{\"@type\":\"ImageObject\",\"inLanguage\":\"es\",\"@id\":\"http:\/\/vientosur.top\/museo\/3385-2\/#primaryimage\",\"url\":\"http:\/\/vientosur.top\/museo\/wp-content\/uploads\/2017\/03\/donacionricardob.jpg\",\"contentUrl\":\"http:\/\/vientosur.top\/museo\/wp-content\/uploads\/2017\/03\/donacionricardob.jpg\",\"width\":1083,\"height\":600},{\"@type\":\"BreadcrumbList\",\"@id\":\"http:\/\/vientosur.top\/museo\/3385-2\/#breadcrumb\",\"itemListElement\":[{\"@type\":\"ListItem\",\"position\":1,\"name\":\"Portada\",\"item\":\"http:\/\/vientosur.top\/museo\/\"},{\"@type\":\"ListItem\",\"position\":2,\"name\":\"Ricardo Echeverr\u00eda don\u00f3 importante colecci\u00f3n de discos y libros de Violeta Parra al Museo\"}]},{\"@type\":\"WebSite\",\"@id\":\"http:\/\/vientosur.top\/museo\/#website\",\"url\":\"http:\/\/vientosur.top\/museo\/\",\"name\":\"Museo Violeta Parra\",\"description\":\"Espacio que alberga tanto la memoria y legado creativo de la artista\",\"potentialAction\":[{\"@type\":\"SearchAction\",\"target\":{\"@type\":\"EntryPoint\",\"urlTemplate\":\"http:\/\/vientosur.top\/museo\/?s={search_term_string}\"},\"query-input\":{\"@type\":\"PropertyValueSpecification\",\"valueRequired\":true,\"valueName\":\"search_term_string\"}}],\"inLanguage\":\"es\"},{\"@type\":\"Person\",\"@id\":\"http:\/\/vientosur.top\/museo\/#\/schema\/person\/20c79d3c38800971feec8c2693c3dd9c\",\"name\":\"admin\",\"image\":{\"@type\":\"ImageObject\",\"inLanguage\":\"es\",\"@id\":\"http:\/\/vientosur.top\/museo\/#\/schema\/person\/image\/\",\"url\":\"https:\/\/secure.gravatar.com\/avatar\/713677ece3ffa642287213a80e5b773bce9ab81c269dd6d95102a990951c922f?s=96&d=mm&r=g\",\"contentUrl\":\"https:\/\/secure.gravatar.com\/avatar\/713677ece3ffa642287213a80e5b773bce9ab81c269dd6d95102a990951c922f?s=96&d=mm&r=g\",\"caption\":\"admin\"},\"sameAs\":[\"http:\/\/vientosur.top\/museo\"],\"url\":\"http:\/\/vientosur.top\/museo\/author\/comunicacionesmvp\/\"}]}<\/script>\n<!-- \/ Yoast SEO plugin. -->","yoast_head_json":{"title":"Ricardo Echeverr\u00eda don\u00f3 importante colecci\u00f3n de discos y libros de Violeta Parra al Museo - Museo Violeta Parra","robots":{"index":"index","follow":"follow","max-snippet":"max-snippet:-1","max-image-preview":"max-image-preview:large","max-video-preview":"max-video-preview:-1"},"canonical":"http:\/\/vientosur.top\/museo\/3385-2\/","og_locale":"es_ES","og_type":"article","og_title":"Ricardo Echeverr\u00eda don\u00f3 importante colecci\u00f3n de discos y libros de Violeta Parra al Museo - Museo Violeta Parra","og_description":"25 vinilos de Violeta Parra y tres libros sobre la artista constituyen la donaci\u00f3n de la colecci\u00f3n recopilada por el asistente social Ricardo Echeverr\u00eda por alrededor de 30 a\u00f1os. El mi\u00e9rcoles 22 de marzo por la ma\u00f1ana se materializ\u00f3 la entrega al Museo, en un acto que cont\u00f3 con la participaci\u00f3n de Cecilia Garc\u00eda-Huidobro, Directora [&hellip;]","og_url":"http:\/\/vientosur.top\/museo\/3385-2\/","og_site_name":"Museo Violeta Parra","article_published_time":"2017-03-29T18:32:52+00:00","og_image":[{"width":1083,"height":600,"url":"http:\/\/vientosur.top\/museo\/wp-content\/uploads\/2017\/03\/donacionricardob.jpg","type":"image\/jpeg"}],"author":"admin","twitter_card":"summary_large_image","twitter_misc":{"Escrito por":"admin","Tiempo de lectura":"2 minutos"},"schema":{"@context":"https:\/\/schema.org","@graph":[{"@type":"WebPage","@id":"http:\/\/vientosur.top\/museo\/3385-2\/","url":"http:\/\/vientosur.top\/museo\/3385-2\/","name":"Ricardo Echeverr\u00eda don\u00f3 importante colecci\u00f3n de discos y libros de Violeta Parra al Museo - Museo Violeta Parra","isPartOf":{"@id":"http:\/\/vientosur.top\/museo\/#website"},"primaryImageOfPage":{"@id":"http:\/\/vientosur.top\/museo\/3385-2\/#primaryimage"},"image":{"@id":"http:\/\/vientosur.top\/museo\/3385-2\/#primaryimage"},"thumbnailUrl":"http:\/\/vientosur.top\/museo\/wp-content\/uploads\/2017\/03\/donacionricardob.jpg","datePublished":"2017-03-29T18:32:52+00:00","author":{"@id":"http:\/\/vientosur.top\/museo\/#\/schema\/person\/20c79d3c38800971feec8c2693c3dd9c"},"breadcrumb":{"@id":"http:\/\/vientosur.top\/museo\/3385-2\/#breadcrumb"},"inLanguage":"es","potentialAction":[{"@type":"ReadAction","target":["http:\/\/vientosur.top\/museo\/3385-2\/"]}]},{"@type":"ImageObject","inLanguage":"es","@id":"http:\/\/vientosur.top\/museo\/3385-2\/#primaryimage","url":"http:\/\/vientosur.top\/museo\/wp-content\/uploads\/2017\/03\/donacionricardob.jpg","contentUrl":"http:\/\/vientosur.top\/museo\/wp-content\/uploads\/2017\/03\/donacionricardob.jpg","width":1083,"height":600},{"@type":"BreadcrumbList","@id":"http:\/\/vientosur.top\/museo\/3385-2\/#breadcrumb","itemListElement":[{"@type":"ListItem","position":1,"name":"Portada","item":"http:\/\/vientosur.top\/museo\/"},{"@type":"ListItem","position":2,"name":"Ricardo Echeverr\u00eda don\u00f3 importante colecci\u00f3n de discos y libros de Violeta Parra al Museo"}]},{"@type":"WebSite","@id":"http:\/\/vientosur.top\/museo\/#website","url":"http:\/\/vientosur.top\/museo\/","name":"Museo Violeta Parra","description":"Espacio que alberga tanto la memoria y legado creativo de la artista","potentialAction":[{"@type":"SearchAction","target":{"@type":"EntryPoint","urlTemplate":"http:\/\/vientosur.top\/museo\/?s={search_term_string}"},"query-input":{"@type":"PropertyValueSpecification","valueRequired":true,"valueName":"search_term_string"}}],"inLanguage":"es"},{"@type":"Person","@id":"http:\/\/vientosur.top\/museo\/#\/schema\/person\/20c79d3c38800971feec8c2693c3dd9c","name":"admin","image":{"@type":"ImageObject","inLanguage":"es","@id":"http:\/\/vientosur.top\/museo\/#\/schema\/person\/image\/","url":"https:\/\/secure.gravatar.com\/avatar\/713677ece3ffa642287213a80e5b773bce9ab81c269dd6d95102a990951c922f?s=96&d=mm&r=g","contentUrl":"https:\/\/secure.gravatar.com\/avatar\/713677ece3ffa642287213a80e5b773bce9ab81c269dd6d95102a990951c922f?s=96&d=mm&r=g","caption":"admin"},"sameAs":["http:\/\/vientosur.top\/museo"],"url":"http:\/\/vientosur.top\/museo\/author\/comunicacionesmvp\/"}]}},"_links":{"self":[{"href":"http:\/\/vientosur.top\/museo\/wp-json\/wp\/v2\/posts\/3385","targetHints":{"allow":["GET"]}}],"collection":[{"href":"http:\/\/vientosur.top\/museo\/wp-json\/wp\/v2\/posts"}],"about":[{"href":"http:\/\/vientosur.top\/museo\/wp-json\/wp\/v2\/types\/post"}],"author":[{"embeddable":true,"href":"http:\/\/vientosur.top\/museo\/wp-json\/wp\/v2\/users\/5"}],"replies":[{"embeddable":true,"href":"http:\/\/vientosur.top\/museo\/wp-json\/wp\/v2\/comments?post=3385"}],"version-history":[{"count":0,"href":"http:\/\/vientosur.top\/museo\/wp-json\/wp\/v2\/posts\/3385\/revisions"}],"wp:featuredmedia":[{"embeddable":true,"href":"http:\/\/vientosur.top\/museo\/wp-json\/wp\/v2\/media\/3391"}],"wp:attachment":[{"href":"http:\/\/vientosur.top\/museo\/wp-json\/wp\/v2\/media?parent=3385"}],"wp:term":[{"taxonomy":"category","embeddable":true,"href":"http:\/\/vientosur.top\/museo\/wp-json\/wp\/v2\/categories?post=3385"},{"taxonomy":"post_tag","embeddable":true,"href":"http:\/\/vientosur.top\/museo\/wp-json\/wp\/v2\/tags?post=3385"}],"curies":[{"name":"wp","href":"https:\/\/api.w.org\/{rel}","templated":true}]}}