{"id":3445,"date":"2017-04-03T14:36:49","date_gmt":"2017-04-03T14:36:49","guid":{"rendered":"http:\/\/vientosur.top\/museo\/\/?p=3445"},"modified":"2017-04-03T14:36:49","modified_gmt":"2017-04-03T14:36:49","slug":"directora-del-museo-violeta-parra-suscribe-carta-del-grupo-de-los-veintiuno-la-alianza-del-pacifico-un-desafio-cultural","status":"publish","type":"post","link":"http:\/\/vientosur.top\/museo\/directora-del-museo-violeta-parra-suscribe-carta-del-grupo-de-los-veintiuno-la-alianza-del-pacifico-un-desafio-cultural\/","title":{"rendered":"Directora del Museo Violeta Parra suscribe carta del Grupo de los Veintiuno \u00abLa Alianza del Pac\u00edfico: Un desaf\u00edo cultural\u00bb"},"content":{"rendered":"<p><em>El s\u00e1bado 1 de abril el diario El Mercurio public\u00f3 esta columna de opini\u00f3n firmada por el Grupo de los Veintiuno, en el que participa Cecilia Garc\u00eda-Huidobro, Directora del Museo Violeta Parra.<\/em><\/p>\n<p>&nbsp;<\/p>\n<p>En el \u00faltimo tiempo, los medios de comunicaci\u00f3n nos han informado de nuevos avances en los acuerdos entre Chile, Per\u00fa, Colombia y M\u00e9xico, en el contexto de la Alianza del Pac\u00edfico, as\u00ed como de los esfuerzos por tender puentes comerciales con otros pa\u00edses -de Ocean\u00eda y Asia- que comparten la cuenca de nuestro oc\u00e9ano. Los abajo firmantes creemos que es especialmente urgente que, junto con esta reflexi\u00f3n pol\u00edtica y econ\u00f3mica, exista una perspectiva cultural: un pensar propio que devele las nuevas posibilidades de configuraci\u00f3n identitaria que este acercamiento transpac\u00edfico puede llegar a significar para Chile y para Am\u00e9rica Latina en general.<\/p>\n<p>&nbsp;<\/p>\n<p>El oc\u00e9ano Pac\u00edfico siempre ha estado ah\u00ed. Tanto para el mito como para la historia. Fue el lugar de los continentes sumergidos de Mu y Lemuria, as\u00ed como el paso que cruz\u00f3 gran parte de los primeros habitantes de Am\u00e9rica. Fue tambi\u00e9n el Mar del Sur del Imperio Hispano y, luego, en el siglo XIX, un espacio fecundo para el comercio chileno con Australia, la Polinesia, California, entre otras orillas. Hasta el d\u00eda de hoy, el mar es una promesa de \u00abfuturo esplendor\u00bb en el himno nacional de nuestra rep\u00fablica.<\/p>\n<p>&nbsp;<\/p>\n<p>Sin embargo, nos hemos quedado constre\u00f1idos entre las dos cordilleras. Olvidados de nuestro mar, perdimos ese rol de pa\u00eds de navegantes. Como lo sosten\u00eda Juan Ega\u00f1a, la sociedad chilena se ha desarrollado \u00abde espaldas al mar\u00bb. Lo mismo dec\u00eda hace poco el escritor mexicano Ignacio Padilla, en relaci\u00f3n con Am\u00e9rica Latina: no hemos sabido navegar el mar ni integrarlo a nuestra cultura americana. Como sociedad, hemos optado por un discurso centralista arraigado a lo terrestre. Son pocos nuestros artistas e intelectuales para los que el mar ha tenido un rol central. Hemos tomado caminos de campo, ciudad y carretera, temerosos y distantes del oc\u00e9ano y, por esto, ignorantes de su historia y de sus potencialidades.<\/p>\n<p>&nbsp;<\/p>\n<p>La Alianza del Pac\u00edfico significa hoy no solo la posibilidad de abrir mercados y mejorar productividades, sino tambi\u00e9n de despertar conciencias y fomentar un desarrollo cultural y espiritual para sus miembros. La Alianza del Pac\u00edfico puede abrir para Chile senderos oce\u00e1nicos que son tambi\u00e9n senderos po\u00e9ticos. En una \u00e9poca ultra tecnificada, que ha tendido a caracterizarse por un creciente temor a la diferencia, los pa\u00edses en alianza en torno a la cuenca del Pac\u00edfico pueden ser un ejemplo mundial de di\u00e1logo y trabajo compartido, que, lejos de anular las diferencias culturales, ayuden a desarrollar colaborativamente sus identidades propias, en medio del magno desaf\u00edo cultural que significa la globalizaci\u00f3n del siglo XXI.<\/p>\n<p>&nbsp;<\/p>\n<p>\u00abVolvamos al mar\u00bb, como dec\u00eda Francisco Coloane. Procuremos que la Alianza del Pac\u00edfico y los acuerdos con pa\u00edses del otro lado del oc\u00e9ano constituyan una oportunidad para dialogar en profundidad y no una mera preocupaci\u00f3n por \u00edndices macroecon\u00f3micos. Es necesario incorporar a este acuerdo las distintas visiones de mundo, las culturas ancestrales, la literatura y las artes. En este sentido, proponemos que, en las pr\u00f3ximas reuniones de la Alianza, se incluyan los espacios y tiempos necesarios para reflexionar sobre la educaci\u00f3n y la cultura. No como ap\u00e9ndices o notas al margen de la agenda, sino como \u00e1mbitos de vital importancia para los pa\u00edses involucrados. Al discurso t\u00e9cnico y econ\u00f3mico debemos sumar un pensamiento abarcador, que sea al mismo tiempo fiel a s\u00ed mismo y respetuoso de las diferencias. Esto podr\u00eda contribuir tambi\u00e9n a superar, creativamente, el ambiente generalizado de cr\u00edtica y desconfianza que se ha apoderado de nuestra sociedad.<\/p>\n<p>&nbsp;<\/p>\n<p>&nbsp;<\/p>\n<p><b><u>Jorge Acevedo; Cristi\u00e1n Arregui; Mar\u00eda Teresa C\u00e1rdenas; Otto D\u00f6rr; Pedro Gandolfo; Cecilia Garc\u00eda-Huidobro; Abel Gonz\u00e1lez; Crist\u00f3bal Holzapfel; Juan Pablo Izquierdo; Miguel Laborde; Patricia May; Pedro Murtinho; Ernest Pfeiffer; Sergio Sag\u00fcez; Luis Gast\u00f3n Soublette; Juan Subercaseaux; Cristi\u00e1n Warnken; Caz\u00fa Zegers<\/u><\/b><\/p>\n","protected":false},"excerpt":{"rendered":"<p>El s\u00e1bado 1 de abril el diario El Mercurio public\u00f3 esta columna de opini\u00f3n firmada por el Grupo de los Veintiuno, en el que participa Cecilia Garc\u00eda-Huidobro, Directora del Museo Violeta Parra. &nbsp; En el \u00faltimo tiempo, los medios de comunicaci\u00f3n nos han informado de nuevos avances en los acuerdos entre Chile, Per\u00fa, Colombia y [&hellip;]<\/p>\n","protected":false},"author":5,"featured_media":3446,"comment_status":"open","ping_status":"open","sticky":false,"template":"","format":"standard","meta":{"site-sidebar-layout":"default","site-content-layout":"","ast-site-content-layout":"default","site-content-style":"default","site-sidebar-style":"default","ast-global-header-display":"","ast-banner-title-visibility":"","ast-main-header-display":"","ast-hfb-above-header-display":"","ast-hfb-below-header-display":"","ast-hfb-mobile-header-display":"","site-post-title":"","ast-breadcrumbs-content":"","ast-featured-img":"","footer-sml-layout":"","theme-transparent-header-meta":"","adv-header-id-meta":"","stick-header-meta":"","header-above-stick-meta":"","header-main-stick-meta":"","header-below-stick-meta":"","astra-migrate-meta-layouts":"default","ast-page-background-enabled":"default","ast-page-background-meta":{"desktop":{"background-color":"var(--ast-global-color-4)","background-image":"","background-repeat":"repeat","background-position":"center center","background-size":"auto","background-attachment":"scroll","background-type":"","background-media":"","overlay-type":"","overlay-color":"","overlay-opacity":"","overlay-gradient":""},"tablet":{"background-color":"","background-image":"","background-repeat":"repeat","background-position":"center center","background-size":"auto","background-attachment":"scroll","background-type":"","background-media":"","overlay-type":"","overlay-color":"","overlay-opacity":"","overlay-gradient":""},"mobile":{"background-color":"","background-image":"","background-repeat":"repeat","background-position":"center center","background-size":"auto","background-attachment":"scroll","background-type":"","background-media":"","overlay-type":"","overlay-color":"","overlay-opacity":"","overlay-gradient":""}},"ast-content-background-meta":{"desktop":{"background-color":"var(--ast-global-color-5)","background-image":"","background-repeat":"repeat","background-position":"center center","background-size":"auto","background-attachment":"scroll","background-type":"","background-media":"","overlay-type":"","overlay-color":"","overlay-opacity":"","overlay-gradient":""},"tablet":{"background-color":"var(--ast-global-color-5)","background-image":"","background-repeat":"repeat","background-position":"center center","background-size":"auto","background-attachment":"scroll","background-type":"","background-media":"","overlay-type":"","overlay-color":"","overlay-opacity":"","overlay-gradient":""},"mobile":{"background-color":"var(--ast-global-color-5)","background-image":"","background-repeat":"repeat","background-position":"center center","background-size":"auto","background-attachment":"scroll","background-type":"","background-media":"","overlay-type":"","overlay-color":"","overlay-opacity":"","overlay-gradient":""}},"footnotes":""},"categories":[59,8,61],"tags":[],"class_list":["post-3445","post","type-post","status-publish","format-standard","has-post-thumbnail","hentry","category-destacado-noticia","category-noticias","category-novedades"],"yoast_head":"<!-- This site is optimized with the Yoast SEO plugin v25.4 - https:\/\/yoast.com\/wordpress\/plugins\/seo\/ -->\n<title>Directora del Museo Violeta Parra suscribe carta del Grupo de los Veintiuno &quot;La Alianza del Pac\u00edfico: Un desaf\u00edo cultural&quot; - Museo Violeta Parra<\/title>\n<meta name=\"robots\" content=\"index, follow, max-snippet:-1, max-image-preview:large, max-video-preview:-1\" \/>\n<link rel=\"canonical\" href=\"http:\/\/vientosur.top\/museo\/directora-del-museo-violeta-parra-suscribe-carta-del-grupo-de-los-veintiuno-la-alianza-del-pacifico-un-desafio-cultural\/\" \/>\n<meta property=\"og:locale\" content=\"es_ES\" \/>\n<meta property=\"og:type\" content=\"article\" \/>\n<meta property=\"og:title\" content=\"Directora del Museo Violeta Parra suscribe carta del Grupo de los Veintiuno &quot;La Alianza del Pac\u00edfico: Un desaf\u00edo cultural&quot; - Museo Violeta Parra\" \/>\n<meta property=\"og:description\" content=\"El s\u00e1bado 1 de abril el diario El Mercurio public\u00f3 esta columna de opini\u00f3n firmada por el Grupo de los Veintiuno, en el que participa Cecilia Garc\u00eda-Huidobro, Directora del Museo Violeta Parra. &nbsp; En el \u00faltimo tiempo, los medios de comunicaci\u00f3n nos han informado de nuevos avances en los acuerdos entre Chile, Per\u00fa, Colombia y [&hellip;]\" \/>\n<meta property=\"og:url\" content=\"http:\/\/vientosur.top\/museo\/directora-del-museo-violeta-parra-suscribe-carta-del-grupo-de-los-veintiuno-la-alianza-del-pacifico-un-desafio-cultural\/\" \/>\n<meta property=\"og:site_name\" content=\"Museo Violeta Parra\" \/>\n<meta property=\"article:published_time\" content=\"2017-04-03T14:36:49+00:00\" \/>\n<meta property=\"og:image\" content=\"http:\/\/vientosur.top\/museo\/wp-content\/uploads\/2017\/04\/alianza-scaled.png\" \/>\n\t<meta property=\"og:image:width\" content=\"2560\" \/>\n\t<meta property=\"og:image:height\" content=\"1113\" \/>\n\t<meta property=\"og:image:type\" content=\"image\/png\" \/>\n<meta name=\"author\" content=\"admin\" \/>\n<meta name=\"twitter:card\" content=\"summary_large_image\" \/>\n<meta name=\"twitter:label1\" content=\"Escrito por\" \/>\n\t<meta name=\"twitter:data1\" content=\"admin\" \/>\n\t<meta name=\"twitter:label2\" content=\"Tiempo de lectura\" \/>\n\t<meta name=\"twitter:data2\" content=\"4 minutos\" \/>\n<script type=\"application\/ld+json\" class=\"yoast-schema-graph\">{\"@context\":\"https:\/\/schema.org\",\"@graph\":[{\"@type\":\"WebPage\",\"@id\":\"http:\/\/vientosur.top\/museo\/directora-del-museo-violeta-parra-suscribe-carta-del-grupo-de-los-veintiuno-la-alianza-del-pacifico-un-desafio-cultural\/\",\"url\":\"http:\/\/vientosur.top\/museo\/directora-del-museo-violeta-parra-suscribe-carta-del-grupo-de-los-veintiuno-la-alianza-del-pacifico-un-desafio-cultural\/\",\"name\":\"Directora del Museo Violeta Parra suscribe carta del Grupo de los Veintiuno \\\"La Alianza del Pac\u00edfico: Un desaf\u00edo cultural\\\" - Museo Violeta Parra\",\"isPartOf\":{\"@id\":\"http:\/\/vientosur.top\/museo\/#website\"},\"primaryImageOfPage\":{\"@id\":\"http:\/\/vientosur.top\/museo\/directora-del-museo-violeta-parra-suscribe-carta-del-grupo-de-los-veintiuno-la-alianza-del-pacifico-un-desafio-cultural\/#primaryimage\"},\"image\":{\"@id\":\"http:\/\/vientosur.top\/museo\/directora-del-museo-violeta-parra-suscribe-carta-del-grupo-de-los-veintiuno-la-alianza-del-pacifico-un-desafio-cultural\/#primaryimage\"},\"thumbnailUrl\":\"http:\/\/vientosur.top\/museo\/wp-content\/uploads\/2017\/04\/alianza-scaled.png\",\"datePublished\":\"2017-04-03T14:36:49+00:00\",\"author\":{\"@id\":\"http:\/\/vientosur.top\/museo\/#\/schema\/person\/20c79d3c38800971feec8c2693c3dd9c\"},\"breadcrumb\":{\"@id\":\"http:\/\/vientosur.top\/museo\/directora-del-museo-violeta-parra-suscribe-carta-del-grupo-de-los-veintiuno-la-alianza-del-pacifico-un-desafio-cultural\/#breadcrumb\"},\"inLanguage\":\"es\",\"potentialAction\":[{\"@type\":\"ReadAction\",\"target\":[\"http:\/\/vientosur.top\/museo\/directora-del-museo-violeta-parra-suscribe-carta-del-grupo-de-los-veintiuno-la-alianza-del-pacifico-un-desafio-cultural\/\"]}]},{\"@type\":\"ImageObject\",\"inLanguage\":\"es\",\"@id\":\"http:\/\/vientosur.top\/museo\/directora-del-museo-violeta-parra-suscribe-carta-del-grupo-de-los-veintiuno-la-alianza-del-pacifico-un-desafio-cultural\/#primaryimage\",\"url\":\"http:\/\/vientosur.top\/museo\/wp-content\/uploads\/2017\/04\/alianza-scaled.png\",\"contentUrl\":\"http:\/\/vientosur.top\/museo\/wp-content\/uploads\/2017\/04\/alianza-scaled.png\",\"width\":2560,\"height\":1113},{\"@type\":\"BreadcrumbList\",\"@id\":\"http:\/\/vientosur.top\/museo\/directora-del-museo-violeta-parra-suscribe-carta-del-grupo-de-los-veintiuno-la-alianza-del-pacifico-un-desafio-cultural\/#breadcrumb\",\"itemListElement\":[{\"@type\":\"ListItem\",\"position\":1,\"name\":\"Portada\",\"item\":\"http:\/\/vientosur.top\/museo\/\"},{\"@type\":\"ListItem\",\"position\":2,\"name\":\"Directora del Museo Violeta Parra suscribe carta del Grupo de los Veintiuno \u00abLa Alianza del Pac\u00edfico: Un desaf\u00edo cultural\u00bb\"}]},{\"@type\":\"WebSite\",\"@id\":\"http:\/\/vientosur.top\/museo\/#website\",\"url\":\"http:\/\/vientosur.top\/museo\/\",\"name\":\"Museo Violeta Parra\",\"description\":\"Espacio que alberga tanto la memoria y legado creativo de la artista\",\"potentialAction\":[{\"@type\":\"SearchAction\",\"target\":{\"@type\":\"EntryPoint\",\"urlTemplate\":\"http:\/\/vientosur.top\/museo\/?s={search_term_string}\"},\"query-input\":{\"@type\":\"PropertyValueSpecification\",\"valueRequired\":true,\"valueName\":\"search_term_string\"}}],\"inLanguage\":\"es\"},{\"@type\":\"Person\",\"@id\":\"http:\/\/vientosur.top\/museo\/#\/schema\/person\/20c79d3c38800971feec8c2693c3dd9c\",\"name\":\"admin\",\"image\":{\"@type\":\"ImageObject\",\"inLanguage\":\"es\",\"@id\":\"http:\/\/vientosur.top\/museo\/#\/schema\/person\/image\/\",\"url\":\"https:\/\/secure.gravatar.com\/avatar\/713677ece3ffa642287213a80e5b773bce9ab81c269dd6d95102a990951c922f?s=96&d=mm&r=g\",\"contentUrl\":\"https:\/\/secure.gravatar.com\/avatar\/713677ece3ffa642287213a80e5b773bce9ab81c269dd6d95102a990951c922f?s=96&d=mm&r=g\",\"caption\":\"admin\"},\"sameAs\":[\"http:\/\/vientosur.top\/museo\"],\"url\":\"http:\/\/vientosur.top\/museo\/author\/comunicacionesmvp\/\"}]}<\/script>\n<!-- \/ Yoast SEO plugin. -->","yoast_head_json":{"title":"Directora del Museo Violeta Parra suscribe carta del Grupo de los Veintiuno \"La Alianza del Pac\u00edfico: Un desaf\u00edo cultural\" - Museo Violeta Parra","robots":{"index":"index","follow":"follow","max-snippet":"max-snippet:-1","max-image-preview":"max-image-preview:large","max-video-preview":"max-video-preview:-1"},"canonical":"http:\/\/vientosur.top\/museo\/directora-del-museo-violeta-parra-suscribe-carta-del-grupo-de-los-veintiuno-la-alianza-del-pacifico-un-desafio-cultural\/","og_locale":"es_ES","og_type":"article","og_title":"Directora del Museo Violeta Parra suscribe carta del Grupo de los Veintiuno \"La Alianza del Pac\u00edfico: Un desaf\u00edo cultural\" - Museo Violeta Parra","og_description":"El s\u00e1bado 1 de abril el diario El Mercurio public\u00f3 esta columna de opini\u00f3n firmada por el Grupo de los Veintiuno, en el que participa Cecilia Garc\u00eda-Huidobro, Directora del Museo Violeta Parra. &nbsp; En el \u00faltimo tiempo, los medios de comunicaci\u00f3n nos han informado de nuevos avances en los acuerdos entre Chile, Per\u00fa, Colombia y [&hellip;]","og_url":"http:\/\/vientosur.top\/museo\/directora-del-museo-violeta-parra-suscribe-carta-del-grupo-de-los-veintiuno-la-alianza-del-pacifico-un-desafio-cultural\/","og_site_name":"Museo Violeta Parra","article_published_time":"2017-04-03T14:36:49+00:00","og_image":[{"width":2560,"height":1113,"url":"http:\/\/vientosur.top\/museo\/wp-content\/uploads\/2017\/04\/alianza-scaled.png","type":"image\/png"}],"author":"admin","twitter_card":"summary_large_image","twitter_misc":{"Escrito por":"admin","Tiempo de lectura":"4 minutos"},"schema":{"@context":"https:\/\/schema.org","@graph":[{"@type":"WebPage","@id":"http:\/\/vientosur.top\/museo\/directora-del-museo-violeta-parra-suscribe-carta-del-grupo-de-los-veintiuno-la-alianza-del-pacifico-un-desafio-cultural\/","url":"http:\/\/vientosur.top\/museo\/directora-del-museo-violeta-parra-suscribe-carta-del-grupo-de-los-veintiuno-la-alianza-del-pacifico-un-desafio-cultural\/","name":"Directora del Museo Violeta Parra suscribe carta del Grupo de los Veintiuno \"La Alianza del Pac\u00edfico: Un desaf\u00edo cultural\" - Museo Violeta Parra","isPartOf":{"@id":"http:\/\/vientosur.top\/museo\/#website"},"primaryImageOfPage":{"@id":"http:\/\/vientosur.top\/museo\/directora-del-museo-violeta-parra-suscribe-carta-del-grupo-de-los-veintiuno-la-alianza-del-pacifico-un-desafio-cultural\/#primaryimage"},"image":{"@id":"http:\/\/vientosur.top\/museo\/directora-del-museo-violeta-parra-suscribe-carta-del-grupo-de-los-veintiuno-la-alianza-del-pacifico-un-desafio-cultural\/#primaryimage"},"thumbnailUrl":"http:\/\/vientosur.top\/museo\/wp-content\/uploads\/2017\/04\/alianza-scaled.png","datePublished":"2017-04-03T14:36:49+00:00","author":{"@id":"http:\/\/vientosur.top\/museo\/#\/schema\/person\/20c79d3c38800971feec8c2693c3dd9c"},"breadcrumb":{"@id":"http:\/\/vientosur.top\/museo\/directora-del-museo-violeta-parra-suscribe-carta-del-grupo-de-los-veintiuno-la-alianza-del-pacifico-un-desafio-cultural\/#breadcrumb"},"inLanguage":"es","potentialAction":[{"@type":"ReadAction","target":["http:\/\/vientosur.top\/museo\/directora-del-museo-violeta-parra-suscribe-carta-del-grupo-de-los-veintiuno-la-alianza-del-pacifico-un-desafio-cultural\/"]}]},{"@type":"ImageObject","inLanguage":"es","@id":"http:\/\/vientosur.top\/museo\/directora-del-museo-violeta-parra-suscribe-carta-del-grupo-de-los-veintiuno-la-alianza-del-pacifico-un-desafio-cultural\/#primaryimage","url":"http:\/\/vientosur.top\/museo\/wp-content\/uploads\/2017\/04\/alianza-scaled.png","contentUrl":"http:\/\/vientosur.top\/museo\/wp-content\/uploads\/2017\/04\/alianza-scaled.png","width":2560,"height":1113},{"@type":"BreadcrumbList","@id":"http:\/\/vientosur.top\/museo\/directora-del-museo-violeta-parra-suscribe-carta-del-grupo-de-los-veintiuno-la-alianza-del-pacifico-un-desafio-cultural\/#breadcrumb","itemListElement":[{"@type":"ListItem","position":1,"name":"Portada","item":"http:\/\/vientosur.top\/museo\/"},{"@type":"ListItem","position":2,"name":"Directora del Museo Violeta Parra suscribe carta del Grupo de los Veintiuno \u00abLa Alianza del Pac\u00edfico: Un desaf\u00edo cultural\u00bb"}]},{"@type":"WebSite","@id":"http:\/\/vientosur.top\/museo\/#website","url":"http:\/\/vientosur.top\/museo\/","name":"Museo Violeta Parra","description":"Espacio que alberga tanto la memoria y legado creativo de la artista","potentialAction":[{"@type":"SearchAction","target":{"@type":"EntryPoint","urlTemplate":"http:\/\/vientosur.top\/museo\/?s={search_term_string}"},"query-input":{"@type":"PropertyValueSpecification","valueRequired":true,"valueName":"search_term_string"}}],"inLanguage":"es"},{"@type":"Person","@id":"http:\/\/vientosur.top\/museo\/#\/schema\/person\/20c79d3c38800971feec8c2693c3dd9c","name":"admin","image":{"@type":"ImageObject","inLanguage":"es","@id":"http:\/\/vientosur.top\/museo\/#\/schema\/person\/image\/","url":"https:\/\/secure.gravatar.com\/avatar\/713677ece3ffa642287213a80e5b773bce9ab81c269dd6d95102a990951c922f?s=96&d=mm&r=g","contentUrl":"https:\/\/secure.gravatar.com\/avatar\/713677ece3ffa642287213a80e5b773bce9ab81c269dd6d95102a990951c922f?s=96&d=mm&r=g","caption":"admin"},"sameAs":["http:\/\/vientosur.top\/museo"],"url":"http:\/\/vientosur.top\/museo\/author\/comunicacionesmvp\/"}]}},"_links":{"self":[{"href":"http:\/\/vientosur.top\/museo\/wp-json\/wp\/v2\/posts\/3445","targetHints":{"allow":["GET"]}}],"collection":[{"href":"http:\/\/vientosur.top\/museo\/wp-json\/wp\/v2\/posts"}],"about":[{"href":"http:\/\/vientosur.top\/museo\/wp-json\/wp\/v2\/types\/post"}],"author":[{"embeddable":true,"href":"http:\/\/vientosur.top\/museo\/wp-json\/wp\/v2\/users\/5"}],"replies":[{"embeddable":true,"href":"http:\/\/vientosur.top\/museo\/wp-json\/wp\/v2\/comments?post=3445"}],"version-history":[{"count":0,"href":"http:\/\/vientosur.top\/museo\/wp-json\/wp\/v2\/posts\/3445\/revisions"}],"wp:featuredmedia":[{"embeddable":true,"href":"http:\/\/vientosur.top\/museo\/wp-json\/wp\/v2\/media\/3446"}],"wp:attachment":[{"href":"http:\/\/vientosur.top\/museo\/wp-json\/wp\/v2\/media?parent=3445"}],"wp:term":[{"taxonomy":"category","embeddable":true,"href":"http:\/\/vientosur.top\/museo\/wp-json\/wp\/v2\/categories?post=3445"},{"taxonomy":"post_tag","embeddable":true,"href":"http:\/\/vientosur.top\/museo\/wp-json\/wp\/v2\/tags?post=3445"}],"curies":[{"name":"wp","href":"https:\/\/api.w.org\/{rel}","templated":true}]}}