{"id":3456,"date":"2017-04-05T14:52:28","date_gmt":"2017-04-05T14:52:28","guid":{"rendered":"http:\/\/vientosur.top\/museo\/\/?p=3456"},"modified":"2017-04-05T14:52:28","modified_gmt":"2017-04-05T14:52:28","slug":"museo-violeta-parra-presenta-su-programa-de-extension-cultural-para-el-mes-de-abril","status":"publish","type":"post","link":"http:\/\/vientosur.top\/museo\/museo-violeta-parra-presenta-su-programa-de-extension-cultural-para-el-mes-de-abril\/","title":{"rendered":"Museo Violeta Parra presenta sus actividades gratuitas de abril\u00a0"},"content":{"rendered":"<p><em>Taller de elaboraci\u00f3n de Mu\u00f1ecas en fieltro; Taller de Danza y de Ritmo Percusi\u00f3n; la presentaci\u00f3n del conjunto musical Rukant\u00fc y la pel\u00edcula \u201cEl Negro Ch\u00e1vez\u201d con m\u00fasica de \u00c1ngel Parra, son s\u00f3lo algunas de las actividades.\u00a0<\/em><\/p>\n<p>&nbsp;<\/p>\n<p>&nbsp;<\/p>\n<p>Este 8 de abril se impartir\u00e1 el\u00a0<a href=\"http:\/\/vientosur.top\/museo\/\/actividades\/actividad\/3259\/\" target=\"_blank\" rel=\"noopener noreferrer\">Taller de Termo Fundido de Bolsas<\/a>, a cargo de la Bolsa Loca, donde se utilizar\u00e1n materiales reciclados para la elaboraci\u00f3n de diversos utensilios. La programaci\u00f3n contin\u00faa con <a href=\"http:\/\/vientosur.top\/museo\/\/actividades\/actividad\/documental-violeta-mas-viva-que-nunca\/\" target=\"_blank\" rel=\"noopener noreferrer\">\u201cVioleta m\u00e1s viva que nunca\u201d<\/a>, un documental de \u00c1ngel Parra que revela aspectos \u00edntimos de la cantautora relatados por sus cercanos. Adem\u00e1s se proyectar\u00e1 <a href=\"http:\/\/vientosur.top\/museo\/\/actividades\/actividad\/el-negro-chavez-con-musica-de-angel-parra\/\" target=\"_blank\" rel=\"noopener noreferrer\">\u201cEl \u00faltimo disparo del Negro Ch\u00e1vez\u201d<\/a>, basada en el cuento de \u00d3scar Castro. Ambas pel\u00edculas se programan junto a la <a href=\"http:\/\/www.cinetecavirtual.cl\">Cineteca de la Universidad de Chile<\/a>.<\/p>\n<p>&nbsp;<\/p>\n<p>El martes 11 de abril el escritor e investigador, Jorge Montealegre Iturra, realizar\u00e1 una c<a href=\"http:\/\/vientosur.top\/museo\/\/actividades\/actividad\/charla-sobre-contra-la-guerra-por-jorge-montealegre\/\" target=\"_blank\" rel=\"noopener noreferrer\">harla sobre la obra \u201cContra la guerra\u201d<\/a>\u00a0(1962) de Violeta Parra, con la intenci\u00f3n de entregar claves al p\u00fablico y elementos de lectura para la compresi\u00f3n e interpretaci\u00f3n de la pieza.<\/p>\n<p>&nbsp;<\/p>\n<p>En relaci\u00f3n a los conciertos, el s\u00e1bado 22 de abril el percusionista Juan Medrano \u201cCotito\u201d, uno de los maestros vivos del caj\u00f3n peruano, presentar\u00e1 el <a href=\"http:\/\/vientosur.top\/museo\/\/actividades\/actividad\/juan-medrano-cotito-embajador-del-cajon-peruano\/\" target=\"_blank\" rel=\"noopener noreferrer\">concierto \u00abRitmo y caj\u00f3n peruano para Violeta\u00bb<\/a>. Asimismo, la agrupaci\u00f3n puertomontina <a href=\"http:\/\/vientosur.top\/museo\/\/actividades\/actividad\/rukantu-en-la-ruta-de-violeta\/\" target=\"_blank\" rel=\"noopener noreferrer\">Rukant\u00fc continuar\u00e1 las actividades en torno a la figura de Violeta el 29 de abril <\/a>en La Ruta de Violeta Parra. Los anfitriones ser\u00e1n Tita Parra y Greco Acu\u00f1a.<\/p>\n<p>&nbsp;<\/p>\n<p>Las actividades finalizar\u00e1n con el <a href=\"http:\/\/vientosur.top\/museo\/\/actividades\/actividad\/taller-de-ritmos-y-percusion-de-chile\/\" target=\"_blank\" rel=\"noopener noreferrer\">taller de Ritmo y percusi\u00f3n<\/a>, a trav\u00e9s de instrumentos tradicionales y no convencionales, que ense\u00f1ar\u00e1n la vida de Violeta Parra a trav\u00e9s de la m\u00fasica. Todas las actividades son gratuitas previa inscripci\u00f3n.<\/p>\n","protected":false},"excerpt":{"rendered":"<p>Taller de elaboraci\u00f3n de Mu\u00f1ecas en fieltro; Taller de Danza y de Ritmo Percusi\u00f3n; la presentaci\u00f3n del conjunto musical Rukant\u00fc y la pel\u00edcula \u201cEl Negro Ch\u00e1vez\u201d con m\u00fasica de \u00c1ngel Parra, son s\u00f3lo algunas de las actividades.\u00a0 &nbsp; &nbsp; Este 8 de abril se impartir\u00e1 el\u00a0Taller de Termo Fundido de Bolsas, a cargo de la [&hellip;]<\/p>\n","protected":false},"author":5,"featured_media":3457,"comment_status":"open","ping_status":"open","sticky":false,"template":"","format":"standard","meta":{"site-sidebar-layout":"default","site-content-layout":"","ast-site-content-layout":"default","site-content-style":"default","site-sidebar-style":"default","ast-global-header-display":"","ast-banner-title-visibility":"","ast-main-header-display":"","ast-hfb-above-header-display":"","ast-hfb-below-header-display":"","ast-hfb-mobile-header-display":"","site-post-title":"","ast-breadcrumbs-content":"","ast-featured-img":"","footer-sml-layout":"","theme-transparent-header-meta":"","adv-header-id-meta":"","stick-header-meta":"","header-above-stick-meta":"","header-main-stick-meta":"","header-below-stick-meta":"","astra-migrate-meta-layouts":"default","ast-page-background-enabled":"default","ast-page-background-meta":{"desktop":{"background-color":"var(--ast-global-color-4)","background-image":"","background-repeat":"repeat","background-position":"center center","background-size":"auto","background-attachment":"scroll","background-type":"","background-media":"","overlay-type":"","overlay-color":"","overlay-opacity":"","overlay-gradient":""},"tablet":{"background-color":"","background-image":"","background-repeat":"repeat","background-position":"center center","background-size":"auto","background-attachment":"scroll","background-type":"","background-media":"","overlay-type":"","overlay-color":"","overlay-opacity":"","overlay-gradient":""},"mobile":{"background-color":"","background-image":"","background-repeat":"repeat","background-position":"center center","background-size":"auto","background-attachment":"scroll","background-type":"","background-media":"","overlay-type":"","overlay-color":"","overlay-opacity":"","overlay-gradient":""}},"ast-content-background-meta":{"desktop":{"background-color":"var(--ast-global-color-5)","background-image":"","background-repeat":"repeat","background-position":"center center","background-size":"auto","background-attachment":"scroll","background-type":"","background-media":"","overlay-type":"","overlay-color":"","overlay-opacity":"","overlay-gradient":""},"tablet":{"background-color":"var(--ast-global-color-5)","background-image":"","background-repeat":"repeat","background-position":"center center","background-size":"auto","background-attachment":"scroll","background-type":"","background-media":"","overlay-type":"","overlay-color":"","overlay-opacity":"","overlay-gradient":""},"mobile":{"background-color":"var(--ast-global-color-5)","background-image":"","background-repeat":"repeat","background-position":"center center","background-size":"auto","background-attachment":"scroll","background-type":"","background-media":"","overlay-type":"","overlay-color":"","overlay-opacity":"","overlay-gradient":""}},"footnotes":""},"categories":[59,8,61],"tags":[],"class_list":["post-3456","post","type-post","status-publish","format-standard","has-post-thumbnail","hentry","category-destacado-noticia","category-noticias","category-novedades"],"yoast_head":"<!-- This site is optimized with the Yoast SEO plugin v25.4 - https:\/\/yoast.com\/wordpress\/plugins\/seo\/ -->\n<title>Museo Violeta Parra presenta sus actividades gratuitas de abril\u00a0 - Museo Violeta Parra<\/title>\n<meta name=\"robots\" content=\"index, follow, max-snippet:-1, max-image-preview:large, max-video-preview:-1\" \/>\n<link rel=\"canonical\" href=\"http:\/\/vientosur.top\/museo\/museo-violeta-parra-presenta-su-programa-de-extension-cultural-para-el-mes-de-abril\/\" \/>\n<meta property=\"og:locale\" content=\"es_ES\" \/>\n<meta property=\"og:type\" content=\"article\" \/>\n<meta property=\"og:title\" content=\"Museo Violeta Parra presenta sus actividades gratuitas de abril\u00a0 - Museo Violeta Parra\" \/>\n<meta property=\"og:description\" content=\"Taller de elaboraci\u00f3n de Mu\u00f1ecas en fieltro; Taller de Danza y de Ritmo Percusi\u00f3n; la presentaci\u00f3n del conjunto musical Rukant\u00fc y la pel\u00edcula \u201cEl Negro Ch\u00e1vez\u201d con m\u00fasica de \u00c1ngel Parra, son s\u00f3lo algunas de las actividades.\u00a0 &nbsp; &nbsp; Este 8 de abril se impartir\u00e1 el\u00a0Taller de Termo Fundido de Bolsas, a cargo de la [&hellip;]\" \/>\n<meta property=\"og:url\" content=\"http:\/\/vientosur.top\/museo\/museo-violeta-parra-presenta-su-programa-de-extension-cultural-para-el-mes-de-abril\/\" \/>\n<meta property=\"og:site_name\" content=\"Museo Violeta Parra\" \/>\n<meta property=\"article:published_time\" content=\"2017-04-05T14:52:28+00:00\" \/>\n<meta property=\"og:image\" content=\"http:\/\/vientosur.top\/museo\/wp-content\/uploads\/2017\/04\/DSC_0547.jpg\" \/>\n\t<meta property=\"og:image:width\" content=\"1444\" \/>\n\t<meta property=\"og:image:height\" content=\"960\" \/>\n\t<meta property=\"og:image:type\" content=\"image\/jpeg\" \/>\n<meta name=\"author\" content=\"admin\" \/>\n<meta name=\"twitter:card\" content=\"summary_large_image\" \/>\n<meta name=\"twitter:label1\" content=\"Escrito por\" \/>\n\t<meta name=\"twitter:data1\" content=\"admin\" \/>\n\t<meta name=\"twitter:label2\" content=\"Tiempo de lectura\" \/>\n\t<meta name=\"twitter:data2\" content=\"2 minutos\" \/>\n<script type=\"application\/ld+json\" class=\"yoast-schema-graph\">{\"@context\":\"https:\/\/schema.org\",\"@graph\":[{\"@type\":\"WebPage\",\"@id\":\"http:\/\/vientosur.top\/museo\/museo-violeta-parra-presenta-su-programa-de-extension-cultural-para-el-mes-de-abril\/\",\"url\":\"http:\/\/vientosur.top\/museo\/museo-violeta-parra-presenta-su-programa-de-extension-cultural-para-el-mes-de-abril\/\",\"name\":\"Museo Violeta Parra presenta sus actividades gratuitas de abril\u00a0 - Museo Violeta Parra\",\"isPartOf\":{\"@id\":\"http:\/\/vientosur.top\/museo\/#website\"},\"primaryImageOfPage\":{\"@id\":\"http:\/\/vientosur.top\/museo\/museo-violeta-parra-presenta-su-programa-de-extension-cultural-para-el-mes-de-abril\/#primaryimage\"},\"image\":{\"@id\":\"http:\/\/vientosur.top\/museo\/museo-violeta-parra-presenta-su-programa-de-extension-cultural-para-el-mes-de-abril\/#primaryimage\"},\"thumbnailUrl\":\"http:\/\/vientosur.top\/museo\/wp-content\/uploads\/2017\/04\/DSC_0547.jpg\",\"datePublished\":\"2017-04-05T14:52:28+00:00\",\"author\":{\"@id\":\"http:\/\/vientosur.top\/museo\/#\/schema\/person\/20c79d3c38800971feec8c2693c3dd9c\"},\"breadcrumb\":{\"@id\":\"http:\/\/vientosur.top\/museo\/museo-violeta-parra-presenta-su-programa-de-extension-cultural-para-el-mes-de-abril\/#breadcrumb\"},\"inLanguage\":\"es\",\"potentialAction\":[{\"@type\":\"ReadAction\",\"target\":[\"http:\/\/vientosur.top\/museo\/museo-violeta-parra-presenta-su-programa-de-extension-cultural-para-el-mes-de-abril\/\"]}]},{\"@type\":\"ImageObject\",\"inLanguage\":\"es\",\"@id\":\"http:\/\/vientosur.top\/museo\/museo-violeta-parra-presenta-su-programa-de-extension-cultural-para-el-mes-de-abril\/#primaryimage\",\"url\":\"http:\/\/vientosur.top\/museo\/wp-content\/uploads\/2017\/04\/DSC_0547.jpg\",\"contentUrl\":\"http:\/\/vientosur.top\/museo\/wp-content\/uploads\/2017\/04\/DSC_0547.jpg\",\"width\":1444,\"height\":960},{\"@type\":\"BreadcrumbList\",\"@id\":\"http:\/\/vientosur.top\/museo\/museo-violeta-parra-presenta-su-programa-de-extension-cultural-para-el-mes-de-abril\/#breadcrumb\",\"itemListElement\":[{\"@type\":\"ListItem\",\"position\":1,\"name\":\"Portada\",\"item\":\"http:\/\/vientosur.top\/museo\/\"},{\"@type\":\"ListItem\",\"position\":2,\"name\":\"Museo Violeta Parra presenta sus actividades gratuitas de abril\u00a0\"}]},{\"@type\":\"WebSite\",\"@id\":\"http:\/\/vientosur.top\/museo\/#website\",\"url\":\"http:\/\/vientosur.top\/museo\/\",\"name\":\"Museo Violeta Parra\",\"description\":\"Espacio que alberga tanto la memoria y legado creativo de la artista\",\"potentialAction\":[{\"@type\":\"SearchAction\",\"target\":{\"@type\":\"EntryPoint\",\"urlTemplate\":\"http:\/\/vientosur.top\/museo\/?s={search_term_string}\"},\"query-input\":{\"@type\":\"PropertyValueSpecification\",\"valueRequired\":true,\"valueName\":\"search_term_string\"}}],\"inLanguage\":\"es\"},{\"@type\":\"Person\",\"@id\":\"http:\/\/vientosur.top\/museo\/#\/schema\/person\/20c79d3c38800971feec8c2693c3dd9c\",\"name\":\"admin\",\"image\":{\"@type\":\"ImageObject\",\"inLanguage\":\"es\",\"@id\":\"http:\/\/vientosur.top\/museo\/#\/schema\/person\/image\/\",\"url\":\"https:\/\/secure.gravatar.com\/avatar\/713677ece3ffa642287213a80e5b773bce9ab81c269dd6d95102a990951c922f?s=96&d=mm&r=g\",\"contentUrl\":\"https:\/\/secure.gravatar.com\/avatar\/713677ece3ffa642287213a80e5b773bce9ab81c269dd6d95102a990951c922f?s=96&d=mm&r=g\",\"caption\":\"admin\"},\"sameAs\":[\"http:\/\/vientosur.top\/museo\"],\"url\":\"http:\/\/vientosur.top\/museo\/author\/comunicacionesmvp\/\"}]}<\/script>\n<!-- \/ Yoast SEO plugin. -->","yoast_head_json":{"title":"Museo Violeta Parra presenta sus actividades gratuitas de abril\u00a0 - Museo Violeta Parra","robots":{"index":"index","follow":"follow","max-snippet":"max-snippet:-1","max-image-preview":"max-image-preview:large","max-video-preview":"max-video-preview:-1"},"canonical":"http:\/\/vientosur.top\/museo\/museo-violeta-parra-presenta-su-programa-de-extension-cultural-para-el-mes-de-abril\/","og_locale":"es_ES","og_type":"article","og_title":"Museo Violeta Parra presenta sus actividades gratuitas de abril\u00a0 - Museo Violeta Parra","og_description":"Taller de elaboraci\u00f3n de Mu\u00f1ecas en fieltro; Taller de Danza y de Ritmo Percusi\u00f3n; la presentaci\u00f3n del conjunto musical Rukant\u00fc y la pel\u00edcula \u201cEl Negro Ch\u00e1vez\u201d con m\u00fasica de \u00c1ngel Parra, son s\u00f3lo algunas de las actividades.\u00a0 &nbsp; &nbsp; Este 8 de abril se impartir\u00e1 el\u00a0Taller de Termo Fundido de Bolsas, a cargo de la [&hellip;]","og_url":"http:\/\/vientosur.top\/museo\/museo-violeta-parra-presenta-su-programa-de-extension-cultural-para-el-mes-de-abril\/","og_site_name":"Museo Violeta Parra","article_published_time":"2017-04-05T14:52:28+00:00","og_image":[{"width":1444,"height":960,"url":"http:\/\/vientosur.top\/museo\/wp-content\/uploads\/2017\/04\/DSC_0547.jpg","type":"image\/jpeg"}],"author":"admin","twitter_card":"summary_large_image","twitter_misc":{"Escrito por":"admin","Tiempo de lectura":"2 minutos"},"schema":{"@context":"https:\/\/schema.org","@graph":[{"@type":"WebPage","@id":"http:\/\/vientosur.top\/museo\/museo-violeta-parra-presenta-su-programa-de-extension-cultural-para-el-mes-de-abril\/","url":"http:\/\/vientosur.top\/museo\/museo-violeta-parra-presenta-su-programa-de-extension-cultural-para-el-mes-de-abril\/","name":"Museo Violeta Parra presenta sus actividades gratuitas de abril\u00a0 - Museo Violeta Parra","isPartOf":{"@id":"http:\/\/vientosur.top\/museo\/#website"},"primaryImageOfPage":{"@id":"http:\/\/vientosur.top\/museo\/museo-violeta-parra-presenta-su-programa-de-extension-cultural-para-el-mes-de-abril\/#primaryimage"},"image":{"@id":"http:\/\/vientosur.top\/museo\/museo-violeta-parra-presenta-su-programa-de-extension-cultural-para-el-mes-de-abril\/#primaryimage"},"thumbnailUrl":"http:\/\/vientosur.top\/museo\/wp-content\/uploads\/2017\/04\/DSC_0547.jpg","datePublished":"2017-04-05T14:52:28+00:00","author":{"@id":"http:\/\/vientosur.top\/museo\/#\/schema\/person\/20c79d3c38800971feec8c2693c3dd9c"},"breadcrumb":{"@id":"http:\/\/vientosur.top\/museo\/museo-violeta-parra-presenta-su-programa-de-extension-cultural-para-el-mes-de-abril\/#breadcrumb"},"inLanguage":"es","potentialAction":[{"@type":"ReadAction","target":["http:\/\/vientosur.top\/museo\/museo-violeta-parra-presenta-su-programa-de-extension-cultural-para-el-mes-de-abril\/"]}]},{"@type":"ImageObject","inLanguage":"es","@id":"http:\/\/vientosur.top\/museo\/museo-violeta-parra-presenta-su-programa-de-extension-cultural-para-el-mes-de-abril\/#primaryimage","url":"http:\/\/vientosur.top\/museo\/wp-content\/uploads\/2017\/04\/DSC_0547.jpg","contentUrl":"http:\/\/vientosur.top\/museo\/wp-content\/uploads\/2017\/04\/DSC_0547.jpg","width":1444,"height":960},{"@type":"BreadcrumbList","@id":"http:\/\/vientosur.top\/museo\/museo-violeta-parra-presenta-su-programa-de-extension-cultural-para-el-mes-de-abril\/#breadcrumb","itemListElement":[{"@type":"ListItem","position":1,"name":"Portada","item":"http:\/\/vientosur.top\/museo\/"},{"@type":"ListItem","position":2,"name":"Museo Violeta Parra presenta sus actividades gratuitas de abril\u00a0"}]},{"@type":"WebSite","@id":"http:\/\/vientosur.top\/museo\/#website","url":"http:\/\/vientosur.top\/museo\/","name":"Museo Violeta Parra","description":"Espacio que alberga tanto la memoria y legado creativo de la artista","potentialAction":[{"@type":"SearchAction","target":{"@type":"EntryPoint","urlTemplate":"http:\/\/vientosur.top\/museo\/?s={search_term_string}"},"query-input":{"@type":"PropertyValueSpecification","valueRequired":true,"valueName":"search_term_string"}}],"inLanguage":"es"},{"@type":"Person","@id":"http:\/\/vientosur.top\/museo\/#\/schema\/person\/20c79d3c38800971feec8c2693c3dd9c","name":"admin","image":{"@type":"ImageObject","inLanguage":"es","@id":"http:\/\/vientosur.top\/museo\/#\/schema\/person\/image\/","url":"https:\/\/secure.gravatar.com\/avatar\/713677ece3ffa642287213a80e5b773bce9ab81c269dd6d95102a990951c922f?s=96&d=mm&r=g","contentUrl":"https:\/\/secure.gravatar.com\/avatar\/713677ece3ffa642287213a80e5b773bce9ab81c269dd6d95102a990951c922f?s=96&d=mm&r=g","caption":"admin"},"sameAs":["http:\/\/vientosur.top\/museo"],"url":"http:\/\/vientosur.top\/museo\/author\/comunicacionesmvp\/"}]}},"_links":{"self":[{"href":"http:\/\/vientosur.top\/museo\/wp-json\/wp\/v2\/posts\/3456","targetHints":{"allow":["GET"]}}],"collection":[{"href":"http:\/\/vientosur.top\/museo\/wp-json\/wp\/v2\/posts"}],"about":[{"href":"http:\/\/vientosur.top\/museo\/wp-json\/wp\/v2\/types\/post"}],"author":[{"embeddable":true,"href":"http:\/\/vientosur.top\/museo\/wp-json\/wp\/v2\/users\/5"}],"replies":[{"embeddable":true,"href":"http:\/\/vientosur.top\/museo\/wp-json\/wp\/v2\/comments?post=3456"}],"version-history":[{"count":0,"href":"http:\/\/vientosur.top\/museo\/wp-json\/wp\/v2\/posts\/3456\/revisions"}],"wp:featuredmedia":[{"embeddable":true,"href":"http:\/\/vientosur.top\/museo\/wp-json\/wp\/v2\/media\/3457"}],"wp:attachment":[{"href":"http:\/\/vientosur.top\/museo\/wp-json\/wp\/v2\/media?parent=3456"}],"wp:term":[{"taxonomy":"category","embeddable":true,"href":"http:\/\/vientosur.top\/museo\/wp-json\/wp\/v2\/categories?post=3456"},{"taxonomy":"post_tag","embeddable":true,"href":"http:\/\/vientosur.top\/museo\/wp-json\/wp\/v2\/tags?post=3456"}],"curies":[{"name":"wp","href":"https:\/\/api.w.org\/{rel}","templated":true}]}}