{"id":3482,"date":"2017-04-06T14:19:06","date_gmt":"2017-04-06T14:19:06","guid":{"rendered":"http:\/\/vientosur.top\/museo\/\/?p=3482"},"modified":"2017-04-06T14:19:06","modified_gmt":"2017-04-06T14:19:06","slug":"la-maleta-de-violeta-parra-trae-su-historia-a-san-fabian-en-diario-cronica-de-chillan","status":"publish","type":"post","link":"http:\/\/vientosur.top\/museo\/la-maleta-de-violeta-parra-trae-su-historia-a-san-fabian-en-diario-cronica-de-chillan\/","title":{"rendered":"\u00abLa Maleta de Violeta Parra trae su historia a San Fabi\u00e1n\u00bb en Diario Cr\u00f3nica de Chill\u00e1n"},"content":{"rendered":"<h3 class=\"page-note-excerpt\"><strong>La actividad se realizar\u00e1 los d\u00edas 10 y 11 de abril en la comuna cordillerana y tiene por objetivo dar a conocer a los ni\u00f1os la vida y obra de la cantautora.<\/strong><\/h3>\n<div class=\"page-note-content\">\n<p class=\"Cap_Normal\">Dentro de las m\u00faltiples celebraciones del centenario de Violeta Parra, la comuna cordillerana de San Fabi\u00e1n de Alico vivir\u00e1 un acontecimiento educativo cultural este el lunes 10 y martes 11 de abril, con la presentaci\u00f3n de la \u00abMaleta de Violeta\u00bb.<\/p>\n<p class=\"Cap_Normal\">\n<p class=\"Tex_Normal\">Esta actividad es organizada por la Fundaci\u00f3n Museo Violeta Parra, junto con el Comit\u00e9 de Cultura Nido de Parras, adem\u00e1s de la oficina de Cultura de la Direcci\u00f3n de Desarrollo Comunitario (Dideco) y el Departamento de Educaci\u00f3n Municipal de San Fabi\u00e1n.<\/p>\n<p class=\"Tex_Normal\">\n<p class=\"Tex_Normal\">La exposici\u00f3n itinerante tiene la idea que el p\u00fablico ponga atenci\u00f3n a una maleta antigua, la cual contiene elementos did\u00e1cticos, visuales, t\u00e1ctiles y sonoros, que permiten a los asistentes acercarse a la autora de \u00abGracias a la Vida\u00bb de manera l\u00fadica.<\/p>\n<p class=\"Tex_Normal\">\n<p class=\"Tex_Normal\">El equipo que vendr\u00e1 desde la Fundaci\u00f3n Museo ser\u00e1 el encargado de realizar talleres, adem\u00e1s de acciones de mediaci\u00f3n cultural y exhibiciones audiovisuales sobre la obra de la artista.<\/p>\n<p class=\"Tex_Normal\">\n<p class=\"Tex_Normal\">Desde la Municipalidad de San Fabi\u00e1n explicaron que tras la anterior visita de Tita e Isabel Parra, ocasi\u00f3n en la que dieron un concierto en la comuna, se reforzaron los v\u00ednculos con la tierra de sus antepasados, y de ah\u00ed surgi\u00f3 la propuesta de concretar una visita de una comitiva al Museo de Santiago, y ahora se logr\u00f3.<\/p>\n<p class=\"Tex_Normal\">\n<p class=\"Tex_Normal\">En su paso por la comuna cordillerana, se presentar\u00e1 para toda la comunidad el lunes 10 de abril en la sede comunitaria de la calle 21 de Mayo desde las 20 horas. Mientras que el martes 11, la muestra estar\u00e1 presente en el Liceo Jorge Alessandri, a partir de las 10 horas.<\/p>\n<p class=\"Tex_Normal\">\n<p class=\"Tex_Normal\">Sobre esta actividad cultural educativa en San Fabi\u00e1n, el alcalde Claudio Almuna manifest\u00f3 que \u00abes fundamental recuperar la historia de Violeta y Nicanor Parra en la comuna de San Fabi\u00e1n. La presentaci\u00f3n de Tita e Isabel Parra en el sector de Las Guardias ya fue un hito hist\u00f3rico impulsado por el Comit\u00e9 de Cultura Nido de Parras. La gente sabe que Nicanor naci\u00f3 en Las Guardias y que por eso fue declarado Hijo Ilustre de San Fabi\u00e1n, y ahora se suma lo de Violeta\u00bb.<\/p>\n<p class=\"Tex_Normal\">\n<p class=\"Tex_Normal\">Asimismo agreg\u00f3 que \u00abrevivimos con estos eventos la m\u00edstica de nuestro patrimonio cultural y esperamos que sea una experiencia muy gratificante\u00bb.<\/p>\n<p class=\"Tex_Normal\">\n<p class=\"Tex_Normal\">Desde la Fundaci\u00f3n Museo Violeta Parra de Santiago, el jefe del programa educativo, Esteban Torres, manifest\u00f3 que esta muestra es \u00abla segunda que realizamos con la maleta este a\u00f1o, y ser\u00e1 la \u00fanica en \u00d1uble. La idea es llegar a lugares que no tengan tanta accesibilidad, con el legado de Violeta\u00bb.<\/p>\n<p class=\"Tex_Normal\">\n<p class=\"Tex_Normal\">Asimismo recalc\u00f3 que para \u00abnuestra fundaci\u00f3n hacer la actividad en donde est\u00e1n los or\u00edgenes de Violeta Parra es muy relevante. Es una mediaci\u00f3n educativa por todos los materiales que tiene la maleta y porque los ni\u00f1os pueden tocar diferentes texturas como las de arpilleras. Adem\u00e1s, se realizar\u00e1 la exposici\u00f3n de fotograf\u00edas seleccionadas de Violeta Parra\u00bb.<\/p>\n<p class=\"Tex_Normal\">\n<\/div>\n<div class=\"page-note-content\">\n<p class=\"Tex_Normal\">Torres dijo que la actividad tuvo una convocatoria abierta a las escuelas para que postularan a la muestra, como lo hizo el Liceo de San Fabi\u00e1n.<\/p>\n<p class=\"Tex_Normal\">\n<p class=\"Tex_Normal\">\n<p class=\"Tex_Normal\"><a href=\"http:\/\/www.cronicachillan.cl\/impresa\/2017\/04\/06\/full\/cuerpo-principal\/22\/texto\/\" target=\"_blank\" rel=\"noopener noreferrer\"><strong>Leer art\u00edculo en Cr\u00f3nica de Chill\u00e1n\u00a0<\/strong><\/a><\/p>\n<\/div>\n","protected":false},"excerpt":{"rendered":"<p>La actividad se realizar\u00e1 los d\u00edas 10 y 11 de abril en la comuna cordillerana y tiene por objetivo dar a conocer a los ni\u00f1os la vida y obra de la cantautora. Dentro de las m\u00faltiples celebraciones del centenario de Violeta Parra, la comuna cordillerana de San Fabi\u00e1n de Alico vivir\u00e1 un acontecimiento educativo cultural [&hellip;]<\/p>\n","protected":false},"author":5,"featured_media":3483,"comment_status":"open","ping_status":"open","sticky":false,"template":"","format":"standard","meta":{"site-sidebar-layout":"default","site-content-layout":"","ast-site-content-layout":"default","site-content-style":"default","site-sidebar-style":"default","ast-global-header-display":"","ast-banner-title-visibility":"","ast-main-header-display":"","ast-hfb-above-header-display":"","ast-hfb-below-header-display":"","ast-hfb-mobile-header-display":"","site-post-title":"","ast-breadcrumbs-content":"","ast-featured-img":"","footer-sml-layout":"","theme-transparent-header-meta":"","adv-header-id-meta":"","stick-header-meta":"","header-above-stick-meta":"","header-main-stick-meta":"","header-below-stick-meta":"","astra-migrate-meta-layouts":"default","ast-page-background-enabled":"default","ast-page-background-meta":{"desktop":{"background-color":"var(--ast-global-color-4)","background-image":"","background-repeat":"repeat","background-position":"center center","background-size":"auto","background-attachment":"scroll","background-type":"","background-media":"","overlay-type":"","overlay-color":"","overlay-opacity":"","overlay-gradient":""},"tablet":{"background-color":"","background-image":"","background-repeat":"repeat","background-position":"center center","background-size":"auto","background-attachment":"scroll","background-type":"","background-media":"","overlay-type":"","overlay-color":"","overlay-opacity":"","overlay-gradient":""},"mobile":{"background-color":"","background-image":"","background-repeat":"repeat","background-position":"center center","background-size":"auto","background-attachment":"scroll","background-type":"","background-media":"","overlay-type":"","overlay-color":"","overlay-opacity":"","overlay-gradient":""}},"ast-content-background-meta":{"desktop":{"background-color":"var(--ast-global-color-5)","background-image":"","background-repeat":"repeat","background-position":"center center","background-size":"auto","background-attachment":"scroll","background-type":"","background-media":"","overlay-type":"","overlay-color":"","overlay-opacity":"","overlay-gradient":""},"tablet":{"background-color":"var(--ast-global-color-5)","background-image":"","background-repeat":"repeat","background-position":"center center","background-size":"auto","background-attachment":"scroll","background-type":"","background-media":"","overlay-type":"","overlay-color":"","overlay-opacity":"","overlay-gradient":""},"mobile":{"background-color":"var(--ast-global-color-5)","background-image":"","background-repeat":"repeat","background-position":"center center","background-size":"auto","background-attachment":"scroll","background-type":"","background-media":"","overlay-type":"","overlay-color":"","overlay-opacity":"","overlay-gradient":""}},"footnotes":""},"categories":[94,8],"tags":[],"class_list":["post-3482","post","type-post","status-publish","format-standard","has-post-thumbnail","hentry","category-museo-en-los-medios","category-noticias"],"yoast_head":"<!-- This site is optimized with the Yoast SEO plugin v25.4 - https:\/\/yoast.com\/wordpress\/plugins\/seo\/ -->\n<title>&quot;La Maleta de Violeta Parra trae su historia a San Fabi\u00e1n&quot; en Diario Cr\u00f3nica de Chill\u00e1n - Museo Violeta Parra<\/title>\n<meta name=\"robots\" content=\"index, follow, max-snippet:-1, max-image-preview:large, max-video-preview:-1\" \/>\n<link rel=\"canonical\" href=\"http:\/\/vientosur.top\/museo\/la-maleta-de-violeta-parra-trae-su-historia-a-san-fabian-en-diario-cronica-de-chillan\/\" \/>\n<meta property=\"og:locale\" content=\"es_ES\" \/>\n<meta property=\"og:type\" content=\"article\" \/>\n<meta property=\"og:title\" content=\"&quot;La Maleta de Violeta Parra trae su historia a San Fabi\u00e1n&quot; en Diario Cr\u00f3nica de Chill\u00e1n - Museo Violeta Parra\" \/>\n<meta property=\"og:description\" content=\"La actividad se realizar\u00e1 los d\u00edas 10 y 11 de abril en la comuna cordillerana y tiene por objetivo dar a conocer a los ni\u00f1os la vida y obra de la cantautora. Dentro de las m\u00faltiples celebraciones del centenario de Violeta Parra, la comuna cordillerana de San Fabi\u00e1n de Alico vivir\u00e1 un acontecimiento educativo cultural [&hellip;]\" \/>\n<meta property=\"og:url\" content=\"http:\/\/vientosur.top\/museo\/la-maleta-de-violeta-parra-trae-su-historia-a-san-fabian-en-diario-cronica-de-chillan\/\" \/>\n<meta property=\"og:site_name\" content=\"Museo Violeta Parra\" \/>\n<meta property=\"article:published_time\" content=\"2017-04-06T14:19:06+00:00\" \/>\n<meta property=\"og:image\" content=\"http:\/\/vientosur.top\/museo\/wp-content\/uploads\/2017\/04\/Maleta-de-Violeta-830x1024.png\" \/>\n\t<meta property=\"og:image:width\" content=\"830\" \/>\n\t<meta property=\"og:image:height\" content=\"1024\" \/>\n\t<meta property=\"og:image:type\" content=\"image\/png\" \/>\n<meta name=\"author\" content=\"admin\" \/>\n<meta name=\"twitter:card\" content=\"summary_large_image\" \/>\n<meta name=\"twitter:label1\" content=\"Escrito por\" \/>\n\t<meta name=\"twitter:data1\" content=\"admin\" \/>\n\t<meta name=\"twitter:label2\" content=\"Tiempo de lectura\" \/>\n\t<meta name=\"twitter:data2\" content=\"3 minutos\" \/>\n<script type=\"application\/ld+json\" class=\"yoast-schema-graph\">{\"@context\":\"https:\/\/schema.org\",\"@graph\":[{\"@type\":\"WebPage\",\"@id\":\"http:\/\/vientosur.top\/museo\/la-maleta-de-violeta-parra-trae-su-historia-a-san-fabian-en-diario-cronica-de-chillan\/\",\"url\":\"http:\/\/vientosur.top\/museo\/la-maleta-de-violeta-parra-trae-su-historia-a-san-fabian-en-diario-cronica-de-chillan\/\",\"name\":\"\\\"La Maleta de Violeta Parra trae su historia a San Fabi\u00e1n\\\" en Diario Cr\u00f3nica de Chill\u00e1n - Museo Violeta Parra\",\"isPartOf\":{\"@id\":\"http:\/\/vientosur.top\/museo\/#website\"},\"primaryImageOfPage\":{\"@id\":\"http:\/\/vientosur.top\/museo\/la-maleta-de-violeta-parra-trae-su-historia-a-san-fabian-en-diario-cronica-de-chillan\/#primaryimage\"},\"image\":{\"@id\":\"http:\/\/vientosur.top\/museo\/la-maleta-de-violeta-parra-trae-su-historia-a-san-fabian-en-diario-cronica-de-chillan\/#primaryimage\"},\"thumbnailUrl\":\"http:\/\/vientosur.top\/museo\/wp-content\/uploads\/2017\/04\/Maleta-de-Violeta.png\",\"datePublished\":\"2017-04-06T14:19:06+00:00\",\"author\":{\"@id\":\"http:\/\/vientosur.top\/museo\/#\/schema\/person\/20c79d3c38800971feec8c2693c3dd9c\"},\"breadcrumb\":{\"@id\":\"http:\/\/vientosur.top\/museo\/la-maleta-de-violeta-parra-trae-su-historia-a-san-fabian-en-diario-cronica-de-chillan\/#breadcrumb\"},\"inLanguage\":\"es\",\"potentialAction\":[{\"@type\":\"ReadAction\",\"target\":[\"http:\/\/vientosur.top\/museo\/la-maleta-de-violeta-parra-trae-su-historia-a-san-fabian-en-diario-cronica-de-chillan\/\"]}]},{\"@type\":\"ImageObject\",\"inLanguage\":\"es\",\"@id\":\"http:\/\/vientosur.top\/museo\/la-maleta-de-violeta-parra-trae-su-historia-a-san-fabian-en-diario-cronica-de-chillan\/#primaryimage\",\"url\":\"http:\/\/vientosur.top\/museo\/wp-content\/uploads\/2017\/04\/Maleta-de-Violeta.png\",\"contentUrl\":\"http:\/\/vientosur.top\/museo\/wp-content\/uploads\/2017\/04\/Maleta-de-Violeta.png\",\"width\":1600,\"height\":1973},{\"@type\":\"BreadcrumbList\",\"@id\":\"http:\/\/vientosur.top\/museo\/la-maleta-de-violeta-parra-trae-su-historia-a-san-fabian-en-diario-cronica-de-chillan\/#breadcrumb\",\"itemListElement\":[{\"@type\":\"ListItem\",\"position\":1,\"name\":\"Portada\",\"item\":\"http:\/\/vientosur.top\/museo\/\"},{\"@type\":\"ListItem\",\"position\":2,\"name\":\"\u00abLa Maleta de Violeta Parra trae su historia a San Fabi\u00e1n\u00bb en Diario Cr\u00f3nica de Chill\u00e1n\"}]},{\"@type\":\"WebSite\",\"@id\":\"http:\/\/vientosur.top\/museo\/#website\",\"url\":\"http:\/\/vientosur.top\/museo\/\",\"name\":\"Museo Violeta Parra\",\"description\":\"Espacio que alberga tanto la memoria y legado creativo de la artista\",\"potentialAction\":[{\"@type\":\"SearchAction\",\"target\":{\"@type\":\"EntryPoint\",\"urlTemplate\":\"http:\/\/vientosur.top\/museo\/?s={search_term_string}\"},\"query-input\":{\"@type\":\"PropertyValueSpecification\",\"valueRequired\":true,\"valueName\":\"search_term_string\"}}],\"inLanguage\":\"es\"},{\"@type\":\"Person\",\"@id\":\"http:\/\/vientosur.top\/museo\/#\/schema\/person\/20c79d3c38800971feec8c2693c3dd9c\",\"name\":\"admin\",\"image\":{\"@type\":\"ImageObject\",\"inLanguage\":\"es\",\"@id\":\"http:\/\/vientosur.top\/museo\/#\/schema\/person\/image\/\",\"url\":\"https:\/\/secure.gravatar.com\/avatar\/713677ece3ffa642287213a80e5b773bce9ab81c269dd6d95102a990951c922f?s=96&d=mm&r=g\",\"contentUrl\":\"https:\/\/secure.gravatar.com\/avatar\/713677ece3ffa642287213a80e5b773bce9ab81c269dd6d95102a990951c922f?s=96&d=mm&r=g\",\"caption\":\"admin\"},\"sameAs\":[\"http:\/\/vientosur.top\/museo\"],\"url\":\"http:\/\/vientosur.top\/museo\/author\/comunicacionesmvp\/\"}]}<\/script>\n<!-- \/ Yoast SEO plugin. -->","yoast_head_json":{"title":"\"La Maleta de Violeta Parra trae su historia a San Fabi\u00e1n\" en Diario Cr\u00f3nica de Chill\u00e1n - Museo Violeta Parra","robots":{"index":"index","follow":"follow","max-snippet":"max-snippet:-1","max-image-preview":"max-image-preview:large","max-video-preview":"max-video-preview:-1"},"canonical":"http:\/\/vientosur.top\/museo\/la-maleta-de-violeta-parra-trae-su-historia-a-san-fabian-en-diario-cronica-de-chillan\/","og_locale":"es_ES","og_type":"article","og_title":"\"La Maleta de Violeta Parra trae su historia a San Fabi\u00e1n\" en Diario Cr\u00f3nica de Chill\u00e1n - Museo Violeta Parra","og_description":"La actividad se realizar\u00e1 los d\u00edas 10 y 11 de abril en la comuna cordillerana y tiene por objetivo dar a conocer a los ni\u00f1os la vida y obra de la cantautora. Dentro de las m\u00faltiples celebraciones del centenario de Violeta Parra, la comuna cordillerana de San Fabi\u00e1n de Alico vivir\u00e1 un acontecimiento educativo cultural [&hellip;]","og_url":"http:\/\/vientosur.top\/museo\/la-maleta-de-violeta-parra-trae-su-historia-a-san-fabian-en-diario-cronica-de-chillan\/","og_site_name":"Museo Violeta Parra","article_published_time":"2017-04-06T14:19:06+00:00","og_image":[{"width":830,"height":1024,"url":"http:\/\/vientosur.top\/museo\/wp-content\/uploads\/2017\/04\/Maleta-de-Violeta-830x1024.png","type":"image\/png"}],"author":"admin","twitter_card":"summary_large_image","twitter_misc":{"Escrito por":"admin","Tiempo de lectura":"3 minutos"},"schema":{"@context":"https:\/\/schema.org","@graph":[{"@type":"WebPage","@id":"http:\/\/vientosur.top\/museo\/la-maleta-de-violeta-parra-trae-su-historia-a-san-fabian-en-diario-cronica-de-chillan\/","url":"http:\/\/vientosur.top\/museo\/la-maleta-de-violeta-parra-trae-su-historia-a-san-fabian-en-diario-cronica-de-chillan\/","name":"\"La Maleta de Violeta Parra trae su historia a San Fabi\u00e1n\" en Diario Cr\u00f3nica de Chill\u00e1n - Museo Violeta Parra","isPartOf":{"@id":"http:\/\/vientosur.top\/museo\/#website"},"primaryImageOfPage":{"@id":"http:\/\/vientosur.top\/museo\/la-maleta-de-violeta-parra-trae-su-historia-a-san-fabian-en-diario-cronica-de-chillan\/#primaryimage"},"image":{"@id":"http:\/\/vientosur.top\/museo\/la-maleta-de-violeta-parra-trae-su-historia-a-san-fabian-en-diario-cronica-de-chillan\/#primaryimage"},"thumbnailUrl":"http:\/\/vientosur.top\/museo\/wp-content\/uploads\/2017\/04\/Maleta-de-Violeta.png","datePublished":"2017-04-06T14:19:06+00:00","author":{"@id":"http:\/\/vientosur.top\/museo\/#\/schema\/person\/20c79d3c38800971feec8c2693c3dd9c"},"breadcrumb":{"@id":"http:\/\/vientosur.top\/museo\/la-maleta-de-violeta-parra-trae-su-historia-a-san-fabian-en-diario-cronica-de-chillan\/#breadcrumb"},"inLanguage":"es","potentialAction":[{"@type":"ReadAction","target":["http:\/\/vientosur.top\/museo\/la-maleta-de-violeta-parra-trae-su-historia-a-san-fabian-en-diario-cronica-de-chillan\/"]}]},{"@type":"ImageObject","inLanguage":"es","@id":"http:\/\/vientosur.top\/museo\/la-maleta-de-violeta-parra-trae-su-historia-a-san-fabian-en-diario-cronica-de-chillan\/#primaryimage","url":"http:\/\/vientosur.top\/museo\/wp-content\/uploads\/2017\/04\/Maleta-de-Violeta.png","contentUrl":"http:\/\/vientosur.top\/museo\/wp-content\/uploads\/2017\/04\/Maleta-de-Violeta.png","width":1600,"height":1973},{"@type":"BreadcrumbList","@id":"http:\/\/vientosur.top\/museo\/la-maleta-de-violeta-parra-trae-su-historia-a-san-fabian-en-diario-cronica-de-chillan\/#breadcrumb","itemListElement":[{"@type":"ListItem","position":1,"name":"Portada","item":"http:\/\/vientosur.top\/museo\/"},{"@type":"ListItem","position":2,"name":"\u00abLa Maleta de Violeta Parra trae su historia a San Fabi\u00e1n\u00bb en Diario Cr\u00f3nica de Chill\u00e1n"}]},{"@type":"WebSite","@id":"http:\/\/vientosur.top\/museo\/#website","url":"http:\/\/vientosur.top\/museo\/","name":"Museo Violeta Parra","description":"Espacio que alberga tanto la memoria y legado creativo de la artista","potentialAction":[{"@type":"SearchAction","target":{"@type":"EntryPoint","urlTemplate":"http:\/\/vientosur.top\/museo\/?s={search_term_string}"},"query-input":{"@type":"PropertyValueSpecification","valueRequired":true,"valueName":"search_term_string"}}],"inLanguage":"es"},{"@type":"Person","@id":"http:\/\/vientosur.top\/museo\/#\/schema\/person\/20c79d3c38800971feec8c2693c3dd9c","name":"admin","image":{"@type":"ImageObject","inLanguage":"es","@id":"http:\/\/vientosur.top\/museo\/#\/schema\/person\/image\/","url":"https:\/\/secure.gravatar.com\/avatar\/713677ece3ffa642287213a80e5b773bce9ab81c269dd6d95102a990951c922f?s=96&d=mm&r=g","contentUrl":"https:\/\/secure.gravatar.com\/avatar\/713677ece3ffa642287213a80e5b773bce9ab81c269dd6d95102a990951c922f?s=96&d=mm&r=g","caption":"admin"},"sameAs":["http:\/\/vientosur.top\/museo"],"url":"http:\/\/vientosur.top\/museo\/author\/comunicacionesmvp\/"}]}},"_links":{"self":[{"href":"http:\/\/vientosur.top\/museo\/wp-json\/wp\/v2\/posts\/3482","targetHints":{"allow":["GET"]}}],"collection":[{"href":"http:\/\/vientosur.top\/museo\/wp-json\/wp\/v2\/posts"}],"about":[{"href":"http:\/\/vientosur.top\/museo\/wp-json\/wp\/v2\/types\/post"}],"author":[{"embeddable":true,"href":"http:\/\/vientosur.top\/museo\/wp-json\/wp\/v2\/users\/5"}],"replies":[{"embeddable":true,"href":"http:\/\/vientosur.top\/museo\/wp-json\/wp\/v2\/comments?post=3482"}],"version-history":[{"count":0,"href":"http:\/\/vientosur.top\/museo\/wp-json\/wp\/v2\/posts\/3482\/revisions"}],"wp:featuredmedia":[{"embeddable":true,"href":"http:\/\/vientosur.top\/museo\/wp-json\/wp\/v2\/media\/3483"}],"wp:attachment":[{"href":"http:\/\/vientosur.top\/museo\/wp-json\/wp\/v2\/media?parent=3482"}],"wp:term":[{"taxonomy":"category","embeddable":true,"href":"http:\/\/vientosur.top\/museo\/wp-json\/wp\/v2\/categories?post=3482"},{"taxonomy":"post_tag","embeddable":true,"href":"http:\/\/vientosur.top\/museo\/wp-json\/wp\/v2\/tags?post=3482"}],"curies":[{"name":"wp","href":"https:\/\/api.w.org\/{rel}","templated":true}]}}