{"id":3499,"date":"2017-04-17T13:13:59","date_gmt":"2017-04-17T13:13:59","guid":{"rendered":"http:\/\/vientosur.top\/museo\/\/?p=3499"},"modified":"2017-04-17T13:13:59","modified_gmt":"2017-04-17T13:13:59","slug":"jorge-montealegre-realizo-lectura-de-arpillera-contra-la-guerra-en-museo-violeta-parra","status":"publish","type":"post","link":"http:\/\/vientosur.top\/museo\/jorge-montealegre-realizo-lectura-de-arpillera-contra-la-guerra-en-museo-violeta-parra\/","title":{"rendered":"Jorge Montealegre realiz\u00f3 lectura de arpillera \u00abContra la guerra\u00bb en Museo Violeta Parra"},"content":{"rendered":"<p>El martes 11 de abril a las 16:00 horas el escritor e\u00a0investigador, Doctor Jorge Montealegre Iturra, tambi\u00e9n director del Departamento de Extensi\u00f3n de la U. de Santiago, realiz\u00f3\u00a0una charla abierta junto a la arpillera \u00abContra la guerra\u00bb (1962), que se exhibe en el Museo Violeta Parra.<\/p>\n<p>&nbsp;<\/p>\n<p>La actividad cont\u00f3 con la participaci\u00f3n de alrededor de 30 personas, quienes tuvieron la posibilidad de dialogar con el acad\u00e9mico sobre el proceso de investigaci\u00f3n, su amistad con \u00c1ngel Parra y la vigencia de la obra de Violeta Parra.<\/p>\n<p>&nbsp;<\/p>\n<p>La visita al Museo estuvo precedida por la inauguraci\u00f3n de \u00abContra la guerra. Lectura de una arpillera de Violeta Parra\u201d, una exposici\u00f3n organizada y producida por el Departamento de Extensi\u00f3n de la Universidad de Santiago de Chile, que fue estuvo abierta al p\u00fablico hasta el 17 de abril en la Vicerrector\u00eda de Vinculaci\u00f3n con el Medio del plantel p\u00fablico.<\/p>\n<p>&nbsp;<\/p>\n<p>\u201cVioleta Parra era una pacifista activa, y su mensaje es claro en esta obra. Nos hemos atrevido a entregar m\u00e1s elementos de interpretaci\u00f3n y de contexto, para que ese mensaje se ampl\u00ede y se comparta. Es un mensaje de ayer, pero tambi\u00e9n -como casi toda su obra- de una gran vigencia\u201d, se\u00f1al\u00f3 Montealegre.<\/p>\n<p>&nbsp;<\/p>\n<p>&nbsp;<\/p>\n<p>* Fotograf\u00eda por \u00c1lvaro Hoppe.<\/p>\n<p>&nbsp;<\/p>\n","protected":false},"excerpt":{"rendered":"<p>El martes 11 de abril a las 16:00 horas el escritor e\u00a0investigador, Doctor Jorge Montealegre Iturra, tambi\u00e9n director del Departamento de Extensi\u00f3n de la U. de Santiago, realiz\u00f3\u00a0una charla abierta junto a la arpillera \u00abContra la guerra\u00bb (1962), que se exhibe en el Museo Violeta Parra. &nbsp; La actividad cont\u00f3 con la participaci\u00f3n de alrededor [&hellip;]<\/p>\n","protected":false},"author":5,"featured_media":3517,"comment_status":"open","ping_status":"open","sticky":false,"template":"","format":"standard","meta":{"site-sidebar-layout":"default","site-content-layout":"","ast-site-content-layout":"default","site-content-style":"default","site-sidebar-style":"default","ast-global-header-display":"","ast-banner-title-visibility":"","ast-main-header-display":"","ast-hfb-above-header-display":"","ast-hfb-below-header-display":"","ast-hfb-mobile-header-display":"","site-post-title":"","ast-breadcrumbs-content":"","ast-featured-img":"","footer-sml-layout":"","theme-transparent-header-meta":"","adv-header-id-meta":"","stick-header-meta":"","header-above-stick-meta":"","header-main-stick-meta":"","header-below-stick-meta":"","astra-migrate-meta-layouts":"default","ast-page-background-enabled":"default","ast-page-background-meta":{"desktop":{"background-color":"var(--ast-global-color-4)","background-image":"","background-repeat":"repeat","background-position":"center center","background-size":"auto","background-attachment":"scroll","background-type":"","background-media":"","overlay-type":"","overlay-color":"","overlay-opacity":"","overlay-gradient":""},"tablet":{"background-color":"","background-image":"","background-repeat":"repeat","background-position":"center center","background-size":"auto","background-attachment":"scroll","background-type":"","background-media":"","overlay-type":"","overlay-color":"","overlay-opacity":"","overlay-gradient":""},"mobile":{"background-color":"","background-image":"","background-repeat":"repeat","background-position":"center center","background-size":"auto","background-attachment":"scroll","background-type":"","background-media":"","overlay-type":"","overlay-color":"","overlay-opacity":"","overlay-gradient":""}},"ast-content-background-meta":{"desktop":{"background-color":"var(--ast-global-color-5)","background-image":"","background-repeat":"repeat","background-position":"center center","background-size":"auto","background-attachment":"scroll","background-type":"","background-media":"","overlay-type":"","overlay-color":"","overlay-opacity":"","overlay-gradient":""},"tablet":{"background-color":"var(--ast-global-color-5)","background-image":"","background-repeat":"repeat","background-position":"center center","background-size":"auto","background-attachment":"scroll","background-type":"","background-media":"","overlay-type":"","overlay-color":"","overlay-opacity":"","overlay-gradient":""},"mobile":{"background-color":"var(--ast-global-color-5)","background-image":"","background-repeat":"repeat","background-position":"center center","background-size":"auto","background-attachment":"scroll","background-type":"","background-media":"","overlay-type":"","overlay-color":"","overlay-opacity":"","overlay-gradient":""}},"footnotes":""},"categories":[59,8,61,1],"tags":[],"class_list":["post-3499","post","type-post","status-publish","format-standard","has-post-thumbnail","hentry","category-destacado-noticia","category-noticias","category-novedades","category-sin-categoria"],"yoast_head":"<!-- This site is optimized with the Yoast SEO plugin v25.4 - https:\/\/yoast.com\/wordpress\/plugins\/seo\/ -->\n<title>Jorge Montealegre realiz\u00f3 lectura de arpillera &quot;Contra la guerra&quot; en Museo Violeta Parra - Museo Violeta Parra<\/title>\n<meta name=\"robots\" content=\"index, follow, max-snippet:-1, max-image-preview:large, max-video-preview:-1\" \/>\n<link rel=\"canonical\" href=\"http:\/\/vientosur.top\/museo\/jorge-montealegre-realizo-lectura-de-arpillera-contra-la-guerra-en-museo-violeta-parra\/\" \/>\n<meta property=\"og:locale\" content=\"es_ES\" \/>\n<meta property=\"og:type\" content=\"article\" \/>\n<meta property=\"og:title\" content=\"Jorge Montealegre realiz\u00f3 lectura de arpillera &quot;Contra la guerra&quot; en Museo Violeta Parra - Museo Violeta Parra\" \/>\n<meta property=\"og:description\" content=\"El martes 11 de abril a las 16:00 horas el escritor e\u00a0investigador, Doctor Jorge Montealegre Iturra, tambi\u00e9n director del Departamento de Extensi\u00f3n de la U. de Santiago, realiz\u00f3\u00a0una charla abierta junto a la arpillera \u00abContra la guerra\u00bb (1962), que se exhibe en el Museo Violeta Parra. &nbsp; La actividad cont\u00f3 con la participaci\u00f3n de alrededor [&hellip;]\" \/>\n<meta property=\"og:url\" content=\"http:\/\/vientosur.top\/museo\/jorge-montealegre-realizo-lectura-de-arpillera-contra-la-guerra-en-museo-violeta-parra\/\" \/>\n<meta property=\"og:site_name\" content=\"Museo Violeta Parra\" \/>\n<meta property=\"article:published_time\" content=\"2017-04-17T13:13:59+00:00\" \/>\n<meta property=\"og:image\" content=\"http:\/\/vientosur.top\/museo\/wp-content\/uploads\/2017\/04\/jorge-1-scaled.jpg\" \/>\n\t<meta property=\"og:image:width\" content=\"2560\" \/>\n\t<meta property=\"og:image:height\" content=\"1709\" \/>\n\t<meta property=\"og:image:type\" content=\"image\/jpeg\" \/>\n<meta name=\"author\" content=\"admin\" \/>\n<meta name=\"twitter:card\" content=\"summary_large_image\" \/>\n<meta name=\"twitter:label1\" content=\"Escrito por\" \/>\n\t<meta name=\"twitter:data1\" content=\"admin\" \/>\n\t<meta name=\"twitter:label2\" content=\"Tiempo de lectura\" \/>\n\t<meta name=\"twitter:data2\" content=\"1 minuto\" \/>\n<script type=\"application\/ld+json\" class=\"yoast-schema-graph\">{\"@context\":\"https:\/\/schema.org\",\"@graph\":[{\"@type\":\"WebPage\",\"@id\":\"http:\/\/vientosur.top\/museo\/jorge-montealegre-realizo-lectura-de-arpillera-contra-la-guerra-en-museo-violeta-parra\/\",\"url\":\"http:\/\/vientosur.top\/museo\/jorge-montealegre-realizo-lectura-de-arpillera-contra-la-guerra-en-museo-violeta-parra\/\",\"name\":\"Jorge Montealegre realiz\u00f3 lectura de arpillera \\\"Contra la guerra\\\" en Museo Violeta Parra - Museo Violeta Parra\",\"isPartOf\":{\"@id\":\"http:\/\/vientosur.top\/museo\/#website\"},\"primaryImageOfPage\":{\"@id\":\"http:\/\/vientosur.top\/museo\/jorge-montealegre-realizo-lectura-de-arpillera-contra-la-guerra-en-museo-violeta-parra\/#primaryimage\"},\"image\":{\"@id\":\"http:\/\/vientosur.top\/museo\/jorge-montealegre-realizo-lectura-de-arpillera-contra-la-guerra-en-museo-violeta-parra\/#primaryimage\"},\"thumbnailUrl\":\"http:\/\/vientosur.top\/museo\/wp-content\/uploads\/2017\/04\/jorge-1-scaled.jpg\",\"datePublished\":\"2017-04-17T13:13:59+00:00\",\"author\":{\"@id\":\"http:\/\/vientosur.top\/museo\/#\/schema\/person\/20c79d3c38800971feec8c2693c3dd9c\"},\"breadcrumb\":{\"@id\":\"http:\/\/vientosur.top\/museo\/jorge-montealegre-realizo-lectura-de-arpillera-contra-la-guerra-en-museo-violeta-parra\/#breadcrumb\"},\"inLanguage\":\"es\",\"potentialAction\":[{\"@type\":\"ReadAction\",\"target\":[\"http:\/\/vientosur.top\/museo\/jorge-montealegre-realizo-lectura-de-arpillera-contra-la-guerra-en-museo-violeta-parra\/\"]}]},{\"@type\":\"ImageObject\",\"inLanguage\":\"es\",\"@id\":\"http:\/\/vientosur.top\/museo\/jorge-montealegre-realizo-lectura-de-arpillera-contra-la-guerra-en-museo-violeta-parra\/#primaryimage\",\"url\":\"http:\/\/vientosur.top\/museo\/wp-content\/uploads\/2017\/04\/jorge-1-scaled.jpg\",\"contentUrl\":\"http:\/\/vientosur.top\/museo\/wp-content\/uploads\/2017\/04\/jorge-1-scaled.jpg\",\"width\":2560,\"height\":1709},{\"@type\":\"BreadcrumbList\",\"@id\":\"http:\/\/vientosur.top\/museo\/jorge-montealegre-realizo-lectura-de-arpillera-contra-la-guerra-en-museo-violeta-parra\/#breadcrumb\",\"itemListElement\":[{\"@type\":\"ListItem\",\"position\":1,\"name\":\"Portada\",\"item\":\"http:\/\/vientosur.top\/museo\/\"},{\"@type\":\"ListItem\",\"position\":2,\"name\":\"Jorge Montealegre realiz\u00f3 lectura de arpillera \u00abContra la guerra\u00bb en Museo Violeta Parra\"}]},{\"@type\":\"WebSite\",\"@id\":\"http:\/\/vientosur.top\/museo\/#website\",\"url\":\"http:\/\/vientosur.top\/museo\/\",\"name\":\"Museo Violeta Parra\",\"description\":\"Espacio que alberga tanto la memoria y legado creativo de la artista\",\"potentialAction\":[{\"@type\":\"SearchAction\",\"target\":{\"@type\":\"EntryPoint\",\"urlTemplate\":\"http:\/\/vientosur.top\/museo\/?s={search_term_string}\"},\"query-input\":{\"@type\":\"PropertyValueSpecification\",\"valueRequired\":true,\"valueName\":\"search_term_string\"}}],\"inLanguage\":\"es\"},{\"@type\":\"Person\",\"@id\":\"http:\/\/vientosur.top\/museo\/#\/schema\/person\/20c79d3c38800971feec8c2693c3dd9c\",\"name\":\"admin\",\"image\":{\"@type\":\"ImageObject\",\"inLanguage\":\"es\",\"@id\":\"http:\/\/vientosur.top\/museo\/#\/schema\/person\/image\/\",\"url\":\"https:\/\/secure.gravatar.com\/avatar\/713677ece3ffa642287213a80e5b773bce9ab81c269dd6d95102a990951c922f?s=96&d=mm&r=g\",\"contentUrl\":\"https:\/\/secure.gravatar.com\/avatar\/713677ece3ffa642287213a80e5b773bce9ab81c269dd6d95102a990951c922f?s=96&d=mm&r=g\",\"caption\":\"admin\"},\"sameAs\":[\"http:\/\/vientosur.top\/museo\"],\"url\":\"http:\/\/vientosur.top\/museo\/author\/comunicacionesmvp\/\"}]}<\/script>\n<!-- \/ Yoast SEO plugin. -->","yoast_head_json":{"title":"Jorge Montealegre realiz\u00f3 lectura de arpillera \"Contra la guerra\" en Museo Violeta Parra - Museo Violeta Parra","robots":{"index":"index","follow":"follow","max-snippet":"max-snippet:-1","max-image-preview":"max-image-preview:large","max-video-preview":"max-video-preview:-1"},"canonical":"http:\/\/vientosur.top\/museo\/jorge-montealegre-realizo-lectura-de-arpillera-contra-la-guerra-en-museo-violeta-parra\/","og_locale":"es_ES","og_type":"article","og_title":"Jorge Montealegre realiz\u00f3 lectura de arpillera \"Contra la guerra\" en Museo Violeta Parra - Museo Violeta Parra","og_description":"El martes 11 de abril a las 16:00 horas el escritor e\u00a0investigador, Doctor Jorge Montealegre Iturra, tambi\u00e9n director del Departamento de Extensi\u00f3n de la U. de Santiago, realiz\u00f3\u00a0una charla abierta junto a la arpillera \u00abContra la guerra\u00bb (1962), que se exhibe en el Museo Violeta Parra. &nbsp; La actividad cont\u00f3 con la participaci\u00f3n de alrededor [&hellip;]","og_url":"http:\/\/vientosur.top\/museo\/jorge-montealegre-realizo-lectura-de-arpillera-contra-la-guerra-en-museo-violeta-parra\/","og_site_name":"Museo Violeta Parra","article_published_time":"2017-04-17T13:13:59+00:00","og_image":[{"width":2560,"height":1709,"url":"http:\/\/vientosur.top\/museo\/wp-content\/uploads\/2017\/04\/jorge-1-scaled.jpg","type":"image\/jpeg"}],"author":"admin","twitter_card":"summary_large_image","twitter_misc":{"Escrito por":"admin","Tiempo de lectura":"1 minuto"},"schema":{"@context":"https:\/\/schema.org","@graph":[{"@type":"WebPage","@id":"http:\/\/vientosur.top\/museo\/jorge-montealegre-realizo-lectura-de-arpillera-contra-la-guerra-en-museo-violeta-parra\/","url":"http:\/\/vientosur.top\/museo\/jorge-montealegre-realizo-lectura-de-arpillera-contra-la-guerra-en-museo-violeta-parra\/","name":"Jorge Montealegre realiz\u00f3 lectura de arpillera \"Contra la guerra\" en Museo Violeta Parra - Museo Violeta Parra","isPartOf":{"@id":"http:\/\/vientosur.top\/museo\/#website"},"primaryImageOfPage":{"@id":"http:\/\/vientosur.top\/museo\/jorge-montealegre-realizo-lectura-de-arpillera-contra-la-guerra-en-museo-violeta-parra\/#primaryimage"},"image":{"@id":"http:\/\/vientosur.top\/museo\/jorge-montealegre-realizo-lectura-de-arpillera-contra-la-guerra-en-museo-violeta-parra\/#primaryimage"},"thumbnailUrl":"http:\/\/vientosur.top\/museo\/wp-content\/uploads\/2017\/04\/jorge-1-scaled.jpg","datePublished":"2017-04-17T13:13:59+00:00","author":{"@id":"http:\/\/vientosur.top\/museo\/#\/schema\/person\/20c79d3c38800971feec8c2693c3dd9c"},"breadcrumb":{"@id":"http:\/\/vientosur.top\/museo\/jorge-montealegre-realizo-lectura-de-arpillera-contra-la-guerra-en-museo-violeta-parra\/#breadcrumb"},"inLanguage":"es","potentialAction":[{"@type":"ReadAction","target":["http:\/\/vientosur.top\/museo\/jorge-montealegre-realizo-lectura-de-arpillera-contra-la-guerra-en-museo-violeta-parra\/"]}]},{"@type":"ImageObject","inLanguage":"es","@id":"http:\/\/vientosur.top\/museo\/jorge-montealegre-realizo-lectura-de-arpillera-contra-la-guerra-en-museo-violeta-parra\/#primaryimage","url":"http:\/\/vientosur.top\/museo\/wp-content\/uploads\/2017\/04\/jorge-1-scaled.jpg","contentUrl":"http:\/\/vientosur.top\/museo\/wp-content\/uploads\/2017\/04\/jorge-1-scaled.jpg","width":2560,"height":1709},{"@type":"BreadcrumbList","@id":"http:\/\/vientosur.top\/museo\/jorge-montealegre-realizo-lectura-de-arpillera-contra-la-guerra-en-museo-violeta-parra\/#breadcrumb","itemListElement":[{"@type":"ListItem","position":1,"name":"Portada","item":"http:\/\/vientosur.top\/museo\/"},{"@type":"ListItem","position":2,"name":"Jorge Montealegre realiz\u00f3 lectura de arpillera \u00abContra la guerra\u00bb en Museo Violeta Parra"}]},{"@type":"WebSite","@id":"http:\/\/vientosur.top\/museo\/#website","url":"http:\/\/vientosur.top\/museo\/","name":"Museo Violeta Parra","description":"Espacio que alberga tanto la memoria y legado creativo de la artista","potentialAction":[{"@type":"SearchAction","target":{"@type":"EntryPoint","urlTemplate":"http:\/\/vientosur.top\/museo\/?s={search_term_string}"},"query-input":{"@type":"PropertyValueSpecification","valueRequired":true,"valueName":"search_term_string"}}],"inLanguage":"es"},{"@type":"Person","@id":"http:\/\/vientosur.top\/museo\/#\/schema\/person\/20c79d3c38800971feec8c2693c3dd9c","name":"admin","image":{"@type":"ImageObject","inLanguage":"es","@id":"http:\/\/vientosur.top\/museo\/#\/schema\/person\/image\/","url":"https:\/\/secure.gravatar.com\/avatar\/713677ece3ffa642287213a80e5b773bce9ab81c269dd6d95102a990951c922f?s=96&d=mm&r=g","contentUrl":"https:\/\/secure.gravatar.com\/avatar\/713677ece3ffa642287213a80e5b773bce9ab81c269dd6d95102a990951c922f?s=96&d=mm&r=g","caption":"admin"},"sameAs":["http:\/\/vientosur.top\/museo"],"url":"http:\/\/vientosur.top\/museo\/author\/comunicacionesmvp\/"}]}},"_links":{"self":[{"href":"http:\/\/vientosur.top\/museo\/wp-json\/wp\/v2\/posts\/3499","targetHints":{"allow":["GET"]}}],"collection":[{"href":"http:\/\/vientosur.top\/museo\/wp-json\/wp\/v2\/posts"}],"about":[{"href":"http:\/\/vientosur.top\/museo\/wp-json\/wp\/v2\/types\/post"}],"author":[{"embeddable":true,"href":"http:\/\/vientosur.top\/museo\/wp-json\/wp\/v2\/users\/5"}],"replies":[{"embeddable":true,"href":"http:\/\/vientosur.top\/museo\/wp-json\/wp\/v2\/comments?post=3499"}],"version-history":[{"count":0,"href":"http:\/\/vientosur.top\/museo\/wp-json\/wp\/v2\/posts\/3499\/revisions"}],"wp:featuredmedia":[{"embeddable":true,"href":"http:\/\/vientosur.top\/museo\/wp-json\/wp\/v2\/media\/3517"}],"wp:attachment":[{"href":"http:\/\/vientosur.top\/museo\/wp-json\/wp\/v2\/media?parent=3499"}],"wp:term":[{"taxonomy":"category","embeddable":true,"href":"http:\/\/vientosur.top\/museo\/wp-json\/wp\/v2\/categories?post=3499"},{"taxonomy":"post_tag","embeddable":true,"href":"http:\/\/vientosur.top\/museo\/wp-json\/wp\/v2\/tags?post=3499"}],"curies":[{"name":"wp","href":"https:\/\/api.w.org\/{rel}","templated":true}]}}